{"id":54252,"date":"2011-12-10T18:22:27","date_gmt":"2011-12-10T17:22:27","guid":{"rendered":"http:\/\/www.visit-ulcinj.com\/blog\/?p=54252"},"modified":"2011-12-11T17:44:56","modified_gmt":"2011-12-11T16:44:56","slug":"ulcinjani-hoce-da-upravljaju-obalom","status":"publish","type":"post","link":"https:\/\/www.visit-ulcinj.com\/blog\/2011\/12\/10\/ulcinjani-hoce-da-upravljaju-obalom\/","title":{"rendered":"Ulcinjani ho\u0107e da upravljaju obalom"},"content":{"rendered":"<p><strong><a href=\"http:\/\/www.visit-ulcinj.com\/blog\/wp-content\/uploads\/2011\/12\/Milazim-Mustafa_Ulcinj_Ulqin.jpg\"><img loading=\"lazy\" class=\"alignleft size-full wp-image-54253\" title=\"Milazim Mustafa_Ulcinj_Ulqin\" src=\"http:\/\/www.visit-ulcinj.com\/blog\/wp-content\/uploads\/2011\/12\/Milazim-Mustafa_Ulcinj_Ulqin.jpg\" alt=\"\" width=\"508\" height=\"380\" \/><\/a>Rasprava o nacrtu zakona o morskom dobru u ulcinjskom parlamentu<\/strong><\/p>\n<p>ULCINj \u2013 Predsjednik SO Ulcinj Milazim Mustafa zakazao je za ponedjeljak u 12 \u010dasova tre\u0107u sjednicu drugog redovnog zasjedanja sa samo jednom ta\u010dkom dnevnog reda \u2013 Usvajanje zaklju\u010dka vezanog za Nacrt zakona o morskom dobru. Pred odbornicima \u0107e se na\u0107i tri zaklju\u010dka u kojima se konstatuje da predlo\u017eeni tekst nacrta Zakona o morskom dobru u svojim polaznim, temeljnim odredbama, koje se ti\u010du definicije pojma morsko dobro, utvr\u0111ivanje granica, odnosno zone zahvata i svojinskog re\u017eima, ne nudi rje\u0161enja koja se bitno razlikuju od va\u017ee\u0107eg zakona, te da nacrt zakona zadr\u017eava dosada\u0161nji, izrazito centralizovani princip upravljanja morskim dobrom ne uzimaju\u0107i u obzir potrebu u\u010de\u0161\u0107a lokalne samouprave kod odr\u017eavanja, unapre\u0111enja, za\u0161tite i kori\u0161\u0107enja podru\u010dja morskog dobra.<br \/>\n\u2013 Skup\u0161tina obavezuje predstavnike izvr\u0161ne vlasti Op\u0161tine Ulcinj da u skladu s iznijetim ocjenama, pripremi i formuli\u0161e konkretne primjedbe na predlo\u017eeni tekst Nacrta zakona o morskom dobru, koje \u0107e obezbijediti za\u0161titu interesa gra\u0111ana op\u0161tine Ulcinj, a koje \u0107e se oslanjati na modele i iskustva koja primjenjuju ostale mediteranske zemlje. Primjedbe treba da se odnose naro\u010dito na definisanje pojma morsko dobro, utvr\u0111ivanje zone morskog dobra, svojinski re\u017eim i ravnomjernu raspodjelu tereta upravljanja morskim dobrom, uz doslednu primjenu na\u010dela supsidijarnosti i decentralizacije, koje bi obezbijedile ve\u0107e ingerencije lokalnih samouprava na podru\u010dju morskog dobra, navodi se u ponu\u0111enim zaklju\u010dcima koji \u0107e biti predmet skup\u0161tinske rasprave i glasanja. Predlaga\u010d zaklju\u010daka o Nacrtu zakona o morskom dobru smatra da je primjena va\u017ee\u0107eg zakona od njegovog usvajanja 1992. godine do danas imala negativan uticaj na ukupni privredni i dru\u0161tveni razvoj najju\u017enije op\u0161tine.<br \/>\n<a href=\"http:\/\/www.visit-ulcinj.com\/blog\/wp-content\/uploads\/2011\/12\/Predsjednik-SO-Ulcinj-Milazim-Mustafa_Nazif-Cungu.jpg\"><img loading=\"lazy\" class=\"alignleft size-full wp-image-54254\" title=\"Predsjednik SO Ulcinj Milazim Mustafa_Nazif Cungu\" src=\"http:\/\/www.visit-ulcinj.com\/blog\/wp-content\/uploads\/2011\/12\/Predsjednik-SO-Ulcinj-Milazim-Mustafa_Nazif-Cungu.jpg\" alt=\"\" width=\"508\" height=\"330\" \/><\/a><br \/>\n\u2013 Posledica takvog postupanja je uzrokovala da granica zahvata zone morskog dobra na pojedinim dijelovima teritorije op\u0161tine Ulcinj dose\u017ee i do preko dva kilometra udaljenosti od morske obale. Ona zahvata podru\u010dje koje po svojoj prirodi i namjeni ne pripada morskom dobru, kao \u0161to je poljoprivredno zemlji\u0161te, maslinjaci i obale rijeke Bojane, i obuhvata 33 miliona kvadrata, \u0161to \u010dini 13 odsto ukupne teritorije op\u0161tine. Na taj na\u010din su op\u0161tini Ulcinj uskra\u0107ena ustavna i zakonska prava da na toj teritoriji vr\u0161i svoje izvorne funkcije: donosi prostorne i urbanisti\u010dke planove, planove i programe razvoja, onemogu\u0107ava joj se da upravlja i raspola\u017ee lokalnom imovinom i od nje ubira prihode i ta sredstva usmjerava na razvoj, \u0161to je protivno evropskim principima decentralizacije vlasti, navodi se, izme\u0111u ostalog, u obrazlo\u017eenju.<\/p>\n<p><a href=\"http:\/\/www.dan.co.me\/?nivo=3&amp;rubrika=Regioni&amp;clanak=310719&amp;datum=2011-12-10\" target=\"_blank\"><strong> M.K.<\/strong><br \/>\n<strong> Izvor: DAN<\/strong><\/a><\/p>\n<p>[flv]http:\/\/www.velikaplaza.info\/gallery\/video\/stream.php?f=Velika_Plaza_movie_Jan_2009.flv[\/flv]<\/p>\n","protected":false},"excerpt":{"rendered":"<p>Rasprava o nacrtu zakona o morskom dobru u ulcinjskom parlamentu ULCINj \u2013 Predsjednik SO Ulcinj Milazim Mustafa zakazao je za ponedjeljak u 12 \u010dasova tre\u0107u sjednicu drugog redovnog zasjedanja sa samo jednom ta\u010dkom dnevnog reda \u2013 Usvajanje zaklju\u010dka vezanog za Nacrt zakona o morskom dobru. Pred odbornicima \u0107e se na\u0107i tri zaklju\u010dka u kojima se [&hellip;]<\/p>\n","protected":false},"author":1,"featured_media":0,"comment_status":"open","ping_status":"closed","sticky":false,"template":"","format":"standard","meta":{"spay_email":"","jetpack_publicize_message":"","jetpack_is_tweetstorm":false,"jetpack_publicize_feature_enabled":true},"categories":[8337],"tags":[2725,19597,19],"jetpack_publicize_connections":[],"yoast_head":"<!-- This site is optimized with the Yoast SEO plugin v19.1 - https:\/\/yoast.com\/wordpress\/plugins\/seo\/ -->\n<title>Ulcinjani ho\u0107e da upravljaju obalom - Lajme nga Ulqini<\/title>\n<meta name=\"description\" content=\"Rasprava o nacrtu zakona o morskom dobru u ulcinjskom parlamentu ULCINj \u2013 Predsjednik SO Ulcinj Milazim Mustafa zakazao je za ponedjeljak u 12 \u010dasova\" \/>\n<meta name=\"robots\" content=\"index, follow, max-snippet:-1, max-image-preview:large, max-video-preview:-1\" \/>\n<link rel=\"canonical\" href=\"https:\/\/www.visit-ulcinj.com\/blog\/2011\/12\/10\/ulcinjani-hoce-da-upravljaju-obalom\/\" \/>\n<meta property=\"og:locale\" content=\"en_US\" \/>\n<meta property=\"og:type\" content=\"article\" \/>\n<meta property=\"og:title\" content=\"Ulcinjani ho\u0107e da upravljaju obalom - Lajme nga Ulqini\" \/>\n<meta property=\"og:description\" content=\"Rasprava o nacrtu zakona o morskom dobru u ulcinjskom parlamentu ULCINj \u2013 Predsjednik SO Ulcinj Milazim Mustafa zakazao je za ponedjeljak u 12 \u010dasova\" \/>\n<meta property=\"og:url\" content=\"https:\/\/www.visit-ulcinj.com\/blog\/2011\/12\/10\/ulcinjani-hoce-da-upravljaju-obalom\/\" \/>\n<meta property=\"og:site_name\" content=\"Lajme nga Ulqini\" \/>\n<meta property=\"article:published_time\" content=\"2011-12-10T17:22:27+00:00\" \/>\n<meta property=\"article:modified_time\" content=\"2011-12-11T16:44:56+00:00\" \/>\n<meta property=\"og:image\" content=\"http:\/\/www.visit-ulcinj.com\/blog\/wp-content\/uploads\/2011\/12\/Milazim-Mustafa_Ulcinj_Ulqin.jpg\" \/>\n<meta name=\"twitter:label1\" content=\"Written by\" \/>\n\t<meta name=\"twitter:data1\" content=\"ulqini\" \/>\n\t<meta name=\"twitter:label2\" content=\"Est. reading time\" \/>\n\t<meta name=\"twitter:data2\" content=\"2 minutes\" \/>\n<script type=\"application\/ld+json\" class=\"yoast-schema-graph\">{\"@context\":\"https:\/\/schema.org\",\"@graph\":[{\"@type\":\"WebSite\",\"@id\":\"https:\/\/www.visit-ulcinj.com\/blog\/#website\",\"url\":\"https:\/\/www.visit-ulcinj.com\/blog\/\",\"name\":\"Lajme nga Ulqini\",\"description\":\"Lajme,Vijesti,Ulqini,Ulqin,Crna Gora,Mali i Zi\",\"potentialAction\":[{\"@type\":\"SearchAction\",\"target\":{\"@type\":\"EntryPoint\",\"urlTemplate\":\"https:\/\/www.visit-ulcinj.com\/blog\/?s={search_term_string}\"},\"query-input\":\"required name=search_term_string\"}],\"inLanguage\":\"en-US\"},{\"@type\":\"ImageObject\",\"inLanguage\":\"en-US\",\"@id\":\"https:\/\/www.visit-ulcinj.com\/blog\/2011\/12\/10\/ulcinjani-hoce-da-upravljaju-obalom\/#primaryimage\",\"url\":\"https:\/\/www.visit-ulcinj.com\/blog\/wp-content\/uploads\/2011\/12\/Milazim-Mustafa_Ulcinj_Ulqin.jpg\",\"contentUrl\":\"https:\/\/www.visit-ulcinj.com\/blog\/wp-content\/uploads\/2011\/12\/Milazim-Mustafa_Ulcinj_Ulqin.jpg\",\"width\":\"550\",\"height\":\"417\"},{\"@type\":\"WebPage\",\"@id\":\"https:\/\/www.visit-ulcinj.com\/blog\/2011\/12\/10\/ulcinjani-hoce-da-upravljaju-obalom\/#webpage\",\"url\":\"https:\/\/www.visit-ulcinj.com\/blog\/2011\/12\/10\/ulcinjani-hoce-da-upravljaju-obalom\/\",\"name\":\"Ulcinjani ho\u0107e da upravljaju obalom - Lajme nga Ulqini\",\"isPartOf\":{\"@id\":\"https:\/\/www.visit-ulcinj.com\/blog\/#website\"},\"primaryImageOfPage\":{\"@id\":\"https:\/\/www.visit-ulcinj.com\/blog\/2011\/12\/10\/ulcinjani-hoce-da-upravljaju-obalom\/#primaryimage\"},\"datePublished\":\"2011-12-10T17:22:27+00:00\",\"dateModified\":\"2011-12-11T16:44:56+00:00\",\"author\":{\"@id\":\"https:\/\/www.visit-ulcinj.com\/blog\/#\/schema\/person\/dcab619c614d3038751c63bc2aadc06d\"},\"description\":\"Rasprava o nacrtu zakona o morskom dobru u ulcinjskom parlamentu ULCINj \u2013 Predsjednik SO Ulcinj Milazim Mustafa zakazao je za ponedjeljak u 12 \u010dasova\",\"breadcrumb\":{\"@id\":\"https:\/\/www.visit-ulcinj.com\/blog\/2011\/12\/10\/ulcinjani-hoce-da-upravljaju-obalom\/#breadcrumb\"},\"inLanguage\":\"en-US\",\"potentialAction\":[{\"@type\":\"ReadAction\",\"target\":[\"https:\/\/www.visit-ulcinj.com\/blog\/2011\/12\/10\/ulcinjani-hoce-da-upravljaju-obalom\/\"]}]},{\"@type\":\"BreadcrumbList\",\"@id\":\"https:\/\/www.visit-ulcinj.com\/blog\/2011\/12\/10\/ulcinjani-hoce-da-upravljaju-obalom\/#breadcrumb\",\"itemListElement\":[{\"@type\":\"ListItem\",\"position\":1,\"name\":\"Ulcinjani ho\u0107e da upravljaju obalom\"}]},{\"@type\":\"Person\",\"@id\":\"https:\/\/www.visit-ulcinj.com\/blog\/#\/schema\/person\/dcab619c614d3038751c63bc2aadc06d\",\"name\":\"ulqini\",\"sameAs\":[\"http:\/\/www.visit-ulcinj.com\"],\"url\":\"https:\/\/www.visit-ulcinj.com\/blog\/author\/admin\/\"}]}<\/script>\n<!-- \/ Yoast SEO plugin. -->","yoast_head_json":{"title":"Ulcinjani ho\u0107e da upravljaju obalom - Lajme nga Ulqini","description":"Rasprava o nacrtu zakona o morskom dobru u ulcinjskom parlamentu ULCINj \u2013 Predsjednik SO Ulcinj Milazim Mustafa zakazao je za ponedjeljak u 12 \u010dasova","robots":{"index":"index","follow":"follow","max-snippet":"max-snippet:-1","max-image-preview":"max-image-preview:large","max-video-preview":"max-video-preview:-1"},"canonical":"https:\/\/www.visit-ulcinj.com\/blog\/2011\/12\/10\/ulcinjani-hoce-da-upravljaju-obalom\/","og_locale":"en_US","og_type":"article","og_title":"Ulcinjani ho\u0107e da upravljaju obalom - Lajme nga Ulqini","og_description":"Rasprava o nacrtu zakona o morskom dobru u ulcinjskom parlamentu ULCINj \u2013 Predsjednik SO Ulcinj Milazim Mustafa zakazao je za ponedjeljak u 12 \u010dasova","og_url":"https:\/\/www.visit-ulcinj.com\/blog\/2011\/12\/10\/ulcinjani-hoce-da-upravljaju-obalom\/","og_site_name":"Lajme nga Ulqini","article_published_time":"2011-12-10T17:22:27+00:00","article_modified_time":"2011-12-11T16:44:56+00:00","og_image":[{"url":"http:\/\/www.visit-ulcinj.com\/blog\/wp-content\/uploads\/2011\/12\/Milazim-Mustafa_Ulcinj_Ulqin.jpg"}],"twitter_misc":{"Written by":"ulqini","Est. reading time":"2 minutes"},"schema":{"@context":"https:\/\/schema.org","@graph":[{"@type":"WebSite","@id":"https:\/\/www.visit-ulcinj.com\/blog\/#website","url":"https:\/\/www.visit-ulcinj.com\/blog\/","name":"Lajme nga Ulqini","description":"Lajme,Vijesti,Ulqini,Ulqin,Crna Gora,Mali i Zi","potentialAction":[{"@type":"SearchAction","target":{"@type":"EntryPoint","urlTemplate":"https:\/\/www.visit-ulcinj.com\/blog\/?s={search_term_string}"},"query-input":"required name=search_term_string"}],"inLanguage":"en-US"},{"@type":"ImageObject","inLanguage":"en-US","@id":"https:\/\/www.visit-ulcinj.com\/blog\/2011\/12\/10\/ulcinjani-hoce-da-upravljaju-obalom\/#primaryimage","url":"https:\/\/www.visit-ulcinj.com\/blog\/wp-content\/uploads\/2011\/12\/Milazim-Mustafa_Ulcinj_Ulqin.jpg","contentUrl":"https:\/\/www.visit-ulcinj.com\/blog\/wp-content\/uploads\/2011\/12\/Milazim-Mustafa_Ulcinj_Ulqin.jpg","width":"550","height":"417"},{"@type":"WebPage","@id":"https:\/\/www.visit-ulcinj.com\/blog\/2011\/12\/10\/ulcinjani-hoce-da-upravljaju-obalom\/#webpage","url":"https:\/\/www.visit-ulcinj.com\/blog\/2011\/12\/10\/ulcinjani-hoce-da-upravljaju-obalom\/","name":"Ulcinjani ho\u0107e da upravljaju obalom - Lajme nga Ulqini","isPartOf":{"@id":"https:\/\/www.visit-ulcinj.com\/blog\/#website"},"primaryImageOfPage":{"@id":"https:\/\/www.visit-ulcinj.com\/blog\/2011\/12\/10\/ulcinjani-hoce-da-upravljaju-obalom\/#primaryimage"},"datePublished":"2011-12-10T17:22:27+00:00","dateModified":"2011-12-11T16:44:56+00:00","author":{"@id":"https:\/\/www.visit-ulcinj.com\/blog\/#\/schema\/person\/dcab619c614d3038751c63bc2aadc06d"},"description":"Rasprava o nacrtu zakona o morskom dobru u ulcinjskom parlamentu ULCINj \u2013 Predsjednik SO Ulcinj Milazim Mustafa zakazao je za ponedjeljak u 12 \u010dasova","breadcrumb":{"@id":"https:\/\/www.visit-ulcinj.com\/blog\/2011\/12\/10\/ulcinjani-hoce-da-upravljaju-obalom\/#breadcrumb"},"inLanguage":"en-US","potentialAction":[{"@type":"ReadAction","target":["https:\/\/www.visit-ulcinj.com\/blog\/2011\/12\/10\/ulcinjani-hoce-da-upravljaju-obalom\/"]}]},{"@type":"BreadcrumbList","@id":"https:\/\/www.visit-ulcinj.com\/blog\/2011\/12\/10\/ulcinjani-hoce-da-upravljaju-obalom\/#breadcrumb","itemListElement":[{"@type":"ListItem","position":1,"name":"Ulcinjani ho\u0107e da upravljaju obalom"}]},{"@type":"Person","@id":"https:\/\/www.visit-ulcinj.com\/blog\/#\/schema\/person\/dcab619c614d3038751c63bc2aadc06d","name":"ulqini","sameAs":["http:\/\/www.visit-ulcinj.com"],"url":"https:\/\/www.visit-ulcinj.com\/blog\/author\/admin\/"}]}},"jetpack_featured_media_url":"","jetpack_sharing_enabled":true,"jetpack_shortlink":"https:\/\/wp.me\/pe6lTn-e72","_links":{"self":[{"href":"https:\/\/www.visit-ulcinj.com\/blog\/wp-json\/wp\/v2\/posts\/54252"}],"collection":[{"href":"https:\/\/www.visit-ulcinj.com\/blog\/wp-json\/wp\/v2\/posts"}],"about":[{"href":"https:\/\/www.visit-ulcinj.com\/blog\/wp-json\/wp\/v2\/types\/post"}],"author":[{"embeddable":true,"href":"https:\/\/www.visit-ulcinj.com\/blog\/wp-json\/wp\/v2\/users\/1"}],"replies":[{"embeddable":true,"href":"https:\/\/www.visit-ulcinj.com\/blog\/wp-json\/wp\/v2\/comments?post=54252"}],"version-history":[{"count":2,"href":"https:\/\/www.visit-ulcinj.com\/blog\/wp-json\/wp\/v2\/posts\/54252\/revisions"}],"predecessor-version":[{"id":54269,"href":"https:\/\/www.visit-ulcinj.com\/blog\/wp-json\/wp\/v2\/posts\/54252\/revisions\/54269"}],"wp:attachment":[{"href":"https:\/\/www.visit-ulcinj.com\/blog\/wp-json\/wp\/v2\/media?parent=54252"}],"wp:term":[{"taxonomy":"category","embeddable":true,"href":"https:\/\/www.visit-ulcinj.com\/blog\/wp-json\/wp\/v2\/categories?post=54252"},{"taxonomy":"post_tag","embeddable":true,"href":"https:\/\/www.visit-ulcinj.com\/blog\/wp-json\/wp\/v2\/tags?post=54252"}],"curies":[{"name":"wp","href":"https:\/\/api.w.org\/{rel}","templated":true}]}}