{"id":54256,"date":"2011-12-11T16:40:25","date_gmt":"2011-12-11T15:40:25","guid":{"rendered":"http:\/\/www.visit-ulcinj.com\/blog\/?p=54256"},"modified":"2011-12-13T14:37:35","modified_gmt":"2011-12-13T13:37:35","slug":"shkrela-akuzon-politikanet-e-ulqinit-per-nepotizem","status":"publish","type":"post","link":"https:\/\/www.visit-ulcinj.com\/blog\/2011\/12\/11\/shkrela-akuzon-politikanet-e-ulqinit-per-nepotizem\/","title":{"rendered":"Shkrela akuzon politikan\u00ebt e Ulqinit p\u00ebr nepotiz\u00ebm"},"content":{"rendered":"<p><a href=\"http:\/\/www.visit-ulcinj.com\/blog\/wp-content\/uploads\/2011\/12\/Luigj-Shkrela_Ulqin_Ulqini_Darza.jpg\"><img loading=\"lazy\" class=\"alignleft size-full wp-image-54257\" title=\"Luigj Shkrela_Ulqin_Ulqini_Darza\" src=\"http:\/\/www.visit-ulcinj.com\/blog\/wp-content\/uploads\/2011\/12\/Luigj-Shkrela_Ulqin_Ulqini_Darza.jpg\" alt=\"\" width=\"350\" height=\"420\" \/><\/a>Pas ngjarjeve n\u00eb sken\u00ebn politike t\u00eb Ulqinit, nd\u00ebrrimi i qeverisjes lokale por edhe nd\u00ebrrim n\u00eb udh\u00ebheqjen e PDS-s\u00eb s\u00eb Ulqinit, deputeti shqiptar n\u00eb parlamentin e Malit t\u00eb Zi nga radh\u00ebt e PDS Luigj Shkrela shp\u00ebrthen n\u00eb lum\u00eb akuzash, duke treguar disa fakte q\u00eb p\u00ebrshp\u00ebriten por q\u00eb publikisht akoma nuk jan\u00eb t\u00eb denoncuara.<\/p>\n<p>Ai, n\u00eb nj\u00eb intervist\u00eb p\u00ebr t\u00eb p\u00ebrditshmen Vijesti, pranon hapur se nga politikb\u00ebr\u00ebsit\u00a0 ulqinak q\u00eb jan\u00eb n\u00eb pozit\u00eb por edhe n\u00eb opozit\u00eb, ka nepotiz\u00ebm, shkelje ligji duke nd\u00ebrtuar pa leje n\u00eb zona t\u00eb caktuara t\u00eb qytetit t\u00eb Ulqinit, pasuri e fituar n\u00eb m\u00ebnyr\u00eb t\u00eb paligjshme, pron\u00ebsi n\u00eb pasuri t\u00eb patundshme dhe banesa n\u00eb Tiran\u00eb. Zoti Shkrela n\u00eb k\u00ebt\u00eb intervist\u00eb i mbet borxh lexusve, emrat, edhe pse n\u00eb m\u00ebnyr\u00eb indirekte shigjetat i ka t\u00eb drejturar n\u00eb adresa t\u00eb caktuara.<br \/>\n&#8220;Vet\u00ebm shikoni n\u00eb p\u00ebrb\u00ebrjen e k\u00ebshillit t\u00eb ri komunal\u00a0 t\u00eb PDS-s\u00eb dhe \u00e7do gj\u00eb do t\u00eb jet\u00eb e qart\u00eb. Luigj Shkrel\u00ebn nuk mund ta shoh\u00ebsh n\u00eb marr\u00ebdh\u00ebniet at\u00eb-bir, bab\u00eb-vajz\u00eb, grua apo burr\u00eb. Edhe un\u00eb kam familje&#8221;, shprehet Shkrela duke shigjetuar n\u00eb m\u00ebnyr\u00eb indirekte zevend\u00ebsuesin e tij n\u00eb PDS, Loro Nrekiqin.<strong> \/Ulqini Online\/<br \/>\n<!--YouTube Error: bad URL entered--><br \/>\n<\/strong><\/p>\n<p>&nbsp;<\/p>\n","protected":false},"excerpt":{"rendered":"<p>Pas ngjarjeve n\u00eb sken\u00ebn politike t\u00eb Ulqinit, nd\u00ebrrimi i qeverisjes lokale por edhe nd\u00ebrrim n\u00eb udh\u00ebheqjen e PDS-s\u00eb s\u00eb Ulqinit, deputeti shqiptar n\u00eb parlamentin e Malit t\u00eb Zi nga radh\u00ebt e PDS Luigj Shkrela shp\u00ebrthen n\u00eb lum\u00eb akuzash, duke treguar disa fakte q\u00eb p\u00ebrshp\u00ebriten por q\u00eb publikisht akoma nuk jan\u00eb t\u00eb denoncuara. Ai, n\u00eb nj\u00eb [&hellip;]<\/p>\n","protected":false},"author":1,"featured_media":0,"comment_status":"open","ping_status":"closed","sticky":false,"template":"","format":"standard","meta":{"spay_email":"","jetpack_publicize_message":"","jetpack_is_tweetstorm":false,"jetpack_publicize_feature_enabled":true},"categories":[6],"tags":[14351,17828,17834,18370,17811,14352,17831,18362,15136,14353,17808,17401,14354,12340,14355,17840,17839,18363,19585,17835,17814,17810,17816,14356,17071,17807,3730,3516,14652,3511,15139,17837,17827,10203,14358,222,17802,17812,17803,17820,17825,17817,17805,22011,305,19584,17823,17832,19586,14359,3506,17818,3499,214,17680,14360,14361,16210,17402,14362,19541,14363,18371,194,19501,3507,17800,498,3717,3500,1762,4625,115,14364,22008,17799,3327,15140,17841,17826,15213,18236,13230,3512,17806,729,11648,18289,17838,95,19583,17813,19587,17804,14365,15141,17836,14366,79,17073,18369,1653,1909,17815,14367,17801,18360,19543,17822,14368,14369,19542,17824,14370,18291,10472,2083,3231,14371,41,3617,15143,14372,14373,14374,17844,17821,18372,17830,17077,2800,18295,14375,17833,17829,899,200,18,17819,17809,14376],"jetpack_publicize_connections":[],"yoast_head":"<!-- This site is optimized with the Yoast SEO plugin v19.1 - https:\/\/yoast.com\/wordpress\/plugins\/seo\/ -->\n<title>Shkrela akuzon politikan\u00ebt e Ulqinit p\u00ebr nepotiz\u00ebm - Lajme nga Ulqini<\/title>\n<meta name=\"description\" content=\"Pas ngjarjeve n\u00eb sken\u00ebn politike t\u00eb Ulqinit, nd\u00ebrrimi i qeverisjes lokale por edhe nd\u00ebrrim n\u00eb udh\u00ebheqjen e PDS-s\u00eb s\u00eb Ulqinit, deputeti shqiptar n\u00eb\" \/>\n<meta name=\"robots\" content=\"index, follow, max-snippet:-1, max-image-preview:large, max-video-preview:-1\" \/>\n<link rel=\"canonical\" href=\"https:\/\/www.visit-ulcinj.com\/blog\/2011\/12\/11\/shkrela-akuzon-politikanet-e-ulqinit-per-nepotizem\/\" \/>\n<meta property=\"og:locale\" content=\"en_US\" \/>\n<meta property=\"og:type\" content=\"article\" \/>\n<meta property=\"og:title\" content=\"Shkrela akuzon politikan\u00ebt e Ulqinit p\u00ebr nepotiz\u00ebm - Lajme nga Ulqini\" \/>\n<meta property=\"og:description\" content=\"Pas ngjarjeve n\u00eb sken\u00ebn politike t\u00eb Ulqinit, nd\u00ebrrimi i qeverisjes lokale por edhe nd\u00ebrrim n\u00eb udh\u00ebheqjen e PDS-s\u00eb s\u00eb Ulqinit, deputeti shqiptar n\u00eb\" \/>\n<meta property=\"og:url\" content=\"https:\/\/www.visit-ulcinj.com\/blog\/2011\/12\/11\/shkrela-akuzon-politikanet-e-ulqinit-per-nepotizem\/\" \/>\n<meta property=\"og:site_name\" content=\"Lajme nga Ulqini\" \/>\n<meta property=\"article:published_time\" content=\"2011-12-11T15:40:25+00:00\" \/>\n<meta property=\"article:modified_time\" content=\"2011-12-13T13:37:35+00:00\" \/>\n<meta property=\"og:image\" content=\"http:\/\/www.visit-ulcinj.com\/blog\/wp-content\/uploads\/2011\/12\/Luigj-Shkrela_Ulqin_Ulqini_Darza.jpg\" \/>\n<meta name=\"twitter:label1\" content=\"Written by\" \/>\n\t<meta name=\"twitter:data1\" content=\"ulqini\" \/>\n\t<meta name=\"twitter:label2\" content=\"Est. reading time\" \/>\n\t<meta name=\"twitter:data2\" content=\"1 minute\" \/>\n<script type=\"application\/ld+json\" class=\"yoast-schema-graph\">{\"@context\":\"https:\/\/schema.org\",\"@graph\":[{\"@type\":\"WebSite\",\"@id\":\"https:\/\/www.visit-ulcinj.com\/blog\/#website\",\"url\":\"https:\/\/www.visit-ulcinj.com\/blog\/\",\"name\":\"Lajme nga Ulqini\",\"description\":\"Lajme,Vijesti,Ulqini,Ulqin,Crna Gora,Mali i Zi\",\"potentialAction\":[{\"@type\":\"SearchAction\",\"target\":{\"@type\":\"EntryPoint\",\"urlTemplate\":\"https:\/\/www.visit-ulcinj.com\/blog\/?s={search_term_string}\"},\"query-input\":\"required name=search_term_string\"}],\"inLanguage\":\"en-US\"},{\"@type\":\"ImageObject\",\"inLanguage\":\"en-US\",\"@id\":\"https:\/\/www.visit-ulcinj.com\/blog\/2011\/12\/11\/shkrela-akuzon-politikanet-e-ulqinit-per-nepotizem\/#primaryimage\",\"url\":\"https:\/\/www.visit-ulcinj.com\/blog\/wp-content\/uploads\/2011\/12\/Luigj-Shkrela_Ulqin_Ulqini_Darza.jpg\",\"contentUrl\":\"https:\/\/www.visit-ulcinj.com\/blog\/wp-content\/uploads\/2011\/12\/Luigj-Shkrela_Ulqin_Ulqini_Darza.jpg\",\"width\":\"430\",\"height\":\"610\"},{\"@type\":\"WebPage\",\"@id\":\"https:\/\/www.visit-ulcinj.com\/blog\/2011\/12\/11\/shkrela-akuzon-politikanet-e-ulqinit-per-nepotizem\/#webpage\",\"url\":\"https:\/\/www.visit-ulcinj.com\/blog\/2011\/12\/11\/shkrela-akuzon-politikanet-e-ulqinit-per-nepotizem\/\",\"name\":\"Shkrela akuzon politikan\u00ebt e Ulqinit p\u00ebr nepotiz\u00ebm - Lajme nga Ulqini\",\"isPartOf\":{\"@id\":\"https:\/\/www.visit-ulcinj.com\/blog\/#website\"},\"primaryImageOfPage\":{\"@id\":\"https:\/\/www.visit-ulcinj.com\/blog\/2011\/12\/11\/shkrela-akuzon-politikanet-e-ulqinit-per-nepotizem\/#primaryimage\"},\"datePublished\":\"2011-12-11T15:40:25+00:00\",\"dateModified\":\"2011-12-13T13:37:35+00:00\",\"author\":{\"@id\":\"https:\/\/www.visit-ulcinj.com\/blog\/#\/schema\/person\/dcab619c614d3038751c63bc2aadc06d\"},\"description\":\"Pas ngjarjeve n\u00eb sken\u00ebn politike t\u00eb Ulqinit, nd\u00ebrrimi i qeverisjes lokale por edhe nd\u00ebrrim n\u00eb udh\u00ebheqjen e PDS-s\u00eb s\u00eb Ulqinit, deputeti shqiptar n\u00eb\",\"breadcrumb\":{\"@id\":\"https:\/\/www.visit-ulcinj.com\/blog\/2011\/12\/11\/shkrela-akuzon-politikanet-e-ulqinit-per-nepotizem\/#breadcrumb\"},\"inLanguage\":\"en-US\",\"potentialAction\":[{\"@type\":\"ReadAction\",\"target\":[\"https:\/\/www.visit-ulcinj.com\/blog\/2011\/12\/11\/shkrela-akuzon-politikanet-e-ulqinit-per-nepotizem\/\"]}]},{\"@type\":\"BreadcrumbList\",\"@id\":\"https:\/\/www.visit-ulcinj.com\/blog\/2011\/12\/11\/shkrela-akuzon-politikanet-e-ulqinit-per-nepotizem\/#breadcrumb\",\"itemListElement\":[{\"@type\":\"ListItem\",\"position\":1,\"name\":\"Shkrela akuzon politikan\u00ebt e Ulqinit p\u00ebr nepotiz\u00ebm\"}]},{\"@type\":\"Person\",\"@id\":\"https:\/\/www.visit-ulcinj.com\/blog\/#\/schema\/person\/dcab619c614d3038751c63bc2aadc06d\",\"name\":\"ulqini\",\"sameAs\":[\"http:\/\/www.visit-ulcinj.com\"],\"url\":\"https:\/\/www.visit-ulcinj.com\/blog\/author\/admin\/\"}]}<\/script>\n<!-- \/ Yoast SEO plugin. -->","yoast_head_json":{"title":"Shkrela akuzon politikan\u00ebt e Ulqinit p\u00ebr nepotiz\u00ebm - Lajme nga Ulqini","description":"Pas ngjarjeve n\u00eb sken\u00ebn politike t\u00eb Ulqinit, nd\u00ebrrimi i qeverisjes lokale por edhe nd\u00ebrrim n\u00eb udh\u00ebheqjen e PDS-s\u00eb s\u00eb Ulqinit, deputeti shqiptar n\u00eb","robots":{"index":"index","follow":"follow","max-snippet":"max-snippet:-1","max-image-preview":"max-image-preview:large","max-video-preview":"max-video-preview:-1"},"canonical":"https:\/\/www.visit-ulcinj.com\/blog\/2011\/12\/11\/shkrela-akuzon-politikanet-e-ulqinit-per-nepotizem\/","og_locale":"en_US","og_type":"article","og_title":"Shkrela akuzon politikan\u00ebt e Ulqinit p\u00ebr nepotiz\u00ebm - Lajme nga Ulqini","og_description":"Pas ngjarjeve n\u00eb sken\u00ebn politike t\u00eb Ulqinit, nd\u00ebrrimi i qeverisjes lokale por edhe nd\u00ebrrim n\u00eb udh\u00ebheqjen e PDS-s\u00eb s\u00eb Ulqinit, deputeti shqiptar n\u00eb","og_url":"https:\/\/www.visit-ulcinj.com\/blog\/2011\/12\/11\/shkrela-akuzon-politikanet-e-ulqinit-per-nepotizem\/","og_site_name":"Lajme nga Ulqini","article_published_time":"2011-12-11T15:40:25+00:00","article_modified_time":"2011-12-13T13:37:35+00:00","og_image":[{"url":"http:\/\/www.visit-ulcinj.com\/blog\/wp-content\/uploads\/2011\/12\/Luigj-Shkrela_Ulqin_Ulqini_Darza.jpg"}],"twitter_misc":{"Written by":"ulqini","Est. reading time":"1 minute"},"schema":{"@context":"https:\/\/schema.org","@graph":[{"@type":"WebSite","@id":"https:\/\/www.visit-ulcinj.com\/blog\/#website","url":"https:\/\/www.visit-ulcinj.com\/blog\/","name":"Lajme nga Ulqini","description":"Lajme,Vijesti,Ulqini,Ulqin,Crna Gora,Mali i Zi","potentialAction":[{"@type":"SearchAction","target":{"@type":"EntryPoint","urlTemplate":"https:\/\/www.visit-ulcinj.com\/blog\/?s={search_term_string}"},"query-input":"required name=search_term_string"}],"inLanguage":"en-US"},{"@type":"ImageObject","inLanguage":"en-US","@id":"https:\/\/www.visit-ulcinj.com\/blog\/2011\/12\/11\/shkrela-akuzon-politikanet-e-ulqinit-per-nepotizem\/#primaryimage","url":"https:\/\/www.visit-ulcinj.com\/blog\/wp-content\/uploads\/2011\/12\/Luigj-Shkrela_Ulqin_Ulqini_Darza.jpg","contentUrl":"https:\/\/www.visit-ulcinj.com\/blog\/wp-content\/uploads\/2011\/12\/Luigj-Shkrela_Ulqin_Ulqini_Darza.jpg","width":"430","height":"610"},{"@type":"WebPage","@id":"https:\/\/www.visit-ulcinj.com\/blog\/2011\/12\/11\/shkrela-akuzon-politikanet-e-ulqinit-per-nepotizem\/#webpage","url":"https:\/\/www.visit-ulcinj.com\/blog\/2011\/12\/11\/shkrela-akuzon-politikanet-e-ulqinit-per-nepotizem\/","name":"Shkrela akuzon politikan\u00ebt e Ulqinit p\u00ebr nepotiz\u00ebm - Lajme nga Ulqini","isPartOf":{"@id":"https:\/\/www.visit-ulcinj.com\/blog\/#website"},"primaryImageOfPage":{"@id":"https:\/\/www.visit-ulcinj.com\/blog\/2011\/12\/11\/shkrela-akuzon-politikanet-e-ulqinit-per-nepotizem\/#primaryimage"},"datePublished":"2011-12-11T15:40:25+00:00","dateModified":"2011-12-13T13:37:35+00:00","author":{"@id":"https:\/\/www.visit-ulcinj.com\/blog\/#\/schema\/person\/dcab619c614d3038751c63bc2aadc06d"},"description":"Pas ngjarjeve n\u00eb sken\u00ebn politike t\u00eb Ulqinit, nd\u00ebrrimi i qeverisjes lokale por edhe nd\u00ebrrim n\u00eb udh\u00ebheqjen e PDS-s\u00eb s\u00eb Ulqinit, deputeti shqiptar n\u00eb","breadcrumb":{"@id":"https:\/\/www.visit-ulcinj.com\/blog\/2011\/12\/11\/shkrela-akuzon-politikanet-e-ulqinit-per-nepotizem\/#breadcrumb"},"inLanguage":"en-US","potentialAction":[{"@type":"ReadAction","target":["https:\/\/www.visit-ulcinj.com\/blog\/2011\/12\/11\/shkrela-akuzon-politikanet-e-ulqinit-per-nepotizem\/"]}]},{"@type":"BreadcrumbList","@id":"https:\/\/www.visit-ulcinj.com\/blog\/2011\/12\/11\/shkrela-akuzon-politikanet-e-ulqinit-per-nepotizem\/#breadcrumb","itemListElement":[{"@type":"ListItem","position":1,"name":"Shkrela akuzon politikan\u00ebt e Ulqinit p\u00ebr nepotiz\u00ebm"}]},{"@type":"Person","@id":"https:\/\/www.visit-ulcinj.com\/blog\/#\/schema\/person\/dcab619c614d3038751c63bc2aadc06d","name":"ulqini","sameAs":["http:\/\/www.visit-ulcinj.com"],"url":"https:\/\/www.visit-ulcinj.com\/blog\/author\/admin\/"}]}},"jetpack_featured_media_url":"","jetpack_sharing_enabled":true,"jetpack_shortlink":"https:\/\/wp.me\/pe6lTn-e76","_links":{"self":[{"href":"https:\/\/www.visit-ulcinj.com\/blog\/wp-json\/wp\/v2\/posts\/54256"}],"collection":[{"href":"https:\/\/www.visit-ulcinj.com\/blog\/wp-json\/wp\/v2\/posts"}],"about":[{"href":"https:\/\/www.visit-ulcinj.com\/blog\/wp-json\/wp\/v2\/types\/post"}],"author":[{"embeddable":true,"href":"https:\/\/www.visit-ulcinj.com\/blog\/wp-json\/wp\/v2\/users\/1"}],"replies":[{"embeddable":true,"href":"https:\/\/www.visit-ulcinj.com\/blog\/wp-json\/wp\/v2\/comments?post=54256"}],"version-history":[{"count":6,"href":"https:\/\/www.visit-ulcinj.com\/blog\/wp-json\/wp\/v2\/posts\/54256\/revisions"}],"predecessor-version":[{"id":54260,"href":"https:\/\/www.visit-ulcinj.com\/blog\/wp-json\/wp\/v2\/posts\/54256\/revisions\/54260"}],"wp:attachment":[{"href":"https:\/\/www.visit-ulcinj.com\/blog\/wp-json\/wp\/v2\/media?parent=54256"}],"wp:term":[{"taxonomy":"category","embeddable":true,"href":"https:\/\/www.visit-ulcinj.com\/blog\/wp-json\/wp\/v2\/categories?post=54256"},{"taxonomy":"post_tag","embeddable":true,"href":"https:\/\/www.visit-ulcinj.com\/blog\/wp-json\/wp\/v2\/tags?post=54256"}],"curies":[{"name":"wp","href":"https:\/\/api.w.org\/{rel}","templated":true}]}}