{"id":54263,"date":"2011-12-11T17:36:08","date_gmt":"2011-12-11T16:36:08","guid":{"rendered":"http:\/\/www.visit-ulcinj.com\/blog\/?p=54263"},"modified":"2011-12-11T18:12:49","modified_gmt":"2011-12-11T17:12:49","slug":"milazim-mustafa-ulqini-don-te-menaxhoje-te-mirat-e-saja","status":"publish","type":"post","link":"https:\/\/www.visit-ulcinj.com\/blog\/2011\/12\/11\/milazim-mustafa-ulqini-don-te-menaxhoje-te-mirat-e-saja\/","title":{"rendered":"Milazim Mustafa: Ulqini don t\u00eb menaxhoj\u00eb t\u00eb mirat e saja"},"content":{"rendered":"<p><strong><a href=\"http:\/\/www.visit-ulcinj.com\/blog\/wp-content\/uploads\/2011\/12\/Milazim-Mustafa-Kryetari-i-Kuvendit-t%C3%AB-Ulqinit.1.jpg\"><img loading=\"lazy\" class=\"alignleft size-full wp-image-54264\" title=\"Milazim Mustafa-Kryetari i Kuvendit t\u00eb Ulqinit.1\" src=\"http:\/\/www.visit-ulcinj.com\/blog\/wp-content\/uploads\/2011\/12\/Milazim-Mustafa-Kryetari-i-Kuvendit-t%C3%AB-Ulqinit.1.jpg\" alt=\"\" width=\"350\" height=\"487\" \/><\/a>Nes\u00ebr kuvendi i Ulqinit<\/strong><br \/>\nKryetari i Kuvendit t\u00eb Ulqinit Milazim Mustafa ka thirrur p\u00ebr t\u00eb h\u00ebn\u00ebn n\u00eb ora 12 seanc\u00ebn e tret\u00eb t\u00eb sesionit t\u00eb dyt\u00eb t\u00eb rregullt mbledhjen e kuvendit me vet\u00ebm nj\u00eb pik\u00eb t\u00eb rendit t\u00eb dit\u00ebs, Miratimi i konkluzioneve n\u00eb lidhje me projektligjin p\u00ebr t\u00eb mirat detare.<br \/>\nKuvendi do t\u00eb obligoj\u00eb p\u00ebrfaqsuesit e ekzekutivit t\u00eb p\u00ebrgadis\u00eb dhe formuloj\u00eb v\u00ebrejtjet konkrete n\u00eb tekstin e propozuar t\u00eb projektligjit p\u00ebr t\u00eb mirat detare. V\u00ebrejtjet duhet t\u00eb ken\u00eb t\u00eb b\u00ebjn\u00eb me definimin e termit t\u00eb mirat detare, p\u00ebrcaktimi i zon\u00ebs s\u00eb t\u00eb mirave detare, regjimi i pron\u00ebsis\u00eb. Propozuesi i Projektligjit p\u00ebr Menaxhimin e t\u00eb mirave detare beson se zbatimi i ligjit n\u00eb fuqi q\u00eb nga miratimi i tij t\u00eb 1992 deri m\u00eb sot, ka pasur nj\u00eb ndikim negativ n\u00eb zhvillimin e p\u00ebrgjithsh\u00ebm ekonomik dhe social t\u00eb komun\u00ebs s\u00eb Ulqinit, shkruan Dan.<br \/>\nSi pasoj\u00eb e veprimeve t\u00eb tilla deri tani ka shkaktuar q\u00eb kufijt\u00eb e t\u00eb mirave detare n\u00eb disa pjes\u00eb t\u00eb komun\u00ebs s\u00eb Ulqinit t\u00eb arrijn\u00eb n\u00eb m\u00eb shum\u00eb se dy kilometra nga bregdeti. Ajo p\u00ebrfshin\u00eb edhe pjes\u00eb t\u00eb cil\u00ebt nga natyra dhe q\u00ebllimi nuk i p\u00ebrkain aspak zon\u00ebs detare, zona t\u00eb tilla si psh. tok\u00eb bujq\u00ebsore, ullishte dhe brigjet e lumit Buna. Kjo zon\u00eb momentalisht \u00ebsht\u00eb 33 milion\u00eb metra katror\u00eb, duke p\u00ebrb\u00ebr\u00eb 13 p\u00ebr qind t\u00eb territorit t\u00eb p\u00ebrgjithsh\u00ebm t\u00eb komun\u00ebs. N\u00eb k\u00ebt\u00eb m\u00ebnyr\u00eb, komun\u00ebs s\u00eb Ulqinit i mohohen t\u00eb drejtat kushtetuese dhe ligjore n\u00eb k\u00ebt\u00eb territor p\u00ebr t\u00eb kryer funksionin e saj themelor: sjellja e planeve hap\u00ebsinore dhe urbanistike, planet dhe programet e zhvillimit, i pamundsohet p\u00ebr t\u00eb menaxhuar dhe t\u00eb disponoj\u00eb pasurin\u00eb lokale dhe t\u00eb mbledh\u00eb t\u00eb ardhurat prej saj dhe ato fonde t\u00eb drejtohen zhvillim,gj\u00eb q\u00eb \u00ebsht\u00eb n\u00eb kund\u00ebrshtim me parimet evropiane t\u00eb decentralizimit t\u00eb qeverisjes, thuhet nd\u00ebr t\u00eb tjera n\u00eb arsyetimin e b\u00ebr\u00eb. <strong>\/Ulqini Online\/<br \/>\n[flv]http:\/\/www.velikaplaza.info\/gallery\/video\/stream.php?f=Velika_Plaza_movie_Jan_2009.flv[\/flv]<br \/>\n<\/strong><\/p>\n<p>&nbsp;<\/p>\n","protected":false},"excerpt":{"rendered":"<p>Nes\u00ebr kuvendi i Ulqinit Kryetari i Kuvendit t\u00eb Ulqinit Milazim Mustafa ka thirrur p\u00ebr t\u00eb h\u00ebn\u00ebn n\u00eb ora 12 seanc\u00ebn e tret\u00eb t\u00eb sesionit t\u00eb dyt\u00eb t\u00eb rregullt mbledhjen e kuvendit me vet\u00ebm nj\u00eb pik\u00eb t\u00eb rendit t\u00eb dit\u00ebs, Miratimi i konkluzioneve n\u00eb lidhje me projektligjin p\u00ebr t\u00eb mirat detare. Kuvendi do t\u00eb obligoj\u00eb p\u00ebrfaqsuesit [&hellip;]<\/p>\n","protected":false},"author":1,"featured_media":0,"comment_status":"open","ping_status":"closed","sticky":false,"template":"","format":"standard","meta":{"spay_email":"","jetpack_publicize_message":"","jetpack_is_tweetstorm":false,"jetpack_publicize_feature_enabled":true},"categories":[10],"tags":[14351,17828,17834,18370,17811,14352,17831,18362,15136,14353,17808,17401,14354,12340,14355,17840,17839,18363,19585,17835,17814,17810,17816,14356,17071,17807,3730,3516,14652,3511,15139,17837,17827,10203,14358,222,17802,17812,17803,17820,17825,17817,17805,22011,305,19584,17823,17832,19586,14359,3506,17818,3499,214,17680,14360,14361,16210,17402,14362,19541,14363,18371,194,19501,3507,17800,498,3717,3500,1762,4625,115,14364,22008,17799,3327,15140,17841,17826,15213,18236,13230,3512,17806,729,11648,18289,17838,95,19583,17813,19587,17804,14365,15141,17836,14366,79,17073,18369,1653,1909,17815,14367,17801,18360,19543,17822,14368,14369,19542,17824,14370,18291,10472,2083,3231,14371,41,3617,15143,14372,14373,14374,17844,17821,18372,17830,17077,2800,18295,14375,17833,17829,899,200,18,17819,17809,14376],"jetpack_publicize_connections":[],"yoast_head":"<!-- This site is optimized with the Yoast SEO plugin v19.1 - https:\/\/yoast.com\/wordpress\/plugins\/seo\/ -->\n<title>Milazim Mustafa: Ulqini don t\u00eb menaxhoj\u00eb t\u00eb mirat e saja - Lajme nga Ulqini<\/title>\n<meta name=\"description\" content=\"Nes\u00ebr kuvendi i Ulqinit Kryetari i Kuvendit t\u00eb Ulqinit Milazim Mustafa ka thirrur p\u00ebr t\u00eb h\u00ebn\u00ebn n\u00eb ora 12 seanc\u00ebn e tret\u00eb t\u00eb sesionit t\u00eb dyt\u00eb t\u00eb rregullt\" \/>\n<meta name=\"robots\" content=\"index, follow, max-snippet:-1, max-image-preview:large, max-video-preview:-1\" \/>\n<link rel=\"canonical\" href=\"https:\/\/www.visit-ulcinj.com\/blog\/2011\/12\/11\/milazim-mustafa-ulqini-don-te-menaxhoje-te-mirat-e-saja\/\" \/>\n<meta property=\"og:locale\" content=\"en_US\" \/>\n<meta property=\"og:type\" content=\"article\" \/>\n<meta property=\"og:title\" content=\"Milazim Mustafa: Ulqini don t\u00eb menaxhoj\u00eb t\u00eb mirat e saja - Lajme nga Ulqini\" \/>\n<meta property=\"og:description\" content=\"Nes\u00ebr kuvendi i Ulqinit Kryetari i Kuvendit t\u00eb Ulqinit Milazim Mustafa ka thirrur p\u00ebr t\u00eb h\u00ebn\u00ebn n\u00eb ora 12 seanc\u00ebn e tret\u00eb t\u00eb sesionit t\u00eb dyt\u00eb t\u00eb rregullt\" \/>\n<meta property=\"og:url\" content=\"https:\/\/www.visit-ulcinj.com\/blog\/2011\/12\/11\/milazim-mustafa-ulqini-don-te-menaxhoje-te-mirat-e-saja\/\" \/>\n<meta property=\"og:site_name\" content=\"Lajme nga Ulqini\" \/>\n<meta property=\"article:published_time\" content=\"2011-12-11T16:36:08+00:00\" \/>\n<meta property=\"article:modified_time\" content=\"2011-12-11T17:12:49+00:00\" \/>\n<meta property=\"og:image\" content=\"http:\/\/www.visit-ulcinj.com\/blog\/wp-content\/uploads\/2011\/12\/Milazim-Mustafa-Kryetari-i-Kuvendit-t%C3%AB-Ulqinit.1.jpg\" \/>\n<meta name=\"twitter:label1\" content=\"Written by\" \/>\n\t<meta name=\"twitter:data1\" content=\"ulqini\" \/>\n\t<meta name=\"twitter:label2\" content=\"Est. reading time\" \/>\n\t<meta name=\"twitter:data2\" content=\"2 minutes\" \/>\n<script type=\"application\/ld+json\" class=\"yoast-schema-graph\">{\"@context\":\"https:\/\/schema.org\",\"@graph\":[{\"@type\":\"WebSite\",\"@id\":\"https:\/\/www.visit-ulcinj.com\/blog\/#website\",\"url\":\"https:\/\/www.visit-ulcinj.com\/blog\/\",\"name\":\"Lajme nga Ulqini\",\"description\":\"Lajme,Vijesti,Ulqini,Ulqin,Crna Gora,Mali i Zi\",\"potentialAction\":[{\"@type\":\"SearchAction\",\"target\":{\"@type\":\"EntryPoint\",\"urlTemplate\":\"https:\/\/www.visit-ulcinj.com\/blog\/?s={search_term_string}\"},\"query-input\":\"required name=search_term_string\"}],\"inLanguage\":\"en-US\"},{\"@type\":\"ImageObject\",\"inLanguage\":\"en-US\",\"@id\":\"https:\/\/www.visit-ulcinj.com\/blog\/2011\/12\/11\/milazim-mustafa-ulqini-don-te-menaxhoje-te-mirat-e-saja\/#primaryimage\",\"url\":\"http:\/\/www.visit-ulcinj.com\/blog\/wp-content\/uploads\/2011\/12\/Milazim-Mustafa-Kryetari-i-Kuvendit-t%C3%AB-Ulqinit.1.jpg\",\"contentUrl\":\"http:\/\/www.visit-ulcinj.com\/blog\/wp-content\/uploads\/2011\/12\/Milazim-Mustafa-Kryetari-i-Kuvendit-t%C3%AB-Ulqinit.1.jpg\"},{\"@type\":\"WebPage\",\"@id\":\"https:\/\/www.visit-ulcinj.com\/blog\/2011\/12\/11\/milazim-mustafa-ulqini-don-te-menaxhoje-te-mirat-e-saja\/#webpage\",\"url\":\"https:\/\/www.visit-ulcinj.com\/blog\/2011\/12\/11\/milazim-mustafa-ulqini-don-te-menaxhoje-te-mirat-e-saja\/\",\"name\":\"Milazim Mustafa: Ulqini don t\u00eb menaxhoj\u00eb t\u00eb mirat e saja - Lajme nga Ulqini\",\"isPartOf\":{\"@id\":\"https:\/\/www.visit-ulcinj.com\/blog\/#website\"},\"primaryImageOfPage\":{\"@id\":\"https:\/\/www.visit-ulcinj.com\/blog\/2011\/12\/11\/milazim-mustafa-ulqini-don-te-menaxhoje-te-mirat-e-saja\/#primaryimage\"},\"datePublished\":\"2011-12-11T16:36:08+00:00\",\"dateModified\":\"2011-12-11T17:12:49+00:00\",\"author\":{\"@id\":\"https:\/\/www.visit-ulcinj.com\/blog\/#\/schema\/person\/dcab619c614d3038751c63bc2aadc06d\"},\"description\":\"Nes\u00ebr kuvendi i Ulqinit Kryetari i Kuvendit t\u00eb Ulqinit Milazim Mustafa ka thirrur p\u00ebr t\u00eb h\u00ebn\u00ebn n\u00eb ora 12 seanc\u00ebn e tret\u00eb t\u00eb sesionit t\u00eb dyt\u00eb t\u00eb rregullt\",\"breadcrumb\":{\"@id\":\"https:\/\/www.visit-ulcinj.com\/blog\/2011\/12\/11\/milazim-mustafa-ulqini-don-te-menaxhoje-te-mirat-e-saja\/#breadcrumb\"},\"inLanguage\":\"en-US\",\"potentialAction\":[{\"@type\":\"ReadAction\",\"target\":[\"https:\/\/www.visit-ulcinj.com\/blog\/2011\/12\/11\/milazim-mustafa-ulqini-don-te-menaxhoje-te-mirat-e-saja\/\"]}]},{\"@type\":\"BreadcrumbList\",\"@id\":\"https:\/\/www.visit-ulcinj.com\/blog\/2011\/12\/11\/milazim-mustafa-ulqini-don-te-menaxhoje-te-mirat-e-saja\/#breadcrumb\",\"itemListElement\":[{\"@type\":\"ListItem\",\"position\":1,\"name\":\"Milazim Mustafa: Ulqini don t\u00eb menaxhoj\u00eb t\u00eb mirat e saja\"}]},{\"@type\":\"Person\",\"@id\":\"https:\/\/www.visit-ulcinj.com\/blog\/#\/schema\/person\/dcab619c614d3038751c63bc2aadc06d\",\"name\":\"ulqini\",\"sameAs\":[\"http:\/\/www.visit-ulcinj.com\"],\"url\":\"https:\/\/www.visit-ulcinj.com\/blog\/author\/admin\/\"}]}<\/script>\n<!-- \/ Yoast SEO plugin. -->","yoast_head_json":{"title":"Milazim Mustafa: Ulqini don t\u00eb menaxhoj\u00eb t\u00eb mirat e saja - Lajme nga Ulqini","description":"Nes\u00ebr kuvendi i Ulqinit Kryetari i Kuvendit t\u00eb Ulqinit Milazim Mustafa ka thirrur p\u00ebr t\u00eb h\u00ebn\u00ebn n\u00eb ora 12 seanc\u00ebn e tret\u00eb t\u00eb sesionit t\u00eb dyt\u00eb t\u00eb rregullt","robots":{"index":"index","follow":"follow","max-snippet":"max-snippet:-1","max-image-preview":"max-image-preview:large","max-video-preview":"max-video-preview:-1"},"canonical":"https:\/\/www.visit-ulcinj.com\/blog\/2011\/12\/11\/milazim-mustafa-ulqini-don-te-menaxhoje-te-mirat-e-saja\/","og_locale":"en_US","og_type":"article","og_title":"Milazim Mustafa: Ulqini don t\u00eb menaxhoj\u00eb t\u00eb mirat e saja - Lajme nga Ulqini","og_description":"Nes\u00ebr kuvendi i Ulqinit Kryetari i Kuvendit t\u00eb Ulqinit Milazim Mustafa ka thirrur p\u00ebr t\u00eb h\u00ebn\u00ebn n\u00eb ora 12 seanc\u00ebn e tret\u00eb t\u00eb sesionit t\u00eb dyt\u00eb t\u00eb rregullt","og_url":"https:\/\/www.visit-ulcinj.com\/blog\/2011\/12\/11\/milazim-mustafa-ulqini-don-te-menaxhoje-te-mirat-e-saja\/","og_site_name":"Lajme nga Ulqini","article_published_time":"2011-12-11T16:36:08+00:00","article_modified_time":"2011-12-11T17:12:49+00:00","og_image":[{"url":"http:\/\/www.visit-ulcinj.com\/blog\/wp-content\/uploads\/2011\/12\/Milazim-Mustafa-Kryetari-i-Kuvendit-t%C3%AB-Ulqinit.1.jpg"}],"twitter_misc":{"Written by":"ulqini","Est. reading time":"2 minutes"},"schema":{"@context":"https:\/\/schema.org","@graph":[{"@type":"WebSite","@id":"https:\/\/www.visit-ulcinj.com\/blog\/#website","url":"https:\/\/www.visit-ulcinj.com\/blog\/","name":"Lajme nga Ulqini","description":"Lajme,Vijesti,Ulqini,Ulqin,Crna Gora,Mali i Zi","potentialAction":[{"@type":"SearchAction","target":{"@type":"EntryPoint","urlTemplate":"https:\/\/www.visit-ulcinj.com\/blog\/?s={search_term_string}"},"query-input":"required name=search_term_string"}],"inLanguage":"en-US"},{"@type":"ImageObject","inLanguage":"en-US","@id":"https:\/\/www.visit-ulcinj.com\/blog\/2011\/12\/11\/milazim-mustafa-ulqini-don-te-menaxhoje-te-mirat-e-saja\/#primaryimage","url":"http:\/\/www.visit-ulcinj.com\/blog\/wp-content\/uploads\/2011\/12\/Milazim-Mustafa-Kryetari-i-Kuvendit-t%C3%AB-Ulqinit.1.jpg","contentUrl":"http:\/\/www.visit-ulcinj.com\/blog\/wp-content\/uploads\/2011\/12\/Milazim-Mustafa-Kryetari-i-Kuvendit-t%C3%AB-Ulqinit.1.jpg"},{"@type":"WebPage","@id":"https:\/\/www.visit-ulcinj.com\/blog\/2011\/12\/11\/milazim-mustafa-ulqini-don-te-menaxhoje-te-mirat-e-saja\/#webpage","url":"https:\/\/www.visit-ulcinj.com\/blog\/2011\/12\/11\/milazim-mustafa-ulqini-don-te-menaxhoje-te-mirat-e-saja\/","name":"Milazim Mustafa: Ulqini don t\u00eb menaxhoj\u00eb t\u00eb mirat e saja - Lajme nga Ulqini","isPartOf":{"@id":"https:\/\/www.visit-ulcinj.com\/blog\/#website"},"primaryImageOfPage":{"@id":"https:\/\/www.visit-ulcinj.com\/blog\/2011\/12\/11\/milazim-mustafa-ulqini-don-te-menaxhoje-te-mirat-e-saja\/#primaryimage"},"datePublished":"2011-12-11T16:36:08+00:00","dateModified":"2011-12-11T17:12:49+00:00","author":{"@id":"https:\/\/www.visit-ulcinj.com\/blog\/#\/schema\/person\/dcab619c614d3038751c63bc2aadc06d"},"description":"Nes\u00ebr kuvendi i Ulqinit Kryetari i Kuvendit t\u00eb Ulqinit Milazim Mustafa ka thirrur p\u00ebr t\u00eb h\u00ebn\u00ebn n\u00eb ora 12 seanc\u00ebn e tret\u00eb t\u00eb sesionit t\u00eb dyt\u00eb t\u00eb rregullt","breadcrumb":{"@id":"https:\/\/www.visit-ulcinj.com\/blog\/2011\/12\/11\/milazim-mustafa-ulqini-don-te-menaxhoje-te-mirat-e-saja\/#breadcrumb"},"inLanguage":"en-US","potentialAction":[{"@type":"ReadAction","target":["https:\/\/www.visit-ulcinj.com\/blog\/2011\/12\/11\/milazim-mustafa-ulqini-don-te-menaxhoje-te-mirat-e-saja\/"]}]},{"@type":"BreadcrumbList","@id":"https:\/\/www.visit-ulcinj.com\/blog\/2011\/12\/11\/milazim-mustafa-ulqini-don-te-menaxhoje-te-mirat-e-saja\/#breadcrumb","itemListElement":[{"@type":"ListItem","position":1,"name":"Milazim Mustafa: Ulqini don t\u00eb menaxhoj\u00eb t\u00eb mirat e saja"}]},{"@type":"Person","@id":"https:\/\/www.visit-ulcinj.com\/blog\/#\/schema\/person\/dcab619c614d3038751c63bc2aadc06d","name":"ulqini","sameAs":["http:\/\/www.visit-ulcinj.com"],"url":"https:\/\/www.visit-ulcinj.com\/blog\/author\/admin\/"}]}},"jetpack_featured_media_url":"","jetpack_sharing_enabled":true,"jetpack_shortlink":"https:\/\/wp.me\/pe6lTn-e7d","_links":{"self":[{"href":"https:\/\/www.visit-ulcinj.com\/blog\/wp-json\/wp\/v2\/posts\/54263"}],"collection":[{"href":"https:\/\/www.visit-ulcinj.com\/blog\/wp-json\/wp\/v2\/posts"}],"about":[{"href":"https:\/\/www.visit-ulcinj.com\/blog\/wp-json\/wp\/v2\/types\/post"}],"author":[{"embeddable":true,"href":"https:\/\/www.visit-ulcinj.com\/blog\/wp-json\/wp\/v2\/users\/1"}],"replies":[{"embeddable":true,"href":"https:\/\/www.visit-ulcinj.com\/blog\/wp-json\/wp\/v2\/comments?post=54263"}],"version-history":[{"count":5,"href":"https:\/\/www.visit-ulcinj.com\/blog\/wp-json\/wp\/v2\/posts\/54263\/revisions"}],"predecessor-version":[{"id":54363,"href":"https:\/\/www.visit-ulcinj.com\/blog\/wp-json\/wp\/v2\/posts\/54263\/revisions\/54363"}],"wp:attachment":[{"href":"https:\/\/www.visit-ulcinj.com\/blog\/wp-json\/wp\/v2\/media?parent=54263"}],"wp:term":[{"taxonomy":"category","embeddable":true,"href":"https:\/\/www.visit-ulcinj.com\/blog\/wp-json\/wp\/v2\/categories?post=54263"},{"taxonomy":"post_tag","embeddable":true,"href":"https:\/\/www.visit-ulcinj.com\/blog\/wp-json\/wp\/v2\/tags?post=54263"}],"curies":[{"name":"wp","href":"https:\/\/api.w.org\/{rel}","templated":true}]}}