{"id":54276,"date":"2011-12-11T20:27:00","date_gmt":"2011-12-11T19:27:00","guid":{"rendered":"http:\/\/www.visit-ulcinj.com\/blog\/?p=54276"},"modified":"2011-12-13T14:40:06","modified_gmt":"2011-12-13T13:40:06","slug":"skrelja-o-nepotizmu","status":"publish","type":"post","link":"https:\/\/www.visit-ulcinj.com\/blog\/2011\/12\/11\/skrelja-o-nepotizmu\/","title":{"rendered":"\u0160krelja o nepotizmu"},"content":{"rendered":"<p><strong><a href=\"http:\/\/www.visit-ulcinj.com\/blog\/wp-content\/uploads\/2011\/12\/Luigj-Shkrela_Ulcinj_Ulqin_Ulqini_Darza.1.jpg\"><img loading=\"lazy\" class=\"alignleft size-full wp-image-54277\" title=\"Luigj Shkrela_Ulcinj_Ulqin_Ulqini_Darza.1\" src=\"http:\/\/www.visit-ulcinj.com\/blog\/wp-content\/uploads\/2011\/12\/Luigj-Shkrela_Ulcinj_Ulqin_Ulqini_Darza.1.jpg\" alt=\"\" width=\"508\" height=\"380\" \/><\/a>Naser Keljmendi je kulturan \u010dovjek, ne perem ruke od njega<\/strong><\/p>\n<p>Na posljednjoj izbornoj konferenciji sam sam iz spiska izbacio ime moje k\u0107erke. \u0160to i ostali nijesu uradili to, pita \u0160krelja<\/p>\n<p>Biv\u0161i \u0161ef ulcinjskog DPS Ljui\u0111 \u0160krelja priznao je da on i pojedini visoki funkcioneri tog odbora nijesu na istim talasnim du\u017einama.<\/p>\n<p>Poslanik DPS i \u010dlan Sudskog savjeta kazao je, u razgovoru za \u201cVijesti\u201d, da njega niko ne mo\u017ee optu\u017eiti za nepotizam, divlju gradnju, nelegalno ste\u010denu imovinu, niti za posjedovanje nekretnina i stanova u Tirani.<\/p>\n<p>\u0160krelja je time, izme\u0111u ostalih, indirektno optu\u017eio za nepotizam i korupciju nasljednika na toj funkciji Ljora Nreki\u0107a jer u novom sazivu op\u0161tinskog odbora sjedi i njegova k\u0107erka Nikoleta, dok je MANS pro\u0161le godine protiv novog \u0161efa ulcinjskog DPS podnio krivi\u010dnu prijavu zbog, navodne, divlje gradnje na Adi Bojani.<\/p>\n<p>krelja je naglasio da nikog od svoje rodbine nije zaposlio, iako je to mogao, te da je sre\u0107an \u201e\u0161to mogu da me optu\u017euju samo zato \u0161to, navodno, vozim ukradeni auto, koji mi je poklonila rodbina, a koji je regularno uvezen\u201d.<\/p>\n<p><strong>U ulcinjskom DPS-u Vam zamjeraju da je bilo samovolje u Va\u0161em radu. Kako to komentari\u0161ete? <\/strong><\/p>\n<p>&#8211; Sve odluke su donijete jednoglasno i nijesu bile predmet rasprave. Pri\u010du o tome plasiraju ljudi koji \u017eele da to istaknu u prvi plan i tako prikriju svoje rabote.<\/p>\n<p>Pogledajte samo sastav novog op\u0161tinskog odbora i sve \u0107e vam biti jasno. Ljui\u0111a \u0160krelje nema na relacijama otac-sin, otac-k\u0107er ili mu\u017e-\u017eena. I ja imam familiju.<\/p>\n<p><strong>Da li ste digli glas protiv toga?<\/strong><\/p>\n<p>&#8211; Kako da ne. Na posljednjoj izbornoj konferenciji sam sam iz spiska izbacio ime moje k\u0107erke. \u0160to i ostali nijesu uradili to? Hajde da pri\u010damo o tim ljudima koji govore da je bilo samovolje u mom radu. Koga sam ja to zaposlio? Pa u Op\u0161tini imate zaposlenih desetak bra\u010dnih parova.<\/p>\n<p><strong>Govorite o ljudima iz DPS?<\/strong><\/p>\n<p>&#8211; I o njima.<\/p>\n<p><strong>Zbog \u010dega centrala partije nije podr\u017eala Va\u0161u kandidaturu za novi mandat na mjesto predsjednika DPS Ulcinja, uprkos dobrom izbornom rezultatu koji je ostvaren pod Va\u0161im vo\u0111stvom?<\/strong><\/p>\n<p>&#8211; Ne stoji da nijesam dobio saglasnost i podr\u0161ku Predsjedni\u0161tva.<\/p>\n<p>Jedina istina je da smo razgovarali i procijenili zajedno &#8211; predsjednik partije, potpredsjednici, \u010dlan Predsjedni\u0161ta-koordinator za Ulcinj i koordinatori ispred Izvr\u0161nog odbora, da su se nakon desetogodi\u0161njeg rukovo\u0111enja i sasvim zapa\u017eenih i veoma uspje\u0161nih rezultata, stekli uslovi koji me preporu\u010duju za neke druge visoke anga\u017emane u dr\u017eavnom i partijskom vrhu.<\/p>\n<p><strong>Obi\u010dno se ne smjenjuju ljudi koji donose dobre rezultate. Da li je ta\u010dno da Vam \u0161efovi nijesu oprostili gubitak vlasti?<\/strong><\/p>\n<p>&#8211; Ne. Kao prvo, ja nijesam smijenjen, nego mi je istakao mandat. I drugo, u partiji dobro znaju da sam ja uveo DPS u vlast nakon 16 godina bitisanja kao apati\u010dna opozicija.<\/p>\n<p><strong>Da li je ta\u010dno da ste bili protiv ulaska Force u lokalnu i republi\u010dku vlast na sastanku u restoranu \u201cMi\u0161ko\u201d kome je prustvovao i politi\u010dki direktor DPS Branimir Gvozdenovi\u0107?<\/strong><\/p>\n<p>&#8211; Na tom sastanku Forci je ponu\u0111ena \u0161iroka koalicija na bazi na\u0161eg rezultata kako bi prevazi\u0161li krizu.<\/p>\n<p>Sastanak \u0107u pamtiti po re\u010denici lidera Force Nazifa Cungua koji je rekao: &#8216;Ipak, najbolje je da sve ostavimo dok ne vidimo kako \u0107e te\u0107i izbor za predsjednika Op\u0161tine&#8217;.<br \/>\n<a href=\"http:\/\/www.visit-ulcinj.com\/blog\/wp-content\/uploads\/2011\/12\/Luigj-Shkrela_Ulcinj_Ulqin_Ulqini_Darza.2.jpg\"><img loading=\"lazy\" class=\"alignleft size-full wp-image-54278\" title=\"Luigj Shkrela_Ulcinj_Ulqin_Ulqini_Darza.2\" src=\"http:\/\/www.visit-ulcinj.com\/blog\/wp-content\/uploads\/2011\/12\/Luigj-Shkrela_Ulcinj_Ulqin_Ulqini_Darza.2.jpg\" alt=\"\" width=\"508\" height=\"330\" \/><\/a><\/p>\n<p><strong>Kako komentari\u0161ete najave Force o ulasku u Vladu?<\/strong><\/p>\n<p>&#8211; To je pozitivna stvar za svaku partiju koja ho\u0107e naprijed.<\/p>\n<p>Ali, valjda prvo treba da poka\u017eu \u017eelju za saradnjom i na lokalnom nivou<\/p>\n<p><strong>Da li je to uslovljavanje?<\/strong><\/p>\n<p>&#8211; Oni su imali istorijsku \u0161ansu da nakon tog sastanka u avgustu, u\u0111u u vlast.<\/p>\n<p>Formirati vlast sa ljudima koji su prebjegli nije dugog vijeka i nije afirmativno. Oni ka\u017eu da smo to isto napravili i mi, ali to je dijametralno suprotno. Tada nije bilo sporazuma, odbornici PDP samo su nam \u010dinili ve\u0107inu u parlamentu.<\/p>\n<p><strong>Da li ulcinjski DPS predvodi katoli\u010dki lobi, kako se mo\u017ee \u010duti u pojedinim politi\u010dkim krugovima?<\/strong><\/p>\n<p>&#8211; Ta pri\u010da o katoli\u010dkom lobiju nije nova. Ona je bila prisutna i dosta izra\u017eena i 2001, kada sam do\u0161ao na \u010delo op\u0161tinskog odbora. Vrijeme je majstorsko re\u0161eto, jer se sada i sa ove distance vidi da to nije bilo tako, niti \u0107e biti.<\/p>\n<p><strong>Sa Keljmendijem bih i sad popio kafu<\/strong><\/p>\n<p><strong>Da li je ta\u010dno da ste izbornu pobjedu slavili u hotelu <a href=\"http:\/\/www.vijesti.me\/vijesti\/za-keljmendija-crnoj-gori-radi-500-ljudi-clanak-43600\" target=\"_blank\">Nasera Keljmendija<\/a> na Velikoj pla\u017ei?<\/strong><\/p>\n<p>&#8211; To nije ta\u010dno. Nijesmo uop\u0161te slavili jer smo navikli na dobre rezulate.<\/p>\n<p><strong>U kakvim ste odnosima sa Keljmendijem?<\/strong><\/p>\n<p>&#8211; Znam ga dobro, radi se o kulturnom \u010dovjeku, koji se uvijek uljudno javi. I ni\u0161ta vi\u0161e od toga. Vidite sada \u0161ta se radi sa tim \u010dovjekom.<\/p>\n<p>Ja nijesam od onih koji sada peru ruke od njega i ka\u017eu da ga nikada u \u017eivotu nijesu sreli.<\/p>\n<p><strong>Ko su to oni?<\/strong><\/p>\n<p>&#8211; Nije moje da pri\u010dam o tome. Keljmendija sam sretao i u Ulcinju i u Podgorici. Na mene je ostavio utisak \u010dovjeka sa manirima koji odgovaraju sredini u kojoj \u017eivimo.<\/p>\n<p><strong>Nijeste znali \u010dime se bavi?<\/strong><\/p>\n<p>&#8211; Apsolutno ne. Niti sada znam. I sjutra da me pozove da popijemo kafu, za\u0161to ne?<\/p>\n<p>Pa valjda je neko drugi nadle\u017ean da zna ko se \u010dime bavi, a ne predsjednik op\u0161tinskog odbora ili poslanik.<\/p>\n<p><a href=\"http:\/\/www.vijesti.me\/vijesti\/naser-keljmendi-je-kulturan-covjek-ne-perem-ruke-njega-clanak-51184\" target=\"_blank\"><strong>Samir Adrovi\u0107<\/strong><br \/>\n<strong> Vijesti<\/strong><\/a><\/p>\n<p><strong><!--YouTube Error: bad URL entered--><\/strong><\/p>\n","protected":false},"excerpt":{"rendered":"<p>Naser Keljmendi je kulturan \u010dovjek, ne perem ruke od njega Na posljednjoj izbornoj konferenciji sam sam iz spiska izbacio ime moje k\u0107erke. \u0160to i ostali nijesu uradili to, pita \u0160krelja Biv\u0161i \u0161ef ulcinjskog DPS Ljui\u0111 \u0160krelja priznao je da on i pojedini visoki funkcioneri tog odbora nijesu na istim talasnim du\u017einama. Poslanik DPS i \u010dlan [&hellip;]<\/p>\n","protected":false},"author":1,"featured_media":0,"comment_status":"open","ping_status":"closed","sticky":false,"template":"","format":"standard","meta":{"spay_email":"","jetpack_publicize_message":"","jetpack_is_tweetstorm":false,"jetpack_publicize_feature_enabled":true},"categories":[8337],"tags":[19599,941,19],"jetpack_publicize_connections":[],"yoast_head":"<!-- This site is optimized with the Yoast SEO plugin v19.1 - https:\/\/yoast.com\/wordpress\/plugins\/seo\/ -->\n<title>\u0160krelja o nepotizmu - Lajme nga Ulqini<\/title>\n<meta name=\"description\" content=\"Naser Keljmendi je kulturan \u010dovjek, ne perem ruke od njega Na posljednjoj izbornoj konferenciji sam sam iz spiska izbacio ime moje k\u0107erke. \u0160to i ostali\" \/>\n<meta name=\"robots\" content=\"index, follow, max-snippet:-1, max-image-preview:large, max-video-preview:-1\" \/>\n<link rel=\"canonical\" href=\"https:\/\/www.visit-ulcinj.com\/blog\/2011\/12\/11\/skrelja-o-nepotizmu\/\" \/>\n<meta property=\"og:locale\" content=\"en_US\" \/>\n<meta property=\"og:type\" content=\"article\" \/>\n<meta property=\"og:title\" content=\"\u0160krelja o nepotizmu - Lajme nga Ulqini\" \/>\n<meta property=\"og:description\" content=\"Naser Keljmendi je kulturan \u010dovjek, ne perem ruke od njega Na posljednjoj izbornoj konferenciji sam sam iz spiska izbacio ime moje k\u0107erke. \u0160to i ostali\" \/>\n<meta property=\"og:url\" content=\"https:\/\/www.visit-ulcinj.com\/blog\/2011\/12\/11\/skrelja-o-nepotizmu\/\" \/>\n<meta property=\"og:site_name\" content=\"Lajme nga Ulqini\" \/>\n<meta property=\"article:published_time\" content=\"2011-12-11T19:27:00+00:00\" \/>\n<meta property=\"article:modified_time\" content=\"2011-12-13T13:40:06+00:00\" \/>\n<meta property=\"og:image\" content=\"http:\/\/www.visit-ulcinj.com\/blog\/wp-content\/uploads\/2011\/12\/Luigj-Shkrela_Ulcinj_Ulqin_Ulqini_Darza.1.jpg\" \/>\n<meta name=\"twitter:label1\" content=\"Written by\" \/>\n\t<meta name=\"twitter:data1\" content=\"ulqini\" \/>\n\t<meta name=\"twitter:label2\" content=\"Est. reading time\" \/>\n\t<meta name=\"twitter:data2\" content=\"5 minutes\" \/>\n<script type=\"application\/ld+json\" class=\"yoast-schema-graph\">{\"@context\":\"https:\/\/schema.org\",\"@graph\":[{\"@type\":\"WebSite\",\"@id\":\"https:\/\/www.visit-ulcinj.com\/blog\/#website\",\"url\":\"https:\/\/www.visit-ulcinj.com\/blog\/\",\"name\":\"Lajme nga Ulqini\",\"description\":\"Lajme,Vijesti,Ulqini,Ulqin,Crna Gora,Mali i Zi\",\"potentialAction\":[{\"@type\":\"SearchAction\",\"target\":{\"@type\":\"EntryPoint\",\"urlTemplate\":\"https:\/\/www.visit-ulcinj.com\/blog\/?s={search_term_string}\"},\"query-input\":\"required name=search_term_string\"}],\"inLanguage\":\"en-US\"},{\"@type\":\"ImageObject\",\"inLanguage\":\"en-US\",\"@id\":\"https:\/\/www.visit-ulcinj.com\/blog\/2011\/12\/11\/skrelja-o-nepotizmu\/#primaryimage\",\"url\":\"https:\/\/www.visit-ulcinj.com\/blog\/wp-content\/uploads\/2011\/12\/Luigj-Shkrela_Ulcinj_Ulqin_Ulqini_Darza.1.jpg\",\"contentUrl\":\"https:\/\/www.visit-ulcinj.com\/blog\/wp-content\/uploads\/2011\/12\/Luigj-Shkrela_Ulcinj_Ulqin_Ulqini_Darza.1.jpg\",\"width\":\"720\",\"height\":\"480\"},{\"@type\":\"WebPage\",\"@id\":\"https:\/\/www.visit-ulcinj.com\/blog\/2011\/12\/11\/skrelja-o-nepotizmu\/#webpage\",\"url\":\"https:\/\/www.visit-ulcinj.com\/blog\/2011\/12\/11\/skrelja-o-nepotizmu\/\",\"name\":\"\u0160krelja o nepotizmu - Lajme nga Ulqini\",\"isPartOf\":{\"@id\":\"https:\/\/www.visit-ulcinj.com\/blog\/#website\"},\"primaryImageOfPage\":{\"@id\":\"https:\/\/www.visit-ulcinj.com\/blog\/2011\/12\/11\/skrelja-o-nepotizmu\/#primaryimage\"},\"datePublished\":\"2011-12-11T19:27:00+00:00\",\"dateModified\":\"2011-12-13T13:40:06+00:00\",\"author\":{\"@id\":\"https:\/\/www.visit-ulcinj.com\/blog\/#\/schema\/person\/dcab619c614d3038751c63bc2aadc06d\"},\"description\":\"Naser Keljmendi je kulturan \u010dovjek, ne perem ruke od njega Na posljednjoj izbornoj konferenciji sam sam iz spiska izbacio ime moje k\u0107erke. \u0160to i ostali\",\"breadcrumb\":{\"@id\":\"https:\/\/www.visit-ulcinj.com\/blog\/2011\/12\/11\/skrelja-o-nepotizmu\/#breadcrumb\"},\"inLanguage\":\"en-US\",\"potentialAction\":[{\"@type\":\"ReadAction\",\"target\":[\"https:\/\/www.visit-ulcinj.com\/blog\/2011\/12\/11\/skrelja-o-nepotizmu\/\"]}]},{\"@type\":\"BreadcrumbList\",\"@id\":\"https:\/\/www.visit-ulcinj.com\/blog\/2011\/12\/11\/skrelja-o-nepotizmu\/#breadcrumb\",\"itemListElement\":[{\"@type\":\"ListItem\",\"position\":1,\"name\":\"\u0160krelja o nepotizmu\"}]},{\"@type\":\"Person\",\"@id\":\"https:\/\/www.visit-ulcinj.com\/blog\/#\/schema\/person\/dcab619c614d3038751c63bc2aadc06d\",\"name\":\"ulqini\",\"sameAs\":[\"http:\/\/www.visit-ulcinj.com\"],\"url\":\"https:\/\/www.visit-ulcinj.com\/blog\/author\/admin\/\"}]}<\/script>\n<!-- \/ Yoast SEO plugin. -->","yoast_head_json":{"title":"\u0160krelja o nepotizmu - Lajme nga Ulqini","description":"Naser Keljmendi je kulturan \u010dovjek, ne perem ruke od njega Na posljednjoj izbornoj konferenciji sam sam iz spiska izbacio ime moje k\u0107erke. \u0160to i ostali","robots":{"index":"index","follow":"follow","max-snippet":"max-snippet:-1","max-image-preview":"max-image-preview:large","max-video-preview":"max-video-preview:-1"},"canonical":"https:\/\/www.visit-ulcinj.com\/blog\/2011\/12\/11\/skrelja-o-nepotizmu\/","og_locale":"en_US","og_type":"article","og_title":"\u0160krelja o nepotizmu - Lajme nga Ulqini","og_description":"Naser Keljmendi je kulturan \u010dovjek, ne perem ruke od njega Na posljednjoj izbornoj konferenciji sam sam iz spiska izbacio ime moje k\u0107erke. \u0160to i ostali","og_url":"https:\/\/www.visit-ulcinj.com\/blog\/2011\/12\/11\/skrelja-o-nepotizmu\/","og_site_name":"Lajme nga Ulqini","article_published_time":"2011-12-11T19:27:00+00:00","article_modified_time":"2011-12-13T13:40:06+00:00","og_image":[{"url":"http:\/\/www.visit-ulcinj.com\/blog\/wp-content\/uploads\/2011\/12\/Luigj-Shkrela_Ulcinj_Ulqin_Ulqini_Darza.1.jpg"}],"twitter_misc":{"Written by":"ulqini","Est. reading time":"5 minutes"},"schema":{"@context":"https:\/\/schema.org","@graph":[{"@type":"WebSite","@id":"https:\/\/www.visit-ulcinj.com\/blog\/#website","url":"https:\/\/www.visit-ulcinj.com\/blog\/","name":"Lajme nga Ulqini","description":"Lajme,Vijesti,Ulqini,Ulqin,Crna Gora,Mali i Zi","potentialAction":[{"@type":"SearchAction","target":{"@type":"EntryPoint","urlTemplate":"https:\/\/www.visit-ulcinj.com\/blog\/?s={search_term_string}"},"query-input":"required name=search_term_string"}],"inLanguage":"en-US"},{"@type":"ImageObject","inLanguage":"en-US","@id":"https:\/\/www.visit-ulcinj.com\/blog\/2011\/12\/11\/skrelja-o-nepotizmu\/#primaryimage","url":"https:\/\/www.visit-ulcinj.com\/blog\/wp-content\/uploads\/2011\/12\/Luigj-Shkrela_Ulcinj_Ulqin_Ulqini_Darza.1.jpg","contentUrl":"https:\/\/www.visit-ulcinj.com\/blog\/wp-content\/uploads\/2011\/12\/Luigj-Shkrela_Ulcinj_Ulqin_Ulqini_Darza.1.jpg","width":"720","height":"480"},{"@type":"WebPage","@id":"https:\/\/www.visit-ulcinj.com\/blog\/2011\/12\/11\/skrelja-o-nepotizmu\/#webpage","url":"https:\/\/www.visit-ulcinj.com\/blog\/2011\/12\/11\/skrelja-o-nepotizmu\/","name":"\u0160krelja o nepotizmu - Lajme nga Ulqini","isPartOf":{"@id":"https:\/\/www.visit-ulcinj.com\/blog\/#website"},"primaryImageOfPage":{"@id":"https:\/\/www.visit-ulcinj.com\/blog\/2011\/12\/11\/skrelja-o-nepotizmu\/#primaryimage"},"datePublished":"2011-12-11T19:27:00+00:00","dateModified":"2011-12-13T13:40:06+00:00","author":{"@id":"https:\/\/www.visit-ulcinj.com\/blog\/#\/schema\/person\/dcab619c614d3038751c63bc2aadc06d"},"description":"Naser Keljmendi je kulturan \u010dovjek, ne perem ruke od njega Na posljednjoj izbornoj konferenciji sam sam iz spiska izbacio ime moje k\u0107erke. \u0160to i ostali","breadcrumb":{"@id":"https:\/\/www.visit-ulcinj.com\/blog\/2011\/12\/11\/skrelja-o-nepotizmu\/#breadcrumb"},"inLanguage":"en-US","potentialAction":[{"@type":"ReadAction","target":["https:\/\/www.visit-ulcinj.com\/blog\/2011\/12\/11\/skrelja-o-nepotizmu\/"]}]},{"@type":"BreadcrumbList","@id":"https:\/\/www.visit-ulcinj.com\/blog\/2011\/12\/11\/skrelja-o-nepotizmu\/#breadcrumb","itemListElement":[{"@type":"ListItem","position":1,"name":"\u0160krelja o nepotizmu"}]},{"@type":"Person","@id":"https:\/\/www.visit-ulcinj.com\/blog\/#\/schema\/person\/dcab619c614d3038751c63bc2aadc06d","name":"ulqini","sameAs":["http:\/\/www.visit-ulcinj.com"],"url":"https:\/\/www.visit-ulcinj.com\/blog\/author\/admin\/"}]}},"jetpack_featured_media_url":"","jetpack_sharing_enabled":true,"jetpack_shortlink":"https:\/\/wp.me\/pe6lTn-e7q","_links":{"self":[{"href":"https:\/\/www.visit-ulcinj.com\/blog\/wp-json\/wp\/v2\/posts\/54276"}],"collection":[{"href":"https:\/\/www.visit-ulcinj.com\/blog\/wp-json\/wp\/v2\/posts"}],"about":[{"href":"https:\/\/www.visit-ulcinj.com\/blog\/wp-json\/wp\/v2\/types\/post"}],"author":[{"embeddable":true,"href":"https:\/\/www.visit-ulcinj.com\/blog\/wp-json\/wp\/v2\/users\/1"}],"replies":[{"embeddable":true,"href":"https:\/\/www.visit-ulcinj.com\/blog\/wp-json\/wp\/v2\/comments?post=54276"}],"version-history":[{"count":3,"href":"https:\/\/www.visit-ulcinj.com\/blog\/wp-json\/wp\/v2\/posts\/54276\/revisions"}],"predecessor-version":[{"id":54375,"href":"https:\/\/www.visit-ulcinj.com\/blog\/wp-json\/wp\/v2\/posts\/54276\/revisions\/54375"}],"wp:attachment":[{"href":"https:\/\/www.visit-ulcinj.com\/blog\/wp-json\/wp\/v2\/media?parent=54276"}],"wp:term":[{"taxonomy":"category","embeddable":true,"href":"https:\/\/www.visit-ulcinj.com\/blog\/wp-json\/wp\/v2\/categories?post=54276"},{"taxonomy":"post_tag","embeddable":true,"href":"https:\/\/www.visit-ulcinj.com\/blog\/wp-json\/wp\/v2\/tags?post=54276"}],"curies":[{"name":"wp","href":"https:\/\/api.w.org\/{rel}","templated":true}]}}