{"id":54280,"date":"2011-12-12T09:08:40","date_gmt":"2011-12-12T08:08:40","guid":{"rendered":"http:\/\/www.visit-ulcinj.com\/blog\/?p=54280"},"modified":"2011-12-12T16:09:46","modified_gmt":"2011-12-12T15:09:46","slug":"taekwondo-ulqini-ne-dy-turnamentekaramanaga-e-artekanaqi-e-argjende","status":"publish","type":"post","link":"https:\/\/www.visit-ulcinj.com\/blog\/2011\/12\/12\/taekwondo-ulqini-ne-dy-turnamentekaramanaga-e-artekanaqi-e-argjende\/","title":{"rendered":"Taekwondo Ulqini n\u00eb dy turnamente,Karamanaga e art\u00eb,Kanaqi e argjend\u00eb"},"content":{"rendered":"<p><a href=\"http:\/\/www.visit-ulcinj.com\/blog\/wp-content\/uploads\/2011\/12\/Taekwondo-Ulqini_Ulcinj.jpg\"><img loading=\"lazy\" class=\"alignleft size-full wp-image-54281\" title=\"Taekwondo Ulqini_Ulcinj,Ardiana Karamanaga e art\u00eb,Medina Kanaqi e Argjend\u00eb\" src=\"http:\/\/www.visit-ulcinj.com\/blog\/wp-content\/uploads\/2011\/12\/Taekwondo-Ulqini_Ulcinj.jpg\" alt=\"\" width=\"508\" height=\"380\" srcset=\"https:\/\/www.visit-ulcinj.com\/blog\/wp-content\/uploads\/2011\/12\/Taekwondo-Ulqini_Ulcinj.jpg 1024w, https:\/\/www.visit-ulcinj.com\/blog\/wp-content\/uploads\/2011\/12\/Taekwondo-Ulqini_Ulcinj-300x225.jpg 300w\" sizes=\"(max-width: 508px) 100vw, 508px\" \/><\/a>Gjat\u00eb k\u00ebtij vikendi me dat\u00eb 10-11.12.2011 klubi i taekowndo-s\u00eb Ulqini mori pjes\u00eb n\u00eb dy turnamente nd\u00ebrkomb\u00ebtare. N\u00eb Serbi u mbajt\u00eb turneu nd\u00ebrkomb\u00ebtar\u00a0\u00a0\u00a0\u201cSerbia open poomsae 2011\u201d nd\u00ebrsa n\u00eb France u mbajt turneu i katekoris superiore t\u00eb klasit A \u201cParis Open 2011\u201d.\u00a0\u00a0\u00a0Klubi i taekwondo-s\u00eb Ulqini n\u00eb turneun\u00a0\u00a0nd\u00ebrkomb\u00ebtar\u00a0\u00a0\u201cSerbia open\u201d u parqit\u00eb me dy garuese Ardiana Karamanaga dhe Medina Kanaqi. Garueset nga Ulqini t\u00eb sukseshme n\u00eb turneun \u201cSerbia open\u201d ku Ardiana Karamanaga\u00a0\u00a0n\u00eb nj\u00eb konkorrenc\u00eb t\u00eb fort\u00eb arrin t\u00eb fitoj\u00eb vendin e par\u00eb gjegj\u00ebsisht medaljen e art\u00eb,\u00a0\u00a0nd\u00ebrsa garuesja Medina Kanaqi\u00a0\u00a0fiton vendin e dyt\u00eb e cila shp\u00ebrblehet me medalje t\u00eb argjend\u00eb.\u00a0\u00a0N\u00eb k\u00ebt\u00eb turne u paraqiten 14 shtete me afro 400 garues.<br \/>\n<a href=\"http:\/\/www.visit-ulcinj.com\/blog\/wp-content\/uploads\/2011\/12\/Taekwondo-Ulqini-n%C3%AB-dy-turnamenteKaramanaga-e-art%C3%ABKanaqi-e-argjend%C3%AB.6.jpg\"><img loading=\"lazy\" class=\"alignleft size-full wp-image-54287\" title=\"Taekwondo Ulqini n\u00eb dy turnamente,Karamanaga e art\u00eb,Kanaqi e argjend\u00eb.6\" src=\"http:\/\/www.visit-ulcinj.com\/blog\/wp-content\/uploads\/2011\/12\/Taekwondo-Ulqini-n%C3%AB-dy-turnamenteKaramanaga-e-art%C3%ABKanaqi-e-argjend%C3%AB.6.jpg\" alt=\"\" width=\"508\" height=\"330\" \/><\/a><\/p>\n<p>Nd\u00ebrsa n\u00eb turneun nd\u00ebrkomb\u00ebtar n\u00eb Franc\u00eb \u201cParis open\u201d nga klubi i Tkd-s\u00eb Ulqini u paraqit garuesi\u00a0\u00a0Mersudin Kurti.\u00a0\u00a0N\u00eb k\u00ebt\u00eb turne Mersudini u paraqit me p\u00ebrfaq\u00ebsuesen e Malit t\u00eb Zi, n\u00eb nj\u00eb konkurrenc\u00eb prej 63 garuesve n\u00eb kategori Mersudini p\u00ebson humbje ne xhiron e par\u00eb nga p\u00ebrfaqsuesi i Rusis\u00eb.\u00a0\u00a0N\u00eb k\u00ebt\u00eb turne u paraqiten mbi 30 shtete me\u00a0\u00a01100 garues. Sidoqoft\u00eb Mersusdinit u urojm\u00eb suksese n\u00eb t\u00eb ardhmen nj\u00ebherit gjat\u00eb vitin 2011 Mersudini pati nj\u00eb rezulatt t\u00eb art\u00eb ku prej 13 turnamenteve ai ka nj\u00eb bilanc prej 12 medalje t\u00eb arta dhe vet\u00ebm nj\u00eb t\u00eb argjend\u00eb, prej tyre kat\u00ebr medalje jan\u00eb vendore dhe n\u00ebnt\u00eb medalje nd\u00ebrkomb\u00ebtare.\u00a0\u00a0Falenderojm\u00eb t\u00eb gjith\u00eb spornsor\u00ebt q\u00eb kontribuan p\u00ebr klubin ton\u00eb.<\/p>\n<p><strong>Sh\u00ebrbimi informativ i Tkd-s\u00eb Ulqini<br \/>\n\n\t\t<style type=\"text\/css\">\n\t\t\t#gallery-1 {\n\t\t\t\tmargin: auto;\n\t\t\t}\n\t\t\t#gallery-1 .gallery-item {\n\t\t\t\tfloat: left;\n\t\t\t\tmargin-top: 10px;\n\t\t\t\ttext-align: center;\n\t\t\t\twidth: 33%;\n\t\t\t}\n\t\t\t#gallery-1 img {\n\t\t\t\tborder: 2px solid #cfcfcf;\n\t\t\t}\n\t\t\t#gallery-1 .gallery-caption {\n\t\t\t\tmargin-left: 0;\n\t\t\t}\n\t\t\t\/* see gallery_shortcode() in wp-includes\/media.php *\/\n\t\t<\/style>\n\t\t<div id='gallery-1' class='gallery galleryid-54280 gallery-columns-3 gallery-size-thumbnail'><dl class='gallery-item'>\n\t\t\t<dt class='gallery-icon landscape'>\n\t\t\t\t<a href='https:\/\/www.visit-ulcinj.com\/blog\/wp-content\/uploads\/2011\/12\/Taekwondo-Ulqini_Ulcinj.jpg'><img width=\"150\" height=\"150\" src=\"https:\/\/www.visit-ulcinj.com\/blog\/wp-content\/uploads\/2011\/12\/Taekwondo-Ulqini_Ulcinj-150x150.jpg\" class=\"attachment-thumbnail size-thumbnail\" alt=\"\" loading=\"lazy\" \/><\/a>\n\t\t\t<\/dt><\/dl><dl class='gallery-item'>\n\t\t\t<dt class='gallery-icon landscape'>\n\t\t\t\t<a href='https:\/\/www.visit-ulcinj.com\/blog\/wp-content\/uploads\/2011\/12\/Taekwondo-Ulqini-n\u00eb-dy-turnamenteKaramanaga-e-art\u00ebKanaqi-e-argjend\u00eb.1.jpg'><img width=\"150\" height=\"150\" src=\"https:\/\/www.visit-ulcinj.com\/blog\/wp-content\/uploads\/2011\/12\/Taekwondo-Ulqini-n\u00eb-dy-turnamenteKaramanaga-e-art\u00ebKanaqi-e-argjend\u00eb.1-150x150.jpg\" class=\"attachment-thumbnail size-thumbnail\" alt=\"\" loading=\"lazy\" \/><\/a>\n\t\t\t<\/dt><\/dl><dl class='gallery-item'>\n\t\t\t<dt class='gallery-icon landscape'>\n\t\t\t\t<a href='https:\/\/www.visit-ulcinj.com\/blog\/wp-content\/uploads\/2011\/12\/Taekwondo-Ulqini-n\u00eb-dy-turnamenteKaramanaga-e-art\u00ebKanaqi-e-argjend\u00eb.2.jpg'><img width=\"150\" height=\"150\" src=\"https:\/\/www.visit-ulcinj.com\/blog\/wp-content\/uploads\/2011\/12\/Taekwondo-Ulqini-n\u00eb-dy-turnamenteKaramanaga-e-art\u00ebKanaqi-e-argjend\u00eb.2-150x150.jpg\" class=\"attachment-thumbnail size-thumbnail\" alt=\"\" loading=\"lazy\" \/><\/a>\n\t\t\t<\/dt><\/dl><br style=\"clear: both\" \/><dl class='gallery-item'>\n\t\t\t<dt class='gallery-icon landscape'>\n\t\t\t\t<a href='https:\/\/www.visit-ulcinj.com\/blog\/wp-content\/uploads\/2011\/12\/Taekwondo-Ulqini-n\u00eb-dy-turnamenteKaramanaga-e-art\u00ebKanaqi-e-argjend\u00eb.3.jpg'><img width=\"150\" height=\"150\" src=\"https:\/\/www.visit-ulcinj.com\/blog\/wp-content\/uploads\/2011\/12\/Taekwondo-Ulqini-n\u00eb-dy-turnamenteKaramanaga-e-art\u00ebKanaqi-e-argjend\u00eb.3-150x150.jpg\" class=\"attachment-thumbnail size-thumbnail\" alt=\"\" loading=\"lazy\" \/><\/a>\n\t\t\t<\/dt><\/dl><dl class='gallery-item'>\n\t\t\t<dt class='gallery-icon landscape'>\n\t\t\t\t<a href='https:\/\/www.visit-ulcinj.com\/blog\/wp-content\/uploads\/2011\/12\/Taekwondo-Ulqini-n\u00eb-dy-turnamenteKaramanaga-e-art\u00ebKanaqi-e-argjend\u00eb.4.jpg'><img width=\"150\" height=\"150\" src=\"https:\/\/www.visit-ulcinj.com\/blog\/wp-content\/uploads\/2011\/12\/Taekwondo-Ulqini-n\u00eb-dy-turnamenteKaramanaga-e-art\u00ebKanaqi-e-argjend\u00eb.4-150x150.jpg\" class=\"attachment-thumbnail size-thumbnail\" alt=\"\" loading=\"lazy\" \/><\/a>\n\t\t\t<\/dt><\/dl><dl class='gallery-item'>\n\t\t\t<dt class='gallery-icon landscape'>\n\t\t\t\t<a href='https:\/\/www.visit-ulcinj.com\/blog\/wp-content\/uploads\/2011\/12\/Taekwondo-Ulqini-n\u00eb-dy-turnamenteKaramanaga-e-art\u00ebKanaqi-e-argjend\u00eb.5.jpg'><img width=\"150\" height=\"150\" src=\"https:\/\/www.visit-ulcinj.com\/blog\/wp-content\/uploads\/2011\/12\/Taekwondo-Ulqini-n\u00eb-dy-turnamenteKaramanaga-e-art\u00ebKanaqi-e-argjend\u00eb.5-150x150.jpg\" class=\"attachment-thumbnail size-thumbnail\" alt=\"\" loading=\"lazy\" \/><\/a>\n\t\t\t<\/dt><\/dl><br style=\"clear: both\" \/><dl class='gallery-item'>\n\t\t\t<dt class='gallery-icon landscape'>\n\t\t\t\t<a href='https:\/\/www.visit-ulcinj.com\/blog\/wp-content\/uploads\/2011\/12\/Taekwondo-Ulqini-n\u00eb-dy-turnamenteKaramanaga-e-art\u00ebKanaqi-e-argjend\u00eb.6.jpg'><img width=\"150\" height=\"150\" src=\"https:\/\/www.visit-ulcinj.com\/blog\/wp-content\/uploads\/2011\/12\/Taekwondo-Ulqini-n\u00eb-dy-turnamenteKaramanaga-e-art\u00ebKanaqi-e-argjend\u00eb.6-150x150.jpg\" class=\"attachment-thumbnail size-thumbnail\" alt=\"\" loading=\"lazy\" \/><\/a>\n\t\t\t<\/dt><\/dl><dl class='gallery-item'>\n\t\t\t<dt class='gallery-icon landscape'>\n\t\t\t\t<a href='https:\/\/www.visit-ulcinj.com\/blog\/wp-content\/uploads\/2011\/12\/Taekwondo-Ulqini-n\u00eb-dy-turnamenteKaramanaga-e-art\u00ebKanaqi-e-argjend\u00eb.7.jpg'><img width=\"150\" height=\"150\" src=\"https:\/\/www.visit-ulcinj.com\/blog\/wp-content\/uploads\/2011\/12\/Taekwondo-Ulqini-n\u00eb-dy-turnamenteKaramanaga-e-art\u00ebKanaqi-e-argjend\u00eb.7-150x150.jpg\" class=\"attachment-thumbnail size-thumbnail\" alt=\"\" loading=\"lazy\" \/><\/a>\n\t\t\t<\/dt><\/dl><dl class='gallery-item'>\n\t\t\t<dt class='gallery-icon landscape'>\n\t\t\t\t<a href='https:\/\/www.visit-ulcinj.com\/blog\/wp-content\/uploads\/2011\/12\/Taekwondo-Ulqini-n\u00eb-dy-turnamenteKaramanaga-e-art\u00ebKanaqi-e-argjend\u00eb.8.jpg'><img width=\"150\" height=\"150\" src=\"https:\/\/www.visit-ulcinj.com\/blog\/wp-content\/uploads\/2011\/12\/Taekwondo-Ulqini-n\u00eb-dy-turnamenteKaramanaga-e-art\u00ebKanaqi-e-argjend\u00eb.8-150x150.jpg\" class=\"attachment-thumbnail size-thumbnail\" alt=\"\" loading=\"lazy\" \/><\/a>\n\t\t\t<\/dt><\/dl><br style=\"clear: both\" \/><dl class='gallery-item'>\n\t\t\t<dt class='gallery-icon landscape'>\n\t\t\t\t<a href='https:\/\/www.visit-ulcinj.com\/blog\/wp-content\/uploads\/2011\/12\/Taekwondo-Ulqini-n\u00eb-dy-turnamenteKaramanaga-e-art\u00ebKanaqi-e-argjend\u00eb.9.jpg'><img width=\"150\" height=\"150\" src=\"https:\/\/www.visit-ulcinj.com\/blog\/wp-content\/uploads\/2011\/12\/Taekwondo-Ulqini-n\u00eb-dy-turnamenteKaramanaga-e-art\u00ebKanaqi-e-argjend\u00eb.9-150x150.jpg\" class=\"attachment-thumbnail size-thumbnail\" alt=\"\" loading=\"lazy\" \/><\/a>\n\t\t\t<\/dt><\/dl><dl class='gallery-item'>\n\t\t\t<dt class='gallery-icon landscape'>\n\t\t\t\t<a href='https:\/\/www.visit-ulcinj.com\/blog\/wp-content\/uploads\/2011\/12\/Taekwondo-Ulqini-n\u00eb-dy-turnamenteKaramanaga-e-art\u00ebKanaqi-e-argjend\u00eb.10.jpg'><img width=\"150\" height=\"150\" src=\"https:\/\/www.visit-ulcinj.com\/blog\/wp-content\/uploads\/2011\/12\/Taekwondo-Ulqini-n\u00eb-dy-turnamenteKaramanaga-e-art\u00ebKanaqi-e-argjend\u00eb.10-150x150.jpg\" class=\"attachment-thumbnail size-thumbnail\" alt=\"\" loading=\"lazy\" \/><\/a>\n\t\t\t<\/dt><\/dl><dl class='gallery-item'>\n\t\t\t<dt class='gallery-icon landscape'>\n\t\t\t\t<a href='https:\/\/www.visit-ulcinj.com\/blog\/wp-content\/uploads\/2011\/12\/Taekwondo-Ulqini-n\u00eb-dy-turnamenteKaramanaga-e-art\u00ebKanaqi-e-argjend\u00eb.11.jpg'><img width=\"150\" height=\"150\" src=\"https:\/\/www.visit-ulcinj.com\/blog\/wp-content\/uploads\/2011\/12\/Taekwondo-Ulqini-n\u00eb-dy-turnamenteKaramanaga-e-art\u00ebKanaqi-e-argjend\u00eb.11-150x150.jpg\" class=\"attachment-thumbnail size-thumbnail\" alt=\"\" loading=\"lazy\" \/><\/a>\n\t\t\t<\/dt><\/dl><br style=\"clear: both\" \/>\n\t\t<\/div>\n<br \/>\n<!--YouTube Error: bad URL entered--><br \/>\n<\/strong><\/p>\n<p>&nbsp;<\/p>\n<p>&nbsp;<\/p>\n<p>&nbsp;<\/p>\n","protected":false},"excerpt":{"rendered":"<p>Gjat\u00eb k\u00ebtij vikendi me dat\u00eb 10-11.12.2011 klubi i taekowndo-s\u00eb Ulqini mori pjes\u00eb n\u00eb dy turnamente nd\u00ebrkomb\u00ebtare. N\u00eb Serbi u mbajt\u00eb turneu nd\u00ebrkomb\u00ebtar\u00a0\u00a0\u00a0\u201cSerbia open poomsae 2011\u201d nd\u00ebrsa n\u00eb France u mbajt turneu i katekoris superiore t\u00eb klasit A \u201cParis Open 2011\u201d.\u00a0\u00a0\u00a0Klubi i taekwondo-s\u00eb Ulqini n\u00eb turneun\u00a0\u00a0nd\u00ebrkomb\u00ebtar\u00a0\u00a0\u201cSerbia open\u201d u parqit\u00eb me dy garuese Ardiana Karamanaga dhe Medina [&hellip;]<\/p>\n","protected":false},"author":1,"featured_media":0,"comment_status":"open","ping_status":"closed","sticky":false,"template":"","format":"standard","meta":{"spay_email":"","jetpack_publicize_message":"","jetpack_is_tweetstorm":false,"jetpack_publicize_feature_enabled":true},"categories":[1,3],"tags":[14351,16075,17828,17834,18370,17811,14352,17831,18362,15136,14353,17808,17401,14354,12340,14355,17840,17839,18363,19585,17835,17814,17810,17816,14356,17071,17807,3730,3516,14652,3511,15139,17837,17827,10203,14358,222,17802,17812,17803,17820,17825,17817,17805,22011,305,19584,17823,17832,19586,14359,3506,17818,3499,214,17680,14360,14361,16210,17402,6336,14362,19541,14363,18371,194,19501,3507,17800,498,3717,3500,1762,4625,115,14364,22008,17799,3327,15140,17841,17826,15213,18236,13230,3512,17806,729,11648,18289,17838,95,19583,17813,19587,17804,2950,14365,15141,17836,14366,79,17073,18369,1653,19600,1909,17815,14367,17801,18360,19543,17822,14368,14369,19542,17824,14370,18291,10472,19601,2083,3231,14371,41,3617,15143,14372,14373,14374,17844,17821,18372,22009,17830,17077,2800,18295,14375,17833,19258,13141,17829,899,200,18,17819,17809,14376],"jetpack_publicize_connections":[],"yoast_head":"<!-- This site is optimized with the Yoast SEO plugin v19.1 - https:\/\/yoast.com\/wordpress\/plugins\/seo\/ -->\n<title>Taekwondo Ulqini n\u00eb dy turnamente,Karamanaga e art\u00eb,Kanaqi e argjend\u00eb - Lajme nga Ulqini<\/title>\n<meta name=\"description\" content=\"Gjat\u00eb k\u00ebtij vikendi me dat\u00eb 10-11.12.2011 klubi i taekowndo-s\u00eb Ulqini mori pjes\u00eb n\u00eb dy turnamente nd\u00ebrkomb\u00ebtare. N\u00eb Serbi u mbajt\u00eb turneu\" \/>\n<meta name=\"robots\" content=\"index, follow, max-snippet:-1, max-image-preview:large, max-video-preview:-1\" \/>\n<link rel=\"canonical\" href=\"https:\/\/www.visit-ulcinj.com\/blog\/2011\/12\/12\/taekwondo-ulqini-ne-dy-turnamentekaramanaga-e-artekanaqi-e-argjende\/\" \/>\n<meta property=\"og:locale\" content=\"en_US\" \/>\n<meta property=\"og:type\" content=\"article\" \/>\n<meta property=\"og:title\" content=\"Taekwondo Ulqini n\u00eb dy turnamente,Karamanaga e art\u00eb,Kanaqi e argjend\u00eb - Lajme nga Ulqini\" \/>\n<meta property=\"og:description\" content=\"Gjat\u00eb k\u00ebtij vikendi me dat\u00eb 10-11.12.2011 klubi i taekowndo-s\u00eb Ulqini mori pjes\u00eb n\u00eb dy turnamente nd\u00ebrkomb\u00ebtare. N\u00eb Serbi u mbajt\u00eb turneu\" \/>\n<meta property=\"og:url\" content=\"https:\/\/www.visit-ulcinj.com\/blog\/2011\/12\/12\/taekwondo-ulqini-ne-dy-turnamentekaramanaga-e-artekanaqi-e-argjende\/\" \/>\n<meta property=\"og:site_name\" content=\"Lajme nga Ulqini\" \/>\n<meta property=\"article:published_time\" content=\"2011-12-12T08:08:40+00:00\" \/>\n<meta property=\"article:modified_time\" content=\"2011-12-12T15:09:46+00:00\" \/>\n<meta property=\"og:image\" content=\"https:\/\/www.visit-ulcinj.com\/blog\/wp-content\/uploads\/2011\/12\/Taekwondo-Ulqini_Ulcinj-150x150.jpg\" \/>\n<meta name=\"twitter:label1\" content=\"Written by\" \/>\n\t<meta name=\"twitter:data1\" content=\"ulqini\" \/>\n\t<meta name=\"twitter:label2\" content=\"Est. reading time\" \/>\n\t<meta name=\"twitter:data2\" content=\"1 minute\" \/>\n<script type=\"application\/ld+json\" class=\"yoast-schema-graph\">{\"@context\":\"https:\/\/schema.org\",\"@graph\":[{\"@type\":\"WebSite\",\"@id\":\"https:\/\/www.visit-ulcinj.com\/blog\/#website\",\"url\":\"https:\/\/www.visit-ulcinj.com\/blog\/\",\"name\":\"Lajme nga Ulqini\",\"description\":\"Lajme,Vijesti,Ulqini,Ulqin,Crna Gora,Mali i Zi\",\"potentialAction\":[{\"@type\":\"SearchAction\",\"target\":{\"@type\":\"EntryPoint\",\"urlTemplate\":\"https:\/\/www.visit-ulcinj.com\/blog\/?s={search_term_string}\"},\"query-input\":\"required name=search_term_string\"}],\"inLanguage\":\"en-US\"},{\"@type\":\"ImageObject\",\"inLanguage\":\"en-US\",\"@id\":\"https:\/\/www.visit-ulcinj.com\/blog\/2011\/12\/12\/taekwondo-ulqini-ne-dy-turnamentekaramanaga-e-artekanaqi-e-argjende\/#primaryimage\",\"url\":\"https:\/\/www.visit-ulcinj.com\/blog\/wp-content\/uploads\/2011\/12\/Taekwondo-Ulqini_Ulcinj.jpg\",\"contentUrl\":\"https:\/\/www.visit-ulcinj.com\/blog\/wp-content\/uploads\/2011\/12\/Taekwondo-Ulqini_Ulcinj.jpg\",\"width\":\"1024\",\"height\":\"768\"},{\"@type\":\"WebPage\",\"@id\":\"https:\/\/www.visit-ulcinj.com\/blog\/2011\/12\/12\/taekwondo-ulqini-ne-dy-turnamentekaramanaga-e-artekanaqi-e-argjende\/#webpage\",\"url\":\"https:\/\/www.visit-ulcinj.com\/blog\/2011\/12\/12\/taekwondo-ulqini-ne-dy-turnamentekaramanaga-e-artekanaqi-e-argjende\/\",\"name\":\"Taekwondo Ulqini n\u00eb dy turnamente,Karamanaga e art\u00eb,Kanaqi e argjend\u00eb - Lajme nga Ulqini\",\"isPartOf\":{\"@id\":\"https:\/\/www.visit-ulcinj.com\/blog\/#website\"},\"primaryImageOfPage\":{\"@id\":\"https:\/\/www.visit-ulcinj.com\/blog\/2011\/12\/12\/taekwondo-ulqini-ne-dy-turnamentekaramanaga-e-artekanaqi-e-argjende\/#primaryimage\"},\"datePublished\":\"2011-12-12T08:08:40+00:00\",\"dateModified\":\"2011-12-12T15:09:46+00:00\",\"author\":{\"@id\":\"https:\/\/www.visit-ulcinj.com\/blog\/#\/schema\/person\/dcab619c614d3038751c63bc2aadc06d\"},\"description\":\"Gjat\u00eb k\u00ebtij vikendi me dat\u00eb 10-11.12.2011 klubi i taekowndo-s\u00eb Ulqini mori pjes\u00eb n\u00eb dy turnamente nd\u00ebrkomb\u00ebtare. N\u00eb Serbi u mbajt\u00eb turneu\",\"breadcrumb\":{\"@id\":\"https:\/\/www.visit-ulcinj.com\/blog\/2011\/12\/12\/taekwondo-ulqini-ne-dy-turnamentekaramanaga-e-artekanaqi-e-argjende\/#breadcrumb\"},\"inLanguage\":\"en-US\",\"potentialAction\":[{\"@type\":\"ReadAction\",\"target\":[\"https:\/\/www.visit-ulcinj.com\/blog\/2011\/12\/12\/taekwondo-ulqini-ne-dy-turnamentekaramanaga-e-artekanaqi-e-argjende\/\"]}]},{\"@type\":\"BreadcrumbList\",\"@id\":\"https:\/\/www.visit-ulcinj.com\/blog\/2011\/12\/12\/taekwondo-ulqini-ne-dy-turnamentekaramanaga-e-artekanaqi-e-argjende\/#breadcrumb\",\"itemListElement\":[{\"@type\":\"ListItem\",\"position\":1,\"name\":\"Taekwondo Ulqini n\u00eb dy turnamente,Karamanaga e art\u00eb,Kanaqi e argjend\u00eb\"}]},{\"@type\":\"Person\",\"@id\":\"https:\/\/www.visit-ulcinj.com\/blog\/#\/schema\/person\/dcab619c614d3038751c63bc2aadc06d\",\"name\":\"ulqini\",\"sameAs\":[\"http:\/\/www.visit-ulcinj.com\"],\"url\":\"https:\/\/www.visit-ulcinj.com\/blog\/author\/admin\/\"}]}<\/script>\n<!-- \/ Yoast SEO plugin. -->","yoast_head_json":{"title":"Taekwondo Ulqini n\u00eb dy turnamente,Karamanaga e art\u00eb,Kanaqi e argjend\u00eb - Lajme nga Ulqini","description":"Gjat\u00eb k\u00ebtij vikendi me dat\u00eb 10-11.12.2011 klubi i taekowndo-s\u00eb Ulqini mori pjes\u00eb n\u00eb dy turnamente nd\u00ebrkomb\u00ebtare. N\u00eb Serbi u mbajt\u00eb turneu","robots":{"index":"index","follow":"follow","max-snippet":"max-snippet:-1","max-image-preview":"max-image-preview:large","max-video-preview":"max-video-preview:-1"},"canonical":"https:\/\/www.visit-ulcinj.com\/blog\/2011\/12\/12\/taekwondo-ulqini-ne-dy-turnamentekaramanaga-e-artekanaqi-e-argjende\/","og_locale":"en_US","og_type":"article","og_title":"Taekwondo Ulqini n\u00eb dy turnamente,Karamanaga e art\u00eb,Kanaqi e argjend\u00eb - Lajme nga Ulqini","og_description":"Gjat\u00eb k\u00ebtij vikendi me dat\u00eb 10-11.12.2011 klubi i taekowndo-s\u00eb Ulqini mori pjes\u00eb n\u00eb dy turnamente nd\u00ebrkomb\u00ebtare. N\u00eb Serbi u mbajt\u00eb turneu","og_url":"https:\/\/www.visit-ulcinj.com\/blog\/2011\/12\/12\/taekwondo-ulqini-ne-dy-turnamentekaramanaga-e-artekanaqi-e-argjende\/","og_site_name":"Lajme nga Ulqini","article_published_time":"2011-12-12T08:08:40+00:00","article_modified_time":"2011-12-12T15:09:46+00:00","og_image":[{"url":"https:\/\/www.visit-ulcinj.com\/blog\/wp-content\/uploads\/2011\/12\/Taekwondo-Ulqini_Ulcinj-150x150.jpg"}],"twitter_misc":{"Written by":"ulqini","Est. reading time":"1 minute"},"schema":{"@context":"https:\/\/schema.org","@graph":[{"@type":"WebSite","@id":"https:\/\/www.visit-ulcinj.com\/blog\/#website","url":"https:\/\/www.visit-ulcinj.com\/blog\/","name":"Lajme nga Ulqini","description":"Lajme,Vijesti,Ulqini,Ulqin,Crna Gora,Mali i Zi","potentialAction":[{"@type":"SearchAction","target":{"@type":"EntryPoint","urlTemplate":"https:\/\/www.visit-ulcinj.com\/blog\/?s={search_term_string}"},"query-input":"required name=search_term_string"}],"inLanguage":"en-US"},{"@type":"ImageObject","inLanguage":"en-US","@id":"https:\/\/www.visit-ulcinj.com\/blog\/2011\/12\/12\/taekwondo-ulqini-ne-dy-turnamentekaramanaga-e-artekanaqi-e-argjende\/#primaryimage","url":"https:\/\/www.visit-ulcinj.com\/blog\/wp-content\/uploads\/2011\/12\/Taekwondo-Ulqini_Ulcinj.jpg","contentUrl":"https:\/\/www.visit-ulcinj.com\/blog\/wp-content\/uploads\/2011\/12\/Taekwondo-Ulqini_Ulcinj.jpg","width":"1024","height":"768"},{"@type":"WebPage","@id":"https:\/\/www.visit-ulcinj.com\/blog\/2011\/12\/12\/taekwondo-ulqini-ne-dy-turnamentekaramanaga-e-artekanaqi-e-argjende\/#webpage","url":"https:\/\/www.visit-ulcinj.com\/blog\/2011\/12\/12\/taekwondo-ulqini-ne-dy-turnamentekaramanaga-e-artekanaqi-e-argjende\/","name":"Taekwondo Ulqini n\u00eb dy turnamente,Karamanaga e art\u00eb,Kanaqi e argjend\u00eb - Lajme nga Ulqini","isPartOf":{"@id":"https:\/\/www.visit-ulcinj.com\/blog\/#website"},"primaryImageOfPage":{"@id":"https:\/\/www.visit-ulcinj.com\/blog\/2011\/12\/12\/taekwondo-ulqini-ne-dy-turnamentekaramanaga-e-artekanaqi-e-argjende\/#primaryimage"},"datePublished":"2011-12-12T08:08:40+00:00","dateModified":"2011-12-12T15:09:46+00:00","author":{"@id":"https:\/\/www.visit-ulcinj.com\/blog\/#\/schema\/person\/dcab619c614d3038751c63bc2aadc06d"},"description":"Gjat\u00eb k\u00ebtij vikendi me dat\u00eb 10-11.12.2011 klubi i taekowndo-s\u00eb Ulqini mori pjes\u00eb n\u00eb dy turnamente nd\u00ebrkomb\u00ebtare. N\u00eb Serbi u mbajt\u00eb turneu","breadcrumb":{"@id":"https:\/\/www.visit-ulcinj.com\/blog\/2011\/12\/12\/taekwondo-ulqini-ne-dy-turnamentekaramanaga-e-artekanaqi-e-argjende\/#breadcrumb"},"inLanguage":"en-US","potentialAction":[{"@type":"ReadAction","target":["https:\/\/www.visit-ulcinj.com\/blog\/2011\/12\/12\/taekwondo-ulqini-ne-dy-turnamentekaramanaga-e-artekanaqi-e-argjende\/"]}]},{"@type":"BreadcrumbList","@id":"https:\/\/www.visit-ulcinj.com\/blog\/2011\/12\/12\/taekwondo-ulqini-ne-dy-turnamentekaramanaga-e-artekanaqi-e-argjende\/#breadcrumb","itemListElement":[{"@type":"ListItem","position":1,"name":"Taekwondo Ulqini n\u00eb dy turnamente,Karamanaga e art\u00eb,Kanaqi e argjend\u00eb"}]},{"@type":"Person","@id":"https:\/\/www.visit-ulcinj.com\/blog\/#\/schema\/person\/dcab619c614d3038751c63bc2aadc06d","name":"ulqini","sameAs":["http:\/\/www.visit-ulcinj.com"],"url":"https:\/\/www.visit-ulcinj.com\/blog\/author\/admin\/"}]}},"jetpack_featured_media_url":"","jetpack_sharing_enabled":true,"jetpack_shortlink":"https:\/\/wp.me\/pe6lTn-e7u","_links":{"self":[{"href":"https:\/\/www.visit-ulcinj.com\/blog\/wp-json\/wp\/v2\/posts\/54280"}],"collection":[{"href":"https:\/\/www.visit-ulcinj.com\/blog\/wp-json\/wp\/v2\/posts"}],"about":[{"href":"https:\/\/www.visit-ulcinj.com\/blog\/wp-json\/wp\/v2\/types\/post"}],"author":[{"embeddable":true,"href":"https:\/\/www.visit-ulcinj.com\/blog\/wp-json\/wp\/v2\/users\/1"}],"replies":[{"embeddable":true,"href":"https:\/\/www.visit-ulcinj.com\/blog\/wp-json\/wp\/v2\/comments?post=54280"}],"version-history":[{"count":6,"href":"https:\/\/www.visit-ulcinj.com\/blog\/wp-json\/wp\/v2\/posts\/54280\/revisions"}],"predecessor-version":[{"id":54295,"href":"https:\/\/www.visit-ulcinj.com\/blog\/wp-json\/wp\/v2\/posts\/54280\/revisions\/54295"}],"wp:attachment":[{"href":"https:\/\/www.visit-ulcinj.com\/blog\/wp-json\/wp\/v2\/media?parent=54280"}],"wp:term":[{"taxonomy":"category","embeddable":true,"href":"https:\/\/www.visit-ulcinj.com\/blog\/wp-json\/wp\/v2\/categories?post=54280"},{"taxonomy":"post_tag","embeddable":true,"href":"https:\/\/www.visit-ulcinj.com\/blog\/wp-json\/wp\/v2\/tags?post=54280"}],"curies":[{"name":"wp","href":"https:\/\/api.w.org\/{rel}","templated":true}]}}