{"id":5429,"date":"2008-11-04T09:39:23","date_gmt":"2008-11-04T14:39:23","guid":{"rendered":"http:\/\/www.visit-ulcinj.com\/blog\/?p=5429"},"modified":"2008-11-04T09:40:41","modified_gmt":"2008-11-04T14:40:41","slug":"djali-i-bin-ladenit-kerkon-azil-politik-ne-spanje","status":"publish","type":"post","link":"https:\/\/www.visit-ulcinj.com\/blog\/2008\/11\/04\/djali-i-bin-ladenit-kerkon-azil-politik-ne-spanje\/","title":{"rendered":"Djali i Bin Ladenit k\u00ebrkon azil politik n\u00eb Spanj\u00eb"},"content":{"rendered":"<p><a href=\"http:\/\/www.visit-ulcinj.com\/blog\/wp-content\/uploads\/2008\/11\/omar_laden.jpg\"><img loading=\"lazy\" class=\"alignleft size-medium wp-image-5430\" title=\"omar_laden\" src=\"http:\/\/www.visit-ulcinj.com\/blog\/wp-content\/uploads\/2008\/11\/omar_laden-300x224.jpg\" alt=\"\" width=\"271\" height=\"203\" \/><\/a>Djali i liderit t\u00eb Al Kaed\u00ebs Osama Bin Laden ka k\u00ebrkuar azil politik n\u00eb Spanj\u00eb.<br \/>\nNj\u00eb z\u00ebdh\u00ebn\u00ebs i Ministris\u00eb s\u00eb Brendshme nuk ka treguar se mbi \u00e7far\u00eb baze Omar bin Laden, 28 vje\u00e7 ka k\u00ebrkuar azil.<br \/>\nAi ka arritur n\u00eb Madrid t\u00eb h\u00ebn\u00ebn nga Kajro, ku edhe jeton. Omar bin Laden m\u00eb her\u00ebt ka k\u00ebrkuar viz\u00eb p\u00ebr n\u00eb Britani, ku ka d\u00ebshiruar t\u00eb jetoj\u00eb me gruan e tij britanike, por ishte refuzuar p\u00ebr shkaqe sigurie.<br \/>\nAi \u00ebsht\u00eb nj\u00ebri nga 19 f\u00ebmij\u00ebt e Osama bin Ladenit.<\/p>\n<p><strong>Burimi \/ ALSAT-M <\/strong><\/p>\n<!--YouTube Error: bad URL entered-->\n","protected":false},"excerpt":{"rendered":"<p>Djali i liderit t\u00eb Al Kaed\u00ebs Osama Bin Laden ka k\u00ebrkuar azil politik n\u00eb Spanj\u00eb. Nj\u00eb z\u00ebdh\u00ebn\u00ebs i Ministris\u00eb s\u00eb Brendshme nuk ka treguar se mbi \u00e7far\u00eb baze Omar bin Laden, 28 vje\u00e7 ka k\u00ebrkuar azil. Ai ka arritur n\u00eb Madrid t\u00eb h\u00ebn\u00ebn nga Kajro, ku edhe jeton. Omar bin Laden m\u00eb her\u00ebt ka k\u00ebrkuar [&hellip;]<\/p>\n","protected":false},"author":1,"featured_media":0,"comment_status":"open","ping_status":"closed","sticky":false,"template":"","format":"standard","meta":{"spay_email":"","jetpack_publicize_message":"","jetpack_is_tweetstorm":false,"jetpack_publicize_feature_enabled":true},"categories":[1],"tags":[4914],"jetpack_publicize_connections":[],"yoast_head":"<!-- This site is optimized with the Yoast SEO plugin v19.1 - https:\/\/yoast.com\/wordpress\/plugins\/seo\/ -->\n<title>Djali i Bin Ladenit k\u00ebrkon azil politik n\u00eb Spanj\u00eb - Lajme nga Ulqini<\/title>\n<meta name=\"description\" content=\"Djali i liderit t\u00eb Al Kaed\u00ebs Osama Bin Laden ka k\u00ebrkuar azil politik n\u00eb Spanj\u00eb. Nj\u00eb z\u00ebdh\u00ebn\u00ebs i Ministris\u00eb s\u00eb Brendshme nuk ka treguar se mbi \u00e7far\u00eb baze\" \/>\n<meta name=\"robots\" content=\"index, follow, max-snippet:-1, max-image-preview:large, max-video-preview:-1\" \/>\n<link rel=\"canonical\" href=\"https:\/\/www.visit-ulcinj.com\/blog\/2008\/11\/04\/djali-i-bin-ladenit-kerkon-azil-politik-ne-spanje\/\" \/>\n<meta property=\"og:locale\" content=\"en_US\" \/>\n<meta property=\"og:type\" content=\"article\" \/>\n<meta property=\"og:title\" content=\"Djali i Bin Ladenit k\u00ebrkon azil politik n\u00eb Spanj\u00eb - Lajme nga Ulqini\" \/>\n<meta property=\"og:description\" content=\"Djali i liderit t\u00eb Al Kaed\u00ebs Osama Bin Laden ka k\u00ebrkuar azil politik n\u00eb Spanj\u00eb. Nj\u00eb z\u00ebdh\u00ebn\u00ebs i Ministris\u00eb s\u00eb Brendshme nuk ka treguar se mbi \u00e7far\u00eb baze\" \/>\n<meta property=\"og:url\" content=\"https:\/\/www.visit-ulcinj.com\/blog\/2008\/11\/04\/djali-i-bin-ladenit-kerkon-azil-politik-ne-spanje\/\" \/>\n<meta property=\"og:site_name\" content=\"Lajme nga Ulqini\" \/>\n<meta property=\"article:published_time\" content=\"2008-11-04T14:39:23+00:00\" \/>\n<meta property=\"article:modified_time\" content=\"2008-11-04T14:40:41+00:00\" \/>\n<meta property=\"og:image\" content=\"http:\/\/www.visit-ulcinj.com\/blog\/wp-content\/uploads\/2008\/11\/omar_laden-300x224.jpg\" \/>\n<meta name=\"twitter:label1\" content=\"Written by\" \/>\n\t<meta name=\"twitter:data1\" content=\"ulqini\" \/>\n\t<meta name=\"twitter:label2\" content=\"Est. reading time\" \/>\n\t<meta name=\"twitter:data2\" content=\"1 minute\" \/>\n<script type=\"application\/ld+json\" class=\"yoast-schema-graph\">{\"@context\":\"https:\/\/schema.org\",\"@graph\":[{\"@type\":\"WebSite\",\"@id\":\"https:\/\/www.visit-ulcinj.com\/blog\/#website\",\"url\":\"https:\/\/www.visit-ulcinj.com\/blog\/\",\"name\":\"Lajme nga Ulqini\",\"description\":\"Lajme,Vijesti,Ulqini,Ulqin,Crna Gora,Mali i Zi\",\"potentialAction\":[{\"@type\":\"SearchAction\",\"target\":{\"@type\":\"EntryPoint\",\"urlTemplate\":\"https:\/\/www.visit-ulcinj.com\/blog\/?s={search_term_string}\"},\"query-input\":\"required name=search_term_string\"}],\"inLanguage\":\"en-US\"},{\"@type\":\"ImageObject\",\"inLanguage\":\"en-US\",\"@id\":\"https:\/\/www.visit-ulcinj.com\/blog\/2008\/11\/04\/djali-i-bin-ladenit-kerkon-azil-politik-ne-spanje\/#primaryimage\",\"url\":\"http:\/\/www.visit-ulcinj.com\/blog\/wp-content\/uploads\/2008\/11\/omar_laden-300x224.jpg\",\"contentUrl\":\"http:\/\/www.visit-ulcinj.com\/blog\/wp-content\/uploads\/2008\/11\/omar_laden-300x224.jpg\"},{\"@type\":\"WebPage\",\"@id\":\"https:\/\/www.visit-ulcinj.com\/blog\/2008\/11\/04\/djali-i-bin-ladenit-kerkon-azil-politik-ne-spanje\/#webpage\",\"url\":\"https:\/\/www.visit-ulcinj.com\/blog\/2008\/11\/04\/djali-i-bin-ladenit-kerkon-azil-politik-ne-spanje\/\",\"name\":\"Djali i Bin Ladenit k\u00ebrkon azil politik n\u00eb Spanj\u00eb - Lajme nga Ulqini\",\"isPartOf\":{\"@id\":\"https:\/\/www.visit-ulcinj.com\/blog\/#website\"},\"primaryImageOfPage\":{\"@id\":\"https:\/\/www.visit-ulcinj.com\/blog\/2008\/11\/04\/djali-i-bin-ladenit-kerkon-azil-politik-ne-spanje\/#primaryimage\"},\"datePublished\":\"2008-11-04T14:39:23+00:00\",\"dateModified\":\"2008-11-04T14:40:41+00:00\",\"author\":{\"@id\":\"https:\/\/www.visit-ulcinj.com\/blog\/#\/schema\/person\/dcab619c614d3038751c63bc2aadc06d\"},\"description\":\"Djali i liderit t\u00eb Al Kaed\u00ebs Osama Bin Laden ka k\u00ebrkuar azil politik n\u00eb Spanj\u00eb. Nj\u00eb z\u00ebdh\u00ebn\u00ebs i Ministris\u00eb s\u00eb Brendshme nuk ka treguar se mbi \u00e7far\u00eb baze\",\"breadcrumb\":{\"@id\":\"https:\/\/www.visit-ulcinj.com\/blog\/2008\/11\/04\/djali-i-bin-ladenit-kerkon-azil-politik-ne-spanje\/#breadcrumb\"},\"inLanguage\":\"en-US\",\"potentialAction\":[{\"@type\":\"ReadAction\",\"target\":[\"https:\/\/www.visit-ulcinj.com\/blog\/2008\/11\/04\/djali-i-bin-ladenit-kerkon-azil-politik-ne-spanje\/\"]}]},{\"@type\":\"BreadcrumbList\",\"@id\":\"https:\/\/www.visit-ulcinj.com\/blog\/2008\/11\/04\/djali-i-bin-ladenit-kerkon-azil-politik-ne-spanje\/#breadcrumb\",\"itemListElement\":[{\"@type\":\"ListItem\",\"position\":1,\"name\":\"Djali i Bin Ladenit k\u00ebrkon azil politik n\u00eb Spanj\u00eb\"}]},{\"@type\":\"Person\",\"@id\":\"https:\/\/www.visit-ulcinj.com\/blog\/#\/schema\/person\/dcab619c614d3038751c63bc2aadc06d\",\"name\":\"ulqini\",\"sameAs\":[\"http:\/\/www.visit-ulcinj.com\"],\"url\":\"https:\/\/www.visit-ulcinj.com\/blog\/author\/admin\/\"}]}<\/script>\n<!-- \/ Yoast SEO plugin. -->","yoast_head_json":{"title":"Djali i Bin Ladenit k\u00ebrkon azil politik n\u00eb Spanj\u00eb - Lajme nga Ulqini","description":"Djali i liderit t\u00eb Al Kaed\u00ebs Osama Bin Laden ka k\u00ebrkuar azil politik n\u00eb Spanj\u00eb. Nj\u00eb z\u00ebdh\u00ebn\u00ebs i Ministris\u00eb s\u00eb Brendshme nuk ka treguar se mbi \u00e7far\u00eb baze","robots":{"index":"index","follow":"follow","max-snippet":"max-snippet:-1","max-image-preview":"max-image-preview:large","max-video-preview":"max-video-preview:-1"},"canonical":"https:\/\/www.visit-ulcinj.com\/blog\/2008\/11\/04\/djali-i-bin-ladenit-kerkon-azil-politik-ne-spanje\/","og_locale":"en_US","og_type":"article","og_title":"Djali i Bin Ladenit k\u00ebrkon azil politik n\u00eb Spanj\u00eb - Lajme nga Ulqini","og_description":"Djali i liderit t\u00eb Al Kaed\u00ebs Osama Bin Laden ka k\u00ebrkuar azil politik n\u00eb Spanj\u00eb. Nj\u00eb z\u00ebdh\u00ebn\u00ebs i Ministris\u00eb s\u00eb Brendshme nuk ka treguar se mbi \u00e7far\u00eb baze","og_url":"https:\/\/www.visit-ulcinj.com\/blog\/2008\/11\/04\/djali-i-bin-ladenit-kerkon-azil-politik-ne-spanje\/","og_site_name":"Lajme nga Ulqini","article_published_time":"2008-11-04T14:39:23+00:00","article_modified_time":"2008-11-04T14:40:41+00:00","og_image":[{"url":"http:\/\/www.visit-ulcinj.com\/blog\/wp-content\/uploads\/2008\/11\/omar_laden-300x224.jpg"}],"twitter_misc":{"Written by":"ulqini","Est. reading time":"1 minute"},"schema":{"@context":"https:\/\/schema.org","@graph":[{"@type":"WebSite","@id":"https:\/\/www.visit-ulcinj.com\/blog\/#website","url":"https:\/\/www.visit-ulcinj.com\/blog\/","name":"Lajme nga Ulqini","description":"Lajme,Vijesti,Ulqini,Ulqin,Crna Gora,Mali i Zi","potentialAction":[{"@type":"SearchAction","target":{"@type":"EntryPoint","urlTemplate":"https:\/\/www.visit-ulcinj.com\/blog\/?s={search_term_string}"},"query-input":"required name=search_term_string"}],"inLanguage":"en-US"},{"@type":"ImageObject","inLanguage":"en-US","@id":"https:\/\/www.visit-ulcinj.com\/blog\/2008\/11\/04\/djali-i-bin-ladenit-kerkon-azil-politik-ne-spanje\/#primaryimage","url":"http:\/\/www.visit-ulcinj.com\/blog\/wp-content\/uploads\/2008\/11\/omar_laden-300x224.jpg","contentUrl":"http:\/\/www.visit-ulcinj.com\/blog\/wp-content\/uploads\/2008\/11\/omar_laden-300x224.jpg"},{"@type":"WebPage","@id":"https:\/\/www.visit-ulcinj.com\/blog\/2008\/11\/04\/djali-i-bin-ladenit-kerkon-azil-politik-ne-spanje\/#webpage","url":"https:\/\/www.visit-ulcinj.com\/blog\/2008\/11\/04\/djali-i-bin-ladenit-kerkon-azil-politik-ne-spanje\/","name":"Djali i Bin Ladenit k\u00ebrkon azil politik n\u00eb Spanj\u00eb - Lajme nga Ulqini","isPartOf":{"@id":"https:\/\/www.visit-ulcinj.com\/blog\/#website"},"primaryImageOfPage":{"@id":"https:\/\/www.visit-ulcinj.com\/blog\/2008\/11\/04\/djali-i-bin-ladenit-kerkon-azil-politik-ne-spanje\/#primaryimage"},"datePublished":"2008-11-04T14:39:23+00:00","dateModified":"2008-11-04T14:40:41+00:00","author":{"@id":"https:\/\/www.visit-ulcinj.com\/blog\/#\/schema\/person\/dcab619c614d3038751c63bc2aadc06d"},"description":"Djali i liderit t\u00eb Al Kaed\u00ebs Osama Bin Laden ka k\u00ebrkuar azil politik n\u00eb Spanj\u00eb. Nj\u00eb z\u00ebdh\u00ebn\u00ebs i Ministris\u00eb s\u00eb Brendshme nuk ka treguar se mbi \u00e7far\u00eb baze","breadcrumb":{"@id":"https:\/\/www.visit-ulcinj.com\/blog\/2008\/11\/04\/djali-i-bin-ladenit-kerkon-azil-politik-ne-spanje\/#breadcrumb"},"inLanguage":"en-US","potentialAction":[{"@type":"ReadAction","target":["https:\/\/www.visit-ulcinj.com\/blog\/2008\/11\/04\/djali-i-bin-ladenit-kerkon-azil-politik-ne-spanje\/"]}]},{"@type":"BreadcrumbList","@id":"https:\/\/www.visit-ulcinj.com\/blog\/2008\/11\/04\/djali-i-bin-ladenit-kerkon-azil-politik-ne-spanje\/#breadcrumb","itemListElement":[{"@type":"ListItem","position":1,"name":"Djali i Bin Ladenit k\u00ebrkon azil politik n\u00eb Spanj\u00eb"}]},{"@type":"Person","@id":"https:\/\/www.visit-ulcinj.com\/blog\/#\/schema\/person\/dcab619c614d3038751c63bc2aadc06d","name":"ulqini","sameAs":["http:\/\/www.visit-ulcinj.com"],"url":"https:\/\/www.visit-ulcinj.com\/blog\/author\/admin\/"}]}},"jetpack_featured_media_url":"","jetpack_sharing_enabled":true,"jetpack_shortlink":"https:\/\/wp.me\/pe6lTn-1pz","_links":{"self":[{"href":"https:\/\/www.visit-ulcinj.com\/blog\/wp-json\/wp\/v2\/posts\/5429"}],"collection":[{"href":"https:\/\/www.visit-ulcinj.com\/blog\/wp-json\/wp\/v2\/posts"}],"about":[{"href":"https:\/\/www.visit-ulcinj.com\/blog\/wp-json\/wp\/v2\/types\/post"}],"author":[{"embeddable":true,"href":"https:\/\/www.visit-ulcinj.com\/blog\/wp-json\/wp\/v2\/users\/1"}],"replies":[{"embeddable":true,"href":"https:\/\/www.visit-ulcinj.com\/blog\/wp-json\/wp\/v2\/comments?post=5429"}],"version-history":[{"count":0,"href":"https:\/\/www.visit-ulcinj.com\/blog\/wp-json\/wp\/v2\/posts\/5429\/revisions"}],"wp:attachment":[{"href":"https:\/\/www.visit-ulcinj.com\/blog\/wp-json\/wp\/v2\/media?parent=5429"}],"wp:term":[{"taxonomy":"category","embeddable":true,"href":"https:\/\/www.visit-ulcinj.com\/blog\/wp-json\/wp\/v2\/categories?post=5429"},{"taxonomy":"post_tag","embeddable":true,"href":"https:\/\/www.visit-ulcinj.com\/blog\/wp-json\/wp\/v2\/tags?post=5429"}],"curies":[{"name":"wp","href":"https:\/\/api.w.org\/{rel}","templated":true}]}}