{"id":54300,"date":"2011-12-12T16:08:44","date_gmt":"2011-12-12T15:08:44","guid":{"rendered":"http:\/\/www.visit-ulcinj.com\/blog\/?p=54300"},"modified":"2011-12-17T18:31:51","modified_gmt":"2011-12-17T17:31:51","slug":"kryeministri-berisha-neser-ne-ulqin","status":"publish","type":"post","link":"https:\/\/www.visit-ulcinj.com\/blog\/2011\/12\/12\/kryeministri-berisha-neser-ne-ulqin\/","title":{"rendered":"P\u00ebr shkaqe sh\u00ebndet\u00ebsore, shtyhet vizita e kryeministrit shqiptar n\u00eb Malit t\u00eb Zi"},"content":{"rendered":"<p><a href=\"http:\/\/www.visit-ulcinj.com\/blog\/wp-content\/uploads\/2011\/12\/Kryeministri-Berisha-nes%C3%ABr-n%C3%AB-Ulqin.jpg\"><img loading=\"lazy\" class=\"alignleft size-full wp-image-54301\" title=\"SAMSUNG DIGITAL CAMERA\" src=\"http:\/\/www.visit-ulcinj.com\/blog\/wp-content\/uploads\/2011\/12\/Kryeministri-Berisha-nes%C3%ABr-n%C3%AB-Ulqin.jpg\" alt=\"Kreu i Qeveris\u0117 s\u0117 Shqip\u0117ris\u0117 Sali Berisha, n\u00eb krye t\u00eb nj\u00eb delegacioni shqiptar, t\u00eb mart\u00ebn zhvillon nj\u00eb vizit\u00eb zyrtare n\u00eb Mal t\u00eb Zi, gjat\u00eb t\u00eb cil\u00ebs do t\u00eb takohet me autoritetet malazeze dhe drejtuesit e partive politike t\u00eb shqiptar\u00ebve si dhe do ta vizitoj\u00eb komun\u00ebn e Ulqinit.  Zyra e shtypit e t\u00eb kryeministrit b\u00ebri t\u00eb ditur se,Sali Berisha do ket\u00eb takim s\u00eb bashku me homologun e tij, presidentin malazez, Filip Vujanoviq, do t\u00eb takohet me kryetarin e parlamentit t\u00eb Malit t\u00eb Zi ,Ranko Krovokapiq,dhe po ashtu do t\u00eb zhvillohen edhe bisedime bilaterale me homologut malazias Igor Lukshiq. Burime b\u00ebjn\u00eb t\u00eb ditur se Sali Berisha do t\u00eb ket\u00eb takime me  lider\u00ebt e  partive parlamentare shqiptare.\" width=\"490\" height=\"372\" \/><\/a>Kreu i Qeveris\u0117 s\u0117 Shqip\u00ebris\u00eb Sali Berisha, n\u00eb krye t\u00eb nj\u00eb delegacioni shqiptar, t\u00eb mart\u00ebn zhvillon nj\u00eb vizit\u00eb zyrtare n\u00eb Mal t\u00eb Zi, gjat\u00eb t\u00eb cil\u00ebs do t\u00eb takohet me autoritetet malazeze dhe drejtuesit e partive politike t\u00eb shqiptar\u00ebve si dhe do ta vizitoj\u00eb komun\u00ebn e Ulqinit.<br \/>\nZyra e shtypit e t\u00eb kryeministrit b\u00ebri t\u00eb ditur se,Sali Berisha do ket\u00eb takim s\u00eb bashku me presidentin malazez, Filip Vujanoviq, do t\u00eb takohet me kryetarin e parlamentit t\u00eb Malit t\u00eb Zi ,Ranko Krovokapiq,dhe po ashtu do t\u00eb zhvillohen edhe bisedime bilaterale me homologut malazias Igor Lukshiq. Burime b\u00ebjn\u00eb t\u00eb ditur se Sali Berisha do t\u00eb ket\u00eb takime me\u00a0 lider\u00ebt e \u00a0partive parlamentare shqiptare.<\/p>\n<p><strong>Lajme nga Ulqini<\/strong><\/p>\n<p>&nbsp;<\/p>\n<p><strong>Berisha anulon vizit\u00ebn n\u00eb Podgoric\u00eb, shkak gjendja sh\u00ebndet\u00ebsore<\/strong><\/p>\n<p>Kryeministri Berisha ka anuluar vizit\u00ebn zyrtare n\u00eb Malin e Zi p\u00ebr shkak t\u00eb gjendjes s\u00eb tij sh\u00ebndet\u00ebsore. Lajmi b\u00ebheti i ditur nga zyra e shtypit e kryeministris\u00eb e cila thekson se vizita e shefit t\u00eb qeveris\u00eb n\u00eb Malin e Zi \u00ebsht\u00eb anuluar p\u00ebr arsye sh\u00ebndet\u00ebsore.<\/p>\n<p>N\u00eb axhend\u00ebn e kryeministrit Berisha ishte planifikuar dit\u00ebn e sotme nj\u00eb vizit\u00eb n\u00eb shtetin fqinj ku shefi i qeveris\u00eb shqiptare do t\u00eb takohej me autoritetet malazeze dhe drejtuesit e partive politike t\u00eb shqiptar\u00ebve.<\/p>\n<p>Ai do t\u00eb takohej me homologun e tij Igor Lukshi\u00e7, presidentin malazez, Filip Vujanovi\u00e7, dhe me kryetarin e parlamentit t\u00eb Malit t\u00eb Zi, Ranko Krovokapi\u00e7. Gjithashtu kryeministri Berisha do t\u00eb n\u00ebnshkruante marr\u00ebveshje p\u00ebr heqjen e kushtit t\u00eb pasaport\u00ebs dhe kalimi i popujve t\u00eb dy vendeve n\u00eb dy shtete vet\u00ebm me kart\u00eb identiteti.<\/p>\n<p>Nd\u00ebrkoh\u00eb dit\u00ebn e djeshme pas nj\u00eb axhende t\u00eb ngjeshur ditore kryeministri Berisha p\u00ebsoi gjendje dob\u00ebsie nd\u00ebrsa po p\u00ebrfundonte fjalimin n\u00eb ceremonin\u00eb e 21 vjetorit t\u00eb themelimit t\u00eb PD-s\u00eb. <strong>(INA)<\/strong><\/p>\n<p><strong><br \/>\n<\/strong><\/p>\n<!--YouTube Error: bad URL entered-->\n","protected":false},"excerpt":{"rendered":"<p>Kreu i Qeveris\u0117 s\u0117 Shqip\u00ebris\u00eb Sali Berisha, n\u00eb krye t\u00eb nj\u00eb delegacioni shqiptar, t\u00eb mart\u00ebn zhvillon nj\u00eb vizit\u00eb zyrtare n\u00eb Mal t\u00eb Zi, gjat\u00eb t\u00eb cil\u00ebs do t\u00eb takohet me autoritetet malazeze dhe drejtuesit e partive politike t\u00eb shqiptar\u00ebve si dhe do ta vizitoj\u00eb komun\u00ebn e Ulqinit. Zyra e shtypit e t\u00eb kryeministrit b\u00ebri t\u00eb [&hellip;]<\/p>\n","protected":false},"author":1,"featured_media":0,"comment_status":"open","ping_status":"closed","sticky":false,"template":"","format":"standard","meta":{"spay_email":"","jetpack_publicize_message":"","jetpack_is_tweetstorm":false,"jetpack_publicize_feature_enabled":true},"categories":[8],"tags":[2224,200,18],"jetpack_publicize_connections":[],"yoast_head":"<!-- This site is optimized with the Yoast SEO plugin v19.1 - https:\/\/yoast.com\/wordpress\/plugins\/seo\/ -->\n<title>P\u00ebr shkaqe sh\u00ebndet\u00ebsore, shtyhet vizita e kryeministrit shqiptar n\u00eb Malit t\u00eb Zi - Lajme nga Ulqini<\/title>\n<meta name=\"description\" content=\"Kreu i Qeveris\u0117 s\u0117 Shqip\u00ebris\u00eb Sali Berisha, n\u00eb krye t\u00eb nj\u00eb delegacioni shqiptar, t\u00eb mart\u00ebn zhvillon nj\u00eb vizit\u00eb zyrtare n\u00eb Mal t\u00eb Zi, gjat\u00eb t\u00eb cil\u00ebs do t\u00eb\" \/>\n<meta name=\"robots\" content=\"index, follow, max-snippet:-1, max-image-preview:large, max-video-preview:-1\" \/>\n<link rel=\"canonical\" href=\"https:\/\/www.visit-ulcinj.com\/blog\/2011\/12\/12\/kryeministri-berisha-neser-ne-ulqin\/\" \/>\n<meta property=\"og:locale\" content=\"en_US\" \/>\n<meta property=\"og:type\" content=\"article\" \/>\n<meta property=\"og:title\" content=\"P\u00ebr shkaqe sh\u00ebndet\u00ebsore, shtyhet vizita e kryeministrit shqiptar n\u00eb Malit t\u00eb Zi - Lajme nga Ulqini\" \/>\n<meta property=\"og:description\" content=\"Kreu i Qeveris\u0117 s\u0117 Shqip\u00ebris\u00eb Sali Berisha, n\u00eb krye t\u00eb nj\u00eb delegacioni shqiptar, t\u00eb mart\u00ebn zhvillon nj\u00eb vizit\u00eb zyrtare n\u00eb Mal t\u00eb Zi, gjat\u00eb t\u00eb cil\u00ebs do t\u00eb\" \/>\n<meta property=\"og:url\" content=\"https:\/\/www.visit-ulcinj.com\/blog\/2011\/12\/12\/kryeministri-berisha-neser-ne-ulqin\/\" \/>\n<meta property=\"og:site_name\" content=\"Lajme nga Ulqini\" \/>\n<meta property=\"article:published_time\" content=\"2011-12-12T15:08:44+00:00\" \/>\n<meta property=\"article:modified_time\" content=\"2011-12-17T17:31:51+00:00\" \/>\n<meta property=\"og:image\" content=\"http:\/\/www.visit-ulcinj.com\/blog\/wp-content\/uploads\/2011\/12\/Kryeministri-Berisha-nes%C3%ABr-n%C3%AB-Ulqin.jpg\" \/>\n<meta name=\"twitter:label1\" content=\"Written by\" \/>\n\t<meta name=\"twitter:data1\" content=\"ulqini\" \/>\n\t<meta name=\"twitter:label2\" content=\"Est. reading time\" \/>\n\t<meta name=\"twitter:data2\" content=\"2 minutes\" \/>\n<script type=\"application\/ld+json\" class=\"yoast-schema-graph\">{\"@context\":\"https:\/\/schema.org\",\"@graph\":[{\"@type\":\"WebSite\",\"@id\":\"https:\/\/www.visit-ulcinj.com\/blog\/#website\",\"url\":\"https:\/\/www.visit-ulcinj.com\/blog\/\",\"name\":\"Lajme nga Ulqini\",\"description\":\"Lajme,Vijesti,Ulqini,Ulqin,Crna Gora,Mali i Zi\",\"potentialAction\":[{\"@type\":\"SearchAction\",\"target\":{\"@type\":\"EntryPoint\",\"urlTemplate\":\"https:\/\/www.visit-ulcinj.com\/blog\/?s={search_term_string}\"},\"query-input\":\"required name=search_term_string\"}],\"inLanguage\":\"en-US\"},{\"@type\":\"ImageObject\",\"inLanguage\":\"en-US\",\"@id\":\"https:\/\/www.visit-ulcinj.com\/blog\/2011\/12\/12\/kryeministri-berisha-neser-ne-ulqin\/#primaryimage\",\"url\":\"http:\/\/www.visit-ulcinj.com\/blog\/wp-content\/uploads\/2011\/12\/Kryeministri-Berisha-nes%C3%ABr-n%C3%AB-Ulqin.jpg\",\"contentUrl\":\"http:\/\/www.visit-ulcinj.com\/blog\/wp-content\/uploads\/2011\/12\/Kryeministri-Berisha-nes%C3%ABr-n%C3%AB-Ulqin.jpg\"},{\"@type\":\"WebPage\",\"@id\":\"https:\/\/www.visit-ulcinj.com\/blog\/2011\/12\/12\/kryeministri-berisha-neser-ne-ulqin\/#webpage\",\"url\":\"https:\/\/www.visit-ulcinj.com\/blog\/2011\/12\/12\/kryeministri-berisha-neser-ne-ulqin\/\",\"name\":\"P\u00ebr shkaqe sh\u00ebndet\u00ebsore, shtyhet vizita e kryeministrit shqiptar n\u00eb Malit t\u00eb Zi - Lajme nga Ulqini\",\"isPartOf\":{\"@id\":\"https:\/\/www.visit-ulcinj.com\/blog\/#website\"},\"primaryImageOfPage\":{\"@id\":\"https:\/\/www.visit-ulcinj.com\/blog\/2011\/12\/12\/kryeministri-berisha-neser-ne-ulqin\/#primaryimage\"},\"datePublished\":\"2011-12-12T15:08:44+00:00\",\"dateModified\":\"2011-12-17T17:31:51+00:00\",\"author\":{\"@id\":\"https:\/\/www.visit-ulcinj.com\/blog\/#\/schema\/person\/dcab619c614d3038751c63bc2aadc06d\"},\"description\":\"Kreu i Qeveris\u0117 s\u0117 Shqip\u00ebris\u00eb Sali Berisha, n\u00eb krye t\u00eb nj\u00eb delegacioni shqiptar, t\u00eb mart\u00ebn zhvillon nj\u00eb vizit\u00eb zyrtare n\u00eb Mal t\u00eb Zi, gjat\u00eb t\u00eb cil\u00ebs do t\u00eb\",\"breadcrumb\":{\"@id\":\"https:\/\/www.visit-ulcinj.com\/blog\/2011\/12\/12\/kryeministri-berisha-neser-ne-ulqin\/#breadcrumb\"},\"inLanguage\":\"en-US\",\"potentialAction\":[{\"@type\":\"ReadAction\",\"target\":[\"https:\/\/www.visit-ulcinj.com\/blog\/2011\/12\/12\/kryeministri-berisha-neser-ne-ulqin\/\"]}]},{\"@type\":\"BreadcrumbList\",\"@id\":\"https:\/\/www.visit-ulcinj.com\/blog\/2011\/12\/12\/kryeministri-berisha-neser-ne-ulqin\/#breadcrumb\",\"itemListElement\":[{\"@type\":\"ListItem\",\"position\":1,\"name\":\"P\u00ebr shkaqe sh\u00ebndet\u00ebsore, shtyhet vizita e kryeministrit shqiptar n\u00eb Malit t\u00eb Zi\"}]},{\"@type\":\"Person\",\"@id\":\"https:\/\/www.visit-ulcinj.com\/blog\/#\/schema\/person\/dcab619c614d3038751c63bc2aadc06d\",\"name\":\"ulqini\",\"sameAs\":[\"http:\/\/www.visit-ulcinj.com\"],\"url\":\"https:\/\/www.visit-ulcinj.com\/blog\/author\/admin\/\"}]}<\/script>\n<!-- \/ Yoast SEO plugin. -->","yoast_head_json":{"title":"P\u00ebr shkaqe sh\u00ebndet\u00ebsore, shtyhet vizita e kryeministrit shqiptar n\u00eb Malit t\u00eb Zi - Lajme nga Ulqini","description":"Kreu i Qeveris\u0117 s\u0117 Shqip\u00ebris\u00eb Sali Berisha, n\u00eb krye t\u00eb nj\u00eb delegacioni shqiptar, t\u00eb mart\u00ebn zhvillon nj\u00eb vizit\u00eb zyrtare n\u00eb Mal t\u00eb Zi, gjat\u00eb t\u00eb cil\u00ebs do t\u00eb","robots":{"index":"index","follow":"follow","max-snippet":"max-snippet:-1","max-image-preview":"max-image-preview:large","max-video-preview":"max-video-preview:-1"},"canonical":"https:\/\/www.visit-ulcinj.com\/blog\/2011\/12\/12\/kryeministri-berisha-neser-ne-ulqin\/","og_locale":"en_US","og_type":"article","og_title":"P\u00ebr shkaqe sh\u00ebndet\u00ebsore, shtyhet vizita e kryeministrit shqiptar n\u00eb Malit t\u00eb Zi - Lajme nga Ulqini","og_description":"Kreu i Qeveris\u0117 s\u0117 Shqip\u00ebris\u00eb Sali Berisha, n\u00eb krye t\u00eb nj\u00eb delegacioni shqiptar, t\u00eb mart\u00ebn zhvillon nj\u00eb vizit\u00eb zyrtare n\u00eb Mal t\u00eb Zi, gjat\u00eb t\u00eb cil\u00ebs do t\u00eb","og_url":"https:\/\/www.visit-ulcinj.com\/blog\/2011\/12\/12\/kryeministri-berisha-neser-ne-ulqin\/","og_site_name":"Lajme nga Ulqini","article_published_time":"2011-12-12T15:08:44+00:00","article_modified_time":"2011-12-17T17:31:51+00:00","og_image":[{"url":"http:\/\/www.visit-ulcinj.com\/blog\/wp-content\/uploads\/2011\/12\/Kryeministri-Berisha-nes%C3%ABr-n%C3%AB-Ulqin.jpg"}],"twitter_misc":{"Written by":"ulqini","Est. reading time":"2 minutes"},"schema":{"@context":"https:\/\/schema.org","@graph":[{"@type":"WebSite","@id":"https:\/\/www.visit-ulcinj.com\/blog\/#website","url":"https:\/\/www.visit-ulcinj.com\/blog\/","name":"Lajme nga Ulqini","description":"Lajme,Vijesti,Ulqini,Ulqin,Crna Gora,Mali i Zi","potentialAction":[{"@type":"SearchAction","target":{"@type":"EntryPoint","urlTemplate":"https:\/\/www.visit-ulcinj.com\/blog\/?s={search_term_string}"},"query-input":"required name=search_term_string"}],"inLanguage":"en-US"},{"@type":"ImageObject","inLanguage":"en-US","@id":"https:\/\/www.visit-ulcinj.com\/blog\/2011\/12\/12\/kryeministri-berisha-neser-ne-ulqin\/#primaryimage","url":"http:\/\/www.visit-ulcinj.com\/blog\/wp-content\/uploads\/2011\/12\/Kryeministri-Berisha-nes%C3%ABr-n%C3%AB-Ulqin.jpg","contentUrl":"http:\/\/www.visit-ulcinj.com\/blog\/wp-content\/uploads\/2011\/12\/Kryeministri-Berisha-nes%C3%ABr-n%C3%AB-Ulqin.jpg"},{"@type":"WebPage","@id":"https:\/\/www.visit-ulcinj.com\/blog\/2011\/12\/12\/kryeministri-berisha-neser-ne-ulqin\/#webpage","url":"https:\/\/www.visit-ulcinj.com\/blog\/2011\/12\/12\/kryeministri-berisha-neser-ne-ulqin\/","name":"P\u00ebr shkaqe sh\u00ebndet\u00ebsore, shtyhet vizita e kryeministrit shqiptar n\u00eb Malit t\u00eb Zi - Lajme nga Ulqini","isPartOf":{"@id":"https:\/\/www.visit-ulcinj.com\/blog\/#website"},"primaryImageOfPage":{"@id":"https:\/\/www.visit-ulcinj.com\/blog\/2011\/12\/12\/kryeministri-berisha-neser-ne-ulqin\/#primaryimage"},"datePublished":"2011-12-12T15:08:44+00:00","dateModified":"2011-12-17T17:31:51+00:00","author":{"@id":"https:\/\/www.visit-ulcinj.com\/blog\/#\/schema\/person\/dcab619c614d3038751c63bc2aadc06d"},"description":"Kreu i Qeveris\u0117 s\u0117 Shqip\u00ebris\u00eb Sali Berisha, n\u00eb krye t\u00eb nj\u00eb delegacioni shqiptar, t\u00eb mart\u00ebn zhvillon nj\u00eb vizit\u00eb zyrtare n\u00eb Mal t\u00eb Zi, gjat\u00eb t\u00eb cil\u00ebs do t\u00eb","breadcrumb":{"@id":"https:\/\/www.visit-ulcinj.com\/blog\/2011\/12\/12\/kryeministri-berisha-neser-ne-ulqin\/#breadcrumb"},"inLanguage":"en-US","potentialAction":[{"@type":"ReadAction","target":["https:\/\/www.visit-ulcinj.com\/blog\/2011\/12\/12\/kryeministri-berisha-neser-ne-ulqin\/"]}]},{"@type":"BreadcrumbList","@id":"https:\/\/www.visit-ulcinj.com\/blog\/2011\/12\/12\/kryeministri-berisha-neser-ne-ulqin\/#breadcrumb","itemListElement":[{"@type":"ListItem","position":1,"name":"P\u00ebr shkaqe sh\u00ebndet\u00ebsore, shtyhet vizita e kryeministrit shqiptar n\u00eb Malit t\u00eb Zi"}]},{"@type":"Person","@id":"https:\/\/www.visit-ulcinj.com\/blog\/#\/schema\/person\/dcab619c614d3038751c63bc2aadc06d","name":"ulqini","sameAs":["http:\/\/www.visit-ulcinj.com"],"url":"https:\/\/www.visit-ulcinj.com\/blog\/author\/admin\/"}]}},"jetpack_featured_media_url":"","jetpack_sharing_enabled":true,"jetpack_shortlink":"https:\/\/wp.me\/pe6lTn-e7O","_links":{"self":[{"href":"https:\/\/www.visit-ulcinj.com\/blog\/wp-json\/wp\/v2\/posts\/54300"}],"collection":[{"href":"https:\/\/www.visit-ulcinj.com\/blog\/wp-json\/wp\/v2\/posts"}],"about":[{"href":"https:\/\/www.visit-ulcinj.com\/blog\/wp-json\/wp\/v2\/types\/post"}],"author":[{"embeddable":true,"href":"https:\/\/www.visit-ulcinj.com\/blog\/wp-json\/wp\/v2\/users\/1"}],"replies":[{"embeddable":true,"href":"https:\/\/www.visit-ulcinj.com\/blog\/wp-json\/wp\/v2\/comments?post=54300"}],"version-history":[{"count":11,"href":"https:\/\/www.visit-ulcinj.com\/blog\/wp-json\/wp\/v2\/posts\/54300\/revisions"}],"predecessor-version":[{"id":54479,"href":"https:\/\/www.visit-ulcinj.com\/blog\/wp-json\/wp\/v2\/posts\/54300\/revisions\/54479"}],"wp:attachment":[{"href":"https:\/\/www.visit-ulcinj.com\/blog\/wp-json\/wp\/v2\/media?parent=54300"}],"wp:term":[{"taxonomy":"category","embeddable":true,"href":"https:\/\/www.visit-ulcinj.com\/blog\/wp-json\/wp\/v2\/categories?post=54300"},{"taxonomy":"post_tag","embeddable":true,"href":"https:\/\/www.visit-ulcinj.com\/blog\/wp-json\/wp\/v2\/tags?post=54300"}],"curies":[{"name":"wp","href":"https:\/\/api.w.org\/{rel}","templated":true}]}}