{"id":54324,"date":"2011-12-12T20:32:48","date_gmt":"2011-12-12T19:32:48","guid":{"rendered":"http:\/\/www.visit-ulcinj.com\/blog\/?p=54324"},"modified":"2011-12-12T20:47:21","modified_gmt":"2011-12-12T19:47:21","slug":"edita-abazi-si-e-abortova-foshnjen-e-noizy-tme-braktisi-per-tunen","status":"publish","type":"post","link":"https:\/\/www.visit-ulcinj.com\/blog\/2011\/12\/12\/edita-abazi-si-e-abortova-foshnjen-e-noizy-tme-braktisi-per-tunen\/","title":{"rendered":"Edita Abazi: Si e abortova foshnjen e Noizy-t,me braktisi per Tunen"},"content":{"rendered":"<p><a href=\"http:\/\/www.visit-ulcinj.com\/blog\/wp-content\/uploads\/2011\/12\/Noizy-Tuna.jpg\"><img loading=\"lazy\" class=\"alignleft size-full wp-image-54325\" title=\"Noizy &amp; Tuna\" src=\"http:\/\/www.visit-ulcinj.com\/blog\/wp-content\/uploads\/2011\/12\/Noizy-Tuna.jpg\" alt=\"\" width=\"350\" height=\"420\" \/><\/a>Shpesh, n\u00eb perceptimin ton\u00eb, nj\u00eb personazh VIP \u00ebsht\u00eb imazhi i nj\u00eb njeriu perfekt, i cili ka lindur p\u00ebr t\u00eb qen\u00eb i adhuruar nga njer\u00ebzit. Prandaj dhe jeta e tyre, p\u00ebrtej karrier\u00ebs, \u00ebsht\u00eb nj\u00eb kuriozitet m\u00eb vete. Ne presim t\u00eb m\u00ebsojm\u00eb dimensionin p\u00ebrrallor t\u00eb jet\u00ebs s\u00eb dikujt q\u00eb ka fansa pa fund, presim t\u00eb njohim bot\u00ebn shpirt\u00ebrore t\u00eb nj\u00eb artisti, e cila sipas logjik\u00ebs s\u00eb njeriut t\u00eb zakonsh\u00ebm, duhet t\u00eb jet\u00eb shum\u00eb interesante, por mbase kur m\u00ebsojm\u00eb disa t\u00eb v\u00ebrteta t\u00eb hidhura, zhg\u00ebnjehemi pak. Ashtu u ndjem\u00eb edhe ne teksa modelja nga Kosova, Edita, nj\u00eb 22-vje\u00e7are shum\u00eb simpatike, k\u00ebrkoi t\u00eb ndante me ne dhe lexuesin ton\u00eb disa d\u00ebshmi dramatike mbi nj\u00eb cop\u00ebz jete t\u00eb saj, e cila lidhet me nj\u00eb personazh shum\u00eb t\u00eb njohur t\u00eb bot\u00ebs s\u00eb hip-hopit n\u00eb Shqip\u00ebri. E kemi fjal\u00ebn p\u00ebr Noizy-n, k\u00ebng\u00ebtarin q\u00eb p\u00ebr zhanrin q\u00eb ai l\u00ebvron, \u00ebsht\u00eb b\u00ebr\u00eb shum\u00eb i p\u00eblqyer. N\u00eb kompeticione muzikore, \u00e7mimi i internetit \u00ebsht\u00eb gjithmon\u00eb i tiji. Por mbase k\u00ebta ndjek\u00ebs dhe klikues besnik\u00eb t\u00eb tij \u00ebsht\u00eb mir\u00eb q\u00eb t\u00eb d\u00ebgjojn\u00eb edhe historin\u00eb e Edit\u00ebs. Nj\u00eb histori jo si t\u00eb tjerat, e cila nuk ngjan aspak me flirtet nj\u00ebjavore q\u00eb ne kemi publikuar her\u00eb pas here p\u00ebr k\u00ebt\u00eb k\u00ebng\u00ebtar. <strong>Ka di\u00e7ka m\u00eb shum\u00eb se kaq\u2026<\/strong><br \/>\n<strong>Edita, ti je nj\u00eb personazh i panjohur n\u00eb Shqip\u00ebri, mund t\u00eb na tregosh fillimisht di\u00e7ka p\u00ebr veten?<br \/>\n<\/strong>Un\u00eb jam 22 vje\u00e7, jetoj n\u00eb Prishtin\u00eb dhe punoj si fotomodele.<br \/>\n<strong>Si dhe kur e ke njohur Noizy-n?<\/strong><br \/>\nJemi njohur gjat\u00eb k\u00ebsaj vere n\u00ebp\u00ebrmjet nj\u00eb miku t\u00eb p\u00ebrbashk\u00ebt. M\u00eb pas, ai ka ardhur n\u00eb Prishtin\u00eb thjesht p\u00ebr t\u00eb m\u00eb takuar mua, pra u lidh\u00ebm si t\u00eb dashur.<br \/>\n<strong>Si funksiononte lidhja juaj?<\/strong><br \/>\nMund t\u00eb them q\u00eb nuk ka qen\u00eb nj\u00eb lidhje stab\u00ebl. Un\u00eb mendoja se ai nuk m\u00eb jepte p\u00ebrkushtimin dhe v\u00ebmendjen e duhur, sepse n\u00eb ver\u00eb kishte dhe shum\u00eb koncerte, pra ishte i z\u00ebn\u00eb. M\u00eb von\u00eb kuptova se nuk ishte kjo arsyeja, por sepse vet\u00eb Noizy nuk ishte nj\u00eb njeri stab\u00ebl, jo vet\u00ebm me t\u00eb tjer\u00ebt, por as me veten e tij.<br \/>\n<strong>\u00c7far\u00eb partneri ishte Noizy, dukej se kishte r\u00ebn\u00eb n\u00eb dashuri me ty?<\/strong><br \/>\nPrej atij njeriu nuk mund t\u00eb pretendosh dashuri, se ai nuk dashuron as veten e tij.<br \/>\n<strong>Pse pranove at\u00ebher\u00eb t\u00eb krijosh nj\u00eb lidhje me nj\u00eb njeri kaq problematik?<\/strong><br \/>\nProblemi \u00ebsht\u00eb se un\u00eb fillova ta njoh m\u00eb von\u00eb.<br \/>\n<strong>\u00c7far\u00eb t\u00eb zhg\u00ebnjeu konkretisht tek ai?<\/strong><br \/>\nKarakteri i tij, m\u00ebnyra se si \u00ebsht\u00eb formuar. Ai nuk di t\u00eb m\u00eb respektoj\u00eb jo vet\u00ebm mua, por gjith\u00eb gjinin\u00eb fem\u00ebrore. Ai sillej nj\u00ebsoj, si me nj\u00eb fem\u00ebr q\u00eb kishte pes\u00eb minuta njohje, ashtu dhe me nj\u00eb q\u00eb e kishte t\u00eb af\u00ebrt.<br \/>\n<strong>Kur u lidh\u00ebt, ai t\u00eb premtoi nj\u00eb histori serioze?<\/strong><br \/>\nJo.<br \/>\n<strong>E megjithat\u00eb ti p\u00ebrs\u00ebri pate nj\u00eb lidhje intime apo jo?<\/strong><br \/>\nPo, dhe k\u00ebtu filloi gjith\u00e7ka t\u00eb komplikohet.<br \/>\nN\u00eb \u00e7\u2019sens t\u00eb komplikohet?<br \/>\nSepse un\u00eb ngela shtatz\u00ebn\u00eb.<br \/>\n<strong>Si reagoi ai kur e m\u00ebsoi lajmin?<\/strong><br \/>\nNuk donte ta besonte, nuk donte ta pranonte. K\u00ebtu filloi edhe shk\u00ebputja. S\u2019ma hapte m\u00eb telefonin, nuk u p\u00ebrgjigjej SMS-ve t\u00eb mia. Pra, nuk ma varte m\u00eb, a thua se nuk kisha ekzistuar asnj\u00ebher\u00eb n\u00eb jet\u00ebn e tij.<br \/>\n<strong>\u00c7far\u00eb ndjeve kur pe q\u00eb do ta p\u00ebrballoje e vetme k\u00ebt\u00eb moment?<\/strong><br \/>\nSi mund t\u00eb ndihet \u00e7do fem\u00ebr n\u00eb nj\u00eb rast t\u00eb till\u00eb, nuk gjej fjal\u00eb ta p\u00ebrshkruaj.<br \/>\n<strong>Ti \u00e7far\u00eb b\u00ebre m\u00eb pas, \u00e7far\u00eb vendose p\u00ebr f\u00ebmij\u00ebn?<\/strong><br \/>\nAi nuk i doli p\u00ebr zot f\u00ebmij\u00ebs s\u00eb tij dhe mua nuk m\u00eb mbeti gj\u00eb tjet\u00ebr, por b\u00ebra at\u00eb q\u00eb nj\u00eb njeri me mend n\u00eb kok\u00eb nuk duhej ta b\u00ebnte kurr\u00eb, pra abortova. (qan)<br \/>\n<strong>Sa koh\u00eb ke q\u00eb ke abortuar dhe sa jav\u00ebsh ishte f\u00ebmija?<\/strong><br \/>\nKam dhjet\u00eb dit\u00eb q\u00eb kam abortuar, nd\u00ebrkoh\u00eb q\u00eb f\u00ebmija ishte gjasht\u00eb jav\u00ebsh.<br \/>\n<strong>Si u ndjeve pasi e shk\u00ebpute at\u00eb krijes\u00eb nga trupi yt?<\/strong><br \/>\nIsha n\u00eb gjendje shum\u00eb t\u00eb r\u00ebnd\u00eb psikologjike dhe po shkoja me k\u00ebmb\u00ebt e mia t\u00eb b\u00ebja nj\u00eb veprim jasht\u00eb vullnetit. Nuk do doja kurr\u00eb ta kisha b\u00ebr\u00eb\u2026<br \/>\n<strong>N\u00ebse Noizy do ta kishte pranuar f\u00ebmij\u00ebn, do ta kishe mbajtur?<\/strong><br \/>\nNatyrisht q\u00eb po.<br \/>\n<strong>E vuan ende at\u00eb moment?<\/strong><br \/>\nE vuaj shum\u00eb dhe besoj se do ta vuaj p\u00ebr gjith\u00eb jet\u00ebn time.<br \/>\n<strong>Pse mendon se u largua Noizy nga ti, sepse ai nuk pranon p\u00ebrgjegj\u00ebsi, apo sepse mund t\u00eb kishte ndonj\u00eb lidhje tjet\u00ebr?<\/strong><br \/>\nAi mund t\u00eb kishte edhe disa lidhje paralele, se at\u00eb tip ka. Noizy \u00ebsht\u00eb njeri pa ndjenja dhe i pap\u00ebrgjegjsh\u00ebm me femrat. Por edhe lidhje tjet\u00ebr kishte. Gjat\u00eb koh\u00ebs q\u00eb ai m\u00eb fshihej dhe nuk u p\u00ebrgjigjej telefonatave t\u00eb mia, un\u00eb isha n\u00eb Tiran\u00eb dhe rast\u00ebsisht u kryq\u00ebzuam me makina. Ai ishte me Tun\u00ebn n\u00eb makin\u00eb. Ai iku me makin\u00eb me shpejt\u00ebsi dhe nuk e kapa dot.<br \/>\n<strong>Ti mendon se ai ka nj\u00eb lidhje me Tun\u00ebn?<\/strong><br \/>\nMa merr mendja se po.<br \/>\n<strong>Pra ti mendon se ai t\u00eb la sepse filloi nj\u00eb lidhje me Tun\u00ebn?<\/strong><br \/>\nNj\u00eb fjal\u00eb e urt\u00eb popullore k\u00ebtu n\u00eb Kosov\u00eb thot\u00eb; \u201cDaullja bie p\u00ebr ata q\u00eb kan\u00eb vesh\u00eb\u201d.<br \/>\n<strong>Pse vendose ta b\u00ebsh publike rr\u00ebfimin t\u00ebnd?<\/strong><br \/>\nSepse m\u00eb ka l\u00ebnduar shum\u00eb shpirt\u00ebrisht dhe moralisht, sepse dua t\u2019ju tregoj fansave t\u00eb tij se kush \u00ebsht\u00eb Noizy i v\u00ebrtet\u00eb.<br \/>\n<strong>Ti si mendon, nj\u00eb njeri q\u00eb qenka kaq i keq, pse ka kaq shum\u00eb fansa?<\/strong><br \/>\nUn\u00eb personalisht nuk jam fanse e tij. Fansat e Noizyt jan\u00eb kryesisht adoleshent\u00eb dhe k\u00ebt\u00eb e kam par\u00eb n\u00eb koncertet e tij. Pra nuk e p\u00eblqen ajo shtres\u00eb q\u00eb ka shije t\u00eb kultivuara p\u00ebr muzik\u00ebn. Le ta m\u00ebsojn\u00eb edhe ata se cili \u00ebsht\u00eb idhulli i tyre n\u00eb jet\u00ebn reale, nj\u00eb individ q\u00eb e shkel me k\u00ebmb\u00eb nj\u00eb fem\u00ebr. P\u00ebr mua n\u00ebse nuk di t\u00eb respektosh nj\u00eb fem\u00ebr, je askush edhe n\u00ebse Zoti t\u00eb ka dh\u00ebn\u00eb talentin m\u00eb t\u00eb madh t\u00eb bot\u00ebs.<br \/>\n<strong>S\u00eb fundi, duke patur parasysh se ti po b\u00ebn nj\u00eb akuz\u00eb shum\u00eb t\u00eb r\u00ebnd\u00eb publike, n\u00ebse Noizy do t\u00eb k\u00ebrkoj\u00eb provat e abortit, ti i disponon ato?<\/strong><br \/>\nPo, i kam t\u00eb gjitha.<strong><br \/>\n<\/strong><strong>\u00a0<\/strong><\/p>\n<p><strong>Kosova Sot<br \/>\n<!--YouTube Error: bad URL entered--><br \/>\n<\/strong><\/p>\n","protected":false},"excerpt":{"rendered":"<p>Shpesh, n\u00eb perceptimin ton\u00eb, nj\u00eb personazh VIP \u00ebsht\u00eb imazhi i nj\u00eb njeriu perfekt, i cili ka lindur p\u00ebr t\u00eb qen\u00eb i adhuruar nga njer\u00ebzit. Prandaj dhe jeta e tyre, p\u00ebrtej karrier\u00ebs, \u00ebsht\u00eb nj\u00eb kuriozitet m\u00eb vete. Ne presim t\u00eb m\u00ebsojm\u00eb dimensionin p\u00ebrrallor t\u00eb jet\u00ebs s\u00eb dikujt q\u00eb ka fansa pa fund, presim t\u00eb njohim bot\u00ebn [&hellip;]<\/p>\n","protected":false},"author":1,"featured_media":0,"comment_status":"open","ping_status":"closed","sticky":false,"template":"","format":"standard","meta":{"spay_email":"","jetpack_publicize_message":"","jetpack_is_tweetstorm":false,"jetpack_publicize_feature_enabled":true},"categories":[1],"tags":[12181,13348],"jetpack_publicize_connections":[],"yoast_head":"<!-- This site is optimized with the Yoast SEO plugin v19.1 - https:\/\/yoast.com\/wordpress\/plugins\/seo\/ -->\n<title>Edita Abazi: Si e abortova foshnjen e Noizy-t,me braktisi per Tunen - Lajme nga Ulqini<\/title>\n<meta name=\"description\" content=\"Shpesh, n\u00eb perceptimin ton\u00eb, nj\u00eb personazh VIP \u00ebsht\u00eb imazhi i nj\u00eb njeriu perfekt, i cili ka lindur p\u00ebr t\u00eb qen\u00eb i adhuruar nga njer\u00ebzit. Prandaj dhe jeta e\" \/>\n<meta name=\"robots\" content=\"index, follow, max-snippet:-1, max-image-preview:large, max-video-preview:-1\" \/>\n<link rel=\"canonical\" href=\"https:\/\/www.visit-ulcinj.com\/blog\/2011\/12\/12\/edita-abazi-si-e-abortova-foshnjen-e-noizy-tme-braktisi-per-tunen\/\" \/>\n<meta property=\"og:locale\" content=\"en_US\" \/>\n<meta property=\"og:type\" content=\"article\" \/>\n<meta property=\"og:title\" content=\"Edita Abazi: Si e abortova foshnjen e Noizy-t,me braktisi per Tunen - Lajme nga Ulqini\" \/>\n<meta property=\"og:description\" content=\"Shpesh, n\u00eb perceptimin ton\u00eb, nj\u00eb personazh VIP \u00ebsht\u00eb imazhi i nj\u00eb njeriu perfekt, i cili ka lindur p\u00ebr t\u00eb qen\u00eb i adhuruar nga njer\u00ebzit. Prandaj dhe jeta e\" \/>\n<meta property=\"og:url\" content=\"https:\/\/www.visit-ulcinj.com\/blog\/2011\/12\/12\/edita-abazi-si-e-abortova-foshnjen-e-noizy-tme-braktisi-per-tunen\/\" \/>\n<meta property=\"og:site_name\" content=\"Lajme nga Ulqini\" \/>\n<meta property=\"article:published_time\" content=\"2011-12-12T19:32:48+00:00\" \/>\n<meta property=\"article:modified_time\" content=\"2011-12-12T19:47:21+00:00\" \/>\n<meta property=\"og:image\" content=\"http:\/\/www.visit-ulcinj.com\/blog\/wp-content\/uploads\/2011\/12\/Noizy-Tuna.jpg\" \/>\n<meta name=\"twitter:label1\" content=\"Written by\" \/>\n\t<meta name=\"twitter:data1\" content=\"ulqini\" \/>\n\t<meta name=\"twitter:label2\" content=\"Est. reading time\" \/>\n\t<meta name=\"twitter:data2\" content=\"6 minutes\" \/>\n<script type=\"application\/ld+json\" class=\"yoast-schema-graph\">{\"@context\":\"https:\/\/schema.org\",\"@graph\":[{\"@type\":\"WebSite\",\"@id\":\"https:\/\/www.visit-ulcinj.com\/blog\/#website\",\"url\":\"https:\/\/www.visit-ulcinj.com\/blog\/\",\"name\":\"Lajme nga Ulqini\",\"description\":\"Lajme,Vijesti,Ulqini,Ulqin,Crna Gora,Mali i Zi\",\"potentialAction\":[{\"@type\":\"SearchAction\",\"target\":{\"@type\":\"EntryPoint\",\"urlTemplate\":\"https:\/\/www.visit-ulcinj.com\/blog\/?s={search_term_string}\"},\"query-input\":\"required name=search_term_string\"}],\"inLanguage\":\"en-US\"},{\"@type\":\"ImageObject\",\"inLanguage\":\"en-US\",\"@id\":\"https:\/\/www.visit-ulcinj.com\/blog\/2011\/12\/12\/edita-abazi-si-e-abortova-foshnjen-e-noizy-tme-braktisi-per-tunen\/#primaryimage\",\"url\":\"http:\/\/www.visit-ulcinj.com\/blog\/wp-content\/uploads\/2011\/12\/Noizy-Tuna.jpg\",\"contentUrl\":\"http:\/\/www.visit-ulcinj.com\/blog\/wp-content\/uploads\/2011\/12\/Noizy-Tuna.jpg\"},{\"@type\":\"WebPage\",\"@id\":\"https:\/\/www.visit-ulcinj.com\/blog\/2011\/12\/12\/edita-abazi-si-e-abortova-foshnjen-e-noizy-tme-braktisi-per-tunen\/#webpage\",\"url\":\"https:\/\/www.visit-ulcinj.com\/blog\/2011\/12\/12\/edita-abazi-si-e-abortova-foshnjen-e-noizy-tme-braktisi-per-tunen\/\",\"name\":\"Edita Abazi: Si e abortova foshnjen e Noizy-t,me braktisi per Tunen - Lajme nga Ulqini\",\"isPartOf\":{\"@id\":\"https:\/\/www.visit-ulcinj.com\/blog\/#website\"},\"primaryImageOfPage\":{\"@id\":\"https:\/\/www.visit-ulcinj.com\/blog\/2011\/12\/12\/edita-abazi-si-e-abortova-foshnjen-e-noizy-tme-braktisi-per-tunen\/#primaryimage\"},\"datePublished\":\"2011-12-12T19:32:48+00:00\",\"dateModified\":\"2011-12-12T19:47:21+00:00\",\"author\":{\"@id\":\"https:\/\/www.visit-ulcinj.com\/blog\/#\/schema\/person\/dcab619c614d3038751c63bc2aadc06d\"},\"description\":\"Shpesh, n\u00eb perceptimin ton\u00eb, nj\u00eb personazh VIP \u00ebsht\u00eb imazhi i nj\u00eb njeriu perfekt, i cili ka lindur p\u00ebr t\u00eb qen\u00eb i adhuruar nga njer\u00ebzit. Prandaj dhe jeta e\",\"breadcrumb\":{\"@id\":\"https:\/\/www.visit-ulcinj.com\/blog\/2011\/12\/12\/edita-abazi-si-e-abortova-foshnjen-e-noizy-tme-braktisi-per-tunen\/#breadcrumb\"},\"inLanguage\":\"en-US\",\"potentialAction\":[{\"@type\":\"ReadAction\",\"target\":[\"https:\/\/www.visit-ulcinj.com\/blog\/2011\/12\/12\/edita-abazi-si-e-abortova-foshnjen-e-noizy-tme-braktisi-per-tunen\/\"]}]},{\"@type\":\"BreadcrumbList\",\"@id\":\"https:\/\/www.visit-ulcinj.com\/blog\/2011\/12\/12\/edita-abazi-si-e-abortova-foshnjen-e-noizy-tme-braktisi-per-tunen\/#breadcrumb\",\"itemListElement\":[{\"@type\":\"ListItem\",\"position\":1,\"name\":\"Edita Abazi: Si e abortova foshnjen e Noizy-t,me braktisi per Tunen\"}]},{\"@type\":\"Person\",\"@id\":\"https:\/\/www.visit-ulcinj.com\/blog\/#\/schema\/person\/dcab619c614d3038751c63bc2aadc06d\",\"name\":\"ulqini\",\"sameAs\":[\"http:\/\/www.visit-ulcinj.com\"],\"url\":\"https:\/\/www.visit-ulcinj.com\/blog\/author\/admin\/\"}]}<\/script>\n<!-- \/ Yoast SEO plugin. -->","yoast_head_json":{"title":"Edita Abazi: Si e abortova foshnjen e Noizy-t,me braktisi per Tunen - Lajme nga Ulqini","description":"Shpesh, n\u00eb perceptimin ton\u00eb, nj\u00eb personazh VIP \u00ebsht\u00eb imazhi i nj\u00eb njeriu perfekt, i cili ka lindur p\u00ebr t\u00eb qen\u00eb i adhuruar nga njer\u00ebzit. Prandaj dhe jeta e","robots":{"index":"index","follow":"follow","max-snippet":"max-snippet:-1","max-image-preview":"max-image-preview:large","max-video-preview":"max-video-preview:-1"},"canonical":"https:\/\/www.visit-ulcinj.com\/blog\/2011\/12\/12\/edita-abazi-si-e-abortova-foshnjen-e-noizy-tme-braktisi-per-tunen\/","og_locale":"en_US","og_type":"article","og_title":"Edita Abazi: Si e abortova foshnjen e Noizy-t,me braktisi per Tunen - Lajme nga Ulqini","og_description":"Shpesh, n\u00eb perceptimin ton\u00eb, nj\u00eb personazh VIP \u00ebsht\u00eb imazhi i nj\u00eb njeriu perfekt, i cili ka lindur p\u00ebr t\u00eb qen\u00eb i adhuruar nga njer\u00ebzit. Prandaj dhe jeta e","og_url":"https:\/\/www.visit-ulcinj.com\/blog\/2011\/12\/12\/edita-abazi-si-e-abortova-foshnjen-e-noizy-tme-braktisi-per-tunen\/","og_site_name":"Lajme nga Ulqini","article_published_time":"2011-12-12T19:32:48+00:00","article_modified_time":"2011-12-12T19:47:21+00:00","og_image":[{"url":"http:\/\/www.visit-ulcinj.com\/blog\/wp-content\/uploads\/2011\/12\/Noizy-Tuna.jpg"}],"twitter_misc":{"Written by":"ulqini","Est. reading time":"6 minutes"},"schema":{"@context":"https:\/\/schema.org","@graph":[{"@type":"WebSite","@id":"https:\/\/www.visit-ulcinj.com\/blog\/#website","url":"https:\/\/www.visit-ulcinj.com\/blog\/","name":"Lajme nga Ulqini","description":"Lajme,Vijesti,Ulqini,Ulqin,Crna Gora,Mali i Zi","potentialAction":[{"@type":"SearchAction","target":{"@type":"EntryPoint","urlTemplate":"https:\/\/www.visit-ulcinj.com\/blog\/?s={search_term_string}"},"query-input":"required name=search_term_string"}],"inLanguage":"en-US"},{"@type":"ImageObject","inLanguage":"en-US","@id":"https:\/\/www.visit-ulcinj.com\/blog\/2011\/12\/12\/edita-abazi-si-e-abortova-foshnjen-e-noizy-tme-braktisi-per-tunen\/#primaryimage","url":"http:\/\/www.visit-ulcinj.com\/blog\/wp-content\/uploads\/2011\/12\/Noizy-Tuna.jpg","contentUrl":"http:\/\/www.visit-ulcinj.com\/blog\/wp-content\/uploads\/2011\/12\/Noizy-Tuna.jpg"},{"@type":"WebPage","@id":"https:\/\/www.visit-ulcinj.com\/blog\/2011\/12\/12\/edita-abazi-si-e-abortova-foshnjen-e-noizy-tme-braktisi-per-tunen\/#webpage","url":"https:\/\/www.visit-ulcinj.com\/blog\/2011\/12\/12\/edita-abazi-si-e-abortova-foshnjen-e-noizy-tme-braktisi-per-tunen\/","name":"Edita Abazi: Si e abortova foshnjen e Noizy-t,me braktisi per Tunen - Lajme nga Ulqini","isPartOf":{"@id":"https:\/\/www.visit-ulcinj.com\/blog\/#website"},"primaryImageOfPage":{"@id":"https:\/\/www.visit-ulcinj.com\/blog\/2011\/12\/12\/edita-abazi-si-e-abortova-foshnjen-e-noizy-tme-braktisi-per-tunen\/#primaryimage"},"datePublished":"2011-12-12T19:32:48+00:00","dateModified":"2011-12-12T19:47:21+00:00","author":{"@id":"https:\/\/www.visit-ulcinj.com\/blog\/#\/schema\/person\/dcab619c614d3038751c63bc2aadc06d"},"description":"Shpesh, n\u00eb perceptimin ton\u00eb, nj\u00eb personazh VIP \u00ebsht\u00eb imazhi i nj\u00eb njeriu perfekt, i cili ka lindur p\u00ebr t\u00eb qen\u00eb i adhuruar nga njer\u00ebzit. Prandaj dhe jeta e","breadcrumb":{"@id":"https:\/\/www.visit-ulcinj.com\/blog\/2011\/12\/12\/edita-abazi-si-e-abortova-foshnjen-e-noizy-tme-braktisi-per-tunen\/#breadcrumb"},"inLanguage":"en-US","potentialAction":[{"@type":"ReadAction","target":["https:\/\/www.visit-ulcinj.com\/blog\/2011\/12\/12\/edita-abazi-si-e-abortova-foshnjen-e-noizy-tme-braktisi-per-tunen\/"]}]},{"@type":"BreadcrumbList","@id":"https:\/\/www.visit-ulcinj.com\/blog\/2011\/12\/12\/edita-abazi-si-e-abortova-foshnjen-e-noizy-tme-braktisi-per-tunen\/#breadcrumb","itemListElement":[{"@type":"ListItem","position":1,"name":"Edita Abazi: Si e abortova foshnjen e Noizy-t,me braktisi per Tunen"}]},{"@type":"Person","@id":"https:\/\/www.visit-ulcinj.com\/blog\/#\/schema\/person\/dcab619c614d3038751c63bc2aadc06d","name":"ulqini","sameAs":["http:\/\/www.visit-ulcinj.com"],"url":"https:\/\/www.visit-ulcinj.com\/blog\/author\/admin\/"}]}},"jetpack_featured_media_url":"","jetpack_sharing_enabled":true,"jetpack_shortlink":"https:\/\/wp.me\/pe6lTn-e8c","_links":{"self":[{"href":"https:\/\/www.visit-ulcinj.com\/blog\/wp-json\/wp\/v2\/posts\/54324"}],"collection":[{"href":"https:\/\/www.visit-ulcinj.com\/blog\/wp-json\/wp\/v2\/posts"}],"about":[{"href":"https:\/\/www.visit-ulcinj.com\/blog\/wp-json\/wp\/v2\/types\/post"}],"author":[{"embeddable":true,"href":"https:\/\/www.visit-ulcinj.com\/blog\/wp-json\/wp\/v2\/users\/1"}],"replies":[{"embeddable":true,"href":"https:\/\/www.visit-ulcinj.com\/blog\/wp-json\/wp\/v2\/comments?post=54324"}],"version-history":[{"count":2,"href":"https:\/\/www.visit-ulcinj.com\/blog\/wp-json\/wp\/v2\/posts\/54324\/revisions"}],"predecessor-version":[{"id":54327,"href":"https:\/\/www.visit-ulcinj.com\/blog\/wp-json\/wp\/v2\/posts\/54324\/revisions\/54327"}],"wp:attachment":[{"href":"https:\/\/www.visit-ulcinj.com\/blog\/wp-json\/wp\/v2\/media?parent=54324"}],"wp:term":[{"taxonomy":"category","embeddable":true,"href":"https:\/\/www.visit-ulcinj.com\/blog\/wp-json\/wp\/v2\/categories?post=54324"},{"taxonomy":"post_tag","embeddable":true,"href":"https:\/\/www.visit-ulcinj.com\/blog\/wp-json\/wp\/v2\/tags?post=54324"}],"curies":[{"name":"wp","href":"https:\/\/api.w.org\/{rel}","templated":true}]}}