{"id":54328,"date":"2011-12-12T21:01:09","date_gmt":"2011-12-12T20:01:09","guid":{"rendered":"http:\/\/www.visit-ulcinj.com\/blog\/?p=54328"},"modified":"2011-12-12T21:01:09","modified_gmt":"2011-12-12T20:01:09","slug":"getoari-dhe-drini-flasin-hapur-per-dafinen","status":"publish","type":"post","link":"https:\/\/www.visit-ulcinj.com\/blog\/2011\/12\/12\/getoari-dhe-drini-flasin-hapur-per-dafinen\/","title":{"rendered":"Getoari dhe Drini flasin hapur p\u00ebr Dafin\u00ebn"},"content":{"rendered":"<p><a href=\"http:\/\/www.visit-ulcinj.com\/blog\/wp-content\/uploads\/2011\/12\/DAFINA-zeqiri.jpg\"><img loading=\"lazy\" class=\"alignleft size-full wp-image-54329\" title=\"DAFINA zeqiri\" src=\"http:\/\/www.visit-ulcinj.com\/blog\/wp-content\/uploads\/2011\/12\/DAFINA-zeqiri.jpg\" alt=\"\" width=\"346\" height=\"483\" \/><\/a>Dy miqt\u00eb e k\u00ebng\u00ebtares s\u00eb njohur Dafina Zeqiri kan\u00eb vendosur t\u00eb flasin hapur p\u00ebr thashethemet e fundit, t\u00eb cilat jan\u00eb adresuar tek k\u00ebng\u00ebtarja Zeqiri. Bashk\u00ebpunimi me Getin \u00ebsht\u00eb realizuar si k\u00ebng\u00eb, por klip nuk do t\u00eb jet\u00eb, pasi Getit ia ka ndaluar Drini. Ata nuk flasin, por Dafina n\u00eb twitter po mban lidhje miq\u00ebsore me t\u00eb fejuar\u00ebn e Getit, Fllorent\u00ebn. Se \u00e7far\u00eb ka th\u00ebn\u00eb ish-menaxheri Zatriqi p\u00ebr nj\u00eb emision n\u00eb Kosov\u00eb, lexoni n\u00eb vazhdim\u2026<\/p>\n<p><strong>Getoari: \u201cIsh-menaxheri i Dafin\u00ebs m\u00eb ndaloi xhirimin e klipit<\/strong><\/p>\n<p>Ishte parashikuar q\u00eb k\u00ebng\u00ebs \u201cD&amp;G\u201d t\u2019i realizohet edhe nj\u00eb videoklip n\u00eb Stokholm t\u00eb Suedis\u00eb, por p\u00ebr k\u00ebt\u00eb gj\u00eb Geti nuk kishte udh\u00ebtuar atje, por kishte mbetur n\u00eb Prishtin\u00eb, nd\u00ebrsa p\u00ebr xhirime kishte udh\u00ebtuar vet\u00ebm Dafina, p\u00ebr klipin e ri \u201cSupernova\u201d. Arsyeja pse Geti nuk kishte udh\u00ebtuar bashk\u00eb me Dafin\u00ebn, ishte ndalesa q\u00eb atij i ishte b\u00ebr\u00eb nga ish-menaxheri i k\u00ebng\u00ebtares Drin Zatriqi. Geti k\u00ebto gj\u00ebra i b\u00ebri publike gjat\u00eb nj\u00eb interviste t\u00eb gjat\u00eb p\u00ebr televizionin Klan Kosova, duke folur m\u00eb shum\u00eb edhe rreth label-it t\u00eb ri \u201cBaba Stars\u201d, q\u00eb si q\u00ebllim kishte grumbullimin e k\u00ebng\u00ebtar\u00ebve m\u00eb t\u00eb mir\u00eb nga trevat shqiptare. Geti pranon se realizimin e klipit me Dafin\u00ebn e ka penguar Drini, kurse thekson se k\u00ebnga \u201cD&amp;G\u201d \u00ebsht\u00eb realizuar pik\u00ebrisht p\u00ebr albumin e saj t\u00eb ri.<\/p>\n<p><strong>Zatriqi: Dafina ngat\u00ebrronte jet\u00ebn private me at\u00eb profesionale<\/strong><\/p>\n<p>P\u00ebrve\u00e7 Getit, n\u00eb k\u00ebt\u00eb intervist\u00eb \u00ebsht\u00eb shfaqur edhe Drin Zatriqi, tashm\u00eb menaxher i p\u00ebrgjithsh\u00ebm i label-it \u201cBaba Stars\u201d. Ky i fundit ka sqaruar rolin e tij t\u00eb tash\u00ebm, duke th\u00ebn\u00eb se pun\u00eb e tij \u00ebsht\u00eb menaxhimi i k\u00ebng\u00ebtar\u00ebve, organizimi i eventeve dhe koncerteve. Gjithashtu, Drini ka sqaruar p\u00ebr mediat edhe marr\u00ebdh\u00ebnien e tij me Dafin\u00ebn, duke th\u00ebn\u00eb se disa gjeste t\u00eb saj e kan\u00eb detyruar at\u00eb t\u00eb jap\u00eb dor\u00ebheqjen prej menaxhimit t\u00eb k\u00ebng\u00ebtares. Madje Drini ka shtuar se k\u00ebng\u00ebtarja Dafina Zeqiri nuk ka ditur t\u00eb kontrolloj\u00eb jet\u00ebn e saj private dhe at\u00eb profesionale, duke i ngat\u00ebrruar t\u00eb dyja dhe kjo arsye ka detyruar q\u00eb ata t\u00eb dy t\u00eb nd\u00ebrpresin t\u00eb gjitha bashk\u00ebpunimet. Drini\u00a0 ka fshir\u00eb t\u00eb gjitha faqet e fansave q\u00eb ka pasur k\u00ebng\u00ebtarja n\u00eb facebook, duke e l\u00ebn\u00eb at\u00eb me 500 fansa q\u00eb ka mbledhur brenda k\u00ebtyre dit\u00ebve n\u00eb nj\u00eb faqe t\u00eb hapur nga menaxheri i ri, Damir Jahi\u00e7 (Ceki\u00e7).<\/p>\n<p><strong>Panorama Plus<br \/>\n<!--YouTube Error: bad URL entered--><br \/>\n<\/strong><\/p>\n","protected":false},"excerpt":{"rendered":"<p>Dy miqt\u00eb e k\u00ebng\u00ebtares s\u00eb njohur Dafina Zeqiri kan\u00eb vendosur t\u00eb flasin hapur p\u00ebr thashethemet e fundit, t\u00eb cilat jan\u00eb adresuar tek k\u00ebng\u00ebtarja Zeqiri. Bashk\u00ebpunimi me Getin \u00ebsht\u00eb realizuar si k\u00ebng\u00eb, por klip nuk do t\u00eb jet\u00eb, pasi Getit ia ka ndaluar Drini. Ata nuk flasin, por Dafina n\u00eb twitter po mban lidhje miq\u00ebsore me [&hellip;]<\/p>\n","protected":false},"author":1,"featured_media":0,"comment_status":"open","ping_status":"closed","sticky":false,"template":"","format":"standard","meta":{"spay_email":"","jetpack_publicize_message":"","jetpack_is_tweetstorm":false,"jetpack_publicize_feature_enabled":true},"categories":[1],"tags":[4926],"jetpack_publicize_connections":[],"yoast_head":"<!-- This site is optimized with the Yoast SEO plugin v19.1 - https:\/\/yoast.com\/wordpress\/plugins\/seo\/ -->\n<title>Getoari dhe Drini flasin hapur p\u00ebr Dafin\u00ebn - Lajme nga Ulqini<\/title>\n<meta name=\"description\" content=\"Dy miqt\u00eb e k\u00ebng\u00ebtares s\u00eb njohur Dafina Zeqiri kan\u00eb vendosur t\u00eb flasin hapur p\u00ebr thashethemet e fundit, t\u00eb cilat jan\u00eb adresuar tek k\u00ebng\u00ebtarja Zeqiri.\" \/>\n<meta name=\"robots\" content=\"index, follow, max-snippet:-1, max-image-preview:large, max-video-preview:-1\" \/>\n<link rel=\"canonical\" href=\"https:\/\/www.visit-ulcinj.com\/blog\/2011\/12\/12\/getoari-dhe-drini-flasin-hapur-per-dafinen\/\" \/>\n<meta property=\"og:locale\" content=\"en_US\" \/>\n<meta property=\"og:type\" content=\"article\" \/>\n<meta property=\"og:title\" content=\"Getoari dhe Drini flasin hapur p\u00ebr Dafin\u00ebn - Lajme nga Ulqini\" \/>\n<meta property=\"og:description\" content=\"Dy miqt\u00eb e k\u00ebng\u00ebtares s\u00eb njohur Dafina Zeqiri kan\u00eb vendosur t\u00eb flasin hapur p\u00ebr thashethemet e fundit, t\u00eb cilat jan\u00eb adresuar tek k\u00ebng\u00ebtarja Zeqiri.\" \/>\n<meta property=\"og:url\" content=\"https:\/\/www.visit-ulcinj.com\/blog\/2011\/12\/12\/getoari-dhe-drini-flasin-hapur-per-dafinen\/\" \/>\n<meta property=\"og:site_name\" content=\"Lajme nga Ulqini\" \/>\n<meta property=\"article:published_time\" content=\"2011-12-12T20:01:09+00:00\" \/>\n<meta property=\"og:image\" content=\"http:\/\/www.visit-ulcinj.com\/blog\/wp-content\/uploads\/2011\/12\/DAFINA-zeqiri.jpg\" \/>\n<meta name=\"twitter:label1\" content=\"Written by\" \/>\n\t<meta name=\"twitter:data1\" content=\"ulqini\" \/>\n\t<meta name=\"twitter:label2\" content=\"Est. reading time\" \/>\n\t<meta name=\"twitter:data2\" content=\"2 minutes\" \/>\n<script type=\"application\/ld+json\" class=\"yoast-schema-graph\">{\"@context\":\"https:\/\/schema.org\",\"@graph\":[{\"@type\":\"WebSite\",\"@id\":\"https:\/\/www.visit-ulcinj.com\/blog\/#website\",\"url\":\"https:\/\/www.visit-ulcinj.com\/blog\/\",\"name\":\"Lajme nga Ulqini\",\"description\":\"Lajme,Vijesti,Ulqini,Ulqin,Crna Gora,Mali i Zi\",\"potentialAction\":[{\"@type\":\"SearchAction\",\"target\":{\"@type\":\"EntryPoint\",\"urlTemplate\":\"https:\/\/www.visit-ulcinj.com\/blog\/?s={search_term_string}\"},\"query-input\":\"required name=search_term_string\"}],\"inLanguage\":\"en-US\"},{\"@type\":\"ImageObject\",\"inLanguage\":\"en-US\",\"@id\":\"https:\/\/www.visit-ulcinj.com\/blog\/2011\/12\/12\/getoari-dhe-drini-flasin-hapur-per-dafinen\/#primaryimage\",\"url\":\"http:\/\/www.visit-ulcinj.com\/blog\/wp-content\/uploads\/2011\/12\/DAFINA-zeqiri.jpg\",\"contentUrl\":\"http:\/\/www.visit-ulcinj.com\/blog\/wp-content\/uploads\/2011\/12\/DAFINA-zeqiri.jpg\"},{\"@type\":\"WebPage\",\"@id\":\"https:\/\/www.visit-ulcinj.com\/blog\/2011\/12\/12\/getoari-dhe-drini-flasin-hapur-per-dafinen\/#webpage\",\"url\":\"https:\/\/www.visit-ulcinj.com\/blog\/2011\/12\/12\/getoari-dhe-drini-flasin-hapur-per-dafinen\/\",\"name\":\"Getoari dhe Drini flasin hapur p\u00ebr Dafin\u00ebn - Lajme nga Ulqini\",\"isPartOf\":{\"@id\":\"https:\/\/www.visit-ulcinj.com\/blog\/#website\"},\"primaryImageOfPage\":{\"@id\":\"https:\/\/www.visit-ulcinj.com\/blog\/2011\/12\/12\/getoari-dhe-drini-flasin-hapur-per-dafinen\/#primaryimage\"},\"datePublished\":\"2011-12-12T20:01:09+00:00\",\"dateModified\":\"2011-12-12T20:01:09+00:00\",\"author\":{\"@id\":\"https:\/\/www.visit-ulcinj.com\/blog\/#\/schema\/person\/dcab619c614d3038751c63bc2aadc06d\"},\"description\":\"Dy miqt\u00eb e k\u00ebng\u00ebtares s\u00eb njohur Dafina Zeqiri kan\u00eb vendosur t\u00eb flasin hapur p\u00ebr thashethemet e fundit, t\u00eb cilat jan\u00eb adresuar tek k\u00ebng\u00ebtarja Zeqiri.\",\"breadcrumb\":{\"@id\":\"https:\/\/www.visit-ulcinj.com\/blog\/2011\/12\/12\/getoari-dhe-drini-flasin-hapur-per-dafinen\/#breadcrumb\"},\"inLanguage\":\"en-US\",\"potentialAction\":[{\"@type\":\"ReadAction\",\"target\":[\"https:\/\/www.visit-ulcinj.com\/blog\/2011\/12\/12\/getoari-dhe-drini-flasin-hapur-per-dafinen\/\"]}]},{\"@type\":\"BreadcrumbList\",\"@id\":\"https:\/\/www.visit-ulcinj.com\/blog\/2011\/12\/12\/getoari-dhe-drini-flasin-hapur-per-dafinen\/#breadcrumb\",\"itemListElement\":[{\"@type\":\"ListItem\",\"position\":1,\"name\":\"Getoari dhe Drini flasin hapur p\u00ebr Dafin\u00ebn\"}]},{\"@type\":\"Person\",\"@id\":\"https:\/\/www.visit-ulcinj.com\/blog\/#\/schema\/person\/dcab619c614d3038751c63bc2aadc06d\",\"name\":\"ulqini\",\"sameAs\":[\"http:\/\/www.visit-ulcinj.com\"],\"url\":\"https:\/\/www.visit-ulcinj.com\/blog\/author\/admin\/\"}]}<\/script>\n<!-- \/ Yoast SEO plugin. -->","yoast_head_json":{"title":"Getoari dhe Drini flasin hapur p\u00ebr Dafin\u00ebn - Lajme nga Ulqini","description":"Dy miqt\u00eb e k\u00ebng\u00ebtares s\u00eb njohur Dafina Zeqiri kan\u00eb vendosur t\u00eb flasin hapur p\u00ebr thashethemet e fundit, t\u00eb cilat jan\u00eb adresuar tek k\u00ebng\u00ebtarja Zeqiri.","robots":{"index":"index","follow":"follow","max-snippet":"max-snippet:-1","max-image-preview":"max-image-preview:large","max-video-preview":"max-video-preview:-1"},"canonical":"https:\/\/www.visit-ulcinj.com\/blog\/2011\/12\/12\/getoari-dhe-drini-flasin-hapur-per-dafinen\/","og_locale":"en_US","og_type":"article","og_title":"Getoari dhe Drini flasin hapur p\u00ebr Dafin\u00ebn - Lajme nga Ulqini","og_description":"Dy miqt\u00eb e k\u00ebng\u00ebtares s\u00eb njohur Dafina Zeqiri kan\u00eb vendosur t\u00eb flasin hapur p\u00ebr thashethemet e fundit, t\u00eb cilat jan\u00eb adresuar tek k\u00ebng\u00ebtarja Zeqiri.","og_url":"https:\/\/www.visit-ulcinj.com\/blog\/2011\/12\/12\/getoari-dhe-drini-flasin-hapur-per-dafinen\/","og_site_name":"Lajme nga Ulqini","article_published_time":"2011-12-12T20:01:09+00:00","og_image":[{"url":"http:\/\/www.visit-ulcinj.com\/blog\/wp-content\/uploads\/2011\/12\/DAFINA-zeqiri.jpg"}],"twitter_misc":{"Written by":"ulqini","Est. reading time":"2 minutes"},"schema":{"@context":"https:\/\/schema.org","@graph":[{"@type":"WebSite","@id":"https:\/\/www.visit-ulcinj.com\/blog\/#website","url":"https:\/\/www.visit-ulcinj.com\/blog\/","name":"Lajme nga Ulqini","description":"Lajme,Vijesti,Ulqini,Ulqin,Crna Gora,Mali i Zi","potentialAction":[{"@type":"SearchAction","target":{"@type":"EntryPoint","urlTemplate":"https:\/\/www.visit-ulcinj.com\/blog\/?s={search_term_string}"},"query-input":"required name=search_term_string"}],"inLanguage":"en-US"},{"@type":"ImageObject","inLanguage":"en-US","@id":"https:\/\/www.visit-ulcinj.com\/blog\/2011\/12\/12\/getoari-dhe-drini-flasin-hapur-per-dafinen\/#primaryimage","url":"http:\/\/www.visit-ulcinj.com\/blog\/wp-content\/uploads\/2011\/12\/DAFINA-zeqiri.jpg","contentUrl":"http:\/\/www.visit-ulcinj.com\/blog\/wp-content\/uploads\/2011\/12\/DAFINA-zeqiri.jpg"},{"@type":"WebPage","@id":"https:\/\/www.visit-ulcinj.com\/blog\/2011\/12\/12\/getoari-dhe-drini-flasin-hapur-per-dafinen\/#webpage","url":"https:\/\/www.visit-ulcinj.com\/blog\/2011\/12\/12\/getoari-dhe-drini-flasin-hapur-per-dafinen\/","name":"Getoari dhe Drini flasin hapur p\u00ebr Dafin\u00ebn - Lajme nga Ulqini","isPartOf":{"@id":"https:\/\/www.visit-ulcinj.com\/blog\/#website"},"primaryImageOfPage":{"@id":"https:\/\/www.visit-ulcinj.com\/blog\/2011\/12\/12\/getoari-dhe-drini-flasin-hapur-per-dafinen\/#primaryimage"},"datePublished":"2011-12-12T20:01:09+00:00","dateModified":"2011-12-12T20:01:09+00:00","author":{"@id":"https:\/\/www.visit-ulcinj.com\/blog\/#\/schema\/person\/dcab619c614d3038751c63bc2aadc06d"},"description":"Dy miqt\u00eb e k\u00ebng\u00ebtares s\u00eb njohur Dafina Zeqiri kan\u00eb vendosur t\u00eb flasin hapur p\u00ebr thashethemet e fundit, t\u00eb cilat jan\u00eb adresuar tek k\u00ebng\u00ebtarja Zeqiri.","breadcrumb":{"@id":"https:\/\/www.visit-ulcinj.com\/blog\/2011\/12\/12\/getoari-dhe-drini-flasin-hapur-per-dafinen\/#breadcrumb"},"inLanguage":"en-US","potentialAction":[{"@type":"ReadAction","target":["https:\/\/www.visit-ulcinj.com\/blog\/2011\/12\/12\/getoari-dhe-drini-flasin-hapur-per-dafinen\/"]}]},{"@type":"BreadcrumbList","@id":"https:\/\/www.visit-ulcinj.com\/blog\/2011\/12\/12\/getoari-dhe-drini-flasin-hapur-per-dafinen\/#breadcrumb","itemListElement":[{"@type":"ListItem","position":1,"name":"Getoari dhe Drini flasin hapur p\u00ebr Dafin\u00ebn"}]},{"@type":"Person","@id":"https:\/\/www.visit-ulcinj.com\/blog\/#\/schema\/person\/dcab619c614d3038751c63bc2aadc06d","name":"ulqini","sameAs":["http:\/\/www.visit-ulcinj.com"],"url":"https:\/\/www.visit-ulcinj.com\/blog\/author\/admin\/"}]}},"jetpack_featured_media_url":"","jetpack_sharing_enabled":true,"jetpack_shortlink":"https:\/\/wp.me\/pe6lTn-e8g","_links":{"self":[{"href":"https:\/\/www.visit-ulcinj.com\/blog\/wp-json\/wp\/v2\/posts\/54328"}],"collection":[{"href":"https:\/\/www.visit-ulcinj.com\/blog\/wp-json\/wp\/v2\/posts"}],"about":[{"href":"https:\/\/www.visit-ulcinj.com\/blog\/wp-json\/wp\/v2\/types\/post"}],"author":[{"embeddable":true,"href":"https:\/\/www.visit-ulcinj.com\/blog\/wp-json\/wp\/v2\/users\/1"}],"replies":[{"embeddable":true,"href":"https:\/\/www.visit-ulcinj.com\/blog\/wp-json\/wp\/v2\/comments?post=54328"}],"version-history":[{"count":1,"href":"https:\/\/www.visit-ulcinj.com\/blog\/wp-json\/wp\/v2\/posts\/54328\/revisions"}],"predecessor-version":[{"id":54330,"href":"https:\/\/www.visit-ulcinj.com\/blog\/wp-json\/wp\/v2\/posts\/54328\/revisions\/54330"}],"wp:attachment":[{"href":"https:\/\/www.visit-ulcinj.com\/blog\/wp-json\/wp\/v2\/media?parent=54328"}],"wp:term":[{"taxonomy":"category","embeddable":true,"href":"https:\/\/www.visit-ulcinj.com\/blog\/wp-json\/wp\/v2\/categories?post=54328"},{"taxonomy":"post_tag","embeddable":true,"href":"https:\/\/www.visit-ulcinj.com\/blog\/wp-json\/wp\/v2\/tags?post=54328"}],"curies":[{"name":"wp","href":"https:\/\/api.w.org\/{rel}","templated":true}]}}