{"id":54331,"date":"2011-12-12T21:17:19","date_gmt":"2011-12-12T20:17:19","guid":{"rendered":"http:\/\/www.visit-ulcinj.com\/blog\/?p=54331"},"modified":"2011-12-12T21:17:19","modified_gmt":"2011-12-12T20:17:19","slug":"shpati-dhe-aferdita-cifti-me-i-bukur-per-vitin-2011","status":"publish","type":"post","link":"https:\/\/www.visit-ulcinj.com\/blog\/2011\/12\/12\/shpati-dhe-aferdita-cifti-me-i-bukur-per-vitin-2011\/","title":{"rendered":"Shpati dhe Af\u00ebrdita, \u00e7ifti m\u00eb i bukur p\u00ebr vitin 2011"},"content":{"rendered":"<p><strong><a href=\"http:\/\/www.visit-ulcinj.com\/blog\/wp-content\/uploads\/2011\/12\/Aferdita-Shpati-Fitues-te-Cmimit-Best-COUPLE-_ZHURMA-SHOW-11.jpg\"><img loading=\"lazy\" class=\"alignleft size-full wp-image-54333\" title=\"Aferdita &amp; Shpati Fitues te Cmimit Best COUPLE _ZHURMA SHOW '11\" src=\"http:\/\/www.visit-ulcinj.com\/blog\/wp-content\/uploads\/2011\/12\/Aferdita-Shpati-Fitues-te-Cmimit-Best-COUPLE-_ZHURMA-SHOW-11.jpg\" alt=\"\" width=\"508\" height=\"400\" \/><\/a>K\u00ebng\u00ebtari Shpat Kasapi dhe e fejuara e tij, modelja dhe k\u00ebng\u00ebtarja Af\u00ebrdita Dreshaj jan\u00eb shpallur \u00e7ifti m\u00eb i bukur p\u00ebr vitin 2011. <\/strong><\/p>\n<p>\u00c7ifti q\u00eb p\u00eblqehet si nga vajzat ashtu dhe nga djemt\u00eb, po tregon suksese t\u00eb konsiderueshme n\u00eb sken\u00ebn muzikore dhe pos angazhimeve t\u00eb tyre, edhe sondazhet kan\u00eb sh\u00ebrbyer q\u00eb ata t\u00eb marrin nj\u00eb lloj vler\u00ebsimi.<\/p>\n<p>Sipas Panoram\u00ebs, n\u00eb sondazhet n\u00ebp\u00ebr rrjete sociale t\u00eb realizuara koh\u00ebve t\u00eb fundit, Shpati dhe Af\u00ebrdita kan\u00eb dalur ngadh\u00ebnjyes duke l\u00ebn\u00eb prapa \u00e7ifte si Neda dhe Ogreni, Nora dhe Robertin, Bertin\u00ebn dhe Ejonin ashtu si Bjordin dhe Adelajd\u00ebn.<\/p>\n<p><strong>Panorama Plus<br \/>\n<!--YouTube Error: bad URL entered--><br \/>\n<\/strong><\/p>\n","protected":false},"excerpt":{"rendered":"<p>K\u00ebng\u00ebtari Shpat Kasapi dhe e fejuara e tij, modelja dhe k\u00ebng\u00ebtarja Af\u00ebrdita Dreshaj jan\u00eb shpallur \u00e7ifti m\u00eb i bukur p\u00ebr vitin 2011. \u00c7ifti q\u00eb p\u00eblqehet si nga vajzat ashtu dhe nga djemt\u00eb, po tregon suksese t\u00eb konsiderueshme n\u00eb sken\u00ebn muzikore dhe pos angazhimeve t\u00eb tyre, edhe sondazhet kan\u00eb sh\u00ebrbyer q\u00eb ata t\u00eb marrin nj\u00eb lloj [&hellip;]<\/p>\n","protected":false},"author":1,"featured_media":0,"comment_status":"open","ping_status":"closed","sticky":false,"template":"","format":"standard","meta":{"spay_email":"","jetpack_publicize_message":"","jetpack_is_tweetstorm":false,"jetpack_publicize_feature_enabled":true},"categories":[1],"tags":[6121,227],"jetpack_publicize_connections":[],"yoast_head":"<!-- This site is optimized with the Yoast SEO plugin v19.1 - https:\/\/yoast.com\/wordpress\/plugins\/seo\/ -->\n<title>Shpati dhe Af\u00ebrdita, \u00e7ifti m\u00eb i bukur p\u00ebr vitin 2011 - Lajme nga Ulqini<\/title>\n<meta name=\"description\" content=\"K\u00ebng\u00ebtari Shpat Kasapi dhe e fejuara e tij, modelja dhe k\u00ebng\u00ebtarja Af\u00ebrdita Dreshaj jan\u00eb shpallur \u00e7ifti m\u00eb i bukur p\u00ebr vitin 2011. \u00c7ifti q\u00eb p\u00eblqehet si\" \/>\n<meta name=\"robots\" content=\"index, follow, max-snippet:-1, max-image-preview:large, max-video-preview:-1\" \/>\n<link rel=\"canonical\" href=\"https:\/\/www.visit-ulcinj.com\/blog\/2011\/12\/12\/shpati-dhe-aferdita-cifti-me-i-bukur-per-vitin-2011\/\" \/>\n<meta property=\"og:locale\" content=\"en_US\" \/>\n<meta property=\"og:type\" content=\"article\" \/>\n<meta property=\"og:title\" content=\"Shpati dhe Af\u00ebrdita, \u00e7ifti m\u00eb i bukur p\u00ebr vitin 2011 - Lajme nga Ulqini\" \/>\n<meta property=\"og:description\" content=\"K\u00ebng\u00ebtari Shpat Kasapi dhe e fejuara e tij, modelja dhe k\u00ebng\u00ebtarja Af\u00ebrdita Dreshaj jan\u00eb shpallur \u00e7ifti m\u00eb i bukur p\u00ebr vitin 2011. \u00c7ifti q\u00eb p\u00eblqehet si\" \/>\n<meta property=\"og:url\" content=\"https:\/\/www.visit-ulcinj.com\/blog\/2011\/12\/12\/shpati-dhe-aferdita-cifti-me-i-bukur-per-vitin-2011\/\" \/>\n<meta property=\"og:site_name\" content=\"Lajme nga Ulqini\" \/>\n<meta property=\"article:published_time\" content=\"2011-12-12T20:17:19+00:00\" \/>\n<meta property=\"og:image\" content=\"http:\/\/www.visit-ulcinj.com\/blog\/wp-content\/uploads\/2011\/12\/Aferdita-Shpati-Fitues-te-Cmimit-Best-COUPLE-_ZHURMA-SHOW-11.jpg\" \/>\n<meta name=\"twitter:label1\" content=\"Written by\" \/>\n\t<meta name=\"twitter:data1\" content=\"ulqini\" \/>\n\t<meta name=\"twitter:label2\" content=\"Est. reading time\" \/>\n\t<meta name=\"twitter:data2\" content=\"1 minute\" \/>\n<script type=\"application\/ld+json\" class=\"yoast-schema-graph\">{\"@context\":\"https:\/\/schema.org\",\"@graph\":[{\"@type\":\"WebSite\",\"@id\":\"https:\/\/www.visit-ulcinj.com\/blog\/#website\",\"url\":\"https:\/\/www.visit-ulcinj.com\/blog\/\",\"name\":\"Lajme nga Ulqini\",\"description\":\"Lajme,Vijesti,Ulqini,Ulqin,Crna Gora,Mali i Zi\",\"potentialAction\":[{\"@type\":\"SearchAction\",\"target\":{\"@type\":\"EntryPoint\",\"urlTemplate\":\"https:\/\/www.visit-ulcinj.com\/blog\/?s={search_term_string}\"},\"query-input\":\"required name=search_term_string\"}],\"inLanguage\":\"en-US\"},{\"@type\":\"ImageObject\",\"inLanguage\":\"en-US\",\"@id\":\"https:\/\/www.visit-ulcinj.com\/blog\/2011\/12\/12\/shpati-dhe-aferdita-cifti-me-i-bukur-per-vitin-2011\/#primaryimage\",\"url\":\"http:\/\/www.visit-ulcinj.com\/blog\/wp-content\/uploads\/2011\/12\/Aferdita-Shpati-Fitues-te-Cmimit-Best-COUPLE-_ZHURMA-SHOW-11.jpg\",\"contentUrl\":\"http:\/\/www.visit-ulcinj.com\/blog\/wp-content\/uploads\/2011\/12\/Aferdita-Shpati-Fitues-te-Cmimit-Best-COUPLE-_ZHURMA-SHOW-11.jpg\"},{\"@type\":\"WebPage\",\"@id\":\"https:\/\/www.visit-ulcinj.com\/blog\/2011\/12\/12\/shpati-dhe-aferdita-cifti-me-i-bukur-per-vitin-2011\/#webpage\",\"url\":\"https:\/\/www.visit-ulcinj.com\/blog\/2011\/12\/12\/shpati-dhe-aferdita-cifti-me-i-bukur-per-vitin-2011\/\",\"name\":\"Shpati dhe Af\u00ebrdita, \u00e7ifti m\u00eb i bukur p\u00ebr vitin 2011 - Lajme nga Ulqini\",\"isPartOf\":{\"@id\":\"https:\/\/www.visit-ulcinj.com\/blog\/#website\"},\"primaryImageOfPage\":{\"@id\":\"https:\/\/www.visit-ulcinj.com\/blog\/2011\/12\/12\/shpati-dhe-aferdita-cifti-me-i-bukur-per-vitin-2011\/#primaryimage\"},\"datePublished\":\"2011-12-12T20:17:19+00:00\",\"dateModified\":\"2011-12-12T20:17:19+00:00\",\"author\":{\"@id\":\"https:\/\/www.visit-ulcinj.com\/blog\/#\/schema\/person\/dcab619c614d3038751c63bc2aadc06d\"},\"description\":\"K\u00ebng\u00ebtari Shpat Kasapi dhe e fejuara e tij, modelja dhe k\u00ebng\u00ebtarja Af\u00ebrdita Dreshaj jan\u00eb shpallur \u00e7ifti m\u00eb i bukur p\u00ebr vitin 2011. \u00c7ifti q\u00eb p\u00eblqehet si\",\"breadcrumb\":{\"@id\":\"https:\/\/www.visit-ulcinj.com\/blog\/2011\/12\/12\/shpati-dhe-aferdita-cifti-me-i-bukur-per-vitin-2011\/#breadcrumb\"},\"inLanguage\":\"en-US\",\"potentialAction\":[{\"@type\":\"ReadAction\",\"target\":[\"https:\/\/www.visit-ulcinj.com\/blog\/2011\/12\/12\/shpati-dhe-aferdita-cifti-me-i-bukur-per-vitin-2011\/\"]}]},{\"@type\":\"BreadcrumbList\",\"@id\":\"https:\/\/www.visit-ulcinj.com\/blog\/2011\/12\/12\/shpati-dhe-aferdita-cifti-me-i-bukur-per-vitin-2011\/#breadcrumb\",\"itemListElement\":[{\"@type\":\"ListItem\",\"position\":1,\"name\":\"Shpati dhe Af\u00ebrdita, \u00e7ifti m\u00eb i bukur p\u00ebr vitin 2011\"}]},{\"@type\":\"Person\",\"@id\":\"https:\/\/www.visit-ulcinj.com\/blog\/#\/schema\/person\/dcab619c614d3038751c63bc2aadc06d\",\"name\":\"ulqini\",\"sameAs\":[\"http:\/\/www.visit-ulcinj.com\"],\"url\":\"https:\/\/www.visit-ulcinj.com\/blog\/author\/admin\/\"}]}<\/script>\n<!-- \/ Yoast SEO plugin. -->","yoast_head_json":{"title":"Shpati dhe Af\u00ebrdita, \u00e7ifti m\u00eb i bukur p\u00ebr vitin 2011 - Lajme nga Ulqini","description":"K\u00ebng\u00ebtari Shpat Kasapi dhe e fejuara e tij, modelja dhe k\u00ebng\u00ebtarja Af\u00ebrdita Dreshaj jan\u00eb shpallur \u00e7ifti m\u00eb i bukur p\u00ebr vitin 2011. \u00c7ifti q\u00eb p\u00eblqehet si","robots":{"index":"index","follow":"follow","max-snippet":"max-snippet:-1","max-image-preview":"max-image-preview:large","max-video-preview":"max-video-preview:-1"},"canonical":"https:\/\/www.visit-ulcinj.com\/blog\/2011\/12\/12\/shpati-dhe-aferdita-cifti-me-i-bukur-per-vitin-2011\/","og_locale":"en_US","og_type":"article","og_title":"Shpati dhe Af\u00ebrdita, \u00e7ifti m\u00eb i bukur p\u00ebr vitin 2011 - Lajme nga Ulqini","og_description":"K\u00ebng\u00ebtari Shpat Kasapi dhe e fejuara e tij, modelja dhe k\u00ebng\u00ebtarja Af\u00ebrdita Dreshaj jan\u00eb shpallur \u00e7ifti m\u00eb i bukur p\u00ebr vitin 2011. \u00c7ifti q\u00eb p\u00eblqehet si","og_url":"https:\/\/www.visit-ulcinj.com\/blog\/2011\/12\/12\/shpati-dhe-aferdita-cifti-me-i-bukur-per-vitin-2011\/","og_site_name":"Lajme nga Ulqini","article_published_time":"2011-12-12T20:17:19+00:00","og_image":[{"url":"http:\/\/www.visit-ulcinj.com\/blog\/wp-content\/uploads\/2011\/12\/Aferdita-Shpati-Fitues-te-Cmimit-Best-COUPLE-_ZHURMA-SHOW-11.jpg"}],"twitter_misc":{"Written by":"ulqini","Est. reading time":"1 minute"},"schema":{"@context":"https:\/\/schema.org","@graph":[{"@type":"WebSite","@id":"https:\/\/www.visit-ulcinj.com\/blog\/#website","url":"https:\/\/www.visit-ulcinj.com\/blog\/","name":"Lajme nga Ulqini","description":"Lajme,Vijesti,Ulqini,Ulqin,Crna Gora,Mali i Zi","potentialAction":[{"@type":"SearchAction","target":{"@type":"EntryPoint","urlTemplate":"https:\/\/www.visit-ulcinj.com\/blog\/?s={search_term_string}"},"query-input":"required name=search_term_string"}],"inLanguage":"en-US"},{"@type":"ImageObject","inLanguage":"en-US","@id":"https:\/\/www.visit-ulcinj.com\/blog\/2011\/12\/12\/shpati-dhe-aferdita-cifti-me-i-bukur-per-vitin-2011\/#primaryimage","url":"http:\/\/www.visit-ulcinj.com\/blog\/wp-content\/uploads\/2011\/12\/Aferdita-Shpati-Fitues-te-Cmimit-Best-COUPLE-_ZHURMA-SHOW-11.jpg","contentUrl":"http:\/\/www.visit-ulcinj.com\/blog\/wp-content\/uploads\/2011\/12\/Aferdita-Shpati-Fitues-te-Cmimit-Best-COUPLE-_ZHURMA-SHOW-11.jpg"},{"@type":"WebPage","@id":"https:\/\/www.visit-ulcinj.com\/blog\/2011\/12\/12\/shpati-dhe-aferdita-cifti-me-i-bukur-per-vitin-2011\/#webpage","url":"https:\/\/www.visit-ulcinj.com\/blog\/2011\/12\/12\/shpati-dhe-aferdita-cifti-me-i-bukur-per-vitin-2011\/","name":"Shpati dhe Af\u00ebrdita, \u00e7ifti m\u00eb i bukur p\u00ebr vitin 2011 - Lajme nga Ulqini","isPartOf":{"@id":"https:\/\/www.visit-ulcinj.com\/blog\/#website"},"primaryImageOfPage":{"@id":"https:\/\/www.visit-ulcinj.com\/blog\/2011\/12\/12\/shpati-dhe-aferdita-cifti-me-i-bukur-per-vitin-2011\/#primaryimage"},"datePublished":"2011-12-12T20:17:19+00:00","dateModified":"2011-12-12T20:17:19+00:00","author":{"@id":"https:\/\/www.visit-ulcinj.com\/blog\/#\/schema\/person\/dcab619c614d3038751c63bc2aadc06d"},"description":"K\u00ebng\u00ebtari Shpat Kasapi dhe e fejuara e tij, modelja dhe k\u00ebng\u00ebtarja Af\u00ebrdita Dreshaj jan\u00eb shpallur \u00e7ifti m\u00eb i bukur p\u00ebr vitin 2011. \u00c7ifti q\u00eb p\u00eblqehet si","breadcrumb":{"@id":"https:\/\/www.visit-ulcinj.com\/blog\/2011\/12\/12\/shpati-dhe-aferdita-cifti-me-i-bukur-per-vitin-2011\/#breadcrumb"},"inLanguage":"en-US","potentialAction":[{"@type":"ReadAction","target":["https:\/\/www.visit-ulcinj.com\/blog\/2011\/12\/12\/shpati-dhe-aferdita-cifti-me-i-bukur-per-vitin-2011\/"]}]},{"@type":"BreadcrumbList","@id":"https:\/\/www.visit-ulcinj.com\/blog\/2011\/12\/12\/shpati-dhe-aferdita-cifti-me-i-bukur-per-vitin-2011\/#breadcrumb","itemListElement":[{"@type":"ListItem","position":1,"name":"Shpati dhe Af\u00ebrdita, \u00e7ifti m\u00eb i bukur p\u00ebr vitin 2011"}]},{"@type":"Person","@id":"https:\/\/www.visit-ulcinj.com\/blog\/#\/schema\/person\/dcab619c614d3038751c63bc2aadc06d","name":"ulqini","sameAs":["http:\/\/www.visit-ulcinj.com"],"url":"https:\/\/www.visit-ulcinj.com\/blog\/author\/admin\/"}]}},"jetpack_featured_media_url":"","jetpack_sharing_enabled":true,"jetpack_shortlink":"https:\/\/wp.me\/pe6lTn-e8j","_links":{"self":[{"href":"https:\/\/www.visit-ulcinj.com\/blog\/wp-json\/wp\/v2\/posts\/54331"}],"collection":[{"href":"https:\/\/www.visit-ulcinj.com\/blog\/wp-json\/wp\/v2\/posts"}],"about":[{"href":"https:\/\/www.visit-ulcinj.com\/blog\/wp-json\/wp\/v2\/types\/post"}],"author":[{"embeddable":true,"href":"https:\/\/www.visit-ulcinj.com\/blog\/wp-json\/wp\/v2\/users\/1"}],"replies":[{"embeddable":true,"href":"https:\/\/www.visit-ulcinj.com\/blog\/wp-json\/wp\/v2\/comments?post=54331"}],"version-history":[{"count":2,"href":"https:\/\/www.visit-ulcinj.com\/blog\/wp-json\/wp\/v2\/posts\/54331\/revisions"}],"predecessor-version":[{"id":54335,"href":"https:\/\/www.visit-ulcinj.com\/blog\/wp-json\/wp\/v2\/posts\/54331\/revisions\/54335"}],"wp:attachment":[{"href":"https:\/\/www.visit-ulcinj.com\/blog\/wp-json\/wp\/v2\/media?parent=54331"}],"wp:term":[{"taxonomy":"category","embeddable":true,"href":"https:\/\/www.visit-ulcinj.com\/blog\/wp-json\/wp\/v2\/categories?post=54331"},{"taxonomy":"post_tag","embeddable":true,"href":"https:\/\/www.visit-ulcinj.com\/blog\/wp-json\/wp\/v2\/tags?post=54331"}],"curies":[{"name":"wp","href":"https:\/\/api.w.org\/{rel}","templated":true}]}}