{"id":54336,"date":"2011-12-12T21:54:27","date_gmt":"2011-12-12T20:54:27","guid":{"rendered":"http:\/\/www.visit-ulcinj.com\/blog\/?p=54336"},"modified":"2011-12-12T21:55:31","modified_gmt":"2011-12-12T20:55:31","slug":"shoqatakalaja-kerkon-perfundimin-e-objektit-ne-qytetin-e-vjeter","status":"publish","type":"post","link":"https:\/\/www.visit-ulcinj.com\/blog\/2011\/12\/12\/shoqatakalaja-kerkon-perfundimin-e-objektit-ne-qytetin-e-vjeter\/","title":{"rendered":"Shoqata &#8220;Kalaja&#8221; k\u00ebrkon p\u00ebrfundimin e objektit n\u00eb Qytetin e Vjet\u00ebr"},"content":{"rendered":"<p><a href=\"http:\/\/www.visit-ulcinj.com\/blog\/wp-content\/uploads\/2011\/12\/Objekti-dhe-kompleksi-hotelier-ne-Kalan-e-Ulqinit_shikimi-final.jpg\"><img loading=\"lazy\" class=\"alignleft size-full wp-image-54337\" title=\"Objekti dhe kompleksi hotelier ne Kalan e Ulqinit_shikimi final\" src=\"http:\/\/www.visit-ulcinj.com\/blog\/wp-content\/uploads\/2011\/12\/Objekti-dhe-kompleksi-hotelier-ne-Kalan-e-Ulqinit_shikimi-final.jpg\" alt=\"\" width=\"508\" height=\"400\" \/><\/a>Para shum\u00eb viteve n\u00eb pjes\u00ebn e poshtme t\u00eb qytetit t\u00eb vjet\u00ebr t\u00eb Ulqinit filluan punimet n\u00eb nj\u00eb objekt i cili n\u00eb mas\u00eb t\u00eb madhe ndryshon pamjen e nj\u00eb prej monumenteve t\u00eb gjalla kulturore t\u00eb qytetit por edhe m\u00eb gj\u00ebr\u00eb. E keqja nuk p\u00ebrfundon k\u00ebtu, pasi edhe punimet p\u00ebr p\u00ebrfundimin e tij objekti jan\u00eb nd\u00ebrprer\u00eb, \u00e7ka i jep nj\u00eb pamje edhe m\u00eb t\u00eb sh\u00ebmtuar simbolit t\u00eb qytetit t\u00eb Ulqinit.<\/p>\n<p>Nd\u00ebrtimi i \u00e7fardo objekti t\u00eb ri brenda apo edhe p\u00ebrreth kalas\u00eb s\u00eb qytetit do t\u00eb duhej q\u00eb t\u00eb ishte e ndaluar n\u00eb m\u00ebnyr\u00eb q\u00eb t\u00eb mos humbas vlera e madhe historike dhe kulturore q\u00eb ajo ka. Koh\u00eb pas kohe n\u00eb qytetin e Ulqinit jan\u00eb nd\u00ebgjuar z\u00ebra dhe k\u00ebrkesa q\u00eb qyteti i vjet\u00ebr t\u00eb jet\u00eb n\u00ebn mbrojtjen e UNESCO-s\u00eb por q\u00eb deri tani nuk kan\u00eb dh\u00ebn\u00eb rezultate.<br \/>\n<a href=\"http:\/\/www.visit-ulcinj.com\/blog\/wp-content\/uploads\/2011\/12\/Objekti-dhe-kompleksi-hotelier-ne-Kalan-e-Ulqinit_shikimi-final.1.jpg\"><img loading=\"lazy\" class=\"alignleft size-full wp-image-54338\" title=\"Objekti dhe kompleksi hotelier ne Kalan e Ulqinit_shikimi final.1\" src=\"http:\/\/www.visit-ulcinj.com\/blog\/wp-content\/uploads\/2011\/12\/Objekti-dhe-kompleksi-hotelier-ne-Kalan-e-Ulqinit_shikimi-final.1.jpg\" alt=\"\" width=\"508\" height=\"330\" \/><\/a><\/p>\n<p>Shoqata e miq\u00ebve t\u00eb qytetit t\u00eb vjet\u00ebr \u2018\u2019Kalaja\u2019\u2019 n\u00eb lidhje me problematik\u00ebn e objektit q\u00eb \u00ebsht\u00eb duke u nd\u00ebrtuar ka apeluar koh\u00eb m\u00eb par\u00eb te kryetari i komun\u00ebs s\u00eb Ulqinit Nazif Cungu q\u00eb t\u00eb ndikoj\u00eb tek institucionet p\u00ebrkat\u00ebse shtetrore q\u00eb objekti i pap\u00ebrfunduar t\u00eb p\u00ebrfundoj\u00eb sa m\u00eb par\u00eb, shkruan Dan.<br \/>\n&#8220;Objekti dhe kompleksi hotelier q\u00eb \u00ebsht\u00eb duke u nd\u00ebrtuar n\u00eb Qytetin e Vjet\u00ebr, n\u00eb gjendjen si jan\u00eb tani, e prishin pamjen dhe vler\u00ebn e qytetit t\u00eb vjet\u00ebr si nj\u00eb monument kulture t\u00eb kategoris\u00eb s\u00eb par\u00eb.<br \/>\n<a href=\"http:\/\/www.visit-ulcinj.com\/blog\/wp-content\/uploads\/2011\/12\/Objekti-dhe-kompleksi-hotelier-ne-Kalan-e-Ulqinit_shikimi-final.2.jpg\"><img loading=\"lazy\" class=\"alignleft size-full wp-image-54339\" title=\"Objekti dhe kompleksi hotelier ne Kalan e Ulqinit_shikimi final.2\" src=\"http:\/\/www.visit-ulcinj.com\/blog\/wp-content\/uploads\/2011\/12\/Objekti-dhe-kompleksi-hotelier-ne-Kalan-e-Ulqinit_shikimi-final.2.jpg\" alt=\"\" width=\"508\" height=\"330\" \/><\/a><br \/>\nUn\u00eb dua t\u00eb shpresoj dhe besoj se ajo do t\u00eb duket m\u00eb mir\u00eb dhe se zot\u00ebrinjt\u00eb q\u00eb nd\u00ebrtojn\u00eb do t\u00eb arrijn\u00eb ta p\u00ebrshtasin me ambientin. Un\u00eb besoj se projektuesit, q\u00eb i kan\u00eb dh\u00ebn\u00eb drit\u00ebn e gjelb\u00ebr p\u00ebr nd\u00ebrtimin e nj\u00eb objekti t\u00eb till\u00eb, din\u00eb se \u00e7far\u00eb kan\u00eb b\u00ebr\u00eb. Kjo \u00ebsht\u00eb arsyeja pse un\u00eb k\u00ebrkoj autoriteteve kompetente p\u00ebr t\u00eb lejuar p\u00ebrfundimin e objektit&#8221;, ka th\u00ebn\u00eb kryetari i shoqat\u00ebs Ismet Karamanaga. <strong>\/Ulqini Online\/<br \/>\n\n\t\t<style type=\"text\/css\">\n\t\t\t#gallery-1 {\n\t\t\t\tmargin: auto;\n\t\t\t}\n\t\t\t#gallery-1 .gallery-item {\n\t\t\t\tfloat: left;\n\t\t\t\tmargin-top: 10px;\n\t\t\t\ttext-align: center;\n\t\t\t\twidth: 33%;\n\t\t\t}\n\t\t\t#gallery-1 img {\n\t\t\t\tborder: 2px solid #cfcfcf;\n\t\t\t}\n\t\t\t#gallery-1 .gallery-caption {\n\t\t\t\tmargin-left: 0;\n\t\t\t}\n\t\t\t\/* see gallery_shortcode() in wp-includes\/media.php *\/\n\t\t<\/style>\n\t\t<div id='gallery-1' class='gallery galleryid-54336 gallery-columns-3 gallery-size-thumbnail'><dl class='gallery-item'>\n\t\t\t<dt class='gallery-icon landscape'>\n\t\t\t\t<a href='https:\/\/www.visit-ulcinj.com\/blog\/wp-content\/uploads\/2011\/12\/Objekti-dhe-kompleksi-hotelier-ne-Kalan-e-Ulqinit_shikimi-final.jpg'><img width=\"150\" height=\"150\" src=\"https:\/\/www.visit-ulcinj.com\/blog\/wp-content\/uploads\/2011\/12\/Objekti-dhe-kompleksi-hotelier-ne-Kalan-e-Ulqinit_shikimi-final-150x150.jpg\" class=\"attachment-thumbnail size-thumbnail\" alt=\"\" loading=\"lazy\" \/><\/a>\n\t\t\t<\/dt><\/dl><dl class='gallery-item'>\n\t\t\t<dt class='gallery-icon landscape'>\n\t\t\t\t<a href='https:\/\/www.visit-ulcinj.com\/blog\/wp-content\/uploads\/2011\/12\/Objekti-dhe-kompleksi-hotelier-ne-Kalan-e-Ulqinit_shikimi-final.1.jpg'><img width=\"150\" height=\"150\" src=\"https:\/\/www.visit-ulcinj.com\/blog\/wp-content\/uploads\/2011\/12\/Objekti-dhe-kompleksi-hotelier-ne-Kalan-e-Ulqinit_shikimi-final.1-150x150.jpg\" class=\"attachment-thumbnail size-thumbnail\" alt=\"\" loading=\"lazy\" \/><\/a>\n\t\t\t<\/dt><\/dl><dl class='gallery-item'>\n\t\t\t<dt class='gallery-icon landscape'>\n\t\t\t\t<a href='https:\/\/www.visit-ulcinj.com\/blog\/wp-content\/uploads\/2011\/12\/Objekti-dhe-kompleksi-hotelier-ne-Kalan-e-Ulqinit_shikimi-final.2.jpg'><img width=\"150\" height=\"150\" src=\"https:\/\/www.visit-ulcinj.com\/blog\/wp-content\/uploads\/2011\/12\/Objekti-dhe-kompleksi-hotelier-ne-Kalan-e-Ulqinit_shikimi-final.2-150x150.jpg\" class=\"attachment-thumbnail size-thumbnail\" alt=\"\" loading=\"lazy\" \/><\/a>\n\t\t\t<\/dt><\/dl><br style=\"clear: both\" \/><dl class='gallery-item'>\n\t\t\t<dt class='gallery-icon landscape'>\n\t\t\t\t<a href='https:\/\/www.visit-ulcinj.com\/blog\/wp-content\/uploads\/2011\/12\/Objekti-dhe-kompleksi-hotelier-ne-Kalan-e-Ulqinit_shikimi-final.3.jpg'><img width=\"150\" height=\"150\" src=\"https:\/\/www.visit-ulcinj.com\/blog\/wp-content\/uploads\/2011\/12\/Objekti-dhe-kompleksi-hotelier-ne-Kalan-e-Ulqinit_shikimi-final.3-150x150.jpg\" class=\"attachment-thumbnail size-thumbnail\" alt=\"\" loading=\"lazy\" \/><\/a>\n\t\t\t<\/dt><\/dl><dl class='gallery-item'>\n\t\t\t<dt class='gallery-icon landscape'>\n\t\t\t\t<a href='https:\/\/www.visit-ulcinj.com\/blog\/wp-content\/uploads\/2011\/12\/Objekti-dhe-kompleksi-hotelier-ne-Kalan-e-Ulqinit_shikimi-final.4.jpg'><img width=\"150\" height=\"150\" src=\"https:\/\/www.visit-ulcinj.com\/blog\/wp-content\/uploads\/2011\/12\/Objekti-dhe-kompleksi-hotelier-ne-Kalan-e-Ulqinit_shikimi-final.4-150x150.jpg\" class=\"attachment-thumbnail size-thumbnail\" alt=\"\" loading=\"lazy\" \/><\/a>\n\t\t\t<\/dt><\/dl><dl class='gallery-item'>\n\t\t\t<dt class='gallery-icon landscape'>\n\t\t\t\t<a href='https:\/\/www.visit-ulcinj.com\/blog\/wp-content\/uploads\/2011\/12\/Objekti-dhe-kompleksi-hotelier-ne-Kalan-e-Ulqinit_shikimi-final.5.jpg'><img width=\"150\" height=\"150\" src=\"https:\/\/www.visit-ulcinj.com\/blog\/wp-content\/uploads\/2011\/12\/Objekti-dhe-kompleksi-hotelier-ne-Kalan-e-Ulqinit_shikimi-final.5-150x150.jpg\" class=\"attachment-thumbnail size-thumbnail\" alt=\"\" loading=\"lazy\" \/><\/a>\n\t\t\t<\/dt><\/dl><br style=\"clear: both\" \/>\n\t\t<\/div>\n<br \/>\n<strong>[flv]http:\/\/www.velikaplaza.info\/gallery\/video\/stream.php?f=Velika_Plaza_movie_Jan_2009.flv[\/flv]<\/strong><br \/>\n<\/strong><\/p>\n","protected":false},"excerpt":{"rendered":"<p>Para shum\u00eb viteve n\u00eb pjes\u00ebn e poshtme t\u00eb qytetit t\u00eb vjet\u00ebr t\u00eb Ulqinit filluan punimet n\u00eb nj\u00eb objekt i cili n\u00eb mas\u00eb t\u00eb madhe ndryshon pamjen e nj\u00eb prej monumenteve t\u00eb gjalla kulturore t\u00eb qytetit por edhe m\u00eb gj\u00ebr\u00eb. E keqja nuk p\u00ebrfundon k\u00ebtu, pasi edhe punimet p\u00ebr p\u00ebrfundimin e tij objekti jan\u00eb nd\u00ebrprer\u00eb, \u00e7ka [&hellip;]<\/p>\n","protected":false},"author":1,"featured_media":0,"comment_status":"open","ping_status":"closed","sticky":false,"template":"","format":"standard","meta":{"spay_email":"","jetpack_publicize_message":"","jetpack_is_tweetstorm":false,"jetpack_publicize_feature_enabled":true},"categories":[12],"tags":[19607,310,19619,10246,19609,19602,19606,19610,5684,200,18,19608,19603,19618,19605],"jetpack_publicize_connections":[],"yoast_head":"<!-- This site is optimized with the Yoast SEO plugin v19.1 - https:\/\/yoast.com\/wordpress\/plugins\/seo\/ -->\n<title>Shoqata &quot;Kalaja&quot; k\u00ebrkon p\u00ebrfundimin e objektit n\u00eb Qytetin e Vjet\u00ebr - Lajme nga Ulqini<\/title>\n<meta name=\"description\" content=\"Para shum\u00eb viteve n\u00eb pjes\u00ebn e poshtme t\u00eb qytetit t\u00eb vjet\u00ebr t\u00eb Ulqinit filluan punimet n\u00eb nj\u00eb objekt i cili n\u00eb mas\u00eb t\u00eb madhe ndryshon pamjen e nj\u00eb prej\" \/>\n<meta name=\"robots\" content=\"index, follow, max-snippet:-1, max-image-preview:large, max-video-preview:-1\" \/>\n<link rel=\"canonical\" href=\"https:\/\/www.visit-ulcinj.com\/blog\/2011\/12\/12\/shoqatakalaja-kerkon-perfundimin-e-objektit-ne-qytetin-e-vjeter\/\" \/>\n<meta property=\"og:locale\" content=\"en_US\" \/>\n<meta property=\"og:type\" content=\"article\" \/>\n<meta property=\"og:title\" content=\"Shoqata &quot;Kalaja&quot; k\u00ebrkon p\u00ebrfundimin e objektit n\u00eb Qytetin e Vjet\u00ebr - Lajme nga Ulqini\" \/>\n<meta property=\"og:description\" content=\"Para shum\u00eb viteve n\u00eb pjes\u00ebn e poshtme t\u00eb qytetit t\u00eb vjet\u00ebr t\u00eb Ulqinit filluan punimet n\u00eb nj\u00eb objekt i cili n\u00eb mas\u00eb t\u00eb madhe ndryshon pamjen e nj\u00eb prej\" \/>\n<meta property=\"og:url\" content=\"https:\/\/www.visit-ulcinj.com\/blog\/2011\/12\/12\/shoqatakalaja-kerkon-perfundimin-e-objektit-ne-qytetin-e-vjeter\/\" \/>\n<meta property=\"og:site_name\" content=\"Lajme nga Ulqini\" \/>\n<meta property=\"article:published_time\" content=\"2011-12-12T20:54:27+00:00\" \/>\n<meta property=\"article:modified_time\" content=\"2011-12-12T20:55:31+00:00\" \/>\n<meta property=\"og:image\" content=\"https:\/\/www.visit-ulcinj.com\/blog\/wp-content\/uploads\/2011\/12\/Objekti-dhe-kompleksi-hotelier-ne-Kalan-e-Ulqinit_shikimi-final-150x150.jpg\" \/>\n<meta name=\"twitter:label1\" content=\"Written by\" \/>\n\t<meta name=\"twitter:data1\" content=\"ulqini\" \/>\n\t<meta name=\"twitter:label2\" content=\"Est. reading time\" \/>\n\t<meta name=\"twitter:data2\" content=\"2 minutes\" \/>\n<script type=\"application\/ld+json\" class=\"yoast-schema-graph\">{\"@context\":\"https:\/\/schema.org\",\"@graph\":[{\"@type\":\"WebSite\",\"@id\":\"https:\/\/www.visit-ulcinj.com\/blog\/#website\",\"url\":\"https:\/\/www.visit-ulcinj.com\/blog\/\",\"name\":\"Lajme nga Ulqini\",\"description\":\"Lajme,Vijesti,Ulqini,Ulqin,Crna Gora,Mali i Zi\",\"potentialAction\":[{\"@type\":\"SearchAction\",\"target\":{\"@type\":\"EntryPoint\",\"urlTemplate\":\"https:\/\/www.visit-ulcinj.com\/blog\/?s={search_term_string}\"},\"query-input\":\"required name=search_term_string\"}],\"inLanguage\":\"en-US\"},{\"@type\":\"ImageObject\",\"inLanguage\":\"en-US\",\"@id\":\"https:\/\/www.visit-ulcinj.com\/blog\/2011\/12\/12\/shoqatakalaja-kerkon-perfundimin-e-objektit-ne-qytetin-e-vjeter\/#primaryimage\",\"url\":\"https:\/\/www.visit-ulcinj.com\/blog\/wp-content\/uploads\/2011\/12\/Objekti-dhe-kompleksi-hotelier-ne-Kalan-e-Ulqinit_shikimi-final.jpg\",\"contentUrl\":\"https:\/\/www.visit-ulcinj.com\/blog\/wp-content\/uploads\/2011\/12\/Objekti-dhe-kompleksi-hotelier-ne-Kalan-e-Ulqinit_shikimi-final.jpg\",\"width\":\"720\",\"height\":\"540\"},{\"@type\":\"WebPage\",\"@id\":\"https:\/\/www.visit-ulcinj.com\/blog\/2011\/12\/12\/shoqatakalaja-kerkon-perfundimin-e-objektit-ne-qytetin-e-vjeter\/#webpage\",\"url\":\"https:\/\/www.visit-ulcinj.com\/blog\/2011\/12\/12\/shoqatakalaja-kerkon-perfundimin-e-objektit-ne-qytetin-e-vjeter\/\",\"name\":\"Shoqata \\\"Kalaja\\\" k\u00ebrkon p\u00ebrfundimin e objektit n\u00eb Qytetin e Vjet\u00ebr - Lajme nga Ulqini\",\"isPartOf\":{\"@id\":\"https:\/\/www.visit-ulcinj.com\/blog\/#website\"},\"primaryImageOfPage\":{\"@id\":\"https:\/\/www.visit-ulcinj.com\/blog\/2011\/12\/12\/shoqatakalaja-kerkon-perfundimin-e-objektit-ne-qytetin-e-vjeter\/#primaryimage\"},\"datePublished\":\"2011-12-12T20:54:27+00:00\",\"dateModified\":\"2011-12-12T20:55:31+00:00\",\"author\":{\"@id\":\"https:\/\/www.visit-ulcinj.com\/blog\/#\/schema\/person\/dcab619c614d3038751c63bc2aadc06d\"},\"description\":\"Para shum\u00eb viteve n\u00eb pjes\u00ebn e poshtme t\u00eb qytetit t\u00eb vjet\u00ebr t\u00eb Ulqinit filluan punimet n\u00eb nj\u00eb objekt i cili n\u00eb mas\u00eb t\u00eb madhe ndryshon pamjen e nj\u00eb prej\",\"breadcrumb\":{\"@id\":\"https:\/\/www.visit-ulcinj.com\/blog\/2011\/12\/12\/shoqatakalaja-kerkon-perfundimin-e-objektit-ne-qytetin-e-vjeter\/#breadcrumb\"},\"inLanguage\":\"en-US\",\"potentialAction\":[{\"@type\":\"ReadAction\",\"target\":[\"https:\/\/www.visit-ulcinj.com\/blog\/2011\/12\/12\/shoqatakalaja-kerkon-perfundimin-e-objektit-ne-qytetin-e-vjeter\/\"]}]},{\"@type\":\"BreadcrumbList\",\"@id\":\"https:\/\/www.visit-ulcinj.com\/blog\/2011\/12\/12\/shoqatakalaja-kerkon-perfundimin-e-objektit-ne-qytetin-e-vjeter\/#breadcrumb\",\"itemListElement\":[{\"@type\":\"ListItem\",\"position\":1,\"name\":\"Shoqata &#8220;Kalaja&#8221; k\u00ebrkon p\u00ebrfundimin e objektit n\u00eb Qytetin e Vjet\u00ebr\"}]},{\"@type\":\"Person\",\"@id\":\"https:\/\/www.visit-ulcinj.com\/blog\/#\/schema\/person\/dcab619c614d3038751c63bc2aadc06d\",\"name\":\"ulqini\",\"sameAs\":[\"http:\/\/www.visit-ulcinj.com\"],\"url\":\"https:\/\/www.visit-ulcinj.com\/blog\/author\/admin\/\"}]}<\/script>\n<!-- \/ Yoast SEO plugin. -->","yoast_head_json":{"title":"Shoqata \"Kalaja\" k\u00ebrkon p\u00ebrfundimin e objektit n\u00eb Qytetin e Vjet\u00ebr - Lajme nga Ulqini","description":"Para shum\u00eb viteve n\u00eb pjes\u00ebn e poshtme t\u00eb qytetit t\u00eb vjet\u00ebr t\u00eb Ulqinit filluan punimet n\u00eb nj\u00eb objekt i cili n\u00eb mas\u00eb t\u00eb madhe ndryshon pamjen e nj\u00eb prej","robots":{"index":"index","follow":"follow","max-snippet":"max-snippet:-1","max-image-preview":"max-image-preview:large","max-video-preview":"max-video-preview:-1"},"canonical":"https:\/\/www.visit-ulcinj.com\/blog\/2011\/12\/12\/shoqatakalaja-kerkon-perfundimin-e-objektit-ne-qytetin-e-vjeter\/","og_locale":"en_US","og_type":"article","og_title":"Shoqata \"Kalaja\" k\u00ebrkon p\u00ebrfundimin e objektit n\u00eb Qytetin e Vjet\u00ebr - Lajme nga Ulqini","og_description":"Para shum\u00eb viteve n\u00eb pjes\u00ebn e poshtme t\u00eb qytetit t\u00eb vjet\u00ebr t\u00eb Ulqinit filluan punimet n\u00eb nj\u00eb objekt i cili n\u00eb mas\u00eb t\u00eb madhe ndryshon pamjen e nj\u00eb prej","og_url":"https:\/\/www.visit-ulcinj.com\/blog\/2011\/12\/12\/shoqatakalaja-kerkon-perfundimin-e-objektit-ne-qytetin-e-vjeter\/","og_site_name":"Lajme nga Ulqini","article_published_time":"2011-12-12T20:54:27+00:00","article_modified_time":"2011-12-12T20:55:31+00:00","og_image":[{"url":"https:\/\/www.visit-ulcinj.com\/blog\/wp-content\/uploads\/2011\/12\/Objekti-dhe-kompleksi-hotelier-ne-Kalan-e-Ulqinit_shikimi-final-150x150.jpg"}],"twitter_misc":{"Written by":"ulqini","Est. reading time":"2 minutes"},"schema":{"@context":"https:\/\/schema.org","@graph":[{"@type":"WebSite","@id":"https:\/\/www.visit-ulcinj.com\/blog\/#website","url":"https:\/\/www.visit-ulcinj.com\/blog\/","name":"Lajme nga Ulqini","description":"Lajme,Vijesti,Ulqini,Ulqin,Crna Gora,Mali i Zi","potentialAction":[{"@type":"SearchAction","target":{"@type":"EntryPoint","urlTemplate":"https:\/\/www.visit-ulcinj.com\/blog\/?s={search_term_string}"},"query-input":"required name=search_term_string"}],"inLanguage":"en-US"},{"@type":"ImageObject","inLanguage":"en-US","@id":"https:\/\/www.visit-ulcinj.com\/blog\/2011\/12\/12\/shoqatakalaja-kerkon-perfundimin-e-objektit-ne-qytetin-e-vjeter\/#primaryimage","url":"https:\/\/www.visit-ulcinj.com\/blog\/wp-content\/uploads\/2011\/12\/Objekti-dhe-kompleksi-hotelier-ne-Kalan-e-Ulqinit_shikimi-final.jpg","contentUrl":"https:\/\/www.visit-ulcinj.com\/blog\/wp-content\/uploads\/2011\/12\/Objekti-dhe-kompleksi-hotelier-ne-Kalan-e-Ulqinit_shikimi-final.jpg","width":"720","height":"540"},{"@type":"WebPage","@id":"https:\/\/www.visit-ulcinj.com\/blog\/2011\/12\/12\/shoqatakalaja-kerkon-perfundimin-e-objektit-ne-qytetin-e-vjeter\/#webpage","url":"https:\/\/www.visit-ulcinj.com\/blog\/2011\/12\/12\/shoqatakalaja-kerkon-perfundimin-e-objektit-ne-qytetin-e-vjeter\/","name":"Shoqata \"Kalaja\" k\u00ebrkon p\u00ebrfundimin e objektit n\u00eb Qytetin e Vjet\u00ebr - Lajme nga Ulqini","isPartOf":{"@id":"https:\/\/www.visit-ulcinj.com\/blog\/#website"},"primaryImageOfPage":{"@id":"https:\/\/www.visit-ulcinj.com\/blog\/2011\/12\/12\/shoqatakalaja-kerkon-perfundimin-e-objektit-ne-qytetin-e-vjeter\/#primaryimage"},"datePublished":"2011-12-12T20:54:27+00:00","dateModified":"2011-12-12T20:55:31+00:00","author":{"@id":"https:\/\/www.visit-ulcinj.com\/blog\/#\/schema\/person\/dcab619c614d3038751c63bc2aadc06d"},"description":"Para shum\u00eb viteve n\u00eb pjes\u00ebn e poshtme t\u00eb qytetit t\u00eb vjet\u00ebr t\u00eb Ulqinit filluan punimet n\u00eb nj\u00eb objekt i cili n\u00eb mas\u00eb t\u00eb madhe ndryshon pamjen e nj\u00eb prej","breadcrumb":{"@id":"https:\/\/www.visit-ulcinj.com\/blog\/2011\/12\/12\/shoqatakalaja-kerkon-perfundimin-e-objektit-ne-qytetin-e-vjeter\/#breadcrumb"},"inLanguage":"en-US","potentialAction":[{"@type":"ReadAction","target":["https:\/\/www.visit-ulcinj.com\/blog\/2011\/12\/12\/shoqatakalaja-kerkon-perfundimin-e-objektit-ne-qytetin-e-vjeter\/"]}]},{"@type":"BreadcrumbList","@id":"https:\/\/www.visit-ulcinj.com\/blog\/2011\/12\/12\/shoqatakalaja-kerkon-perfundimin-e-objektit-ne-qytetin-e-vjeter\/#breadcrumb","itemListElement":[{"@type":"ListItem","position":1,"name":"Shoqata &#8220;Kalaja&#8221; k\u00ebrkon p\u00ebrfundimin e objektit n\u00eb Qytetin e Vjet\u00ebr"}]},{"@type":"Person","@id":"https:\/\/www.visit-ulcinj.com\/blog\/#\/schema\/person\/dcab619c614d3038751c63bc2aadc06d","name":"ulqini","sameAs":["http:\/\/www.visit-ulcinj.com"],"url":"https:\/\/www.visit-ulcinj.com\/blog\/author\/admin\/"}]}},"jetpack_featured_media_url":"","jetpack_sharing_enabled":true,"jetpack_shortlink":"https:\/\/wp.me\/pe6lTn-e8o","_links":{"self":[{"href":"https:\/\/www.visit-ulcinj.com\/blog\/wp-json\/wp\/v2\/posts\/54336"}],"collection":[{"href":"https:\/\/www.visit-ulcinj.com\/blog\/wp-json\/wp\/v2\/posts"}],"about":[{"href":"https:\/\/www.visit-ulcinj.com\/blog\/wp-json\/wp\/v2\/types\/post"}],"author":[{"embeddable":true,"href":"https:\/\/www.visit-ulcinj.com\/blog\/wp-json\/wp\/v2\/users\/1"}],"replies":[{"embeddable":true,"href":"https:\/\/www.visit-ulcinj.com\/blog\/wp-json\/wp\/v2\/comments?post=54336"}],"version-history":[{"count":3,"href":"https:\/\/www.visit-ulcinj.com\/blog\/wp-json\/wp\/v2\/posts\/54336\/revisions"}],"predecessor-version":[{"id":54345,"href":"https:\/\/www.visit-ulcinj.com\/blog\/wp-json\/wp\/v2\/posts\/54336\/revisions\/54345"}],"wp:attachment":[{"href":"https:\/\/www.visit-ulcinj.com\/blog\/wp-json\/wp\/v2\/media?parent=54336"}],"wp:term":[{"taxonomy":"category","embeddable":true,"href":"https:\/\/www.visit-ulcinj.com\/blog\/wp-json\/wp\/v2\/categories?post=54336"},{"taxonomy":"post_tag","embeddable":true,"href":"https:\/\/www.visit-ulcinj.com\/blog\/wp-json\/wp\/v2\/tags?post=54336"}],"curies":[{"name":"wp","href":"https:\/\/api.w.org\/{rel}","templated":true}]}}