{"id":54346,"date":"2011-12-12T22:21:33","date_gmt":"2011-12-12T21:21:33","guid":{"rendered":"http:\/\/www.visit-ulcinj.com\/blog\/?p=54346"},"modified":"2011-12-12T22:21:33","modified_gmt":"2011-12-12T21:21:33","slug":"magjia-letrare-e-hajro-ulqinakut","status":"publish","type":"post","link":"https:\/\/www.visit-ulcinj.com\/blog\/2011\/12\/12\/magjia-letrare-e-hajro-ulqinakut\/","title":{"rendered":"Magjia letrare e Hajro Ulqinakut"},"content":{"rendered":"<p><strong>\u00a0<a href=\"http:\/\/www.visit-ulcinj.com\/blog\/wp-content\/uploads\/2011\/12\/Hajro-Ulqinaku.jpg\"><img loading=\"lazy\" class=\"alignleft size-full wp-image-54347\" title=\"Hajro Ulqinaku\" src=\"http:\/\/www.visit-ulcinj.com\/blog\/wp-content\/uploads\/2011\/12\/Hajro-Ulqinaku.jpg\" alt=\"\" width=\"340\" height=\"420\" \/><\/a>Nga Asllan Bisha<\/strong><\/p>\n<p>Hajro Ulqinaku \u00ebsht\u00eb autor i 20 veprave letrare p\u00ebr f\u00ebmije. Shkrimtar i detit magjik i cili se la kurr\u00eb t\u00eb qet\u00eb edhe kur ishte larg vendlindjes. Nj\u00eb cop\u00eb det e kishte n\u00eb shpirt n\u00eb zemer e mbante me veti dhe n\u00eb jet\u00ebn e tij. Kjo dashuri e p\u00ebrcolli gjat\u00eb gjith\u00eb jet\u00ebs. Dhe k\u00ebt\u00eb e ndau me f\u00ebmij\u00eb. Dhe personazhet e tij t\u00eb vendlindjes u b\u00ebn\u00eb pron\u00eb e f\u00ebmij\u00ebve t\u00eb Kosov\u00ebs, por me koh\u00eb edhe personazhe gjithkomb\u00ebtare.<\/p>\n<p>Hajro Ulqinaku tani u paraqit me nj\u00eb lib\u00ebr t\u00eb rinj \u201cTrilon\u201d q\u00eb \u00ebsht\u00eb lib\u00ebr i dy romaneve \u201cGjiri I shpres\u00ebs\u201d roman p\u00ebr f\u00ebmij\u00eb dhe t\u00eb ri dhe romanin \u201cLimani i qet\u00ebsis\u00eb\u201d: Jan\u00eb k\u00ebto dy vepra t\u00eb zghedhura t\u00eb autorit p\u00ebr detin ku del n\u00eb pah f\u00ebmij\u00ebria, and\u00ebrrallat e paharrueshme p\u00ebr t\u00eb pushtuar detin e pafund edhe pse duke u lar\u00eb n\u00eb cektina shpirti i tij bridhte thell\u00ebsive t\u00eb detit p\u00ebr t\u00eb z\u00ebn\u00eb peshkun e art\u00eb duke k\u00ebrkuar lumturin\u00eb f\u00ebmij\u00ebrore, rinore t\u00eb njeriut. K\u00ebrkimi n\u00eb gjirin e shp\u00ebtimit, n\u00eb limanit e qet\u00ebsis\u00eb. N\u00eb k\u00ebt\u00eb lundrim personazhet nxitojn\u00eb p\u00ebr t\u00eb gjetur lumturin\u00eb t\u00eb cil\u00ebn e rr\u00ebnojn\u00eb barbar\u00ebt. Se autori jetoi n\u00eb koh\u00ebt barbare. K\u00ebta f\u00ebmij\u00eb he aventurat e tyre jan\u00eb t\u00eb m\u00ebdha t\u00eb guximshme p\u00ebr t\u00eb hulumtuar hap\u00ebsirat detare p\u00ebr mir\u00ebqenie e mbijetes\u00eb familjare.<\/p>\n<p>N\u00eb romanin \u201cLimani i qet\u00ebsis\u00eb\u201dautori p\u00ebrmes plakut t\u00eb urt\u00eb detar paraqet fatin e njeriut t\u00eb rrezikuar, I cili nuk kishte mund\u00ebsi p\u00ebr t\u00eb shijuar qet\u00ebsin\u00eb shpirt\u00ebrore ngase biri i tij kishte m\u00ebrguar.<br \/>\n<a href=\"http:\/\/www.visit-ulcinj.com\/blog\/wp-content\/uploads\/2011\/12\/Hajro-Ulqinaku.1.jpg\"><img loading=\"lazy\" class=\"alignleft size-full wp-image-54348\" title=\"Hajro Ulqinaku.1\" src=\"http:\/\/www.visit-ulcinj.com\/blog\/wp-content\/uploads\/2011\/12\/Hajro-Ulqinaku.1.jpg\" alt=\"\" width=\"508\" height=\"354\" \/><\/a><\/p>\n<p><strong> \/Dhe kjo plag\u00eb e vjet\u00ebr nga lasht\u00ebsia ka r\u00ebnduar mbi qenien ton\u00eb komb\u00ebtare\/<\/strong><\/p>\n<p>Luftrat ikja, shp\u00ebrngulja ishin plag\u00eb e r\u00ebnd\u00eb t\u00eb cil\u00ebn e p\u00ebrjetoi populli yn\u00eb. Frika nga barbar\u00ebt dhe lufta jan\u00eb breng\u00eb e autorit e plakut t\u00eb urt\u00eb, i cili g\u00ebzohet kur djali kthehet n\u00eb sht\u00ebpi me nuse. Kjo \u00ebsht\u00eb shpres\u00eb se jeta po lind dhe dit\u00ebt m\u00eb t\u00eb mira sikur po i kthehen kombit ton\u00eb v\u00ebrehen n\u00eb roman, i cili me fjali t\u00eb shkurta, me p\u00ebrshkrim joshes dhe poetik q\u00eb \u00ebsht\u00eb ve\u00e7uri e k\u00ebtij autori do t\u00eb jet\u00eb vep\u00ebr e cila m\u00ebson edukon f\u00ebmi\u00ebt dhe t\u00eb rinjt\u00eb. Hajro Ulqinaku me p\u00ebrshkrime t\u00eb ambjentit bregdetar dhe me pasurin\u00eb leksike t\u00eb detit e begaton gjuh\u00ebn ton\u00eb, nd\u00ebrsa ata q\u00eb si din\u00eb k\u00ebto fjal\u00eb i gjejn\u00eb n\u00eb nj\u00eb fjalorth t\u00eb librit i cili ka vler\u00eb dhe lexuesi nga gjiri i shpres\u00ebs do t\u00eb strehohet n\u00eb limanin e qet\u00ebsis\u00eb. Dhe duke lexuar ket\u00eb lib\u00ebr t\u00eb pag\u00ebzuar \u201cTriton\u201d do t\u00eb p\u00ebrjetoj\u00eb lundrim artistic t\u00eb rrjedhsh\u00ebm dhe t\u00eb k\u00ebndsh\u00ebm letrar.<\/p>\n<p><strong>\u00a0Koha Javore<\/strong><\/p>\n","protected":false},"excerpt":{"rendered":"<p>\u00a0Nga Asllan Bisha Hajro Ulqinaku \u00ebsht\u00eb autor i 20 veprave letrare p\u00ebr f\u00ebmije. Shkrimtar i detit magjik i cili se la kurr\u00eb t\u00eb qet\u00eb edhe kur ishte larg vendlindjes. Nj\u00eb cop\u00eb det e kishte n\u00eb shpirt n\u00eb zemer e mbante me veti dhe n\u00eb jet\u00ebn e tij. Kjo dashuri e p\u00ebrcolli gjat\u00eb gjith\u00eb jet\u00ebs. Dhe [&hellip;]<\/p>\n","protected":false},"author":1,"featured_media":0,"comment_status":"open","ping_status":"closed","sticky":false,"template":"","format":"standard","meta":{"spay_email":"","jetpack_publicize_message":"","jetpack_is_tweetstorm":false,"jetpack_publicize_feature_enabled":true},"categories":[4],"tags":[961,200,18],"jetpack_publicize_connections":[],"yoast_head":"<!-- This site is optimized with the Yoast SEO plugin v19.1 - https:\/\/yoast.com\/wordpress\/plugins\/seo\/ -->\n<title>Magjia letrare e Hajro Ulqinakut - Lajme nga Ulqini<\/title>\n<meta name=\"description\" content=\"\u00a0Nga Asllan Bisha Hajro Ulqinaku \u00ebsht\u00eb autor i 20 veprave letrare p\u00ebr f\u00ebmije. Shkrimtar i detit magjik i cili se la kurr\u00eb t\u00eb qet\u00eb edhe kur ishte larg\" \/>\n<meta name=\"robots\" content=\"index, follow, max-snippet:-1, max-image-preview:large, max-video-preview:-1\" \/>\n<link rel=\"canonical\" href=\"https:\/\/www.visit-ulcinj.com\/blog\/2011\/12\/12\/magjia-letrare-e-hajro-ulqinakut\/\" \/>\n<meta property=\"og:locale\" content=\"en_US\" \/>\n<meta property=\"og:type\" content=\"article\" \/>\n<meta property=\"og:title\" content=\"Magjia letrare e Hajro Ulqinakut - Lajme nga Ulqini\" \/>\n<meta property=\"og:description\" content=\"\u00a0Nga Asllan Bisha Hajro Ulqinaku \u00ebsht\u00eb autor i 20 veprave letrare p\u00ebr f\u00ebmije. Shkrimtar i detit magjik i cili se la kurr\u00eb t\u00eb qet\u00eb edhe kur ishte larg\" \/>\n<meta property=\"og:url\" content=\"https:\/\/www.visit-ulcinj.com\/blog\/2011\/12\/12\/magjia-letrare-e-hajro-ulqinakut\/\" \/>\n<meta property=\"og:site_name\" content=\"Lajme nga Ulqini\" \/>\n<meta property=\"article:published_time\" content=\"2011-12-12T21:21:33+00:00\" \/>\n<meta property=\"og:image\" content=\"http:\/\/www.visit-ulcinj.com\/blog\/wp-content\/uploads\/2011\/12\/Hajro-Ulqinaku.jpg\" \/>\n<meta name=\"twitter:label1\" content=\"Written by\" \/>\n\t<meta name=\"twitter:data1\" content=\"ulqini\" \/>\n\t<meta name=\"twitter:label2\" content=\"Est. reading time\" \/>\n\t<meta name=\"twitter:data2\" content=\"2 minutes\" \/>\n<script type=\"application\/ld+json\" class=\"yoast-schema-graph\">{\"@context\":\"https:\/\/schema.org\",\"@graph\":[{\"@type\":\"WebSite\",\"@id\":\"https:\/\/www.visit-ulcinj.com\/blog\/#website\",\"url\":\"https:\/\/www.visit-ulcinj.com\/blog\/\",\"name\":\"Lajme nga Ulqini\",\"description\":\"Lajme,Vijesti,Ulqini,Ulqin,Crna Gora,Mali i Zi\",\"potentialAction\":[{\"@type\":\"SearchAction\",\"target\":{\"@type\":\"EntryPoint\",\"urlTemplate\":\"https:\/\/www.visit-ulcinj.com\/blog\/?s={search_term_string}\"},\"query-input\":\"required name=search_term_string\"}],\"inLanguage\":\"en-US\"},{\"@type\":\"ImageObject\",\"inLanguage\":\"en-US\",\"@id\":\"https:\/\/www.visit-ulcinj.com\/blog\/2011\/12\/12\/magjia-letrare-e-hajro-ulqinakut\/#primaryimage\",\"url\":\"https:\/\/www.visit-ulcinj.com\/blog\/wp-content\/uploads\/2011\/12\/Hajro-Ulqinaku.jpg\",\"contentUrl\":\"https:\/\/www.visit-ulcinj.com\/blog\/wp-content\/uploads\/2011\/12\/Hajro-Ulqinaku.jpg\",\"width\":\"340\",\"height\":\"453\"},{\"@type\":\"WebPage\",\"@id\":\"https:\/\/www.visit-ulcinj.com\/blog\/2011\/12\/12\/magjia-letrare-e-hajro-ulqinakut\/#webpage\",\"url\":\"https:\/\/www.visit-ulcinj.com\/blog\/2011\/12\/12\/magjia-letrare-e-hajro-ulqinakut\/\",\"name\":\"Magjia letrare e Hajro Ulqinakut - Lajme nga Ulqini\",\"isPartOf\":{\"@id\":\"https:\/\/www.visit-ulcinj.com\/blog\/#website\"},\"primaryImageOfPage\":{\"@id\":\"https:\/\/www.visit-ulcinj.com\/blog\/2011\/12\/12\/magjia-letrare-e-hajro-ulqinakut\/#primaryimage\"},\"datePublished\":\"2011-12-12T21:21:33+00:00\",\"dateModified\":\"2011-12-12T21:21:33+00:00\",\"author\":{\"@id\":\"https:\/\/www.visit-ulcinj.com\/blog\/#\/schema\/person\/dcab619c614d3038751c63bc2aadc06d\"},\"description\":\"\u00a0Nga Asllan Bisha Hajro Ulqinaku \u00ebsht\u00eb autor i 20 veprave letrare p\u00ebr f\u00ebmije. Shkrimtar i detit magjik i cili se la kurr\u00eb t\u00eb qet\u00eb edhe kur ishte larg\",\"breadcrumb\":{\"@id\":\"https:\/\/www.visit-ulcinj.com\/blog\/2011\/12\/12\/magjia-letrare-e-hajro-ulqinakut\/#breadcrumb\"},\"inLanguage\":\"en-US\",\"potentialAction\":[{\"@type\":\"ReadAction\",\"target\":[\"https:\/\/www.visit-ulcinj.com\/blog\/2011\/12\/12\/magjia-letrare-e-hajro-ulqinakut\/\"]}]},{\"@type\":\"BreadcrumbList\",\"@id\":\"https:\/\/www.visit-ulcinj.com\/blog\/2011\/12\/12\/magjia-letrare-e-hajro-ulqinakut\/#breadcrumb\",\"itemListElement\":[{\"@type\":\"ListItem\",\"position\":1,\"name\":\"Magjia letrare e Hajro Ulqinakut\"}]},{\"@type\":\"Person\",\"@id\":\"https:\/\/www.visit-ulcinj.com\/blog\/#\/schema\/person\/dcab619c614d3038751c63bc2aadc06d\",\"name\":\"ulqini\",\"sameAs\":[\"http:\/\/www.visit-ulcinj.com\"],\"url\":\"https:\/\/www.visit-ulcinj.com\/blog\/author\/admin\/\"}]}<\/script>\n<!-- \/ Yoast SEO plugin. -->","yoast_head_json":{"title":"Magjia letrare e Hajro Ulqinakut - Lajme nga Ulqini","description":"\u00a0Nga Asllan Bisha Hajro Ulqinaku \u00ebsht\u00eb autor i 20 veprave letrare p\u00ebr f\u00ebmije. Shkrimtar i detit magjik i cili se la kurr\u00eb t\u00eb qet\u00eb edhe kur ishte larg","robots":{"index":"index","follow":"follow","max-snippet":"max-snippet:-1","max-image-preview":"max-image-preview:large","max-video-preview":"max-video-preview:-1"},"canonical":"https:\/\/www.visit-ulcinj.com\/blog\/2011\/12\/12\/magjia-letrare-e-hajro-ulqinakut\/","og_locale":"en_US","og_type":"article","og_title":"Magjia letrare e Hajro Ulqinakut - Lajme nga Ulqini","og_description":"\u00a0Nga Asllan Bisha Hajro Ulqinaku \u00ebsht\u00eb autor i 20 veprave letrare p\u00ebr f\u00ebmije. Shkrimtar i detit magjik i cili se la kurr\u00eb t\u00eb qet\u00eb edhe kur ishte larg","og_url":"https:\/\/www.visit-ulcinj.com\/blog\/2011\/12\/12\/magjia-letrare-e-hajro-ulqinakut\/","og_site_name":"Lajme nga Ulqini","article_published_time":"2011-12-12T21:21:33+00:00","og_image":[{"url":"http:\/\/www.visit-ulcinj.com\/blog\/wp-content\/uploads\/2011\/12\/Hajro-Ulqinaku.jpg"}],"twitter_misc":{"Written by":"ulqini","Est. reading time":"2 minutes"},"schema":{"@context":"https:\/\/schema.org","@graph":[{"@type":"WebSite","@id":"https:\/\/www.visit-ulcinj.com\/blog\/#website","url":"https:\/\/www.visit-ulcinj.com\/blog\/","name":"Lajme nga Ulqini","description":"Lajme,Vijesti,Ulqini,Ulqin,Crna Gora,Mali i Zi","potentialAction":[{"@type":"SearchAction","target":{"@type":"EntryPoint","urlTemplate":"https:\/\/www.visit-ulcinj.com\/blog\/?s={search_term_string}"},"query-input":"required name=search_term_string"}],"inLanguage":"en-US"},{"@type":"ImageObject","inLanguage":"en-US","@id":"https:\/\/www.visit-ulcinj.com\/blog\/2011\/12\/12\/magjia-letrare-e-hajro-ulqinakut\/#primaryimage","url":"https:\/\/www.visit-ulcinj.com\/blog\/wp-content\/uploads\/2011\/12\/Hajro-Ulqinaku.jpg","contentUrl":"https:\/\/www.visit-ulcinj.com\/blog\/wp-content\/uploads\/2011\/12\/Hajro-Ulqinaku.jpg","width":"340","height":"453"},{"@type":"WebPage","@id":"https:\/\/www.visit-ulcinj.com\/blog\/2011\/12\/12\/magjia-letrare-e-hajro-ulqinakut\/#webpage","url":"https:\/\/www.visit-ulcinj.com\/blog\/2011\/12\/12\/magjia-letrare-e-hajro-ulqinakut\/","name":"Magjia letrare e Hajro Ulqinakut - Lajme nga Ulqini","isPartOf":{"@id":"https:\/\/www.visit-ulcinj.com\/blog\/#website"},"primaryImageOfPage":{"@id":"https:\/\/www.visit-ulcinj.com\/blog\/2011\/12\/12\/magjia-letrare-e-hajro-ulqinakut\/#primaryimage"},"datePublished":"2011-12-12T21:21:33+00:00","dateModified":"2011-12-12T21:21:33+00:00","author":{"@id":"https:\/\/www.visit-ulcinj.com\/blog\/#\/schema\/person\/dcab619c614d3038751c63bc2aadc06d"},"description":"\u00a0Nga Asllan Bisha Hajro Ulqinaku \u00ebsht\u00eb autor i 20 veprave letrare p\u00ebr f\u00ebmije. Shkrimtar i detit magjik i cili se la kurr\u00eb t\u00eb qet\u00eb edhe kur ishte larg","breadcrumb":{"@id":"https:\/\/www.visit-ulcinj.com\/blog\/2011\/12\/12\/magjia-letrare-e-hajro-ulqinakut\/#breadcrumb"},"inLanguage":"en-US","potentialAction":[{"@type":"ReadAction","target":["https:\/\/www.visit-ulcinj.com\/blog\/2011\/12\/12\/magjia-letrare-e-hajro-ulqinakut\/"]}]},{"@type":"BreadcrumbList","@id":"https:\/\/www.visit-ulcinj.com\/blog\/2011\/12\/12\/magjia-letrare-e-hajro-ulqinakut\/#breadcrumb","itemListElement":[{"@type":"ListItem","position":1,"name":"Magjia letrare e Hajro Ulqinakut"}]},{"@type":"Person","@id":"https:\/\/www.visit-ulcinj.com\/blog\/#\/schema\/person\/dcab619c614d3038751c63bc2aadc06d","name":"ulqini","sameAs":["http:\/\/www.visit-ulcinj.com"],"url":"https:\/\/www.visit-ulcinj.com\/blog\/author\/admin\/"}]}},"jetpack_featured_media_url":"","jetpack_sharing_enabled":true,"jetpack_shortlink":"https:\/\/wp.me\/pe6lTn-e8y","_links":{"self":[{"href":"https:\/\/www.visit-ulcinj.com\/blog\/wp-json\/wp\/v2\/posts\/54346"}],"collection":[{"href":"https:\/\/www.visit-ulcinj.com\/blog\/wp-json\/wp\/v2\/posts"}],"about":[{"href":"https:\/\/www.visit-ulcinj.com\/blog\/wp-json\/wp\/v2\/types\/post"}],"author":[{"embeddable":true,"href":"https:\/\/www.visit-ulcinj.com\/blog\/wp-json\/wp\/v2\/users\/1"}],"replies":[{"embeddable":true,"href":"https:\/\/www.visit-ulcinj.com\/blog\/wp-json\/wp\/v2\/comments?post=54346"}],"version-history":[{"count":1,"href":"https:\/\/www.visit-ulcinj.com\/blog\/wp-json\/wp\/v2\/posts\/54346\/revisions"}],"predecessor-version":[{"id":54349,"href":"https:\/\/www.visit-ulcinj.com\/blog\/wp-json\/wp\/v2\/posts\/54346\/revisions\/54349"}],"wp:attachment":[{"href":"https:\/\/www.visit-ulcinj.com\/blog\/wp-json\/wp\/v2\/media?parent=54346"}],"wp:term":[{"taxonomy":"category","embeddable":true,"href":"https:\/\/www.visit-ulcinj.com\/blog\/wp-json\/wp\/v2\/categories?post=54346"},{"taxonomy":"post_tag","embeddable":true,"href":"https:\/\/www.visit-ulcinj.com\/blog\/wp-json\/wp\/v2\/tags?post=54346"}],"curies":[{"name":"wp","href":"https:\/\/api.w.org\/{rel}","templated":true}]}}