{"id":54360,"date":"2011-12-13T10:43:43","date_gmt":"2011-12-13T09:43:43","guid":{"rendered":"http:\/\/www.visit-ulcinj.com\/blog\/?p=54360"},"modified":"2011-12-13T10:43:43","modified_gmt":"2011-12-13T09:43:43","slug":"ulcinj-ne-gazduje-obalom-zbog-albanske-vecine","status":"publish","type":"post","link":"https:\/\/www.visit-ulcinj.com\/blog\/2011\/12\/13\/ulcinj-ne-gazduje-obalom-zbog-albanske-vecine\/","title":{"rendered":"Ulcinj ne gazduje obalom zbog albanske ve\u0107ine"},"content":{"rendered":"<p><a href=\"http:\/\/www.visit-ulcinj.com\/blog\/wp-content\/uploads\/2011\/12\/NVO-Mogul-Ulcinj_analiza-monitoringa-JP_Morsko-Dobro_Crna-Gora1.jpg\"><img loading=\"lazy\" class=\"alignleft size-full wp-image-54361\" title=\"NVO-Mogul-Ulcinj_analiza-monitoringa-JP_Morsko-Dobro_Crna-Gora\" src=\"http:\/\/www.visit-ulcinj.com\/blog\/wp-content\/uploads\/2011\/12\/NVO-Mogul-Ulcinj_analiza-monitoringa-JP_Morsko-Dobro_Crna-Gora1.jpg\" alt=\"\" width=\"508\" height=\"620\" \/><\/a>Novi nacrt zakona o Morskom dobru ne smije za\u017eivjeti, jednoglasni su odbornici Skup\u0161tine op\u0161tine Ulcinj.<\/p>\n<p>Isto mi\u0161ljenje, interpretirano na razli\u010dite na\u010dine, uz bacanje krivice za sada\u0161nje stanje kada je, prije svega, granica Morskog dobra u pitanju, ju\u010dera\u0161nju sjednicu lokalnog parlamenta ulcinjski odbornici pretvorili su u petosatni maraton optu\u017ebi, pi\u0161u Dnevne novine.<\/p>\n<p>Odbornici su se slo\u017eili da predlo\u017eeni tekst nacrta zakona ne nudi rje\u0161enje koje se bitno razlikuje od va\u017ee\u0107eg zakona i zadr\u017eava dosada\u0161nji princip upravljanja Morskim dobrom, \u0161to smatraju neprihvatljivim.<\/p>\n<p>Ispred Mogula, politikolog Dritan Abazovi\u0107 je poru\u010dio da je krajnje vrijeme da se stane na put legalnom isisavanju novca iz Ulcinja.<\/p>\n<p>&#8220;Granica Morskog dobra je sramna i kriminalna. Zar neko misli da Ulcinjani nemaju potpuno ista prava kao i gra\u0111ani drugih primorskih op\u0161tina u Crnoj Gori. Sada je trenutak da ispravimo istorijsku nepravdu&#8221;, kazao je Abazovi\u0107.<\/p>\n<p>Slo\u017eili su se i da je neophodno obezbijediti ve\u0107u ingerenciju lokalnih samouprava u zoni Morskog dobra, a na zahtjev predstavnika NVO Mogul Dritana Abazovi\u0107a usvojen je i zaklju\u010dak u kome stoji da predlo\u017eeni Nacrt zakona nije uskla\u0111en sa interesima gra\u0111ana op\u0161tine Ulcinj.<\/p>\n<p>Potpredsjednik FORCE Genci Nimanbegu poru\u010dio je da \u0107e se ta stranka boriti protiv zloupotrebe zakona i na\u010dina upravljanja Morskim dobrom.<\/p>\n<p><a href=\"http:\/\/www.cafemontenegro.com\/index.php?group=43&amp;news=217514\" target=\"_blank\"><strong>Izvor: CdM\/Dnevne novine<\/strong><\/a><\/p>\n<p><strong>[flv]http:\/\/www.velikaplaza.info\/gallery\/video\/stream.php?f=Velika_Plaza_movie_Jan_2009.flv[\/flv]<\/strong><\/p>\n","protected":false},"excerpt":{"rendered":"<p>Novi nacrt zakona o Morskom dobru ne smije za\u017eivjeti, jednoglasni su odbornici Skup\u0161tine op\u0161tine Ulcinj. Isto mi\u0161ljenje, interpretirano na razli\u010dite na\u010dine, uz bacanje krivice za sada\u0161nje stanje kada je, prije svega, granica Morskog dobra u pitanju, ju\u010dera\u0161nju sjednicu lokalnog parlamenta ulcinjski odbornici pretvorili su u petosatni maraton optu\u017ebi, pi\u0161u Dnevne novine. Odbornici su se slo\u017eili [&hellip;]<\/p>\n","protected":false},"author":1,"featured_media":0,"comment_status":"open","ping_status":"closed","sticky":false,"template":"","format":"standard","meta":{"spay_email":"","jetpack_publicize_message":"","jetpack_is_tweetstorm":false,"jetpack_publicize_feature_enabled":true},"categories":[8337],"tags":[2725,264,19],"jetpack_publicize_connections":[],"yoast_head":"<!-- This site is optimized with the Yoast SEO plugin v19.1 - https:\/\/yoast.com\/wordpress\/plugins\/seo\/ -->\n<title>Ulcinj ne gazduje obalom zbog albanske ve\u0107ine - Lajme nga Ulqini<\/title>\n<meta name=\"description\" content=\"Novi nacrt zakona o Morskom dobru ne smije za\u017eivjeti, jednoglasni su odbornici Skup\u0161tine op\u0161tine Ulcinj. Isto mi\u0161ljenje, interpretirano na razli\u010dite\" \/>\n<meta name=\"robots\" content=\"index, follow, max-snippet:-1, max-image-preview:large, max-video-preview:-1\" \/>\n<link rel=\"canonical\" href=\"https:\/\/www.visit-ulcinj.com\/blog\/2011\/12\/13\/ulcinj-ne-gazduje-obalom-zbog-albanske-vecine\/\" \/>\n<meta property=\"og:locale\" content=\"en_US\" \/>\n<meta property=\"og:type\" content=\"article\" \/>\n<meta property=\"og:title\" content=\"Ulcinj ne gazduje obalom zbog albanske ve\u0107ine - Lajme nga Ulqini\" \/>\n<meta property=\"og:description\" content=\"Novi nacrt zakona o Morskom dobru ne smije za\u017eivjeti, jednoglasni su odbornici Skup\u0161tine op\u0161tine Ulcinj. Isto mi\u0161ljenje, interpretirano na razli\u010dite\" \/>\n<meta property=\"og:url\" content=\"https:\/\/www.visit-ulcinj.com\/blog\/2011\/12\/13\/ulcinj-ne-gazduje-obalom-zbog-albanske-vecine\/\" \/>\n<meta property=\"og:site_name\" content=\"Lajme nga Ulqini\" \/>\n<meta property=\"article:published_time\" content=\"2011-12-13T09:43:43+00:00\" \/>\n<meta property=\"og:image\" content=\"http:\/\/www.visit-ulcinj.com\/blog\/wp-content\/uploads\/2011\/12\/NVO-Mogul-Ulcinj_analiza-monitoringa-JP_Morsko-Dobro_Crna-Gora1.jpg\" \/>\n<meta name=\"twitter:label1\" content=\"Written by\" \/>\n\t<meta name=\"twitter:data1\" content=\"ulqini\" \/>\n\t<meta name=\"twitter:label2\" content=\"Est. reading time\" \/>\n\t<meta name=\"twitter:data2\" content=\"1 minute\" \/>\n<script type=\"application\/ld+json\" class=\"yoast-schema-graph\">{\"@context\":\"https:\/\/schema.org\",\"@graph\":[{\"@type\":\"WebSite\",\"@id\":\"https:\/\/www.visit-ulcinj.com\/blog\/#website\",\"url\":\"https:\/\/www.visit-ulcinj.com\/blog\/\",\"name\":\"Lajme nga Ulqini\",\"description\":\"Lajme,Vijesti,Ulqini,Ulqin,Crna Gora,Mali i Zi\",\"potentialAction\":[{\"@type\":\"SearchAction\",\"target\":{\"@type\":\"EntryPoint\",\"urlTemplate\":\"https:\/\/www.visit-ulcinj.com\/blog\/?s={search_term_string}\"},\"query-input\":\"required name=search_term_string\"}],\"inLanguage\":\"en-US\"},{\"@type\":\"ImageObject\",\"inLanguage\":\"en-US\",\"@id\":\"https:\/\/www.visit-ulcinj.com\/blog\/2011\/12\/13\/ulcinj-ne-gazduje-obalom-zbog-albanske-vecine\/#primaryimage\",\"url\":\"https:\/\/www.visit-ulcinj.com\/blog\/wp-content\/uploads\/2011\/12\/NVO-Mogul-Ulcinj_analiza-monitoringa-JP_Morsko-Dobro_Crna-Gora1.jpg\",\"contentUrl\":\"https:\/\/www.visit-ulcinj.com\/blog\/wp-content\/uploads\/2011\/12\/NVO-Mogul-Ulcinj_analiza-monitoringa-JP_Morsko-Dobro_Crna-Gora1.jpg\",\"width\":\"540\",\"height\":\"958\"},{\"@type\":\"WebPage\",\"@id\":\"https:\/\/www.visit-ulcinj.com\/blog\/2011\/12\/13\/ulcinj-ne-gazduje-obalom-zbog-albanske-vecine\/#webpage\",\"url\":\"https:\/\/www.visit-ulcinj.com\/blog\/2011\/12\/13\/ulcinj-ne-gazduje-obalom-zbog-albanske-vecine\/\",\"name\":\"Ulcinj ne gazduje obalom zbog albanske ve\u0107ine - Lajme nga Ulqini\",\"isPartOf\":{\"@id\":\"https:\/\/www.visit-ulcinj.com\/blog\/#website\"},\"primaryImageOfPage\":{\"@id\":\"https:\/\/www.visit-ulcinj.com\/blog\/2011\/12\/13\/ulcinj-ne-gazduje-obalom-zbog-albanske-vecine\/#primaryimage\"},\"datePublished\":\"2011-12-13T09:43:43+00:00\",\"dateModified\":\"2011-12-13T09:43:43+00:00\",\"author\":{\"@id\":\"https:\/\/www.visit-ulcinj.com\/blog\/#\/schema\/person\/dcab619c614d3038751c63bc2aadc06d\"},\"description\":\"Novi nacrt zakona o Morskom dobru ne smije za\u017eivjeti, jednoglasni su odbornici Skup\u0161tine op\u0161tine Ulcinj. Isto mi\u0161ljenje, interpretirano na razli\u010dite\",\"breadcrumb\":{\"@id\":\"https:\/\/www.visit-ulcinj.com\/blog\/2011\/12\/13\/ulcinj-ne-gazduje-obalom-zbog-albanske-vecine\/#breadcrumb\"},\"inLanguage\":\"en-US\",\"potentialAction\":[{\"@type\":\"ReadAction\",\"target\":[\"https:\/\/www.visit-ulcinj.com\/blog\/2011\/12\/13\/ulcinj-ne-gazduje-obalom-zbog-albanske-vecine\/\"]}]},{\"@type\":\"BreadcrumbList\",\"@id\":\"https:\/\/www.visit-ulcinj.com\/blog\/2011\/12\/13\/ulcinj-ne-gazduje-obalom-zbog-albanske-vecine\/#breadcrumb\",\"itemListElement\":[{\"@type\":\"ListItem\",\"position\":1,\"name\":\"Ulcinj ne gazduje obalom zbog albanske ve\u0107ine\"}]},{\"@type\":\"Person\",\"@id\":\"https:\/\/www.visit-ulcinj.com\/blog\/#\/schema\/person\/dcab619c614d3038751c63bc2aadc06d\",\"name\":\"ulqini\",\"sameAs\":[\"http:\/\/www.visit-ulcinj.com\"],\"url\":\"https:\/\/www.visit-ulcinj.com\/blog\/author\/admin\/\"}]}<\/script>\n<!-- \/ Yoast SEO plugin. -->","yoast_head_json":{"title":"Ulcinj ne gazduje obalom zbog albanske ve\u0107ine - Lajme nga Ulqini","description":"Novi nacrt zakona o Morskom dobru ne smije za\u017eivjeti, jednoglasni su odbornici Skup\u0161tine op\u0161tine Ulcinj. Isto mi\u0161ljenje, interpretirano na razli\u010dite","robots":{"index":"index","follow":"follow","max-snippet":"max-snippet:-1","max-image-preview":"max-image-preview:large","max-video-preview":"max-video-preview:-1"},"canonical":"https:\/\/www.visit-ulcinj.com\/blog\/2011\/12\/13\/ulcinj-ne-gazduje-obalom-zbog-albanske-vecine\/","og_locale":"en_US","og_type":"article","og_title":"Ulcinj ne gazduje obalom zbog albanske ve\u0107ine - Lajme nga Ulqini","og_description":"Novi nacrt zakona o Morskom dobru ne smije za\u017eivjeti, jednoglasni su odbornici Skup\u0161tine op\u0161tine Ulcinj. Isto mi\u0161ljenje, interpretirano na razli\u010dite","og_url":"https:\/\/www.visit-ulcinj.com\/blog\/2011\/12\/13\/ulcinj-ne-gazduje-obalom-zbog-albanske-vecine\/","og_site_name":"Lajme nga Ulqini","article_published_time":"2011-12-13T09:43:43+00:00","og_image":[{"url":"http:\/\/www.visit-ulcinj.com\/blog\/wp-content\/uploads\/2011\/12\/NVO-Mogul-Ulcinj_analiza-monitoringa-JP_Morsko-Dobro_Crna-Gora1.jpg"}],"twitter_misc":{"Written by":"ulqini","Est. reading time":"1 minute"},"schema":{"@context":"https:\/\/schema.org","@graph":[{"@type":"WebSite","@id":"https:\/\/www.visit-ulcinj.com\/blog\/#website","url":"https:\/\/www.visit-ulcinj.com\/blog\/","name":"Lajme nga Ulqini","description":"Lajme,Vijesti,Ulqini,Ulqin,Crna Gora,Mali i Zi","potentialAction":[{"@type":"SearchAction","target":{"@type":"EntryPoint","urlTemplate":"https:\/\/www.visit-ulcinj.com\/blog\/?s={search_term_string}"},"query-input":"required name=search_term_string"}],"inLanguage":"en-US"},{"@type":"ImageObject","inLanguage":"en-US","@id":"https:\/\/www.visit-ulcinj.com\/blog\/2011\/12\/13\/ulcinj-ne-gazduje-obalom-zbog-albanske-vecine\/#primaryimage","url":"https:\/\/www.visit-ulcinj.com\/blog\/wp-content\/uploads\/2011\/12\/NVO-Mogul-Ulcinj_analiza-monitoringa-JP_Morsko-Dobro_Crna-Gora1.jpg","contentUrl":"https:\/\/www.visit-ulcinj.com\/blog\/wp-content\/uploads\/2011\/12\/NVO-Mogul-Ulcinj_analiza-monitoringa-JP_Morsko-Dobro_Crna-Gora1.jpg","width":"540","height":"958"},{"@type":"WebPage","@id":"https:\/\/www.visit-ulcinj.com\/blog\/2011\/12\/13\/ulcinj-ne-gazduje-obalom-zbog-albanske-vecine\/#webpage","url":"https:\/\/www.visit-ulcinj.com\/blog\/2011\/12\/13\/ulcinj-ne-gazduje-obalom-zbog-albanske-vecine\/","name":"Ulcinj ne gazduje obalom zbog albanske ve\u0107ine - Lajme nga Ulqini","isPartOf":{"@id":"https:\/\/www.visit-ulcinj.com\/blog\/#website"},"primaryImageOfPage":{"@id":"https:\/\/www.visit-ulcinj.com\/blog\/2011\/12\/13\/ulcinj-ne-gazduje-obalom-zbog-albanske-vecine\/#primaryimage"},"datePublished":"2011-12-13T09:43:43+00:00","dateModified":"2011-12-13T09:43:43+00:00","author":{"@id":"https:\/\/www.visit-ulcinj.com\/blog\/#\/schema\/person\/dcab619c614d3038751c63bc2aadc06d"},"description":"Novi nacrt zakona o Morskom dobru ne smije za\u017eivjeti, jednoglasni su odbornici Skup\u0161tine op\u0161tine Ulcinj. Isto mi\u0161ljenje, interpretirano na razli\u010dite","breadcrumb":{"@id":"https:\/\/www.visit-ulcinj.com\/blog\/2011\/12\/13\/ulcinj-ne-gazduje-obalom-zbog-albanske-vecine\/#breadcrumb"},"inLanguage":"en-US","potentialAction":[{"@type":"ReadAction","target":["https:\/\/www.visit-ulcinj.com\/blog\/2011\/12\/13\/ulcinj-ne-gazduje-obalom-zbog-albanske-vecine\/"]}]},{"@type":"BreadcrumbList","@id":"https:\/\/www.visit-ulcinj.com\/blog\/2011\/12\/13\/ulcinj-ne-gazduje-obalom-zbog-albanske-vecine\/#breadcrumb","itemListElement":[{"@type":"ListItem","position":1,"name":"Ulcinj ne gazduje obalom zbog albanske ve\u0107ine"}]},{"@type":"Person","@id":"https:\/\/www.visit-ulcinj.com\/blog\/#\/schema\/person\/dcab619c614d3038751c63bc2aadc06d","name":"ulqini","sameAs":["http:\/\/www.visit-ulcinj.com"],"url":"https:\/\/www.visit-ulcinj.com\/blog\/author\/admin\/"}]}},"jetpack_featured_media_url":"","jetpack_sharing_enabled":true,"jetpack_shortlink":"https:\/\/wp.me\/pe6lTn-e8M","_links":{"self":[{"href":"https:\/\/www.visit-ulcinj.com\/blog\/wp-json\/wp\/v2\/posts\/54360"}],"collection":[{"href":"https:\/\/www.visit-ulcinj.com\/blog\/wp-json\/wp\/v2\/posts"}],"about":[{"href":"https:\/\/www.visit-ulcinj.com\/blog\/wp-json\/wp\/v2\/types\/post"}],"author":[{"embeddable":true,"href":"https:\/\/www.visit-ulcinj.com\/blog\/wp-json\/wp\/v2\/users\/1"}],"replies":[{"embeddable":true,"href":"https:\/\/www.visit-ulcinj.com\/blog\/wp-json\/wp\/v2\/comments?post=54360"}],"version-history":[{"count":1,"href":"https:\/\/www.visit-ulcinj.com\/blog\/wp-json\/wp\/v2\/posts\/54360\/revisions"}],"predecessor-version":[{"id":54362,"href":"https:\/\/www.visit-ulcinj.com\/blog\/wp-json\/wp\/v2\/posts\/54360\/revisions\/54362"}],"wp:attachment":[{"href":"https:\/\/www.visit-ulcinj.com\/blog\/wp-json\/wp\/v2\/media?parent=54360"}],"wp:term":[{"taxonomy":"category","embeddable":true,"href":"https:\/\/www.visit-ulcinj.com\/blog\/wp-json\/wp\/v2\/categories?post=54360"},{"taxonomy":"post_tag","embeddable":true,"href":"https:\/\/www.visit-ulcinj.com\/blog\/wp-json\/wp\/v2\/tags?post=54360"}],"curies":[{"name":"wp","href":"https:\/\/api.w.org\/{rel}","templated":true}]}}