{"id":54385,"date":"2011-12-13T18:29:05","date_gmt":"2011-12-13T17:29:05","guid":{"rendered":"http:\/\/www.visit-ulcinj.com\/blog\/?p=54385"},"modified":"2011-12-13T19:01:40","modified_gmt":"2011-12-13T18:01:40","slug":"upravljanje-morskim-dobrom-nasa-kuca-a-tude-dvoriste","status":"publish","type":"post","link":"https:\/\/www.visit-ulcinj.com\/blog\/2011\/12\/13\/upravljanje-morskim-dobrom-nasa-kuca-a-tude-dvoriste\/","title":{"rendered":"Upravljanje morskim dobrom: Na\u0161a ku\u0107a a tu\u0111e dvori\u0161te"},"content":{"rendered":"<p><strong><a href=\"http:\/\/www.visit-ulcinj.com\/blog\/wp-content\/uploads\/2011\/12\/NVO-Mogul-Ulcinj_analiza-monitoringa-JP_Morsko-Dobro_Crna-Gora2.jpg\"><img loading=\"lazy\" class=\"alignleft size-full wp-image-54386\" title=\"NVO-Mogul-Ulcinj_analiza-monitoringa-JP_Morsko-Dobro_Crna-Gora\" src=\"http:\/\/www.visit-ulcinj.com\/blog\/wp-content\/uploads\/2011\/12\/NVO-Mogul-Ulcinj_analiza-monitoringa-JP_Morsko-Dobro_Crna-Gora2.jpg\" alt=\"\" width=\"540\" height=\"958\" srcset=\"https:\/\/www.visit-ulcinj.com\/blog\/wp-content\/uploads\/2011\/12\/NVO-Mogul-Ulcinj_analiza-monitoringa-JP_Morsko-Dobro_Crna-Gora2.jpg 540w, https:\/\/www.visit-ulcinj.com\/blog\/wp-content\/uploads\/2011\/12\/NVO-Mogul-Ulcinj_analiza-monitoringa-JP_Morsko-Dobro_Crna-Gora2-169x300.jpg 169w\" sizes=\"(max-width: 540px) 100vw, 540px\" \/><\/a>Nacrt zakona zadr\u017eava dosada\u0161nji, izrazito centralizovani princip upravljanja morskim dobrom i ne uzima u obzir potrebu u\u010de\u0161\u0107a lokalne uprave u odr\u017eavanju, unapredjenju i za\u0161titi tog prostora. Ulcinjska op\u0161tina bila o\u0161te\u0107ena starim a nacrt nagovje\u0161tava kontinuitet i usvajanjem novog zakona, mi\u0161ljenja je skup\u0161tinska ve\u0107ina<\/strong>.<\/p>\n<p>Pi\u0161e<\/p>\n<p><strong>Radomir Tomi\u0107<\/strong><\/p>\n<p>ULCINJ \u2013 Nacrt zakona o morskom dobru, u svojim temeljnim odredbama ne razlikuje se od va\u017ee\u0107eg, usvojenog jo\u0161 1992 godine, pa je stoga neprihvatljiv i neophodno ga je radikalno izmijeniti, u skladu sa iskustvima mediteranskih zemalja i odgovaraju\u0107im evropskim zakonodavstvom, klju\u010dni je stav odbornika ulcinjskog parlamenta, na ju\u010dera\u0161njem zasijedanju posve\u0107enom ovom zna\u010dajnom dokumentu. Tokom troipo\u010dasovne rasprave, i ako uglavnom na\u010delne, dilema nije bilo: ponu\u0111ena rje\u0161enja nijesu u skladu sa interesima op\u0161tine i njenih gra\u0111ana. Naprotiv, ocijenjeno je- predstavljaju kontinuitet ekonomske i razvojne devastacije cijeloh podru\u010dja.<\/p>\n<p>Po odredbama jo\u0161 va\u017ee\u0107eg zakona, Ulcinj je ku\u0107a \u010dijim dvori\u0161tem upravlja neko drugi, pa ispada da je ku\u0107a na\u0161a a dvori\u0161te tu\u0111e, slikovito je objasnio sopstveni odnos prema ponu\u0111enom dokumentu odbornik Had\u017ei Sulejmani. Na tim istim odredbama, ako sve ostane kako je u ovoj verziji, gradi\u0107e se i budu\u0107i odnosi \u0161to je za ulcinjsku samoupravu i interese gra\u0111ana neprihvatljivo.<\/p>\n<p><strong>Istrajno o op\u0161tem<\/strong><\/p>\n<p>U tom stilu govorila je i ve\u0107ina ostalih u\u010desnika u raspravi, ostaju\u0107i izuzev Skendera Elezagi\u0107a ostali na nivou op\u0161tih mjesta, \u010desto garniranih me\u0111usobnim (dis)kvalifikacijama odbornika vladaju\u0107e Force i opozicione DUA- ko je u cijeloj, gotovo dvije decenije kontraverznoj pri\u010di bio dosljedniji. Na neproduktivnost takvih dijaloga i uop\u0161tenih monologa, be nu\u0111enja konkretnih rje\u0161enja upozorio je Borislav Ba\u0161ovi\u0107 i zalo\u017eio se da se na svaki sporni \u010dlan ponu\u0111enog akta ide sa alternativom, umjesto \u0161to se naj\u010de\u0161\u0107e neargumentovano govori o zabrinjavaju\u0107oj diskriminaciji Ulcinja i Ulcinjana.<\/p>\n<p>Od takvih neosnovanih stavova niko ne mo\u017ee imati koristi, niti \u0107emo uop\u0161tenom politi\u010dkom pri\u010dom do\u0107i do \u017eeljenih rje\u0161enja. Zato za ovakve na\u010delne stavove ne mogu glasati, rekao je on.<\/p>\n<p>No, na\u010din rasprave nije se promijenio. I prije Ba\u0161ovi\u0107eve\u201c intervencije\u201c kao i kasnije otvarana su pitanja- za\u0161to je sjedi\u0161te Javnog preduze\u0107a u Budvi, a ne u Ulcinju, isko je na podru\u010dju ove op\u0161tine \u010dak 57 odsto ukupne teritorije morskog dobra? Za\u0161to u njemu od ukupno 55 zaposlenih rade samo dva Ulcinjanina? Kako to da se za takozvane masovne zabave, odnosno javne manifestacije iz namjenskih sredstava ovdje izdvaja dvadesetak hiljada eura, a u Budvi mnogostruko nvi\u0161e? I tako redom\u2026<\/p>\n<p>I odbornik Andrija \u0106etkovi\u0107 je bio u dilemi- mo\u017ee li se od Nacrta zakona \u010dije su temeljne odredbe iste kao u onom usvojenom prije 19 godina, o\u010dekivati da prekine kontinuitet nedovoljno korisnog uticaja na razvoj ulcinjske op\u0161tine. Zatim je naglasio:<br \/>\n<a href=\"http:\/\/www.visit-ulcinj.com\/blog\/wp-content\/uploads\/2011\/12\/Sjednica-SO-Ulcinj.jpg\"><img loading=\"lazy\" class=\"alignleft size-full wp-image-54387\" title=\"Sjednica-SO-Ulcinj\" src=\"http:\/\/www.visit-ulcinj.com\/blog\/wp-content\/uploads\/2011\/12\/Sjednica-SO-Ulcinj.jpg\" alt=\"\" width=\"508\" height=\"330\" \/><\/a><\/p>\n<p><strong>Politika ispred struke<\/strong><\/p>\n<p>\u010cini mi se da je politika ponovo bila dominantna u odnosu na struku. Zato ni ovaj nacrt zakona nije temeljen niti na iskustvima zemalja Mediterana, niti na standardima uporedivog evropskog zakonodavstvo.Zar je bilo te\u0161ko pogledati sli\u010dne zakone koje ima Italija ili susjedna Hrvatska, pitao se \u0106etkovi\u0107. Uvjeren sam da u pogledu morskog dobra, bez obzira na politi\u010dke i druge razlike, konsenzus me\u0111u Ulcinjanima nije sporan, jer od ponu\u0111enih rje\u0161enja niko ne\u0107e imati koristi, a \u0161teta \u0107e biti op\u0161ta.<\/p>\n<p>U ocjeni da je aktuelni, ali i nacrtom nagovije\u0161teni zakon diskriminiraju\u0107i, posebno je bio eksplicitan Driton Abazovi\u0107, predstavnik ulcinjskog nevladinog sektora. On je sa ju\u010dera\u0161njeg skup\u0161tinskog zasijedanja poru\u010dio da se nacrt, za samo dva dana koliko je ostalo do okon\u010danja javne rasprave, ne mo\u017ee popraviti, pa je pozvao odbornike i izv\u0161nu vlast da ga odbace- u cjelini.<\/p>\n<p>Nacrt zakona je neprihvatljiv i smatram da ga treba odbaciti,a zatim formirati komisiju koja \u0107e predlaga\u010dima ponuditi novu verziju, utemeljenu na evropskom zakonodavstvu, kazao je on.<\/p>\n<p>To tijelo bi trebalo da \u010dine predstavnici svih partija i stranaka, nevladinog sektora i stru\u010dnjaci, a aktivno u\u010de\u0161\u0107e bi moglo biti ponu\u0111eno i zainteresovanima iz relevantnih organa i organizacija ostalih primorskih op\u0161tina.<\/p>\n<p><strong>Bez predlaga\u010da<\/strong><\/p>\n<p>Svi u\u010desnici u ju\u010dera\u0161njoj raspravi o\u0161tro su protestvovali \u0161to sjednici ne prisustvuju predstavnici Minisatarstva turizma i ure\u0111enja prostora, ili barem Javnog preduze\u0107a Morsko dobro. Predsjednik parlamenta Milazim Mustafa objasnio je da su blagovremeno pozvani, ali zbog tribina o istom dokumentu organizovanih u Kotoru, nijesu mogli do\u0107i.<\/p>\n<p>Ina\u010de, osim u Kotoru, javne rasprave su odr\u017eane u Podgorici i u Baru.<\/p>\n<p><a href=\"http:\/\/www.pobjeda.me\/2011\/12\/13\/upravljanje-morskim-dobrom-nasa-kuca-a-tude-dvoriste\/\" target=\"_blank\"><strong>Izvor: Pobjeda<\/strong><\/a><\/p>\n<p><strong>[flv]http:\/\/www.velikaplaza.info\/gallery\/video\/stream.php?f=Velika_Plaza_movie_Jan_2009.flv[\/flv]<\/strong><\/p>\n","protected":false},"excerpt":{"rendered":"<p>Nacrt zakona zadr\u017eava dosada\u0161nji, izrazito centralizovani princip upravljanja morskim dobrom i ne uzima u obzir potrebu u\u010de\u0161\u0107a lokalne uprave u odr\u017eavanju, unapredjenju i za\u0161titi tog prostora. Ulcinjska op\u0161tina bila o\u0161te\u0107ena starim a nacrt nagovje\u0161tava kontinuitet i usvajanjem novog zakona, mi\u0161ljenja je skup\u0161tinska ve\u0107ina. Pi\u0161e Radomir Tomi\u0107 ULCINJ \u2013 Nacrt zakona o morskom dobru, u svojim [&hellip;]<\/p>\n","protected":false},"author":1,"featured_media":0,"comment_status":"open","ping_status":"closed","sticky":false,"template":"","format":"standard","meta":{"spay_email":"","jetpack_publicize_message":"","jetpack_is_tweetstorm":false,"jetpack_publicize_feature_enabled":true},"categories":[8337],"tags":[2019,19,19620],"jetpack_publicize_connections":[],"yoast_head":"<!-- This site is optimized with the Yoast SEO plugin v19.1 - https:\/\/yoast.com\/wordpress\/plugins\/seo\/ -->\n<title>Upravljanje morskim dobrom: Na\u0161a ku\u0107a a tu\u0111e dvori\u0161te - Lajme nga Ulqini<\/title>\n<meta name=\"description\" content=\"Nacrt zakona zadr\u017eava dosada\u0161nji, izrazito centralizovani princip upravljanja morskim dobrom i ne uzima u obzir potrebu u\u010de\u0161\u0107a lokalne uprave u\" \/>\n<meta name=\"robots\" content=\"index, follow, max-snippet:-1, max-image-preview:large, max-video-preview:-1\" \/>\n<link rel=\"canonical\" href=\"https:\/\/www.visit-ulcinj.com\/blog\/2011\/12\/13\/upravljanje-morskim-dobrom-nasa-kuca-a-tude-dvoriste\/\" \/>\n<meta property=\"og:locale\" content=\"en_US\" \/>\n<meta property=\"og:type\" content=\"article\" \/>\n<meta property=\"og:title\" content=\"Upravljanje morskim dobrom: Na\u0161a ku\u0107a a tu\u0111e dvori\u0161te - Lajme nga Ulqini\" \/>\n<meta property=\"og:description\" content=\"Nacrt zakona zadr\u017eava dosada\u0161nji, izrazito centralizovani princip upravljanja morskim dobrom i ne uzima u obzir potrebu u\u010de\u0161\u0107a lokalne uprave u\" \/>\n<meta property=\"og:url\" content=\"https:\/\/www.visit-ulcinj.com\/blog\/2011\/12\/13\/upravljanje-morskim-dobrom-nasa-kuca-a-tude-dvoriste\/\" \/>\n<meta property=\"og:site_name\" content=\"Lajme nga Ulqini\" \/>\n<meta property=\"article:published_time\" content=\"2011-12-13T17:29:05+00:00\" \/>\n<meta property=\"article:modified_time\" content=\"2011-12-13T18:01:40+00:00\" \/>\n<meta property=\"og:image\" content=\"http:\/\/www.visit-ulcinj.com\/blog\/wp-content\/uploads\/2011\/12\/NVO-Mogul-Ulcinj_analiza-monitoringa-JP_Morsko-Dobro_Crna-Gora2.jpg\" \/>\n<meta name=\"twitter:label1\" content=\"Written by\" \/>\n\t<meta name=\"twitter:data1\" content=\"ulqini\" \/>\n\t<meta name=\"twitter:label2\" content=\"Est. reading time\" \/>\n\t<meta name=\"twitter:data2\" content=\"4 minutes\" \/>\n<script type=\"application\/ld+json\" class=\"yoast-schema-graph\">{\"@context\":\"https:\/\/schema.org\",\"@graph\":[{\"@type\":\"WebSite\",\"@id\":\"https:\/\/www.visit-ulcinj.com\/blog\/#website\",\"url\":\"https:\/\/www.visit-ulcinj.com\/blog\/\",\"name\":\"Lajme nga Ulqini\",\"description\":\"Lajme,Vijesti,Ulqini,Ulqin,Crna Gora,Mali i Zi\",\"potentialAction\":[{\"@type\":\"SearchAction\",\"target\":{\"@type\":\"EntryPoint\",\"urlTemplate\":\"https:\/\/www.visit-ulcinj.com\/blog\/?s={search_term_string}\"},\"query-input\":\"required name=search_term_string\"}],\"inLanguage\":\"en-US\"},{\"@type\":\"ImageObject\",\"inLanguage\":\"en-US\",\"@id\":\"https:\/\/www.visit-ulcinj.com\/blog\/2011\/12\/13\/upravljanje-morskim-dobrom-nasa-kuca-a-tude-dvoriste\/#primaryimage\",\"url\":\"https:\/\/www.visit-ulcinj.com\/blog\/wp-content\/uploads\/2011\/12\/NVO-Mogul-Ulcinj_analiza-monitoringa-JP_Morsko-Dobro_Crna-Gora2.jpg\",\"contentUrl\":\"https:\/\/www.visit-ulcinj.com\/blog\/wp-content\/uploads\/2011\/12\/NVO-Mogul-Ulcinj_analiza-monitoringa-JP_Morsko-Dobro_Crna-Gora2.jpg\",\"width\":\"540\",\"height\":\"958\"},{\"@type\":\"WebPage\",\"@id\":\"https:\/\/www.visit-ulcinj.com\/blog\/2011\/12\/13\/upravljanje-morskim-dobrom-nasa-kuca-a-tude-dvoriste\/#webpage\",\"url\":\"https:\/\/www.visit-ulcinj.com\/blog\/2011\/12\/13\/upravljanje-morskim-dobrom-nasa-kuca-a-tude-dvoriste\/\",\"name\":\"Upravljanje morskim dobrom: Na\u0161a ku\u0107a a tu\u0111e dvori\u0161te - Lajme nga Ulqini\",\"isPartOf\":{\"@id\":\"https:\/\/www.visit-ulcinj.com\/blog\/#website\"},\"primaryImageOfPage\":{\"@id\":\"https:\/\/www.visit-ulcinj.com\/blog\/2011\/12\/13\/upravljanje-morskim-dobrom-nasa-kuca-a-tude-dvoriste\/#primaryimage\"},\"datePublished\":\"2011-12-13T17:29:05+00:00\",\"dateModified\":\"2011-12-13T18:01:40+00:00\",\"author\":{\"@id\":\"https:\/\/www.visit-ulcinj.com\/blog\/#\/schema\/person\/dcab619c614d3038751c63bc2aadc06d\"},\"description\":\"Nacrt zakona zadr\u017eava dosada\u0161nji, izrazito centralizovani princip upravljanja morskim dobrom i ne uzima u obzir potrebu u\u010de\u0161\u0107a lokalne uprave u\",\"breadcrumb\":{\"@id\":\"https:\/\/www.visit-ulcinj.com\/blog\/2011\/12\/13\/upravljanje-morskim-dobrom-nasa-kuca-a-tude-dvoriste\/#breadcrumb\"},\"inLanguage\":\"en-US\",\"potentialAction\":[{\"@type\":\"ReadAction\",\"target\":[\"https:\/\/www.visit-ulcinj.com\/blog\/2011\/12\/13\/upravljanje-morskim-dobrom-nasa-kuca-a-tude-dvoriste\/\"]}]},{\"@type\":\"BreadcrumbList\",\"@id\":\"https:\/\/www.visit-ulcinj.com\/blog\/2011\/12\/13\/upravljanje-morskim-dobrom-nasa-kuca-a-tude-dvoriste\/#breadcrumb\",\"itemListElement\":[{\"@type\":\"ListItem\",\"position\":1,\"name\":\"Upravljanje morskim dobrom: Na\u0161a ku\u0107a a tu\u0111e dvori\u0161te\"}]},{\"@type\":\"Person\",\"@id\":\"https:\/\/www.visit-ulcinj.com\/blog\/#\/schema\/person\/dcab619c614d3038751c63bc2aadc06d\",\"name\":\"ulqini\",\"sameAs\":[\"http:\/\/www.visit-ulcinj.com\"],\"url\":\"https:\/\/www.visit-ulcinj.com\/blog\/author\/admin\/\"}]}<\/script>\n<!-- \/ Yoast SEO plugin. -->","yoast_head_json":{"title":"Upravljanje morskim dobrom: Na\u0161a ku\u0107a a tu\u0111e dvori\u0161te - Lajme nga Ulqini","description":"Nacrt zakona zadr\u017eava dosada\u0161nji, izrazito centralizovani princip upravljanja morskim dobrom i ne uzima u obzir potrebu u\u010de\u0161\u0107a lokalne uprave u","robots":{"index":"index","follow":"follow","max-snippet":"max-snippet:-1","max-image-preview":"max-image-preview:large","max-video-preview":"max-video-preview:-1"},"canonical":"https:\/\/www.visit-ulcinj.com\/blog\/2011\/12\/13\/upravljanje-morskim-dobrom-nasa-kuca-a-tude-dvoriste\/","og_locale":"en_US","og_type":"article","og_title":"Upravljanje morskim dobrom: Na\u0161a ku\u0107a a tu\u0111e dvori\u0161te - Lajme nga Ulqini","og_description":"Nacrt zakona zadr\u017eava dosada\u0161nji, izrazito centralizovani princip upravljanja morskim dobrom i ne uzima u obzir potrebu u\u010de\u0161\u0107a lokalne uprave u","og_url":"https:\/\/www.visit-ulcinj.com\/blog\/2011\/12\/13\/upravljanje-morskim-dobrom-nasa-kuca-a-tude-dvoriste\/","og_site_name":"Lajme nga Ulqini","article_published_time":"2011-12-13T17:29:05+00:00","article_modified_time":"2011-12-13T18:01:40+00:00","og_image":[{"url":"http:\/\/www.visit-ulcinj.com\/blog\/wp-content\/uploads\/2011\/12\/NVO-Mogul-Ulcinj_analiza-monitoringa-JP_Morsko-Dobro_Crna-Gora2.jpg"}],"twitter_misc":{"Written by":"ulqini","Est. reading time":"4 minutes"},"schema":{"@context":"https:\/\/schema.org","@graph":[{"@type":"WebSite","@id":"https:\/\/www.visit-ulcinj.com\/blog\/#website","url":"https:\/\/www.visit-ulcinj.com\/blog\/","name":"Lajme nga Ulqini","description":"Lajme,Vijesti,Ulqini,Ulqin,Crna Gora,Mali i Zi","potentialAction":[{"@type":"SearchAction","target":{"@type":"EntryPoint","urlTemplate":"https:\/\/www.visit-ulcinj.com\/blog\/?s={search_term_string}"},"query-input":"required name=search_term_string"}],"inLanguage":"en-US"},{"@type":"ImageObject","inLanguage":"en-US","@id":"https:\/\/www.visit-ulcinj.com\/blog\/2011\/12\/13\/upravljanje-morskim-dobrom-nasa-kuca-a-tude-dvoriste\/#primaryimage","url":"https:\/\/www.visit-ulcinj.com\/blog\/wp-content\/uploads\/2011\/12\/NVO-Mogul-Ulcinj_analiza-monitoringa-JP_Morsko-Dobro_Crna-Gora2.jpg","contentUrl":"https:\/\/www.visit-ulcinj.com\/blog\/wp-content\/uploads\/2011\/12\/NVO-Mogul-Ulcinj_analiza-monitoringa-JP_Morsko-Dobro_Crna-Gora2.jpg","width":"540","height":"958"},{"@type":"WebPage","@id":"https:\/\/www.visit-ulcinj.com\/blog\/2011\/12\/13\/upravljanje-morskim-dobrom-nasa-kuca-a-tude-dvoriste\/#webpage","url":"https:\/\/www.visit-ulcinj.com\/blog\/2011\/12\/13\/upravljanje-morskim-dobrom-nasa-kuca-a-tude-dvoriste\/","name":"Upravljanje morskim dobrom: Na\u0161a ku\u0107a a tu\u0111e dvori\u0161te - Lajme nga Ulqini","isPartOf":{"@id":"https:\/\/www.visit-ulcinj.com\/blog\/#website"},"primaryImageOfPage":{"@id":"https:\/\/www.visit-ulcinj.com\/blog\/2011\/12\/13\/upravljanje-morskim-dobrom-nasa-kuca-a-tude-dvoriste\/#primaryimage"},"datePublished":"2011-12-13T17:29:05+00:00","dateModified":"2011-12-13T18:01:40+00:00","author":{"@id":"https:\/\/www.visit-ulcinj.com\/blog\/#\/schema\/person\/dcab619c614d3038751c63bc2aadc06d"},"description":"Nacrt zakona zadr\u017eava dosada\u0161nji, izrazito centralizovani princip upravljanja morskim dobrom i ne uzima u obzir potrebu u\u010de\u0161\u0107a lokalne uprave u","breadcrumb":{"@id":"https:\/\/www.visit-ulcinj.com\/blog\/2011\/12\/13\/upravljanje-morskim-dobrom-nasa-kuca-a-tude-dvoriste\/#breadcrumb"},"inLanguage":"en-US","potentialAction":[{"@type":"ReadAction","target":["https:\/\/www.visit-ulcinj.com\/blog\/2011\/12\/13\/upravljanje-morskim-dobrom-nasa-kuca-a-tude-dvoriste\/"]}]},{"@type":"BreadcrumbList","@id":"https:\/\/www.visit-ulcinj.com\/blog\/2011\/12\/13\/upravljanje-morskim-dobrom-nasa-kuca-a-tude-dvoriste\/#breadcrumb","itemListElement":[{"@type":"ListItem","position":1,"name":"Upravljanje morskim dobrom: Na\u0161a ku\u0107a a tu\u0111e dvori\u0161te"}]},{"@type":"Person","@id":"https:\/\/www.visit-ulcinj.com\/blog\/#\/schema\/person\/dcab619c614d3038751c63bc2aadc06d","name":"ulqini","sameAs":["http:\/\/www.visit-ulcinj.com"],"url":"https:\/\/www.visit-ulcinj.com\/blog\/author\/admin\/"}]}},"jetpack_featured_media_url":"","jetpack_sharing_enabled":true,"jetpack_shortlink":"https:\/\/wp.me\/pe6lTn-e9b","_links":{"self":[{"href":"https:\/\/www.visit-ulcinj.com\/blog\/wp-json\/wp\/v2\/posts\/54385"}],"collection":[{"href":"https:\/\/www.visit-ulcinj.com\/blog\/wp-json\/wp\/v2\/posts"}],"about":[{"href":"https:\/\/www.visit-ulcinj.com\/blog\/wp-json\/wp\/v2\/types\/post"}],"author":[{"embeddable":true,"href":"https:\/\/www.visit-ulcinj.com\/blog\/wp-json\/wp\/v2\/users\/1"}],"replies":[{"embeddable":true,"href":"https:\/\/www.visit-ulcinj.com\/blog\/wp-json\/wp\/v2\/comments?post=54385"}],"version-history":[{"count":2,"href":"https:\/\/www.visit-ulcinj.com\/blog\/wp-json\/wp\/v2\/posts\/54385\/revisions"}],"predecessor-version":[{"id":54390,"href":"https:\/\/www.visit-ulcinj.com\/blog\/wp-json\/wp\/v2\/posts\/54385\/revisions\/54390"}],"wp:attachment":[{"href":"https:\/\/www.visit-ulcinj.com\/blog\/wp-json\/wp\/v2\/media?parent=54385"}],"wp:term":[{"taxonomy":"category","embeddable":true,"href":"https:\/\/www.visit-ulcinj.com\/blog\/wp-json\/wp\/v2\/categories?post=54385"},{"taxonomy":"post_tag","embeddable":true,"href":"https:\/\/www.visit-ulcinj.com\/blog\/wp-json\/wp\/v2\/tags?post=54385"}],"curies":[{"name":"wp","href":"https:\/\/api.w.org\/{rel}","templated":true}]}}