{"id":54391,"date":"2011-12-13T19:48:29","date_gmt":"2011-12-13T18:48:29","guid":{"rendered":"http:\/\/www.visit-ulcinj.com\/blog\/?p=54391"},"modified":"2011-12-13T19:48:29","modified_gmt":"2011-12-13T18:48:29","slug":"nrekic-morsko-dobro-je-malo-ucinilo-za-ovaj-grad-i-to-se-mora-promijeniti","status":"publish","type":"post","link":"https:\/\/www.visit-ulcinj.com\/blog\/2011\/12\/13\/nrekic-morsko-dobro-je-malo-ucinilo-za-ovaj-grad-i-to-se-mora-promijeniti\/","title":{"rendered":"Nreki\u0107: Morsko dobro je malo u\u010dinilo za ovaj grad i to se mora promijeniti"},"content":{"rendered":"<p><strong><a href=\"http:\/\/www.visit-ulcinj.com\/blog\/wp-content\/uploads\/2011\/12\/Predsjednik-kluba-DPS-Ljoro-Nrekic-naglasio-_Ulcinj.jpg\"><img loading=\"lazy\" class=\"alignleft size-full wp-image-54392\" title=\"Predsjednik kluba DPS Ljoro Nrekic naglasio _Ulcinj\" src=\"http:\/\/www.visit-ulcinj.com\/blog\/wp-content\/uploads\/2011\/12\/Predsjednik-kluba-DPS-Ljoro-Nrekic-naglasio-_Ulcinj.jpg\" alt=\"\" width=\"301\" height=\"377\" srcset=\"https:\/\/www.visit-ulcinj.com\/blog\/wp-content\/uploads\/2011\/12\/Predsjednik-kluba-DPS-Ljoro-Nrekic-naglasio-_Ulcinj.jpg 301w, https:\/\/www.visit-ulcinj.com\/blog\/wp-content\/uploads\/2011\/12\/Predsjednik-kluba-DPS-Ljoro-Nrekic-naglasio-_Ulcinj-239x300.jpg 239w\" sizes=\"(max-width: 301px) 100vw, 301px\" \/><\/a>Ispravljanje nepravde<\/strong><\/p>\n<p><strong>Svi hoteli na Velikoj pla\u017ei, maslinjak u Valdanosu i Ada Bojana su u zoni morskog dobra \u0161to je, u su\u0161tini, prekrajanje administrativnih granica op\u0161tine, ocijenio je Skender Elezagi\u0107<\/strong><\/p>\n<p>ULCINj \u2013 Skup\u0161tina op\u0161tine Ulcinj ju\u010de je jednoglasno usvojila \u010detiri zaklju\u010dka o Nacrtu zakona o morskom dobru kojim, izme\u0111u ostalog, obavezuje predstavnike izvr\u0161ne vlasti da formuli\u0161u konkretne primjedbe koje \u0107e obezbijediti za\u0161titu interesa gra\u0111ana Ulcinja. U usagla\u0161enom tekstu se navodi da \u201eprimjedbe treba da se odnose na utvr\u0111ivanje zone morskog dobra, svojinski re\u017eim i ravnomjernu raspodjelu tereta upravljanja morskim dobrom, uz doslednu primjenu na\u010dela supsidijarnosti, decentralizacije, koje bi obezbijedile ve\u0107e ingerencije lokalnih samouprava\u201d.<br \/>\n\u2013 Predlo\u017eeni tekst Nacrta zakona o morskom dobru u svojim polaznim temeljnim odredbama, koje se ti\u010du definicija pojma Morsko dobro, utvr\u0111ivanja granica, odnosno zone zahvata, ne nudi rje\u0161enja koja se bitno razlikuju od va\u017ee\u0107eg zakona. Predlo\u017eeni nacrt nije uskla\u0111en sa interesima gra\u0111ana na\u0161e op\u0161tine. Javna rasprava organizovana je na nedovoljno transparentan na\u010din i SO Ulcinj zahtijeva od organizatora javne rasprave da istu produ\u017ei za najmanje 30 dana, te da se organizuje u svim primorskim op\u0161tinama \u2013 stoji u dokumentu koji su podr\u017eale sve politi\u010dke partije.<br \/>\nPrema mi\u0161ljenju predsjednika kluba odbornika koalicije \u201eBolji Ulcinj, bolja Crna Gora\u201d Andrije \u0106etkovi\u0107a nacrt novog zakona o morskom dobru ne razlikuje se bitnije od va\u017ee\u0107eg koji je usvojen 1992. godine.<br \/>\n\u2013 Za 19 godina koliko je na snazi, lokalne zajednice pa i dr\u017eava Crna Gora nijesu osjetile bog zna kakve benefite. Osjetili su ih samo povla\u0161\u0107eni pojednici, ili oni oko partija na vlasti. Obala nije za\u0161ti\u0107ena od devastacije, a to je trebalo da bude osnovna intencija ovog zakona \u2013 kazao je \u0106etkovi\u0107.<br \/>\n<a href=\"http:\/\/www.visit-ulcinj.com\/blog\/wp-content\/uploads\/2011\/12\/ODBORNICI-SO-ULCINj-JEDNOGLASNO-USVOJILI-ZAKLjUCKE-O-NACRTU-ZAKONA-O-MORSKOM-DOBRU.jpg\"><img loading=\"lazy\" class=\"alignleft size-full wp-image-54393\" title=\"ODBORNICI SO ULCINj JEDNOGLASNO USVOJILI ZAKLjUCKE O NACRTU ZAKONA O MORSKOM DOBRU\" src=\"http:\/\/www.visit-ulcinj.com\/blog\/wp-content\/uploads\/2011\/12\/ODBORNICI-SO-ULCINj-JEDNOGLASNO-USVOJILI-ZAKLjUCKE-O-NACRTU-ZAKONA-O-MORSKOM-DOBRU.jpg\" alt=\"\" width=\"508\" height=\"330\" \/><\/a><br \/>\nOn smatra da je prethodno trebalo utvrditi granice morskog dobra, pa tek onda usvajati novi zakon o tom podru\u010dju.<br \/>\n\u2013 Sada\u0161njom granicom su nezadovoljni gra\u0111ani skoro svih primorskim op\u0161tina. Neophodan je novi zakon, koji se temelji na najboljim iskustvima evropskog zakonodavstva. Moramo poku\u0161ati da javnu raspravu produ\u017eimo do 15. januara 2012. godine, da bude organizovana u svim op\u0161tinama i da svoj sud o svemu da struka i nauka, recimo CANU \u2013 predlo\u017eio je \u0106etkovi\u0107.<br \/>\nPredsjednik kluba odbornika DUA Hatid\u017ea \u0110oni zamjerila je izvr\u0161noj i zakonodavnoj vlasti \u0161to ranije nije upoznala odbornike sa javnom raspravom i optu\u017eila predsjednika op\u0161tine da je pao na prvom ispitu.<br \/>\n\u2013 Za\u0161to je izvr\u0161na vlast na \u010delu sa predsjednikom Cunguom ovu problematiku dr\u017eala u tajnosti? Zbog \u010dega se ova ta\u010dka nije na\u0161la na dnevnom redu protekle sjednice, samo dan prije po\u010detka javne rasprave, nego sada kada je ta procedura pri kraju \u2013 pitala je \u0110oni.<br \/>\nOna je podr\u017eala usvajanje zaklju\u010daka, rekav\u0161i da ne treba sumnjati u konsenzus odborni\u010dkih klubova.<br \/>\n\u2013 Odgovor mora da bude odlu\u010dan i dostojanstven, kako bi se obezbijedila za\u0161tita interesa op\u0161tine Ulcinj, odnosno svih njenih gra\u0111ana \u2013 poru\u010dila je \u0110oni.<br \/>\nPredsjednik kluba DPS Ljoro Nreki\u0107 naglasio je da ta partija nema ni\u0161ta protiv mijenjanja zakona koji nije u interesu gra\u0111ana, ali da se za to zna procedura. Podr\u017ea\u0107emo vas samo ako pred nama budu predlozi, kako rije\u0161iti odre\u0111ene manjkavosti i na koji na\u010din. Ta\u010dno je da postoje\u0107i zakon nije dobar i da je Ulcinj zbog njegovih nedostataka pretrpio dosta \u0161tete. Morsko dobro je malo u\u010dinilo za ovaj grad i to se mora promijeniti \u2013 poru\u010dio je Nreki\u0107.<br \/>\nPredsjednik odborni\u010dkog kluba Force Genci Nimanbegu kazao je da je u platformi te partije jedna od ta\u010daka ispravljanje nepravdi koje su nastale primjenom Zakona o morskom dobru.<br \/>\n\u2013 Ne \u017eelimo nastavak diskriminacije a to nam donosi i ovaj nacrt novog zakona. \u017delimo isti tretman kao i ostale op\u0161tine. Dosad su stavovi op\u0161tine ignorisani i vrijeme je za konsenzus po ovom pitanju \u2013 rekao je Nimanbegu.<br \/>\nNacrt zakona o morskom dobru na\u0161ao se i na udaru i odborni\u010dkog kluba SDP-a. Odbornik te partije Skender Elezagi\u0107 rekao je da je linija morskog dobra u ostalim op\u0161tinama povu\u010dena tako da uglavnom obuhvata uzani pojas do mora, dok u Ulcinju to nije slu\u010daj.<br \/>\n<a href=\"http:\/\/www.visit-ulcinj.com\/blog\/wp-content\/uploads\/2011\/12\/SKENDER-ELEZAGIC_ULCINJ.jpg\"><img loading=\"lazy\" class=\"alignleft size-full wp-image-54395\" title=\"SKENDER ELEZAGIC_ULCINJ\" src=\"http:\/\/www.visit-ulcinj.com\/blog\/wp-content\/uploads\/2011\/12\/SKENDER-ELEZAGIC_ULCINJ.jpg\" alt=\"\" width=\"508\" height=\"330\" \/><\/a><br \/>\n\u2013 Prosje\u010dna \u0161irina pojasa u drugim op\u0161tinam iznosi od 32 metra u Kotoru, do 54 u Budvi i 180 u Baru (zbog Luke). U Ulcinju je prosje\u010dna dubina zone morskog dobra \u010ditavih 565 metara. Kod nas su za zonu morskog dobra progla\u0161ena podru\u010dja \u010dak do dva kilometra u dubinu teritorije, \u0161to je presedan. Sve ovo nam se predla\u017ee i da ostane u novom zakonu, \u0161to je neprihvatljivo. U Budvi recimo, hotel \u201eAvala\u201d i \u201eSplendid\u201d , stadion Mogrena i Slovenska pla\u017ea nijesu u zoni morskog dobra, ili u Baru gdje hotel \u201ePrinces\u201d i sportski tereni u zale\u0111u pla\u017ee ne ulaze u morsko dobro. Sa druge strane svi hoteli na Velikoj pla\u017ei, maslinjak u Valdanosu i Ada Bojana su u toj zoni. Ovo u su\u0161tini predstavlja prekrajanje administrativnih granica op\u0161tine. Lokalnoj samoupravi se izuzima iz ingerencija 33 miliona kvadrata ili 13 odsto teritorije i onemogu\u0107ava joj se da na toj teritoriji vr\u0161i izvorne funkcije \u2013 rekao je Elezagi\u0107.<br \/>\nOdbornik \u201ePerspektive\u201d Amir Holaj kazao je da lokalni parlament mora biti jedinstven u odgovoru na \u201edirektan udar na razvoj grada i ubiranje prihoda\u201d.<br \/>\n\u2013 Imamo priliku da ispravimo vi\u0161edecenijsku nepravdu i liniju razgrani\u010denja vratimo u logi\u010dne okvire. Nema mjesta neslozi jer se radi o op\u0161tem interesu \u2013 naglasio je Holaj.<br \/>\n<a href=\"http:\/\/www.dan.co.me\/?nivo=3&amp;rubrika=Regioni&amp;clanak=311284&amp;datum=2011-12-13\" target=\"_blank\"><strong>M.KNE\u017dEVI\u0106<br \/>\nIzvor\u00a0: Dan<\/strong><\/a><\/p>\n<p><strong><a href=\"http:\/\/www.visit-ulcinj.com\/blog\/wp-content\/uploads\/2011\/12\/NVO-Mogul-Ulcinj_analiza-monitoringa-JP_Morsko-Dobro_Crna-Gora3.jpg\"><img loading=\"lazy\" class=\"alignleft size-full wp-image-54394\" title=\"NVO-Mogul-Ulcinj_analiza-monitoringa-JP_Morsko-Dobro_Crna-Gora\" src=\"http:\/\/www.visit-ulcinj.com\/blog\/wp-content\/uploads\/2011\/12\/NVO-Mogul-Ulcinj_analiza-monitoringa-JP_Morsko-Dobro_Crna-Gora3.jpg\" alt=\"\" width=\"300\" height=\"350\" \/><\/a>Prekinuti diskriminaciju<\/strong><\/p>\n<p>Odbornik otcijepljenog krila DUA Had\u017ei Sulejmani bio je slikovit, komentari\u0161u\u0107i nacrt novog zakona o morskom dobru i \u010dinjenicu da Javna rasprava nije odr\u017eana u Ulcinju, u kome je 37 odsto zone morskog dobra, ve\u0107 u Baru.<br \/>\n\u2013 To vam je kao da imamo ku\u0107u i oku\u0107nicu, samo dvori\u0161te nije na\u0161e. Da li je to zbog toga \u0161to su u Ulcinju Albanci ve\u0107ina, ne znam, ali znam da smo mi Crnoj Gori valjali kada joj je god trebalo. Sada su nas izgleda zaboravili, pa nas jo\u0161 i diskrimini\u0161u sa ovim zakonom \u2013 kazao je Sulejmani.<br \/>\nPredsjednik UO NVO \u201eMogul\u201d politikolog Dritan Abazovi\u0107 obratio se, u ime NVO sektora op\u0161tine, odbornicima SO Ulcinj rije\u010dima da imaju jedinstvenu priliku da prekinu dugogodi\u0161nju diskriminaciju.<br \/>\n\u2013 Treba onemogu\u0107iti isisavanje novca iz op\u0161tine pod velom zakona. Zar neko misli da gra\u0111ani op\u0161tine Ulcinj treba da budu u druga\u010dijem polo\u017eaju od ostalih gra\u0111ana u op\u0161tinama Crne Gore. Zar je nekorektno ako tra\u017ee da imaju jednak status sa ostalim op\u0161tinama. Nije ovo nacionalno pitanje, ve\u0107 par ekselans politi\u010dko pitanje. Diskriminacija u najbla\u017eem obliku obja\u0161njenja jeste kada pod istim uslovima razli\u010ditim subjetima ne omogu\u0107avate ista prava. Promjena bilo koje granice op\u0161tine Ulcinj mora biti donijeta od strane njenih gra\u0111ana. Ukoliko ne omogu\u0107ite da op\u0161tina upravlja svojim resursima, mislim da \u0107e i va\u0161 posao politi\u010dara biti manjevi\u0161e uzaludan \u2013 kazao je Abazovi\u0107.<\/p>\n<p><a href=\"http:\/\/www.dan.co.me\/?nivo=3&amp;rubrika=Regioni&amp;clanak=311284&amp;datum=2011-12-13\" target=\"_blank\"><strong>Izvor\u00a0: Dan<\/strong><\/a><\/p>\n<p><strong>[flv]http:\/\/www.velikaplaza.info\/gallery\/video\/stream.php?f=Velika_Plaza_movie_Jan_2009.flv[\/flv]<\/strong><strong><\/strong><\/p>\n","protected":false},"excerpt":{"rendered":"<p>Ispravljanje nepravde Svi hoteli na Velikoj pla\u017ei, maslinjak u Valdanosu i Ada Bojana su u zoni morskog dobra \u0161to je, u su\u0161tini, prekrajanje administrativnih granica op\u0161tine, ocijenio je Skender Elezagi\u0107 ULCINj \u2013 Skup\u0161tina op\u0161tine Ulcinj ju\u010de je jednoglasno usvojila \u010detiri zaklju\u010dka o Nacrtu zakona o morskom dobru kojim, izme\u0111u ostalog, obavezuje predstavnike izvr\u0161ne vlasti da [&hellip;]<\/p>\n","protected":false},"author":1,"featured_media":0,"comment_status":"open","ping_status":"closed","sticky":false,"template":"","format":"standard","meta":{"spay_email":"","jetpack_publicize_message":"","jetpack_is_tweetstorm":false,"jetpack_publicize_feature_enabled":true},"categories":[8337],"tags":[2725,264,19],"jetpack_publicize_connections":[],"yoast_head":"<!-- This site is optimized with the Yoast SEO plugin v19.1 - https:\/\/yoast.com\/wordpress\/plugins\/seo\/ -->\n<title>Nreki\u0107: Morsko dobro je malo u\u010dinilo za ovaj grad i to se mora promijeniti - Lajme nga Ulqini<\/title>\n<meta name=\"description\" content=\"Ispravljanje nepravde Svi hoteli na Velikoj pla\u017ei, maslinjak u Valdanosu i Ada Bojana su u zoni morskog dobra \u0161to je, u su\u0161tini, prekrajanje\" \/>\n<meta name=\"robots\" content=\"index, follow, max-snippet:-1, max-image-preview:large, max-video-preview:-1\" \/>\n<link rel=\"canonical\" href=\"https:\/\/www.visit-ulcinj.com\/blog\/2011\/12\/13\/nrekic-morsko-dobro-je-malo-ucinilo-za-ovaj-grad-i-to-se-mora-promijeniti\/\" \/>\n<meta property=\"og:locale\" content=\"en_US\" \/>\n<meta property=\"og:type\" content=\"article\" \/>\n<meta property=\"og:title\" content=\"Nreki\u0107: Morsko dobro je malo u\u010dinilo za ovaj grad i to se mora promijeniti - Lajme nga Ulqini\" \/>\n<meta property=\"og:description\" content=\"Ispravljanje nepravde Svi hoteli na Velikoj pla\u017ei, maslinjak u Valdanosu i Ada Bojana su u zoni morskog dobra \u0161to je, u su\u0161tini, prekrajanje\" \/>\n<meta property=\"og:url\" content=\"https:\/\/www.visit-ulcinj.com\/blog\/2011\/12\/13\/nrekic-morsko-dobro-je-malo-ucinilo-za-ovaj-grad-i-to-se-mora-promijeniti\/\" \/>\n<meta property=\"og:site_name\" content=\"Lajme nga Ulqini\" \/>\n<meta property=\"article:published_time\" content=\"2011-12-13T18:48:29+00:00\" \/>\n<meta property=\"og:image\" content=\"http:\/\/www.visit-ulcinj.com\/blog\/wp-content\/uploads\/2011\/12\/Predsjednik-kluba-DPS-Ljoro-Nrekic-naglasio-_Ulcinj.jpg\" \/>\n<meta name=\"twitter:label1\" content=\"Written by\" \/>\n\t<meta name=\"twitter:data1\" content=\"ulqini\" \/>\n\t<meta name=\"twitter:label2\" content=\"Est. reading time\" \/>\n\t<meta name=\"twitter:data2\" content=\"6 minutes\" \/>\n<script type=\"application\/ld+json\" class=\"yoast-schema-graph\">{\"@context\":\"https:\/\/schema.org\",\"@graph\":[{\"@type\":\"WebSite\",\"@id\":\"https:\/\/www.visit-ulcinj.com\/blog\/#website\",\"url\":\"https:\/\/www.visit-ulcinj.com\/blog\/\",\"name\":\"Lajme nga Ulqini\",\"description\":\"Lajme,Vijesti,Ulqini,Ulqin,Crna Gora,Mali i Zi\",\"potentialAction\":[{\"@type\":\"SearchAction\",\"target\":{\"@type\":\"EntryPoint\",\"urlTemplate\":\"https:\/\/www.visit-ulcinj.com\/blog\/?s={search_term_string}\"},\"query-input\":\"required name=search_term_string\"}],\"inLanguage\":\"en-US\"},{\"@type\":\"ImageObject\",\"inLanguage\":\"en-US\",\"@id\":\"https:\/\/www.visit-ulcinj.com\/blog\/2011\/12\/13\/nrekic-morsko-dobro-je-malo-ucinilo-za-ovaj-grad-i-to-se-mora-promijeniti\/#primaryimage\",\"url\":\"https:\/\/www.visit-ulcinj.com\/blog\/wp-content\/uploads\/2011\/12\/Predsjednik-kluba-DPS-Ljoro-Nrekic-naglasio-_Ulcinj.jpg\",\"contentUrl\":\"https:\/\/www.visit-ulcinj.com\/blog\/wp-content\/uploads\/2011\/12\/Predsjednik-kluba-DPS-Ljoro-Nrekic-naglasio-_Ulcinj.jpg\",\"width\":\"301\",\"height\":\"377\"},{\"@type\":\"WebPage\",\"@id\":\"https:\/\/www.visit-ulcinj.com\/blog\/2011\/12\/13\/nrekic-morsko-dobro-je-malo-ucinilo-za-ovaj-grad-i-to-se-mora-promijeniti\/#webpage\",\"url\":\"https:\/\/www.visit-ulcinj.com\/blog\/2011\/12\/13\/nrekic-morsko-dobro-je-malo-ucinilo-za-ovaj-grad-i-to-se-mora-promijeniti\/\",\"name\":\"Nreki\u0107: Morsko dobro je malo u\u010dinilo za ovaj grad i to se mora promijeniti - Lajme nga Ulqini\",\"isPartOf\":{\"@id\":\"https:\/\/www.visit-ulcinj.com\/blog\/#website\"},\"primaryImageOfPage\":{\"@id\":\"https:\/\/www.visit-ulcinj.com\/blog\/2011\/12\/13\/nrekic-morsko-dobro-je-malo-ucinilo-za-ovaj-grad-i-to-se-mora-promijeniti\/#primaryimage\"},\"datePublished\":\"2011-12-13T18:48:29+00:00\",\"dateModified\":\"2011-12-13T18:48:29+00:00\",\"author\":{\"@id\":\"https:\/\/www.visit-ulcinj.com\/blog\/#\/schema\/person\/dcab619c614d3038751c63bc2aadc06d\"},\"description\":\"Ispravljanje nepravde Svi hoteli na Velikoj pla\u017ei, maslinjak u Valdanosu i Ada Bojana su u zoni morskog dobra \u0161to je, u su\u0161tini, prekrajanje\",\"breadcrumb\":{\"@id\":\"https:\/\/www.visit-ulcinj.com\/blog\/2011\/12\/13\/nrekic-morsko-dobro-je-malo-ucinilo-za-ovaj-grad-i-to-se-mora-promijeniti\/#breadcrumb\"},\"inLanguage\":\"en-US\",\"potentialAction\":[{\"@type\":\"ReadAction\",\"target\":[\"https:\/\/www.visit-ulcinj.com\/blog\/2011\/12\/13\/nrekic-morsko-dobro-je-malo-ucinilo-za-ovaj-grad-i-to-se-mora-promijeniti\/\"]}]},{\"@type\":\"BreadcrumbList\",\"@id\":\"https:\/\/www.visit-ulcinj.com\/blog\/2011\/12\/13\/nrekic-morsko-dobro-je-malo-ucinilo-za-ovaj-grad-i-to-se-mora-promijeniti\/#breadcrumb\",\"itemListElement\":[{\"@type\":\"ListItem\",\"position\":1,\"name\":\"Nreki\u0107: Morsko dobro je malo u\u010dinilo za ovaj grad i to se mora promijeniti\"}]},{\"@type\":\"Person\",\"@id\":\"https:\/\/www.visit-ulcinj.com\/blog\/#\/schema\/person\/dcab619c614d3038751c63bc2aadc06d\",\"name\":\"ulqini\",\"sameAs\":[\"http:\/\/www.visit-ulcinj.com\"],\"url\":\"https:\/\/www.visit-ulcinj.com\/blog\/author\/admin\/\"}]}<\/script>\n<!-- \/ Yoast SEO plugin. -->","yoast_head_json":{"title":"Nreki\u0107: Morsko dobro je malo u\u010dinilo za ovaj grad i to se mora promijeniti - Lajme nga Ulqini","description":"Ispravljanje nepravde Svi hoteli na Velikoj pla\u017ei, maslinjak u Valdanosu i Ada Bojana su u zoni morskog dobra \u0161to je, u su\u0161tini, prekrajanje","robots":{"index":"index","follow":"follow","max-snippet":"max-snippet:-1","max-image-preview":"max-image-preview:large","max-video-preview":"max-video-preview:-1"},"canonical":"https:\/\/www.visit-ulcinj.com\/blog\/2011\/12\/13\/nrekic-morsko-dobro-je-malo-ucinilo-za-ovaj-grad-i-to-se-mora-promijeniti\/","og_locale":"en_US","og_type":"article","og_title":"Nreki\u0107: Morsko dobro je malo u\u010dinilo za ovaj grad i to se mora promijeniti - Lajme nga Ulqini","og_description":"Ispravljanje nepravde Svi hoteli na Velikoj pla\u017ei, maslinjak u Valdanosu i Ada Bojana su u zoni morskog dobra \u0161to je, u su\u0161tini, prekrajanje","og_url":"https:\/\/www.visit-ulcinj.com\/blog\/2011\/12\/13\/nrekic-morsko-dobro-je-malo-ucinilo-za-ovaj-grad-i-to-se-mora-promijeniti\/","og_site_name":"Lajme nga Ulqini","article_published_time":"2011-12-13T18:48:29+00:00","og_image":[{"url":"http:\/\/www.visit-ulcinj.com\/blog\/wp-content\/uploads\/2011\/12\/Predsjednik-kluba-DPS-Ljoro-Nrekic-naglasio-_Ulcinj.jpg"}],"twitter_misc":{"Written by":"ulqini","Est. reading time":"6 minutes"},"schema":{"@context":"https:\/\/schema.org","@graph":[{"@type":"WebSite","@id":"https:\/\/www.visit-ulcinj.com\/blog\/#website","url":"https:\/\/www.visit-ulcinj.com\/blog\/","name":"Lajme nga Ulqini","description":"Lajme,Vijesti,Ulqini,Ulqin,Crna Gora,Mali i Zi","potentialAction":[{"@type":"SearchAction","target":{"@type":"EntryPoint","urlTemplate":"https:\/\/www.visit-ulcinj.com\/blog\/?s={search_term_string}"},"query-input":"required name=search_term_string"}],"inLanguage":"en-US"},{"@type":"ImageObject","inLanguage":"en-US","@id":"https:\/\/www.visit-ulcinj.com\/blog\/2011\/12\/13\/nrekic-morsko-dobro-je-malo-ucinilo-za-ovaj-grad-i-to-se-mora-promijeniti\/#primaryimage","url":"https:\/\/www.visit-ulcinj.com\/blog\/wp-content\/uploads\/2011\/12\/Predsjednik-kluba-DPS-Ljoro-Nrekic-naglasio-_Ulcinj.jpg","contentUrl":"https:\/\/www.visit-ulcinj.com\/blog\/wp-content\/uploads\/2011\/12\/Predsjednik-kluba-DPS-Ljoro-Nrekic-naglasio-_Ulcinj.jpg","width":"301","height":"377"},{"@type":"WebPage","@id":"https:\/\/www.visit-ulcinj.com\/blog\/2011\/12\/13\/nrekic-morsko-dobro-je-malo-ucinilo-za-ovaj-grad-i-to-se-mora-promijeniti\/#webpage","url":"https:\/\/www.visit-ulcinj.com\/blog\/2011\/12\/13\/nrekic-morsko-dobro-je-malo-ucinilo-za-ovaj-grad-i-to-se-mora-promijeniti\/","name":"Nreki\u0107: Morsko dobro je malo u\u010dinilo za ovaj grad i to se mora promijeniti - Lajme nga Ulqini","isPartOf":{"@id":"https:\/\/www.visit-ulcinj.com\/blog\/#website"},"primaryImageOfPage":{"@id":"https:\/\/www.visit-ulcinj.com\/blog\/2011\/12\/13\/nrekic-morsko-dobro-je-malo-ucinilo-za-ovaj-grad-i-to-se-mora-promijeniti\/#primaryimage"},"datePublished":"2011-12-13T18:48:29+00:00","dateModified":"2011-12-13T18:48:29+00:00","author":{"@id":"https:\/\/www.visit-ulcinj.com\/blog\/#\/schema\/person\/dcab619c614d3038751c63bc2aadc06d"},"description":"Ispravljanje nepravde Svi hoteli na Velikoj pla\u017ei, maslinjak u Valdanosu i Ada Bojana su u zoni morskog dobra \u0161to je, u su\u0161tini, prekrajanje","breadcrumb":{"@id":"https:\/\/www.visit-ulcinj.com\/blog\/2011\/12\/13\/nrekic-morsko-dobro-je-malo-ucinilo-za-ovaj-grad-i-to-se-mora-promijeniti\/#breadcrumb"},"inLanguage":"en-US","potentialAction":[{"@type":"ReadAction","target":["https:\/\/www.visit-ulcinj.com\/blog\/2011\/12\/13\/nrekic-morsko-dobro-je-malo-ucinilo-za-ovaj-grad-i-to-se-mora-promijeniti\/"]}]},{"@type":"BreadcrumbList","@id":"https:\/\/www.visit-ulcinj.com\/blog\/2011\/12\/13\/nrekic-morsko-dobro-je-malo-ucinilo-za-ovaj-grad-i-to-se-mora-promijeniti\/#breadcrumb","itemListElement":[{"@type":"ListItem","position":1,"name":"Nreki\u0107: Morsko dobro je malo u\u010dinilo za ovaj grad i to se mora promijeniti"}]},{"@type":"Person","@id":"https:\/\/www.visit-ulcinj.com\/blog\/#\/schema\/person\/dcab619c614d3038751c63bc2aadc06d","name":"ulqini","sameAs":["http:\/\/www.visit-ulcinj.com"],"url":"https:\/\/www.visit-ulcinj.com\/blog\/author\/admin\/"}]}},"jetpack_featured_media_url":"","jetpack_sharing_enabled":true,"jetpack_shortlink":"https:\/\/wp.me\/pe6lTn-e9h","_links":{"self":[{"href":"https:\/\/www.visit-ulcinj.com\/blog\/wp-json\/wp\/v2\/posts\/54391"}],"collection":[{"href":"https:\/\/www.visit-ulcinj.com\/blog\/wp-json\/wp\/v2\/posts"}],"about":[{"href":"https:\/\/www.visit-ulcinj.com\/blog\/wp-json\/wp\/v2\/types\/post"}],"author":[{"embeddable":true,"href":"https:\/\/www.visit-ulcinj.com\/blog\/wp-json\/wp\/v2\/users\/1"}],"replies":[{"embeddable":true,"href":"https:\/\/www.visit-ulcinj.com\/blog\/wp-json\/wp\/v2\/comments?post=54391"}],"version-history":[{"count":2,"href":"https:\/\/www.visit-ulcinj.com\/blog\/wp-json\/wp\/v2\/posts\/54391\/revisions"}],"predecessor-version":[{"id":54408,"href":"https:\/\/www.visit-ulcinj.com\/blog\/wp-json\/wp\/v2\/posts\/54391\/revisions\/54408"}],"wp:attachment":[{"href":"https:\/\/www.visit-ulcinj.com\/blog\/wp-json\/wp\/v2\/media?parent=54391"}],"wp:term":[{"taxonomy":"category","embeddable":true,"href":"https:\/\/www.visit-ulcinj.com\/blog\/wp-json\/wp\/v2\/categories?post=54391"},{"taxonomy":"post_tag","embeddable":true,"href":"https:\/\/www.visit-ulcinj.com\/blog\/wp-json\/wp\/v2\/tags?post=54391"}],"curies":[{"name":"wp","href":"https:\/\/api.w.org\/{rel}","templated":true}]}}