{"id":54397,"date":"2011-12-13T20:06:47","date_gmt":"2011-12-13T19:06:47","guid":{"rendered":"http:\/\/www.visit-ulcinj.com\/blog\/?p=54397"},"modified":"2011-12-13T20:09:17","modified_gmt":"2011-12-13T19:09:17","slug":"kuvendi-i-ulqinit-hudh-poshte-projektligjin-per-te-mirat-detare","status":"publish","type":"post","link":"https:\/\/www.visit-ulcinj.com\/blog\/2011\/12\/13\/kuvendi-i-ulqinit-hudh-poshte-projektligjin-per-te-mirat-detare\/","title":{"rendered":"Kuvendi i Ulqinit hudh posht\u00eb projektligjin p\u00ebr t\u00eb mirat detare"},"content":{"rendered":"<p><a href=\"http:\/\/www.visit-ulcinj.com\/blog\/wp-content\/uploads\/2011\/12\/Dritan-Abazoviq_Genci-Nimanbegu_komuna-e-ulqinit.jpg\"><img loading=\"lazy\" class=\"alignleft size-full wp-image-54398\" title=\"Dritan Abazoviq_Genci Nimanbegu_komuna e ulqinit\" src=\"http:\/\/www.visit-ulcinj.com\/blog\/wp-content\/uploads\/2011\/12\/Dritan-Abazoviq_Genci-Nimanbegu_komuna-e-ulqinit.jpg\" alt=\"\" width=\"508\" height=\"380\" \/><\/a>Ligji i ri p\u00ebr t\u00eb mirat detare nuk duhet t\u00eb kaloj\u00eb, ky \u00ebsht\u00eb p\u00ebrfundimi p\u00ebr t\u00eb cilin nj\u00ebz\u00ebri\u00a0 u pajtuan pozita dhe opozita n\u00eb parlamentin lokal t\u00eb Ulqinit.<\/p>\n<p>Edhe pse mendimi p\u00ebr k\u00ebt\u00eb \u00e7\u00ebshtje n\u00eb parlamentin lokal ishte i nj\u00ebjt\u00eb, p\u00ebrs\u00ebri nuk mungoj debati rreth asaj se kush \u00ebsht\u00eb fajtor p\u00ebr gjendjen aktuale sidomos p\u00ebr kufirin e t\u00eb mirave detare.<\/p>\n<p>K\u00ebshilltar\u00ebt ran\u00eb dakord se ligji i propozuar nuk ofron\u00a0 zgjidhje m\u00eb t\u00eb mir\u00eb nga ligji aktual dhe se ruan\u00a0 menaxhimin e zon\u00ebs detare\u00a0 nj\u00ebjt\u00eb si deri tani, gj\u00eb q\u00eb konsiderohen e papranueshme, shkruan DN.<\/p>\n<p><a href=\"http:\/\/www.visit-ulcinj.com\/blog\/wp-content\/uploads\/2011\/12\/NVO-Mogul-Ulqin_analiz-monitoring-JP_Morsko-Mali-i-Zi_Dritan-Abazoviq_Genci-Nimanbegu.jpg\"><img loading=\"lazy\" class=\"alignleft size-full wp-image-54399\" title=\"NVO-Mogul-Ulqin_analiz-monitoring-JP_Morsko-Mali i Zi_Dritan Abazoviq_Genci Nimanbegu\" src=\"http:\/\/www.visit-ulcinj.com\/blog\/wp-content\/uploads\/2011\/12\/NVO-Mogul-Ulqin_analiz-monitoring-JP_Morsko-Mali-i-Zi_Dritan-Abazoviq_Genci-Nimanbegu.jpg\" alt=\"\" width=\"320\" height=\"420\" \/><\/a>Politikologu Dritan Abazoviq, i cili mori pjes\u00eb n\u00eb punimet e parlamentit n\u00eb cil\u00ebsin\u00eb e p\u00ebrfaq\u00ebsuesit t\u00eb shoq\u00ebris\u00eb civile, sakt\u00ebsisht organizat\u00ebs Mogul, tha se \u00ebsht\u00eb koha p\u00ebr t&#8217;i dh\u00ebn\u00eb fund thithjes legale t\u00eb t\u00eb hollave nga Ulqini.<\/p>\n<p>&#8220;Kufiri i zon\u00ebs s\u00eb t\u00eb mirave detare \u00ebsht\u00eb i turpsh\u00ebm dhe kriminal. A ka dikush q\u00eb mendon se njer\u00ebzit nga Ulqini nuk kan\u00eb t\u00eb drejta t\u00eb nj\u00ebjta si qytetar\u00ebt e komunave t\u00eb tjera bregdetare n\u00eb Mal t\u00eb Zi. Tani \u00ebsht\u00eb koha p\u00ebr t\u00eb korrigjuar padrejt\u00ebsin\u00eb historike,&#8221; tha Abazoviq.<\/p>\n<p>K\u00ebshilltar\u00ebt ran\u00eb gjithashtu dakord se \u00ebsht\u00eb e nevojshme p\u00ebr t\u00eb siguruar kompetenc\u00eb m\u00eb t\u00eb madhe t\u00eb pushtetit lokal n\u00eb zon\u00ebn detare, kurse\u00a0 me k\u00ebrkes\u00ebn e p\u00ebrfaq\u00ebsuesit t\u00eb OJQ-s\u00eb Mogul, Dritan Abazoviqit \u00ebsht\u00eb miratuar edhe p\u00ebrfundimi ku thuhet se projekt ligji i propozuar nuk \u00ebsht\u00eb n\u00eb p\u00ebrputhje me interesat e qytetar\u00ebve t\u00eb Ulqinit.<\/p>\n<p>N\u00ebnkryetari i Forc\u00ebs Genci Nimanbegu tha se kjo parti ka p\u00ebr t\u00eb luftuar kund\u00ebr abuzimit me ligje q\u00eb d\u00ebmtojn\u00eb interesat e komun\u00ebs dhe qytetareve t\u00eb Ulqinit n\u00eb k\u00ebt\u00eb zon\u00eb. <strong>\/Ulqini Online\/<\/strong><\/p>\n<p>[flv]http:\/\/www.velikaplaza.info\/gallery\/video\/stream.php?f=Velika_Plaza_movie_Jan_2009.flv[\/flv]<\/p>\n","protected":false},"excerpt":{"rendered":"<p>Ligji i ri p\u00ebr t\u00eb mirat detare nuk duhet t\u00eb kaloj\u00eb, ky \u00ebsht\u00eb p\u00ebrfundimi p\u00ebr t\u00eb cilin nj\u00ebz\u00ebri\u00a0 u pajtuan pozita dhe opozita n\u00eb parlamentin lokal t\u00eb Ulqinit. Edhe pse mendimi p\u00ebr k\u00ebt\u00eb \u00e7\u00ebshtje n\u00eb parlamentin lokal ishte i nj\u00ebjt\u00eb, p\u00ebrs\u00ebri nuk mungoj debati rreth asaj se kush \u00ebsht\u00eb fajtor p\u00ebr gjendjen aktuale sidomos p\u00ebr [&hellip;]<\/p>\n","protected":false},"author":1,"featured_media":0,"comment_status":"open","ping_status":"closed","sticky":false,"template":"","format":"standard","meta":{"spay_email":"","jetpack_publicize_message":"","jetpack_is_tweetstorm":false,"jetpack_publicize_feature_enabled":true},"categories":[13],"tags":[10529,1073,297,95,2019,5882],"jetpack_publicize_connections":[],"yoast_head":"<!-- This site is optimized with the Yoast SEO plugin v19.1 - https:\/\/yoast.com\/wordpress\/plugins\/seo\/ -->\n<title>Kuvendi i Ulqinit hudh posht\u00eb projektligjin p\u00ebr t\u00eb mirat detare - Lajme nga Ulqini<\/title>\n<meta name=\"description\" content=\"Ligji i ri p\u00ebr t\u00eb mirat detare nuk duhet t\u00eb kaloj\u00eb, ky \u00ebsht\u00eb p\u00ebrfundimi p\u00ebr t\u00eb cilin nj\u00ebz\u00ebri\u00a0 u pajtuan pozita dhe opozita n\u00eb parlamentin lokal t\u00eb\" \/>\n<meta name=\"robots\" content=\"index, follow, max-snippet:-1, max-image-preview:large, max-video-preview:-1\" \/>\n<link rel=\"canonical\" href=\"https:\/\/www.visit-ulcinj.com\/blog\/2011\/12\/13\/kuvendi-i-ulqinit-hudh-poshte-projektligjin-per-te-mirat-detare\/\" \/>\n<meta property=\"og:locale\" content=\"en_US\" \/>\n<meta property=\"og:type\" content=\"article\" \/>\n<meta property=\"og:title\" content=\"Kuvendi i Ulqinit hudh posht\u00eb projektligjin p\u00ebr t\u00eb mirat detare - Lajme nga Ulqini\" \/>\n<meta property=\"og:description\" content=\"Ligji i ri p\u00ebr t\u00eb mirat detare nuk duhet t\u00eb kaloj\u00eb, ky \u00ebsht\u00eb p\u00ebrfundimi p\u00ebr t\u00eb cilin nj\u00ebz\u00ebri\u00a0 u pajtuan pozita dhe opozita n\u00eb parlamentin lokal t\u00eb\" \/>\n<meta property=\"og:url\" content=\"https:\/\/www.visit-ulcinj.com\/blog\/2011\/12\/13\/kuvendi-i-ulqinit-hudh-poshte-projektligjin-per-te-mirat-detare\/\" \/>\n<meta property=\"og:site_name\" content=\"Lajme nga Ulqini\" \/>\n<meta property=\"article:published_time\" content=\"2011-12-13T19:06:47+00:00\" \/>\n<meta property=\"article:modified_time\" content=\"2011-12-13T19:09:17+00:00\" \/>\n<meta property=\"og:image\" content=\"http:\/\/www.visit-ulcinj.com\/blog\/wp-content\/uploads\/2011\/12\/Dritan-Abazoviq_Genci-Nimanbegu_komuna-e-ulqinit.jpg\" \/>\n<meta name=\"twitter:label1\" content=\"Written by\" \/>\n\t<meta name=\"twitter:data1\" content=\"ulqini\" \/>\n\t<meta name=\"twitter:label2\" content=\"Est. reading time\" \/>\n\t<meta name=\"twitter:data2\" content=\"2 minutes\" \/>\n<script type=\"application\/ld+json\" class=\"yoast-schema-graph\">{\"@context\":\"https:\/\/schema.org\",\"@graph\":[{\"@type\":\"WebSite\",\"@id\":\"https:\/\/www.visit-ulcinj.com\/blog\/#website\",\"url\":\"https:\/\/www.visit-ulcinj.com\/blog\/\",\"name\":\"Lajme nga Ulqini\",\"description\":\"Lajme,Vijesti,Ulqini,Ulqin,Crna Gora,Mali i Zi\",\"potentialAction\":[{\"@type\":\"SearchAction\",\"target\":{\"@type\":\"EntryPoint\",\"urlTemplate\":\"https:\/\/www.visit-ulcinj.com\/blog\/?s={search_term_string}\"},\"query-input\":\"required name=search_term_string\"}],\"inLanguage\":\"en-US\"},{\"@type\":\"ImageObject\",\"inLanguage\":\"en-US\",\"@id\":\"https:\/\/www.visit-ulcinj.com\/blog\/2011\/12\/13\/kuvendi-i-ulqinit-hudh-poshte-projektligjin-per-te-mirat-detare\/#primaryimage\",\"url\":\"https:\/\/www.visit-ulcinj.com\/blog\/wp-content\/uploads\/2011\/12\/Dritan-Abazoviq_Genci-Nimanbegu_komuna-e-ulqinit.jpg\",\"contentUrl\":\"https:\/\/www.visit-ulcinj.com\/blog\/wp-content\/uploads\/2011\/12\/Dritan-Abazoviq_Genci-Nimanbegu_komuna-e-ulqinit.jpg\",\"width\":\"720\",\"height\":\"480\"},{\"@type\":\"WebPage\",\"@id\":\"https:\/\/www.visit-ulcinj.com\/blog\/2011\/12\/13\/kuvendi-i-ulqinit-hudh-poshte-projektligjin-per-te-mirat-detare\/#webpage\",\"url\":\"https:\/\/www.visit-ulcinj.com\/blog\/2011\/12\/13\/kuvendi-i-ulqinit-hudh-poshte-projektligjin-per-te-mirat-detare\/\",\"name\":\"Kuvendi i Ulqinit hudh posht\u00eb projektligjin p\u00ebr t\u00eb mirat detare - Lajme nga Ulqini\",\"isPartOf\":{\"@id\":\"https:\/\/www.visit-ulcinj.com\/blog\/#website\"},\"primaryImageOfPage\":{\"@id\":\"https:\/\/www.visit-ulcinj.com\/blog\/2011\/12\/13\/kuvendi-i-ulqinit-hudh-poshte-projektligjin-per-te-mirat-detare\/#primaryimage\"},\"datePublished\":\"2011-12-13T19:06:47+00:00\",\"dateModified\":\"2011-12-13T19:09:17+00:00\",\"author\":{\"@id\":\"https:\/\/www.visit-ulcinj.com\/blog\/#\/schema\/person\/dcab619c614d3038751c63bc2aadc06d\"},\"description\":\"Ligji i ri p\u00ebr t\u00eb mirat detare nuk duhet t\u00eb kaloj\u00eb, ky \u00ebsht\u00eb p\u00ebrfundimi p\u00ebr t\u00eb cilin nj\u00ebz\u00ebri\u00a0 u pajtuan pozita dhe opozita n\u00eb parlamentin lokal t\u00eb\",\"breadcrumb\":{\"@id\":\"https:\/\/www.visit-ulcinj.com\/blog\/2011\/12\/13\/kuvendi-i-ulqinit-hudh-poshte-projektligjin-per-te-mirat-detare\/#breadcrumb\"},\"inLanguage\":\"en-US\",\"potentialAction\":[{\"@type\":\"ReadAction\",\"target\":[\"https:\/\/www.visit-ulcinj.com\/blog\/2011\/12\/13\/kuvendi-i-ulqinit-hudh-poshte-projektligjin-per-te-mirat-detare\/\"]}]},{\"@type\":\"BreadcrumbList\",\"@id\":\"https:\/\/www.visit-ulcinj.com\/blog\/2011\/12\/13\/kuvendi-i-ulqinit-hudh-poshte-projektligjin-per-te-mirat-detare\/#breadcrumb\",\"itemListElement\":[{\"@type\":\"ListItem\",\"position\":1,\"name\":\"Kuvendi i Ulqinit hudh posht\u00eb projektligjin p\u00ebr t\u00eb mirat detare\"}]},{\"@type\":\"Person\",\"@id\":\"https:\/\/www.visit-ulcinj.com\/blog\/#\/schema\/person\/dcab619c614d3038751c63bc2aadc06d\",\"name\":\"ulqini\",\"sameAs\":[\"http:\/\/www.visit-ulcinj.com\"],\"url\":\"https:\/\/www.visit-ulcinj.com\/blog\/author\/admin\/\"}]}<\/script>\n<!-- \/ Yoast SEO plugin. -->","yoast_head_json":{"title":"Kuvendi i Ulqinit hudh posht\u00eb projektligjin p\u00ebr t\u00eb mirat detare - Lajme nga Ulqini","description":"Ligji i ri p\u00ebr t\u00eb mirat detare nuk duhet t\u00eb kaloj\u00eb, ky \u00ebsht\u00eb p\u00ebrfundimi p\u00ebr t\u00eb cilin nj\u00ebz\u00ebri\u00a0 u pajtuan pozita dhe opozita n\u00eb parlamentin lokal t\u00eb","robots":{"index":"index","follow":"follow","max-snippet":"max-snippet:-1","max-image-preview":"max-image-preview:large","max-video-preview":"max-video-preview:-1"},"canonical":"https:\/\/www.visit-ulcinj.com\/blog\/2011\/12\/13\/kuvendi-i-ulqinit-hudh-poshte-projektligjin-per-te-mirat-detare\/","og_locale":"en_US","og_type":"article","og_title":"Kuvendi i Ulqinit hudh posht\u00eb projektligjin p\u00ebr t\u00eb mirat detare - Lajme nga Ulqini","og_description":"Ligji i ri p\u00ebr t\u00eb mirat detare nuk duhet t\u00eb kaloj\u00eb, ky \u00ebsht\u00eb p\u00ebrfundimi p\u00ebr t\u00eb cilin nj\u00ebz\u00ebri\u00a0 u pajtuan pozita dhe opozita n\u00eb parlamentin lokal t\u00eb","og_url":"https:\/\/www.visit-ulcinj.com\/blog\/2011\/12\/13\/kuvendi-i-ulqinit-hudh-poshte-projektligjin-per-te-mirat-detare\/","og_site_name":"Lajme nga Ulqini","article_published_time":"2011-12-13T19:06:47+00:00","article_modified_time":"2011-12-13T19:09:17+00:00","og_image":[{"url":"http:\/\/www.visit-ulcinj.com\/blog\/wp-content\/uploads\/2011\/12\/Dritan-Abazoviq_Genci-Nimanbegu_komuna-e-ulqinit.jpg"}],"twitter_misc":{"Written by":"ulqini","Est. reading time":"2 minutes"},"schema":{"@context":"https:\/\/schema.org","@graph":[{"@type":"WebSite","@id":"https:\/\/www.visit-ulcinj.com\/blog\/#website","url":"https:\/\/www.visit-ulcinj.com\/blog\/","name":"Lajme nga Ulqini","description":"Lajme,Vijesti,Ulqini,Ulqin,Crna Gora,Mali i Zi","potentialAction":[{"@type":"SearchAction","target":{"@type":"EntryPoint","urlTemplate":"https:\/\/www.visit-ulcinj.com\/blog\/?s={search_term_string}"},"query-input":"required name=search_term_string"}],"inLanguage":"en-US"},{"@type":"ImageObject","inLanguage":"en-US","@id":"https:\/\/www.visit-ulcinj.com\/blog\/2011\/12\/13\/kuvendi-i-ulqinit-hudh-poshte-projektligjin-per-te-mirat-detare\/#primaryimage","url":"https:\/\/www.visit-ulcinj.com\/blog\/wp-content\/uploads\/2011\/12\/Dritan-Abazoviq_Genci-Nimanbegu_komuna-e-ulqinit.jpg","contentUrl":"https:\/\/www.visit-ulcinj.com\/blog\/wp-content\/uploads\/2011\/12\/Dritan-Abazoviq_Genci-Nimanbegu_komuna-e-ulqinit.jpg","width":"720","height":"480"},{"@type":"WebPage","@id":"https:\/\/www.visit-ulcinj.com\/blog\/2011\/12\/13\/kuvendi-i-ulqinit-hudh-poshte-projektligjin-per-te-mirat-detare\/#webpage","url":"https:\/\/www.visit-ulcinj.com\/blog\/2011\/12\/13\/kuvendi-i-ulqinit-hudh-poshte-projektligjin-per-te-mirat-detare\/","name":"Kuvendi i Ulqinit hudh posht\u00eb projektligjin p\u00ebr t\u00eb mirat detare - Lajme nga Ulqini","isPartOf":{"@id":"https:\/\/www.visit-ulcinj.com\/blog\/#website"},"primaryImageOfPage":{"@id":"https:\/\/www.visit-ulcinj.com\/blog\/2011\/12\/13\/kuvendi-i-ulqinit-hudh-poshte-projektligjin-per-te-mirat-detare\/#primaryimage"},"datePublished":"2011-12-13T19:06:47+00:00","dateModified":"2011-12-13T19:09:17+00:00","author":{"@id":"https:\/\/www.visit-ulcinj.com\/blog\/#\/schema\/person\/dcab619c614d3038751c63bc2aadc06d"},"description":"Ligji i ri p\u00ebr t\u00eb mirat detare nuk duhet t\u00eb kaloj\u00eb, ky \u00ebsht\u00eb p\u00ebrfundimi p\u00ebr t\u00eb cilin nj\u00ebz\u00ebri\u00a0 u pajtuan pozita dhe opozita n\u00eb parlamentin lokal t\u00eb","breadcrumb":{"@id":"https:\/\/www.visit-ulcinj.com\/blog\/2011\/12\/13\/kuvendi-i-ulqinit-hudh-poshte-projektligjin-per-te-mirat-detare\/#breadcrumb"},"inLanguage":"en-US","potentialAction":[{"@type":"ReadAction","target":["https:\/\/www.visit-ulcinj.com\/blog\/2011\/12\/13\/kuvendi-i-ulqinit-hudh-poshte-projektligjin-per-te-mirat-detare\/"]}]},{"@type":"BreadcrumbList","@id":"https:\/\/www.visit-ulcinj.com\/blog\/2011\/12\/13\/kuvendi-i-ulqinit-hudh-poshte-projektligjin-per-te-mirat-detare\/#breadcrumb","itemListElement":[{"@type":"ListItem","position":1,"name":"Kuvendi i Ulqinit hudh posht\u00eb projektligjin p\u00ebr t\u00eb mirat detare"}]},{"@type":"Person","@id":"https:\/\/www.visit-ulcinj.com\/blog\/#\/schema\/person\/dcab619c614d3038751c63bc2aadc06d","name":"ulqini","sameAs":["http:\/\/www.visit-ulcinj.com"],"url":"https:\/\/www.visit-ulcinj.com\/blog\/author\/admin\/"}]}},"jetpack_featured_media_url":"","jetpack_sharing_enabled":true,"jetpack_shortlink":"https:\/\/wp.me\/pe6lTn-e9n","_links":{"self":[{"href":"https:\/\/www.visit-ulcinj.com\/blog\/wp-json\/wp\/v2\/posts\/54397"}],"collection":[{"href":"https:\/\/www.visit-ulcinj.com\/blog\/wp-json\/wp\/v2\/posts"}],"about":[{"href":"https:\/\/www.visit-ulcinj.com\/blog\/wp-json\/wp\/v2\/types\/post"}],"author":[{"embeddable":true,"href":"https:\/\/www.visit-ulcinj.com\/blog\/wp-json\/wp\/v2\/users\/1"}],"replies":[{"embeddable":true,"href":"https:\/\/www.visit-ulcinj.com\/blog\/wp-json\/wp\/v2\/comments?post=54397"}],"version-history":[{"count":4,"href":"https:\/\/www.visit-ulcinj.com\/blog\/wp-json\/wp\/v2\/posts\/54397\/revisions"}],"predecessor-version":[{"id":54403,"href":"https:\/\/www.visit-ulcinj.com\/blog\/wp-json\/wp\/v2\/posts\/54397\/revisions\/54403"}],"wp:attachment":[{"href":"https:\/\/www.visit-ulcinj.com\/blog\/wp-json\/wp\/v2\/media?parent=54397"}],"wp:term":[{"taxonomy":"category","embeddable":true,"href":"https:\/\/www.visit-ulcinj.com\/blog\/wp-json\/wp\/v2\/categories?post=54397"},{"taxonomy":"post_tag","embeddable":true,"href":"https:\/\/www.visit-ulcinj.com\/blog\/wp-json\/wp\/v2\/tags?post=54397"}],"curies":[{"name":"wp","href":"https:\/\/api.w.org\/{rel}","templated":true}]}}