{"id":544,"date":"2008-02-16T12:23:48","date_gmt":"2008-02-16T17:23:48","guid":{"rendered":"http:\/\/www.visit-ulcinj.com\/blog\/2008\/02\/16\/radujte-se-ili-tugujte-ali-izmedu-cetiri-zida\/"},"modified":"2008-02-16T13:40:45","modified_gmt":"2008-02-16T18:40:45","slug":"radujte-se-ili-tugujte-ali-izmedu-cetiri-zida","status":"publish","type":"post","link":"https:\/\/www.visit-ulcinj.com\/blog\/2008\/02\/16\/radujte-se-ili-tugujte-ali-izmedu-cetiri-zida\/","title":{"rendered":"Radujte se ili tugujte ali izme?u ?etiri zida"},"content":{"rendered":"<p><a rel=\"attachment wp-att-543\" href=\"http:\/\/www.visit-ulcinj.com\/blog\/2008\/02\/16\/radujte-se-ili-tugujte-ali-izmedu-cetiri-zida\/thaci_dinosha\/\" title=\"Tha\u00e7i_Dinosha\"><\/a><strong><a rel=\"attachment wp-att-543\" href=\"http:\/\/www.visit-ulcinj.com\/blog\/2008\/02\/16\/radujte-se-ili-tugujte-ali-izmedu-cetiri-zida\/thaci_dinosha\/\" title=\"Tha\u00e7i_Dinosha\"><img loading=\"lazy\" border=\"0\" align=\"left\" width=\"300\" src=\"http:\/\/www.visit-ulcinj.com\/blog\/wp-content\/uploads\/2008\/02\/thaci_dinosha.jpg\" alt=\"Tha\u00e7i_Dinosha\" height=\"182\" \/><\/a>Radujte se ili tugujte ali izme?u ?etiri zida<\/strong><\/p>\n<p>Podgorica &#8211; Ministar unutra\u0161njih poslova Jusuf Kalamperovi? saglasio se ju?e sa stavom lidera DUA Ferhata Dino\u0161e da Albanci najavljeno progla\u0161enje nezavisnosti Kosova proslave u krugu porodice, dodaju?i da isto treba da u?ine i oni koji zbog toga nijesu sre?ni.<br \/>\n&#8220;Ako je neko sre?an zbog progla\u0161enja nezavisnosti Kosova, neka to zadr\u017ei u porodici, a isto tako, ako je neko zbog toga nesre?an, ne bi trebalo da svoje raspolo\u017eenje pokazuje van ku?e&#8221;, rekao je Kalamperovi? agenciji Beta komentari\u0161u?i Dino\u0161in poziv Albancima.<br \/>\nLider DUA ranije ju?e je kazao da ?e taj doga?aj &#8220;izazvati radost i slavlje me?u Albancima bez obzira gdje oni \u017eivjeli&#8221; i dodao da Albanci u Crnoj Gori treba da budu &#8220;dostojanstveni u ovim istorijskim trenucima i da u svom slavlju ni?im ne izazovu nelagodu drugih&#8221;.<br \/>\n&#8220;Na\u0161e kom\u0161ije treba da da shvate na\u0161u opravdanu emociju koja ni?im ne?e remetiti napor da zajedni?ki njegujemo multietni?ku toleranciju, su\u017eivot i mir u Crnoj Gori&#8221;, kazao je Dino\u0161a MINI i dodao da ?e u?initi sve da Kosovo bude dobar susjed Crnoj Gori.<br \/>\nKalamperovi? je rekao da nema najava da bi u Crnoj Gori moglo do?i do protesta, ali da su preduzete odre?ene &#8220;mjere opreza&#8221;.<br \/>\n&#8220;Ne o?ekujem velike proteste, ni euforiju, niti gibanja uz granicu sa Srbijom i Kosovom&#8221;, rekao je Kalamperovi?.<br \/>\nOn je ocijenio da je situacija u Crnoj Gori stabilna i da &#8220;nema nikakvih najava ni procjena za mogu?u nestabilnost, bilo na podru?jima gdje \u017eive Albanci ili u drugim krajevima Crne Gore&#8221;.<br \/>\nPomo?nica \u0161efa diplomatije Irena Radovi? rekla je da u slu?aju progla\u0161enja nezavisnosti Kosova, Crna Gora ne?e &#8220;istr?avati&#8221;. Ona je Beti rekla da Crna Gora voditi ra?una o svojim evropskim i evroatlantskim perspektivama i interesima, kao i o regionalnoj stabilnosti.<br \/>\nDirektor Zavoda za zbrinjavanje izbjeglica \u017deljko \u0160ofranac rekao je ju?e tokom sastanka sa \u0161eficom Misije OEBS-a u Crnoj Gori Paraskivom Badesku da ?e crnogorske institucije na adekvatan na?in pratiti situaciju na Kosovu, odgovaraju?e reagovati, &#8220;uz po\u0161tovanje me?unarodnog prava, ali i sopstvenih interesa&#8221;.<\/p>\n<p>N.R,(Beta \/MINA)<\/p>\n","protected":false},"excerpt":{"rendered":"<p><img loading=\"lazy\" border=\"0\" align=\"left\" width=\"140\" src=\"http:\/\/www.visit-ulcinj.com\/blog\/wp-content\/uploads\/2008\/02\/thaci_dinosha.jpg\" alt=\"Tha\u00e7i_Dinosha\" height=\"140\"\/><\/p>\n","protected":false},"author":1,"featured_media":0,"comment_status":"open","ping_status":"closed","sticky":false,"template":"","format":"standard","meta":{"spay_email":"","jetpack_publicize_message":"","jetpack_is_tweetstorm":false,"jetpack_publicize_feature_enabled":true},"categories":[6],"tags":[1520,1523,1525,1526,20,90,1531,87,1339,1515,1434,1524,1530,1514,49,788,803,113,1522,1521,92,1529,1527,1528],"jetpack_publicize_connections":[],"yoast_head":"<!-- This site is optimized with the Yoast SEO plugin v19.1 - https:\/\/yoast.com\/wordpress\/plugins\/seo\/ -->\n<title>Radujte se ili tugujte ali izme?u ?etiri zida - Lajme nga Ulqini<\/title>\n<meta name=\"robots\" content=\"index, follow, max-snippet:-1, max-image-preview:large, max-video-preview:-1\" \/>\n<link rel=\"canonical\" href=\"https:\/\/www.visit-ulcinj.com\/blog\/2008\/02\/16\/radujte-se-ili-tugujte-ali-izmedu-cetiri-zida\/\" \/>\n<meta property=\"og:locale\" content=\"en_US\" \/>\n<meta property=\"og:type\" content=\"article\" \/>\n<meta property=\"og:title\" content=\"Radujte se ili tugujte ali izme?u ?etiri zida - Lajme nga Ulqini\" \/>\n<meta property=\"og:url\" content=\"https:\/\/www.visit-ulcinj.com\/blog\/2008\/02\/16\/radujte-se-ili-tugujte-ali-izmedu-cetiri-zida\/\" \/>\n<meta property=\"og:site_name\" content=\"Lajme nga Ulqini\" \/>\n<meta property=\"article:published_time\" content=\"2008-02-16T17:23:48+00:00\" \/>\n<meta property=\"article:modified_time\" content=\"2008-02-16T18:40:45+00:00\" \/>\n<meta property=\"og:image\" content=\"http:\/\/www.visit-ulcinj.com\/blog\/wp-content\/uploads\/2008\/02\/thaci_dinosha.jpg\" \/>\n<meta name=\"twitter:label1\" content=\"Written by\" \/>\n\t<meta name=\"twitter:data1\" content=\"ulqini\" \/>\n\t<meta name=\"twitter:label2\" content=\"Est. reading time\" \/>\n\t<meta name=\"twitter:data2\" content=\"2 minutes\" \/>\n<script type=\"application\/ld+json\" class=\"yoast-schema-graph\">{\"@context\":\"https:\/\/schema.org\",\"@graph\":[{\"@type\":\"WebSite\",\"@id\":\"https:\/\/www.visit-ulcinj.com\/blog\/#website\",\"url\":\"https:\/\/www.visit-ulcinj.com\/blog\/\",\"name\":\"Lajme nga Ulqini\",\"description\":\"Lajme,Vijesti,Ulqini,Ulqin,Crna Gora,Mali i Zi\",\"potentialAction\":[{\"@type\":\"SearchAction\",\"target\":{\"@type\":\"EntryPoint\",\"urlTemplate\":\"https:\/\/www.visit-ulcinj.com\/blog\/?s={search_term_string}\"},\"query-input\":\"required name=search_term_string\"}],\"inLanguage\":\"en-US\"},{\"@type\":\"ImageObject\",\"inLanguage\":\"en-US\",\"@id\":\"https:\/\/www.visit-ulcinj.com\/blog\/2008\/02\/16\/radujte-se-ili-tugujte-ali-izmedu-cetiri-zida\/#primaryimage\",\"url\":\"http:\/\/www.visit-ulcinj.com\/blog\/wp-content\/uploads\/2008\/02\/thaci_dinosha.jpg\",\"contentUrl\":\"http:\/\/www.visit-ulcinj.com\/blog\/wp-content\/uploads\/2008\/02\/thaci_dinosha.jpg\"},{\"@type\":\"WebPage\",\"@id\":\"https:\/\/www.visit-ulcinj.com\/blog\/2008\/02\/16\/radujte-se-ili-tugujte-ali-izmedu-cetiri-zida\/#webpage\",\"url\":\"https:\/\/www.visit-ulcinj.com\/blog\/2008\/02\/16\/radujte-se-ili-tugujte-ali-izmedu-cetiri-zida\/\",\"name\":\"Radujte se ili tugujte ali izme?u ?etiri zida - Lajme nga Ulqini\",\"isPartOf\":{\"@id\":\"https:\/\/www.visit-ulcinj.com\/blog\/#website\"},\"primaryImageOfPage\":{\"@id\":\"https:\/\/www.visit-ulcinj.com\/blog\/2008\/02\/16\/radujte-se-ili-tugujte-ali-izmedu-cetiri-zida\/#primaryimage\"},\"datePublished\":\"2008-02-16T17:23:48+00:00\",\"dateModified\":\"2008-02-16T18:40:45+00:00\",\"author\":{\"@id\":\"https:\/\/www.visit-ulcinj.com\/blog\/#\/schema\/person\/dcab619c614d3038751c63bc2aadc06d\"},\"breadcrumb\":{\"@id\":\"https:\/\/www.visit-ulcinj.com\/blog\/2008\/02\/16\/radujte-se-ili-tugujte-ali-izmedu-cetiri-zida\/#breadcrumb\"},\"inLanguage\":\"en-US\",\"potentialAction\":[{\"@type\":\"ReadAction\",\"target\":[\"https:\/\/www.visit-ulcinj.com\/blog\/2008\/02\/16\/radujte-se-ili-tugujte-ali-izmedu-cetiri-zida\/\"]}]},{\"@type\":\"BreadcrumbList\",\"@id\":\"https:\/\/www.visit-ulcinj.com\/blog\/2008\/02\/16\/radujte-se-ili-tugujte-ali-izmedu-cetiri-zida\/#breadcrumb\",\"itemListElement\":[{\"@type\":\"ListItem\",\"position\":1,\"name\":\"Radujte se ili tugujte ali izme?u ?etiri zida\"}]},{\"@type\":\"Person\",\"@id\":\"https:\/\/www.visit-ulcinj.com\/blog\/#\/schema\/person\/dcab619c614d3038751c63bc2aadc06d\",\"name\":\"ulqini\",\"sameAs\":[\"http:\/\/www.visit-ulcinj.com\"],\"url\":\"https:\/\/www.visit-ulcinj.com\/blog\/author\/admin\/\"}]}<\/script>\n<!-- \/ Yoast SEO plugin. -->","yoast_head_json":{"title":"Radujte se ili tugujte ali izme?u ?etiri zida - Lajme nga Ulqini","robots":{"index":"index","follow":"follow","max-snippet":"max-snippet:-1","max-image-preview":"max-image-preview:large","max-video-preview":"max-video-preview:-1"},"canonical":"https:\/\/www.visit-ulcinj.com\/blog\/2008\/02\/16\/radujte-se-ili-tugujte-ali-izmedu-cetiri-zida\/","og_locale":"en_US","og_type":"article","og_title":"Radujte se ili tugujte ali izme?u ?etiri zida - Lajme nga Ulqini","og_url":"https:\/\/www.visit-ulcinj.com\/blog\/2008\/02\/16\/radujte-se-ili-tugujte-ali-izmedu-cetiri-zida\/","og_site_name":"Lajme nga Ulqini","article_published_time":"2008-02-16T17:23:48+00:00","article_modified_time":"2008-02-16T18:40:45+00:00","og_image":[{"url":"http:\/\/www.visit-ulcinj.com\/blog\/wp-content\/uploads\/2008\/02\/thaci_dinosha.jpg"}],"twitter_misc":{"Written by":"ulqini","Est. reading time":"2 minutes"},"schema":{"@context":"https:\/\/schema.org","@graph":[{"@type":"WebSite","@id":"https:\/\/www.visit-ulcinj.com\/blog\/#website","url":"https:\/\/www.visit-ulcinj.com\/blog\/","name":"Lajme nga Ulqini","description":"Lajme,Vijesti,Ulqini,Ulqin,Crna Gora,Mali i Zi","potentialAction":[{"@type":"SearchAction","target":{"@type":"EntryPoint","urlTemplate":"https:\/\/www.visit-ulcinj.com\/blog\/?s={search_term_string}"},"query-input":"required name=search_term_string"}],"inLanguage":"en-US"},{"@type":"ImageObject","inLanguage":"en-US","@id":"https:\/\/www.visit-ulcinj.com\/blog\/2008\/02\/16\/radujte-se-ili-tugujte-ali-izmedu-cetiri-zida\/#primaryimage","url":"http:\/\/www.visit-ulcinj.com\/blog\/wp-content\/uploads\/2008\/02\/thaci_dinosha.jpg","contentUrl":"http:\/\/www.visit-ulcinj.com\/blog\/wp-content\/uploads\/2008\/02\/thaci_dinosha.jpg"},{"@type":"WebPage","@id":"https:\/\/www.visit-ulcinj.com\/blog\/2008\/02\/16\/radujte-se-ili-tugujte-ali-izmedu-cetiri-zida\/#webpage","url":"https:\/\/www.visit-ulcinj.com\/blog\/2008\/02\/16\/radujte-se-ili-tugujte-ali-izmedu-cetiri-zida\/","name":"Radujte se ili tugujte ali izme?u ?etiri zida - Lajme nga Ulqini","isPartOf":{"@id":"https:\/\/www.visit-ulcinj.com\/blog\/#website"},"primaryImageOfPage":{"@id":"https:\/\/www.visit-ulcinj.com\/blog\/2008\/02\/16\/radujte-se-ili-tugujte-ali-izmedu-cetiri-zida\/#primaryimage"},"datePublished":"2008-02-16T17:23:48+00:00","dateModified":"2008-02-16T18:40:45+00:00","author":{"@id":"https:\/\/www.visit-ulcinj.com\/blog\/#\/schema\/person\/dcab619c614d3038751c63bc2aadc06d"},"breadcrumb":{"@id":"https:\/\/www.visit-ulcinj.com\/blog\/2008\/02\/16\/radujte-se-ili-tugujte-ali-izmedu-cetiri-zida\/#breadcrumb"},"inLanguage":"en-US","potentialAction":[{"@type":"ReadAction","target":["https:\/\/www.visit-ulcinj.com\/blog\/2008\/02\/16\/radujte-se-ili-tugujte-ali-izmedu-cetiri-zida\/"]}]},{"@type":"BreadcrumbList","@id":"https:\/\/www.visit-ulcinj.com\/blog\/2008\/02\/16\/radujte-se-ili-tugujte-ali-izmedu-cetiri-zida\/#breadcrumb","itemListElement":[{"@type":"ListItem","position":1,"name":"Radujte se ili tugujte ali izme?u ?etiri zida"}]},{"@type":"Person","@id":"https:\/\/www.visit-ulcinj.com\/blog\/#\/schema\/person\/dcab619c614d3038751c63bc2aadc06d","name":"ulqini","sameAs":["http:\/\/www.visit-ulcinj.com"],"url":"https:\/\/www.visit-ulcinj.com\/blog\/author\/admin\/"}]}},"jetpack_featured_media_url":"","jetpack_sharing_enabled":true,"jetpack_shortlink":"https:\/\/wp.me\/pe6lTn-8M","_links":{"self":[{"href":"https:\/\/www.visit-ulcinj.com\/blog\/wp-json\/wp\/v2\/posts\/544"}],"collection":[{"href":"https:\/\/www.visit-ulcinj.com\/blog\/wp-json\/wp\/v2\/posts"}],"about":[{"href":"https:\/\/www.visit-ulcinj.com\/blog\/wp-json\/wp\/v2\/types\/post"}],"author":[{"embeddable":true,"href":"https:\/\/www.visit-ulcinj.com\/blog\/wp-json\/wp\/v2\/users\/1"}],"replies":[{"embeddable":true,"href":"https:\/\/www.visit-ulcinj.com\/blog\/wp-json\/wp\/v2\/comments?post=544"}],"version-history":[{"count":0,"href":"https:\/\/www.visit-ulcinj.com\/blog\/wp-json\/wp\/v2\/posts\/544\/revisions"}],"wp:attachment":[{"href":"https:\/\/www.visit-ulcinj.com\/blog\/wp-json\/wp\/v2\/media?parent=544"}],"wp:term":[{"taxonomy":"category","embeddable":true,"href":"https:\/\/www.visit-ulcinj.com\/blog\/wp-json\/wp\/v2\/categories?post=544"},{"taxonomy":"post_tag","embeddable":true,"href":"https:\/\/www.visit-ulcinj.com\/blog\/wp-json\/wp\/v2\/tags?post=544"}],"curies":[{"name":"wp","href":"https:\/\/api.w.org\/{rel}","templated":true}]}}