{"id":54420,"date":"2011-12-15T19:02:29","date_gmt":"2011-12-15T18:02:29","guid":{"rendered":"http:\/\/www.visit-ulcinj.com\/blog\/?p=54420"},"modified":"2011-12-15T19:03:40","modified_gmt":"2011-12-15T18:03:40","slug":"novi-cjenovnik-za-bojanu-i-adu","status":"publish","type":"post","link":"https:\/\/www.visit-ulcinj.com\/blog\/2011\/12\/15\/novi-cjenovnik-za-bojanu-i-adu\/","title":{"rendered":"Novi cjenovnik za Bojanu i Adu"},"content":{"rendered":"<p><strong><a href=\"http:\/\/www.visit-ulcinj.com\/blog\/wp-content\/uploads\/2011\/12\/Vikendice_ADA-BOJANA.jpg\"><img loading=\"lazy\" class=\"alignleft size-full wp-image-54422\" title=\"Vikendice_ADA BOJANA\" src=\"http:\/\/www.visit-ulcinj.com\/blog\/wp-content\/uploads\/2011\/12\/Vikendice_ADA-BOJANA.jpg\" alt=\"\" width=\"508\" height=\"380\" \/><\/a>U pro\u0161loj godini sklopljeno je 384 ugovora o kori\u0161\u0107enju lokacija, a od zakupa objekata na obalama Bojane slilo se 511.210 eura<\/strong><\/p>\n<p><strong>Pi\u0161e Mira Milovi\u0107<\/strong><\/p>\n<p><strong>PODGORICA \u2013 Javno preduze\u0107e za upravljanje morskim dobrom do po\u010detka naredne godine mora da sklopi ugovore o zakupu sa vlasnicima privremenih objekata na obalama rijeke Bojane, zaklju\u010dila je Vlada na posljednjoj sjednici na kojoj je analizirano stanje na obalama ove rijeke i Ade.<\/strong><\/p>\n<p>Vladini, odnosno podaci koje joj je dostavilo JP za upravljanje morskim dobrom pokazuju da na ovom prostoru ima 442 objekta. Na desnoj obali Bojane je 307, a na lijevoj obali Ade 135 izgra\u0111enih ili zapo\u010detih monta\u017enih objekata od drveta \u2013 ribarske i vikend ku\u0107e, platforme i pomo\u0107ni objekti, autoprikolice\u2026<\/p>\n<p><strong>Restorani<\/strong><\/p>\n<p>U informaciji koja se poziva na podatke od prije skoro godinu se navodi da ovom broju objekata treba dodati 12 monta\u017enih restorana \u2013 deset na desnoj i dva na lijevoj obali.<\/p>\n<p>Vlada je na posljednjoj sjednici usvojila i cjenovnik za zakup objekata na obalama rukavca Bojane koji su uklju\u010deni u katalog, odnosno evidenciju.<\/p>\n<p>&#8211; Godi\u0161nja naknada za zakup objekta do 30 kvadrata je deset eura po kvadratu. Posebna skala je utvr\u0111ena za objekte ve\u0107e povr\u0161ine od 30 kvadrata. Od 30 do 60 kvadrata cijena zakupa je 20 eura po kvadratu, od 60 do 100 kvadrata 40, a vi\u0161e od 100 obra\u010dunava se 50 eura zakupa po kvadratu \u2013 zaklju\u010dila je Vlada.<\/p>\n<p>Prosje\u010dna cijena zakupnine do sada je, podsje\u0107aju u informaciji Vlade, bila 19 eura za kvadrat.<\/p>\n<p>&#8211; Za ribarske ku\u0107e do 30 kvadrata godi\u0161nja zakupnina bila je 150 eura, a za vi\u0161e od 30 kvadrata uve\u0107avala se po pet eura po kvadratu. Za vikendice do 30 kvadrata godi\u0161nja zakupnina je bila hiljadu eura, a preko te povr\u0161ine uve\u0107avala se za 30 eura po kvadratu \u2013 navedeno je u informaciji Vlade.<\/p>\n<p><strong>Prihod<\/strong><\/p>\n<p>U pro\u0161loj godini sklopljeno je 384 ugovora o kori\u0161\u0107enju lokacija, a od zakupa objekata na obalama Bojane slilo se 511.210 eura.<\/p>\n<p>U informaciji nema procjene koliko \u0107e se u ovoj godini po novim cjenovnicima ubrati novca od zakupa ovih privremenih objekata.<\/p>\n<p>Ministarstvo odr\u017eivog razvoja i turizma i Javno preduze\u0107e, podsjetimo, od septembra 2010. do februara ove godine sproveli su akciju uklanjanja objekata sa ovog podru\u010dja.<\/p>\n<p>&#8211; Uklonjeno je tada 50 objekata \u2013 neuslovnih, dotrajalih ili ru\u0161evina, platformi bez objekata \u2013 navodi se u informaciji o ovom lokalitetu koji sa Velikom pla\u017eom, uklju\u010duju\u0107i i Adu Bojanu ima povr\u0161inu od 2.213 hektara. Ostrvo Ada Bojana povr\u0161ine je 515 hektara sa pje\u0161\u010danom pla\u017eom od tri kilometra.<\/p>\n<p><strong>Status objekata<\/strong><\/p>\n<p>Do kraja ovog mjeseca treba da se donese odluka kojom bi se definisao status privremenih objekata \u2013 zaklju\u010deno je na sjednici Vlade.<\/p>\n<p>Moraju se poja\u010dati aktivnosti kako bi se sprije\u010dila izgradnja novih privremenih objekata jer je, kako je ocijenjeno, nakon sezone primjetna poja\u010dana gradnja.<\/p>\n<p><strong>Divlje priklju\u010deni<\/strong><\/p>\n<p>Infrastruktura \u2013 elektro, vodovodna i kanalizaciona na ovom prostoru je nerije\u0161ena.<\/p>\n<p>Ve\u0107ina objekata na obalama Bojane i Ade je divlje priklju\u010dena na elektro mre\u017eu i vodovodni sistem HTP Ulcinjska rivijera, koji je izgra\u0111en za potrebe hotelskog kompleksa na Adi. Na ovom podru\u010dju ne postoiji ni javni kanalizacioni sistem i sistem za odvod otpadnih voda.<\/p>\n<p>&#8211; Jedan od komunalnih problema je nekontrolisano i nelegalno deponovanje otpada u zale\u0111u Velike pla\u017ee \u2013 navodi se u informaciji.<\/p>\n<p><strong><a href=\"http:\/\/www.pobjeda.me\/2011\/12\/15\/novi-cjenovnik-za-bojanu-i-adu\/\" target=\"_blank\">Izvor: Pobjeda<\/a><\/strong><br \/>\n<strong>Ovdje mo\u017eete pogledati <a href=\"http:\/\/www.mans.co.me\/wp-content\/uploads\/2009\/01\/montazni-objekti-na-rijeci-bojani.xls\">KATALOG OBJEKATA NA ADI BOJANI<\/a>.<\/strong><\/p>\n<p><strong>Ovdje mo\u017eete pogledati <a href=\"http:\/\/www.podlupom.info\/wp-content\/uploads\/2009\/05\/mapa_bojana.pdf\">MAPA lokacija<\/a> na kojima se nalaze objekti iz kataloga.<\/strong><\/p>\n<!--YouTube Error: bad URL entered-->\n","protected":false},"excerpt":{"rendered":"<p>U pro\u0161loj godini sklopljeno je 384 ugovora o kori\u0161\u0107enju lokacija, a od zakupa objekata na obalama Bojane slilo se 511.210 eura Pi\u0161e Mira Milovi\u0107 PODGORICA \u2013 Javno preduze\u0107e za upravljanje morskim dobrom do po\u010detka naredne godine mora da sklopi ugovore o zakupu sa vlasnicima privremenih objekata na obalama rijeke Bojane, zaklju\u010dila je Vlada na posljednjoj [&hellip;]<\/p>\n","protected":false},"author":1,"featured_media":0,"comment_status":"open","ping_status":"closed","sticky":false,"template":"","format":"standard","meta":{"spay_email":"","jetpack_publicize_message":"","jetpack_is_tweetstorm":false,"jetpack_publicize_feature_enabled":true},"categories":[8337],"tags":[138,19,17925],"jetpack_publicize_connections":[],"yoast_head":"<!-- This site is optimized with the Yoast SEO plugin v19.1 - https:\/\/yoast.com\/wordpress\/plugins\/seo\/ -->\n<title>Novi cjenovnik za Bojanu i Adu - Lajme nga Ulqini<\/title>\n<meta name=\"description\" content=\"U pro\u0161loj godini sklopljeno je 384 ugovora o kori\u0161\u0107enju lokacija, a od zakupa objekata na obalama Bojane slilo se 511.210 eura Pi\u0161e Mira Milovi\u0107 PODGORICA\" \/>\n<meta name=\"robots\" content=\"index, follow, max-snippet:-1, max-image-preview:large, max-video-preview:-1\" \/>\n<link rel=\"canonical\" href=\"https:\/\/www.visit-ulcinj.com\/blog\/2011\/12\/15\/novi-cjenovnik-za-bojanu-i-adu\/\" \/>\n<meta property=\"og:locale\" content=\"en_US\" \/>\n<meta property=\"og:type\" content=\"article\" \/>\n<meta property=\"og:title\" content=\"Novi cjenovnik za Bojanu i Adu - Lajme nga Ulqini\" \/>\n<meta property=\"og:description\" content=\"U pro\u0161loj godini sklopljeno je 384 ugovora o kori\u0161\u0107enju lokacija, a od zakupa objekata na obalama Bojane slilo se 511.210 eura Pi\u0161e Mira Milovi\u0107 PODGORICA\" \/>\n<meta property=\"og:url\" content=\"https:\/\/www.visit-ulcinj.com\/blog\/2011\/12\/15\/novi-cjenovnik-za-bojanu-i-adu\/\" \/>\n<meta property=\"og:site_name\" content=\"Lajme nga Ulqini\" \/>\n<meta property=\"article:published_time\" content=\"2011-12-15T18:02:29+00:00\" \/>\n<meta property=\"article:modified_time\" content=\"2011-12-15T18:03:40+00:00\" \/>\n<meta property=\"og:image\" content=\"http:\/\/www.visit-ulcinj.com\/blog\/wp-content\/uploads\/2011\/12\/Vikendice_ADA-BOJANA.jpg\" \/>\n<meta name=\"twitter:label1\" content=\"Written by\" \/>\n\t<meta name=\"twitter:data1\" content=\"ulqini\" \/>\n\t<meta name=\"twitter:label2\" content=\"Est. reading time\" \/>\n\t<meta name=\"twitter:data2\" content=\"3 minutes\" \/>\n<script type=\"application\/ld+json\" class=\"yoast-schema-graph\">{\"@context\":\"https:\/\/schema.org\",\"@graph\":[{\"@type\":\"WebSite\",\"@id\":\"https:\/\/www.visit-ulcinj.com\/blog\/#website\",\"url\":\"https:\/\/www.visit-ulcinj.com\/blog\/\",\"name\":\"Lajme nga Ulqini\",\"description\":\"Lajme,Vijesti,Ulqini,Ulqin,Crna Gora,Mali i Zi\",\"potentialAction\":[{\"@type\":\"SearchAction\",\"target\":{\"@type\":\"EntryPoint\",\"urlTemplate\":\"https:\/\/www.visit-ulcinj.com\/blog\/?s={search_term_string}\"},\"query-input\":\"required name=search_term_string\"}],\"inLanguage\":\"en-US\"},{\"@type\":\"ImageObject\",\"inLanguage\":\"en-US\",\"@id\":\"https:\/\/www.visit-ulcinj.com\/blog\/2011\/12\/15\/novi-cjenovnik-za-bojanu-i-adu\/#primaryimage\",\"url\":\"https:\/\/www.visit-ulcinj.com\/blog\/wp-content\/uploads\/2011\/12\/Vikendice_ADA-BOJANA.jpg\",\"contentUrl\":\"https:\/\/www.visit-ulcinj.com\/blog\/wp-content\/uploads\/2011\/12\/Vikendice_ADA-BOJANA.jpg\",\"width\":\"640\",\"height\":\"420\"},{\"@type\":\"WebPage\",\"@id\":\"https:\/\/www.visit-ulcinj.com\/blog\/2011\/12\/15\/novi-cjenovnik-za-bojanu-i-adu\/#webpage\",\"url\":\"https:\/\/www.visit-ulcinj.com\/blog\/2011\/12\/15\/novi-cjenovnik-za-bojanu-i-adu\/\",\"name\":\"Novi cjenovnik za Bojanu i Adu - Lajme nga Ulqini\",\"isPartOf\":{\"@id\":\"https:\/\/www.visit-ulcinj.com\/blog\/#website\"},\"primaryImageOfPage\":{\"@id\":\"https:\/\/www.visit-ulcinj.com\/blog\/2011\/12\/15\/novi-cjenovnik-za-bojanu-i-adu\/#primaryimage\"},\"datePublished\":\"2011-12-15T18:02:29+00:00\",\"dateModified\":\"2011-12-15T18:03:40+00:00\",\"author\":{\"@id\":\"https:\/\/www.visit-ulcinj.com\/blog\/#\/schema\/person\/dcab619c614d3038751c63bc2aadc06d\"},\"description\":\"U pro\u0161loj godini sklopljeno je 384 ugovora o kori\u0161\u0107enju lokacija, a od zakupa objekata na obalama Bojane slilo se 511.210 eura Pi\u0161e Mira Milovi\u0107 PODGORICA\",\"breadcrumb\":{\"@id\":\"https:\/\/www.visit-ulcinj.com\/blog\/2011\/12\/15\/novi-cjenovnik-za-bojanu-i-adu\/#breadcrumb\"},\"inLanguage\":\"en-US\",\"potentialAction\":[{\"@type\":\"ReadAction\",\"target\":[\"https:\/\/www.visit-ulcinj.com\/blog\/2011\/12\/15\/novi-cjenovnik-za-bojanu-i-adu\/\"]}]},{\"@type\":\"BreadcrumbList\",\"@id\":\"https:\/\/www.visit-ulcinj.com\/blog\/2011\/12\/15\/novi-cjenovnik-za-bojanu-i-adu\/#breadcrumb\",\"itemListElement\":[{\"@type\":\"ListItem\",\"position\":1,\"name\":\"Novi cjenovnik za Bojanu i Adu\"}]},{\"@type\":\"Person\",\"@id\":\"https:\/\/www.visit-ulcinj.com\/blog\/#\/schema\/person\/dcab619c614d3038751c63bc2aadc06d\",\"name\":\"ulqini\",\"sameAs\":[\"http:\/\/www.visit-ulcinj.com\"],\"url\":\"https:\/\/www.visit-ulcinj.com\/blog\/author\/admin\/\"}]}<\/script>\n<!-- \/ Yoast SEO plugin. -->","yoast_head_json":{"title":"Novi cjenovnik za Bojanu i Adu - Lajme nga Ulqini","description":"U pro\u0161loj godini sklopljeno je 384 ugovora o kori\u0161\u0107enju lokacija, a od zakupa objekata na obalama Bojane slilo se 511.210 eura Pi\u0161e Mira Milovi\u0107 PODGORICA","robots":{"index":"index","follow":"follow","max-snippet":"max-snippet:-1","max-image-preview":"max-image-preview:large","max-video-preview":"max-video-preview:-1"},"canonical":"https:\/\/www.visit-ulcinj.com\/blog\/2011\/12\/15\/novi-cjenovnik-za-bojanu-i-adu\/","og_locale":"en_US","og_type":"article","og_title":"Novi cjenovnik za Bojanu i Adu - Lajme nga Ulqini","og_description":"U pro\u0161loj godini sklopljeno je 384 ugovora o kori\u0161\u0107enju lokacija, a od zakupa objekata na obalama Bojane slilo se 511.210 eura Pi\u0161e Mira Milovi\u0107 PODGORICA","og_url":"https:\/\/www.visit-ulcinj.com\/blog\/2011\/12\/15\/novi-cjenovnik-za-bojanu-i-adu\/","og_site_name":"Lajme nga Ulqini","article_published_time":"2011-12-15T18:02:29+00:00","article_modified_time":"2011-12-15T18:03:40+00:00","og_image":[{"url":"http:\/\/www.visit-ulcinj.com\/blog\/wp-content\/uploads\/2011\/12\/Vikendice_ADA-BOJANA.jpg"}],"twitter_misc":{"Written by":"ulqini","Est. reading time":"3 minutes"},"schema":{"@context":"https:\/\/schema.org","@graph":[{"@type":"WebSite","@id":"https:\/\/www.visit-ulcinj.com\/blog\/#website","url":"https:\/\/www.visit-ulcinj.com\/blog\/","name":"Lajme nga Ulqini","description":"Lajme,Vijesti,Ulqini,Ulqin,Crna Gora,Mali i Zi","potentialAction":[{"@type":"SearchAction","target":{"@type":"EntryPoint","urlTemplate":"https:\/\/www.visit-ulcinj.com\/blog\/?s={search_term_string}"},"query-input":"required name=search_term_string"}],"inLanguage":"en-US"},{"@type":"ImageObject","inLanguage":"en-US","@id":"https:\/\/www.visit-ulcinj.com\/blog\/2011\/12\/15\/novi-cjenovnik-za-bojanu-i-adu\/#primaryimage","url":"https:\/\/www.visit-ulcinj.com\/blog\/wp-content\/uploads\/2011\/12\/Vikendice_ADA-BOJANA.jpg","contentUrl":"https:\/\/www.visit-ulcinj.com\/blog\/wp-content\/uploads\/2011\/12\/Vikendice_ADA-BOJANA.jpg","width":"640","height":"420"},{"@type":"WebPage","@id":"https:\/\/www.visit-ulcinj.com\/blog\/2011\/12\/15\/novi-cjenovnik-za-bojanu-i-adu\/#webpage","url":"https:\/\/www.visit-ulcinj.com\/blog\/2011\/12\/15\/novi-cjenovnik-za-bojanu-i-adu\/","name":"Novi cjenovnik za Bojanu i Adu - Lajme nga Ulqini","isPartOf":{"@id":"https:\/\/www.visit-ulcinj.com\/blog\/#website"},"primaryImageOfPage":{"@id":"https:\/\/www.visit-ulcinj.com\/blog\/2011\/12\/15\/novi-cjenovnik-za-bojanu-i-adu\/#primaryimage"},"datePublished":"2011-12-15T18:02:29+00:00","dateModified":"2011-12-15T18:03:40+00:00","author":{"@id":"https:\/\/www.visit-ulcinj.com\/blog\/#\/schema\/person\/dcab619c614d3038751c63bc2aadc06d"},"description":"U pro\u0161loj godini sklopljeno je 384 ugovora o kori\u0161\u0107enju lokacija, a od zakupa objekata na obalama Bojane slilo se 511.210 eura Pi\u0161e Mira Milovi\u0107 PODGORICA","breadcrumb":{"@id":"https:\/\/www.visit-ulcinj.com\/blog\/2011\/12\/15\/novi-cjenovnik-za-bojanu-i-adu\/#breadcrumb"},"inLanguage":"en-US","potentialAction":[{"@type":"ReadAction","target":["https:\/\/www.visit-ulcinj.com\/blog\/2011\/12\/15\/novi-cjenovnik-za-bojanu-i-adu\/"]}]},{"@type":"BreadcrumbList","@id":"https:\/\/www.visit-ulcinj.com\/blog\/2011\/12\/15\/novi-cjenovnik-za-bojanu-i-adu\/#breadcrumb","itemListElement":[{"@type":"ListItem","position":1,"name":"Novi cjenovnik za Bojanu i Adu"}]},{"@type":"Person","@id":"https:\/\/www.visit-ulcinj.com\/blog\/#\/schema\/person\/dcab619c614d3038751c63bc2aadc06d","name":"ulqini","sameAs":["http:\/\/www.visit-ulcinj.com"],"url":"https:\/\/www.visit-ulcinj.com\/blog\/author\/admin\/"}]}},"jetpack_featured_media_url":"","jetpack_sharing_enabled":true,"jetpack_shortlink":"https:\/\/wp.me\/pe6lTn-e9K","_links":{"self":[{"href":"https:\/\/www.visit-ulcinj.com\/blog\/wp-json\/wp\/v2\/posts\/54420"}],"collection":[{"href":"https:\/\/www.visit-ulcinj.com\/blog\/wp-json\/wp\/v2\/posts"}],"about":[{"href":"https:\/\/www.visit-ulcinj.com\/blog\/wp-json\/wp\/v2\/types\/post"}],"author":[{"embeddable":true,"href":"https:\/\/www.visit-ulcinj.com\/blog\/wp-json\/wp\/v2\/users\/1"}],"replies":[{"embeddable":true,"href":"https:\/\/www.visit-ulcinj.com\/blog\/wp-json\/wp\/v2\/comments?post=54420"}],"version-history":[{"count":2,"href":"https:\/\/www.visit-ulcinj.com\/blog\/wp-json\/wp\/v2\/posts\/54420\/revisions"}],"predecessor-version":[{"id":54424,"href":"https:\/\/www.visit-ulcinj.com\/blog\/wp-json\/wp\/v2\/posts\/54420\/revisions\/54424"}],"wp:attachment":[{"href":"https:\/\/www.visit-ulcinj.com\/blog\/wp-json\/wp\/v2\/media?parent=54420"}],"wp:term":[{"taxonomy":"category","embeddable":true,"href":"https:\/\/www.visit-ulcinj.com\/blog\/wp-json\/wp\/v2\/categories?post=54420"},{"taxonomy":"post_tag","embeddable":true,"href":"https:\/\/www.visit-ulcinj.com\/blog\/wp-json\/wp\/v2\/tags?post=54420"}],"curies":[{"name":"wp","href":"https:\/\/api.w.org\/{rel}","templated":true}]}}