{"id":54425,"date":"2011-12-15T19:32:08","date_gmt":"2011-12-15T18:32:08","guid":{"rendered":"http:\/\/www.visit-ulcinj.com\/blog\/?p=54425"},"modified":"2011-12-15T19:34:15","modified_gmt":"2011-12-15T18:34:15","slug":"deputete-shqiptare-ne-mbrojtje-te-perdorimit-te-flamurit-kombetar","status":"publish","type":"post","link":"https:\/\/www.visit-ulcinj.com\/blog\/2011\/12\/15\/deputete-shqiptare-ne-mbrojtje-te-perdorimit-te-flamurit-kombetar\/","title":{"rendered":"Deputet\u00eb shqiptar\u00eb n\u00eb mbrojtje t\u00eb p\u00ebrdorimit t\u00eb flamurit komb\u00ebtar"},"content":{"rendered":"<p><a href=\"http:\/\/www.visit-ulcinj.com\/blog\/2011\/12\/15\/deputete-shqiptare-ne-mbrojtje-te-perdorimit-te-flamurit-kombetar\/mehmet-bardhi_vasel-sinistaj_genci-nimanbegu_foto-montazhe1\/\" rel=\"attachment wp-att-54428\"><img loading=\"lazy\" class=\"alignleft size-full wp-image-54428\" title=\"Mehmet-Bardhi_Vasel-Sinistaj_Genci-Nimanbegu_FOTO-MONTAZHE1\" src=\"http:\/\/www.visit-ulcinj.com\/blog\/wp-content\/uploads\/2011\/12\/Mehmet-Bardhi_Vasel-Sinistaj_Genci-Nimanbegu_FOTO-MONTAZHE1.jpg\" alt=\"\" width=\"508\" height=\"380\" \/><\/a><a href=\"http:\/\/www.federazionedellasinistraforli.it\/wp-content\/uploads\/2011\/01\/AlbaniaFlag.gif\"><img loading=\"lazy\" class=\"alignleft\" title=\"flamuri shqipetar ne ulqin\" src=\"http:\/\/www.federazionedellasinistraforli.it\/wp-content\/uploads\/2011\/01\/AlbaniaFlag.gif\" alt=\"\" width=\"348\" height=\"375\" \/><\/a>Deputet\u00eb shqiptar\u00eb n\u00eb Parlamentin e Malit t\u00eb Zi, Genci Nimanbegu, Mehmet Bardhi dhe Vasel Sinishtaj, kan\u00eb reaguar ashp\u00ebr t\u00eb enjten kund\u00ebr Dratfligjit mbi rendin dhe qet\u00ebsin\u00eb edhe kan\u00eb dor\u00ebzuar amendamentin me q\u00ebllim t\u00eb ruajtjes s\u00eb t\u00eb drejt\u00ebs s\u00eb p\u00ebrdorimit t\u00eb lir\u00eb t\u00eb flamurit komb\u00ebtar shqiptar n\u00eb Mal t\u00eb Zi.<\/p>\n<p><a href=\"http:\/\/www.kosovalive.com\/?cid=1,2,79196\" target=\"_blank\"><strong><img src=\"http:\/\/www.kosovalive.com\/common\/images\/back.gif\" alt=\"Kthehu\" border=\"0\" \/>Lexo me shum\u00eb ne KosovaLive<img src=\"http:\/\/www.kosovalive.com\/common\/images\/back.gif\" alt=\"Kthehu\" border=\"0\" \/><\/strong><\/a><\/p>\n","protected":false},"excerpt":{"rendered":"<p>Deputet\u00eb shqiptar\u00eb n\u00eb Parlamentin e Malit t\u00eb Zi, Genci Nimanbegu, Mehmet Bardhi dhe Vasel Sinishtaj, kan\u00eb reaguar ashp\u00ebr t\u00eb enjten kund\u00ebr Dratfligjit mbi rendin dhe qet\u00ebsin\u00eb edhe kan\u00eb dor\u00ebzuar amendamentin me q\u00ebllim t\u00eb ruajtjes s\u00eb t\u00eb drejt\u00ebs s\u00eb p\u00ebrdorimit t\u00eb lir\u00eb t\u00eb flamurit komb\u00ebtar shqiptar n\u00eb Mal t\u00eb Zi. Lexo me shum\u00eb ne KosovaLive<\/p>\n","protected":false},"author":1,"featured_media":0,"comment_status":"open","ping_status":"closed","sticky":false,"template":"","format":"standard","meta":{"spay_email":"","jetpack_publicize_message":"","jetpack_is_tweetstorm":false,"jetpack_publicize_feature_enabled":true},"categories":[6],"tags":[19622,200],"jetpack_publicize_connections":[],"yoast_head":"<!-- This site is optimized with the Yoast SEO plugin v19.1 - https:\/\/yoast.com\/wordpress\/plugins\/seo\/ -->\n<title>Deputet\u00eb shqiptar\u00eb n\u00eb mbrojtje t\u00eb p\u00ebrdorimit t\u00eb flamurit komb\u00ebtar - Lajme nga Ulqini<\/title>\n<meta name=\"description\" content=\"Deputet\u00eb shqiptar\u00eb n\u00eb Parlamentin e Malit t\u00eb Zi, Genci Nimanbegu, Mehmet Bardhi dhe Vasel Sinishtaj, kan\u00eb reaguar ashp\u00ebr t\u00eb enjten kund\u00ebr Dratfligjit mbi\" \/>\n<meta name=\"robots\" content=\"index, follow, max-snippet:-1, max-image-preview:large, max-video-preview:-1\" \/>\n<link rel=\"canonical\" href=\"https:\/\/www.visit-ulcinj.com\/blog\/2011\/12\/15\/deputete-shqiptare-ne-mbrojtje-te-perdorimit-te-flamurit-kombetar\/\" \/>\n<meta property=\"og:locale\" content=\"en_US\" \/>\n<meta property=\"og:type\" content=\"article\" \/>\n<meta property=\"og:title\" content=\"Deputet\u00eb shqiptar\u00eb n\u00eb mbrojtje t\u00eb p\u00ebrdorimit t\u00eb flamurit komb\u00ebtar - Lajme nga Ulqini\" \/>\n<meta property=\"og:description\" content=\"Deputet\u00eb shqiptar\u00eb n\u00eb Parlamentin e Malit t\u00eb Zi, Genci Nimanbegu, Mehmet Bardhi dhe Vasel Sinishtaj, kan\u00eb reaguar ashp\u00ebr t\u00eb enjten kund\u00ebr Dratfligjit mbi\" \/>\n<meta property=\"og:url\" content=\"https:\/\/www.visit-ulcinj.com\/blog\/2011\/12\/15\/deputete-shqiptare-ne-mbrojtje-te-perdorimit-te-flamurit-kombetar\/\" \/>\n<meta property=\"og:site_name\" content=\"Lajme nga Ulqini\" \/>\n<meta property=\"article:published_time\" content=\"2011-12-15T18:32:08+00:00\" \/>\n<meta property=\"article:modified_time\" content=\"2011-12-15T18:34:15+00:00\" \/>\n<meta property=\"og:image\" content=\"http:\/\/www.visit-ulcinj.com\/blog\/wp-content\/uploads\/2011\/12\/Mehmet-Bardhi_Vasel-Sinistaj_Genci-Nimanbegu_FOTO-MONTAZHE1.jpg\" \/>\n<meta name=\"twitter:label1\" content=\"Written by\" \/>\n\t<meta name=\"twitter:data1\" content=\"ulqini\" \/>\n<script type=\"application\/ld+json\" class=\"yoast-schema-graph\">{\"@context\":\"https:\/\/schema.org\",\"@graph\":[{\"@type\":\"WebSite\",\"@id\":\"https:\/\/www.visit-ulcinj.com\/blog\/#website\",\"url\":\"https:\/\/www.visit-ulcinj.com\/blog\/\",\"name\":\"Lajme nga Ulqini\",\"description\":\"Lajme,Vijesti,Ulqini,Ulqin,Crna Gora,Mali i Zi\",\"potentialAction\":[{\"@type\":\"SearchAction\",\"target\":{\"@type\":\"EntryPoint\",\"urlTemplate\":\"https:\/\/www.visit-ulcinj.com\/blog\/?s={search_term_string}\"},\"query-input\":\"required name=search_term_string\"}],\"inLanguage\":\"en-US\"},{\"@type\":\"ImageObject\",\"inLanguage\":\"en-US\",\"@id\":\"https:\/\/www.visit-ulcinj.com\/blog\/2011\/12\/15\/deputete-shqiptare-ne-mbrojtje-te-perdorimit-te-flamurit-kombetar\/#primaryimage\",\"url\":\"https:\/\/www.visit-ulcinj.com\/blog\/wp-content\/uploads\/2011\/12\/Mehmet-Bardhi_Vasel-Sinistaj_Genci-Nimanbegu_FOTO-MONTAZHE1.jpg\",\"contentUrl\":\"https:\/\/www.visit-ulcinj.com\/blog\/wp-content\/uploads\/2011\/12\/Mehmet-Bardhi_Vasel-Sinistaj_Genci-Nimanbegu_FOTO-MONTAZHE1.jpg\",\"width\":\"792\",\"height\":\"677\"},{\"@type\":\"WebPage\",\"@id\":\"https:\/\/www.visit-ulcinj.com\/blog\/2011\/12\/15\/deputete-shqiptare-ne-mbrojtje-te-perdorimit-te-flamurit-kombetar\/#webpage\",\"url\":\"https:\/\/www.visit-ulcinj.com\/blog\/2011\/12\/15\/deputete-shqiptare-ne-mbrojtje-te-perdorimit-te-flamurit-kombetar\/\",\"name\":\"Deputet\u00eb shqiptar\u00eb n\u00eb mbrojtje t\u00eb p\u00ebrdorimit t\u00eb flamurit komb\u00ebtar - Lajme nga Ulqini\",\"isPartOf\":{\"@id\":\"https:\/\/www.visit-ulcinj.com\/blog\/#website\"},\"primaryImageOfPage\":{\"@id\":\"https:\/\/www.visit-ulcinj.com\/blog\/2011\/12\/15\/deputete-shqiptare-ne-mbrojtje-te-perdorimit-te-flamurit-kombetar\/#primaryimage\"},\"datePublished\":\"2011-12-15T18:32:08+00:00\",\"dateModified\":\"2011-12-15T18:34:15+00:00\",\"author\":{\"@id\":\"https:\/\/www.visit-ulcinj.com\/blog\/#\/schema\/person\/dcab619c614d3038751c63bc2aadc06d\"},\"description\":\"Deputet\u00eb shqiptar\u00eb n\u00eb Parlamentin e Malit t\u00eb Zi, Genci Nimanbegu, Mehmet Bardhi dhe Vasel Sinishtaj, kan\u00eb reaguar ashp\u00ebr t\u00eb enjten kund\u00ebr Dratfligjit mbi\",\"breadcrumb\":{\"@id\":\"https:\/\/www.visit-ulcinj.com\/blog\/2011\/12\/15\/deputete-shqiptare-ne-mbrojtje-te-perdorimit-te-flamurit-kombetar\/#breadcrumb\"},\"inLanguage\":\"en-US\",\"potentialAction\":[{\"@type\":\"ReadAction\",\"target\":[\"https:\/\/www.visit-ulcinj.com\/blog\/2011\/12\/15\/deputete-shqiptare-ne-mbrojtje-te-perdorimit-te-flamurit-kombetar\/\"]}]},{\"@type\":\"BreadcrumbList\",\"@id\":\"https:\/\/www.visit-ulcinj.com\/blog\/2011\/12\/15\/deputete-shqiptare-ne-mbrojtje-te-perdorimit-te-flamurit-kombetar\/#breadcrumb\",\"itemListElement\":[{\"@type\":\"ListItem\",\"position\":1,\"name\":\"Deputet\u00eb shqiptar\u00eb n\u00eb mbrojtje t\u00eb p\u00ebrdorimit t\u00eb flamurit komb\u00ebtar\"}]},{\"@type\":\"Person\",\"@id\":\"https:\/\/www.visit-ulcinj.com\/blog\/#\/schema\/person\/dcab619c614d3038751c63bc2aadc06d\",\"name\":\"ulqini\",\"sameAs\":[\"http:\/\/www.visit-ulcinj.com\"],\"url\":\"https:\/\/www.visit-ulcinj.com\/blog\/author\/admin\/\"}]}<\/script>\n<!-- \/ Yoast SEO plugin. -->","yoast_head_json":{"title":"Deputet\u00eb shqiptar\u00eb n\u00eb mbrojtje t\u00eb p\u00ebrdorimit t\u00eb flamurit komb\u00ebtar - Lajme nga Ulqini","description":"Deputet\u00eb shqiptar\u00eb n\u00eb Parlamentin e Malit t\u00eb Zi, Genci Nimanbegu, Mehmet Bardhi dhe Vasel Sinishtaj, kan\u00eb reaguar ashp\u00ebr t\u00eb enjten kund\u00ebr Dratfligjit mbi","robots":{"index":"index","follow":"follow","max-snippet":"max-snippet:-1","max-image-preview":"max-image-preview:large","max-video-preview":"max-video-preview:-1"},"canonical":"https:\/\/www.visit-ulcinj.com\/blog\/2011\/12\/15\/deputete-shqiptare-ne-mbrojtje-te-perdorimit-te-flamurit-kombetar\/","og_locale":"en_US","og_type":"article","og_title":"Deputet\u00eb shqiptar\u00eb n\u00eb mbrojtje t\u00eb p\u00ebrdorimit t\u00eb flamurit komb\u00ebtar - Lajme nga Ulqini","og_description":"Deputet\u00eb shqiptar\u00eb n\u00eb Parlamentin e Malit t\u00eb Zi, Genci Nimanbegu, Mehmet Bardhi dhe Vasel Sinishtaj, kan\u00eb reaguar ashp\u00ebr t\u00eb enjten kund\u00ebr Dratfligjit mbi","og_url":"https:\/\/www.visit-ulcinj.com\/blog\/2011\/12\/15\/deputete-shqiptare-ne-mbrojtje-te-perdorimit-te-flamurit-kombetar\/","og_site_name":"Lajme nga Ulqini","article_published_time":"2011-12-15T18:32:08+00:00","article_modified_time":"2011-12-15T18:34:15+00:00","og_image":[{"url":"http:\/\/www.visit-ulcinj.com\/blog\/wp-content\/uploads\/2011\/12\/Mehmet-Bardhi_Vasel-Sinistaj_Genci-Nimanbegu_FOTO-MONTAZHE1.jpg"}],"twitter_misc":{"Written by":"ulqini"},"schema":{"@context":"https:\/\/schema.org","@graph":[{"@type":"WebSite","@id":"https:\/\/www.visit-ulcinj.com\/blog\/#website","url":"https:\/\/www.visit-ulcinj.com\/blog\/","name":"Lajme nga Ulqini","description":"Lajme,Vijesti,Ulqini,Ulqin,Crna Gora,Mali i Zi","potentialAction":[{"@type":"SearchAction","target":{"@type":"EntryPoint","urlTemplate":"https:\/\/www.visit-ulcinj.com\/blog\/?s={search_term_string}"},"query-input":"required name=search_term_string"}],"inLanguage":"en-US"},{"@type":"ImageObject","inLanguage":"en-US","@id":"https:\/\/www.visit-ulcinj.com\/blog\/2011\/12\/15\/deputete-shqiptare-ne-mbrojtje-te-perdorimit-te-flamurit-kombetar\/#primaryimage","url":"https:\/\/www.visit-ulcinj.com\/blog\/wp-content\/uploads\/2011\/12\/Mehmet-Bardhi_Vasel-Sinistaj_Genci-Nimanbegu_FOTO-MONTAZHE1.jpg","contentUrl":"https:\/\/www.visit-ulcinj.com\/blog\/wp-content\/uploads\/2011\/12\/Mehmet-Bardhi_Vasel-Sinistaj_Genci-Nimanbegu_FOTO-MONTAZHE1.jpg","width":"792","height":"677"},{"@type":"WebPage","@id":"https:\/\/www.visit-ulcinj.com\/blog\/2011\/12\/15\/deputete-shqiptare-ne-mbrojtje-te-perdorimit-te-flamurit-kombetar\/#webpage","url":"https:\/\/www.visit-ulcinj.com\/blog\/2011\/12\/15\/deputete-shqiptare-ne-mbrojtje-te-perdorimit-te-flamurit-kombetar\/","name":"Deputet\u00eb shqiptar\u00eb n\u00eb mbrojtje t\u00eb p\u00ebrdorimit t\u00eb flamurit komb\u00ebtar - Lajme nga Ulqini","isPartOf":{"@id":"https:\/\/www.visit-ulcinj.com\/blog\/#website"},"primaryImageOfPage":{"@id":"https:\/\/www.visit-ulcinj.com\/blog\/2011\/12\/15\/deputete-shqiptare-ne-mbrojtje-te-perdorimit-te-flamurit-kombetar\/#primaryimage"},"datePublished":"2011-12-15T18:32:08+00:00","dateModified":"2011-12-15T18:34:15+00:00","author":{"@id":"https:\/\/www.visit-ulcinj.com\/blog\/#\/schema\/person\/dcab619c614d3038751c63bc2aadc06d"},"description":"Deputet\u00eb shqiptar\u00eb n\u00eb Parlamentin e Malit t\u00eb Zi, Genci Nimanbegu, Mehmet Bardhi dhe Vasel Sinishtaj, kan\u00eb reaguar ashp\u00ebr t\u00eb enjten kund\u00ebr Dratfligjit mbi","breadcrumb":{"@id":"https:\/\/www.visit-ulcinj.com\/blog\/2011\/12\/15\/deputete-shqiptare-ne-mbrojtje-te-perdorimit-te-flamurit-kombetar\/#breadcrumb"},"inLanguage":"en-US","potentialAction":[{"@type":"ReadAction","target":["https:\/\/www.visit-ulcinj.com\/blog\/2011\/12\/15\/deputete-shqiptare-ne-mbrojtje-te-perdorimit-te-flamurit-kombetar\/"]}]},{"@type":"BreadcrumbList","@id":"https:\/\/www.visit-ulcinj.com\/blog\/2011\/12\/15\/deputete-shqiptare-ne-mbrojtje-te-perdorimit-te-flamurit-kombetar\/#breadcrumb","itemListElement":[{"@type":"ListItem","position":1,"name":"Deputet\u00eb shqiptar\u00eb n\u00eb mbrojtje t\u00eb p\u00ebrdorimit t\u00eb flamurit komb\u00ebtar"}]},{"@type":"Person","@id":"https:\/\/www.visit-ulcinj.com\/blog\/#\/schema\/person\/dcab619c614d3038751c63bc2aadc06d","name":"ulqini","sameAs":["http:\/\/www.visit-ulcinj.com"],"url":"https:\/\/www.visit-ulcinj.com\/blog\/author\/admin\/"}]}},"jetpack_featured_media_url":"","jetpack_sharing_enabled":true,"jetpack_shortlink":"https:\/\/wp.me\/pe6lTn-e9P","_links":{"self":[{"href":"https:\/\/www.visit-ulcinj.com\/blog\/wp-json\/wp\/v2\/posts\/54425"}],"collection":[{"href":"https:\/\/www.visit-ulcinj.com\/blog\/wp-json\/wp\/v2\/posts"}],"about":[{"href":"https:\/\/www.visit-ulcinj.com\/blog\/wp-json\/wp\/v2\/types\/post"}],"author":[{"embeddable":true,"href":"https:\/\/www.visit-ulcinj.com\/blog\/wp-json\/wp\/v2\/users\/1"}],"replies":[{"embeddable":true,"href":"https:\/\/www.visit-ulcinj.com\/blog\/wp-json\/wp\/v2\/comments?post=54425"}],"version-history":[{"count":4,"href":"https:\/\/www.visit-ulcinj.com\/blog\/wp-json\/wp\/v2\/posts\/54425\/revisions"}],"predecessor-version":[{"id":54430,"href":"https:\/\/www.visit-ulcinj.com\/blog\/wp-json\/wp\/v2\/posts\/54425\/revisions\/54430"}],"wp:attachment":[{"href":"https:\/\/www.visit-ulcinj.com\/blog\/wp-json\/wp\/v2\/media?parent=54425"}],"wp:term":[{"taxonomy":"category","embeddable":true,"href":"https:\/\/www.visit-ulcinj.com\/blog\/wp-json\/wp\/v2\/categories?post=54425"},{"taxonomy":"post_tag","embeddable":true,"href":"https:\/\/www.visit-ulcinj.com\/blog\/wp-json\/wp\/v2\/tags?post=54425"}],"curies":[{"name":"wp","href":"https:\/\/api.w.org\/{rel}","templated":true}]}}