{"id":54452,"date":"2011-12-16T19:50:39","date_gmt":"2011-12-16T18:50:39","guid":{"rendered":"http:\/\/www.visit-ulcinj.com\/blog\/?p=54452"},"modified":"2011-12-16T19:50:40","modified_gmt":"2011-12-16T18:50:40","slug":"migjeni-mbremja-letrare","status":"publish","type":"post","link":"https:\/\/www.visit-ulcinj.com\/blog\/2011\/12\/16\/migjeni-mbremja-letrare\/","title":{"rendered":"Migjeni &#8211; Mbremja letrare"},"content":{"rendered":"<p style=\"text-align: left;\" align=\"center\"><a href=\"http:\/\/www.visit-ulcinj.com\/blog\/2011\/12\/16\/migjeni-mbremja-letrare\/migjeni-mbremja-letrare\/\" rel=\"attachment wp-att-54453\"><img loading=\"lazy\" class=\"alignleft size-full wp-image-54453\" title=\"Migjeni - Mbremja letrare\" src=\"http:\/\/www.visit-ulcinj.com\/blog\/wp-content\/uploads\/2011\/12\/Migjeni-Mbremja-letrare.jpg\" alt=\"\" width=\"508\" height=\"145\" srcset=\"https:\/\/www.visit-ulcinj.com\/blog\/wp-content\/uploads\/2011\/12\/Migjeni-Mbremja-letrare.jpg 508w, https:\/\/www.visit-ulcinj.com\/blog\/wp-content\/uploads\/2011\/12\/Migjeni-Mbremja-letrare-300x85.jpg 300w\" sizes=\"(max-width: 508px) 100vw, 508px\" \/><\/a><\/p>\n<p align=\"center\"><strong>Njoftim p\u00ebr media <\/strong><\/p>\n<p>&nbsp;<\/p>\n<p>Fondacioni \u201cStudenti\u201d dhe Organizata joqeveritare \u201cOra\u201d, n\u00eb bashk\u00ebpunim me Bibliotek\u00ebn e Qytetit \u2013 Qendr\u00ebn e Kultur\u00ebs do t\u00eb organizojn\u00eb n\u00eb Ulqin, t\u00eb shtun\u00ebn, m\u00eb 17 dhjetor 2011, nj\u00eb mbr\u00ebmje letrare me rastin e 100-vjetorit t\u00eb lindjes s\u00eb shkrimtarit t\u00eb shquar Millosh Gjergj Nikolla \u2013 MIGJENI (1911-2011).<\/p>\n<p>Kjo veprimtari kulturore ka p\u00ebr q\u00ebllim sh\u00ebnimin e k\u00ebsaj date t\u00eb r\u00ebnd\u00ebsishme p\u00ebr let\u00ebrsin\u00eb shqipe. Me k\u00ebt\u00eb veprimtari edhe Ulqini iu bashkohet trevave t\u00eb tjera shqiptare t\u00eb cilat me aktivitete t\u00eb ndryshme e kan\u00eb sh\u00ebnuar k\u00ebt\u00eb p\u00ebrvjetor.<\/p>\n<p>P\u00ebr krijimtarin\u00eb e Migjenit do t\u00eb flasin prof. dr. Alfred \u00c7apaliku, pedagog i let\u00ebrsis\u00eb n\u00eb Universitetin \u201cLuigj Gurakuqi\u201d n\u00eb Shkod\u00ebr dhe mr. Haxhi Shabani, shkrimtar dhe studiues i gjuh\u00ebs. Gjat\u00eb mbr\u00ebmjes do t\u00eb lexohen pjes\u00eb nga krijimtaria e Migjenit.<\/p>\n<p>Mbr\u00ebmja do t\u00eb mbahet n\u00eb Bibliotek\u00ebn e Qytetit n\u00eb Ulqin dhe fillon n\u00eb or\u00ebn 19.<\/p>\n","protected":false},"excerpt":{"rendered":"<p>Njoftim p\u00ebr media &nbsp; Fondacioni \u201cStudenti\u201d dhe Organizata joqeveritare \u201cOra\u201d, n\u00eb bashk\u00ebpunim me Bibliotek\u00ebn e Qytetit \u2013 Qendr\u00ebn e Kultur\u00ebs do t\u00eb organizojn\u00eb n\u00eb Ulqin, t\u00eb shtun\u00ebn, m\u00eb 17 dhjetor 2011, nj\u00eb mbr\u00ebmje letrare me rastin e 100-vjetorit t\u00eb lindjes s\u00eb shkrimtarit t\u00eb shquar Millosh Gjergj Nikolla \u2013 MIGJENI (1911-2011). Kjo veprimtari kulturore ka p\u00ebr [&hellip;]<\/p>\n","protected":false},"author":1,"featured_media":0,"comment_status":"open","ping_status":"closed","sticky":false,"template":"","format":"standard","meta":{"spay_email":"","jetpack_publicize_message":"","jetpack_is_tweetstorm":false,"jetpack_publicize_feature_enabled":true},"categories":[4],"tags":[18036,200,18],"jetpack_publicize_connections":[],"yoast_head":"<!-- This site is optimized with the Yoast SEO plugin v19.1 - https:\/\/yoast.com\/wordpress\/plugins\/seo\/ -->\n<title>Migjeni - Mbremja letrare - Lajme nga Ulqini<\/title>\n<meta name=\"description\" content=\"Njoftim p\u00ebr media &nbsp; Fondacioni \u201cStudenti\u201d dhe Organizata joqeveritare \u201cOra\u201d, n\u00eb bashk\u00ebpunim me Bibliotek\u00ebn e Qytetit \u2013 Qendr\u00ebn e Kultur\u00ebs do t\u00eb\" \/>\n<meta name=\"robots\" content=\"index, follow, max-snippet:-1, max-image-preview:large, max-video-preview:-1\" \/>\n<link rel=\"canonical\" href=\"https:\/\/www.visit-ulcinj.com\/blog\/2011\/12\/16\/migjeni-mbremja-letrare\/\" \/>\n<meta property=\"og:locale\" content=\"en_US\" \/>\n<meta property=\"og:type\" content=\"article\" \/>\n<meta property=\"og:title\" content=\"Migjeni - Mbremja letrare - Lajme nga Ulqini\" \/>\n<meta property=\"og:description\" content=\"Njoftim p\u00ebr media &nbsp; Fondacioni \u201cStudenti\u201d dhe Organizata joqeveritare \u201cOra\u201d, n\u00eb bashk\u00ebpunim me Bibliotek\u00ebn e Qytetit \u2013 Qendr\u00ebn e Kultur\u00ebs do t\u00eb\" \/>\n<meta property=\"og:url\" content=\"https:\/\/www.visit-ulcinj.com\/blog\/2011\/12\/16\/migjeni-mbremja-letrare\/\" \/>\n<meta property=\"og:site_name\" content=\"Lajme nga Ulqini\" \/>\n<meta property=\"article:published_time\" content=\"2011-12-16T18:50:39+00:00\" \/>\n<meta property=\"article:modified_time\" content=\"2011-12-16T18:50:40+00:00\" \/>\n<meta property=\"og:image\" content=\"http:\/\/www.visit-ulcinj.com\/blog\/wp-content\/uploads\/2011\/12\/Migjeni-Mbremja-letrare.jpg\" \/>\n<meta name=\"twitter:label1\" content=\"Written by\" \/>\n\t<meta name=\"twitter:data1\" content=\"ulqini\" \/>\n\t<meta name=\"twitter:label2\" content=\"Est. reading time\" \/>\n\t<meta name=\"twitter:data2\" content=\"1 minute\" \/>\n<script type=\"application\/ld+json\" class=\"yoast-schema-graph\">{\"@context\":\"https:\/\/schema.org\",\"@graph\":[{\"@type\":\"WebSite\",\"@id\":\"https:\/\/www.visit-ulcinj.com\/blog\/#website\",\"url\":\"https:\/\/www.visit-ulcinj.com\/blog\/\",\"name\":\"Lajme nga Ulqini\",\"description\":\"Lajme,Vijesti,Ulqini,Ulqin,Crna Gora,Mali i Zi\",\"potentialAction\":[{\"@type\":\"SearchAction\",\"target\":{\"@type\":\"EntryPoint\",\"urlTemplate\":\"https:\/\/www.visit-ulcinj.com\/blog\/?s={search_term_string}\"},\"query-input\":\"required name=search_term_string\"}],\"inLanguage\":\"en-US\"},{\"@type\":\"ImageObject\",\"inLanguage\":\"en-US\",\"@id\":\"https:\/\/www.visit-ulcinj.com\/blog\/2011\/12\/16\/migjeni-mbremja-letrare\/#primaryimage\",\"url\":\"https:\/\/www.visit-ulcinj.com\/blog\/wp-content\/uploads\/2011\/12\/Migjeni-Mbremja-letrare.jpg\",\"contentUrl\":\"https:\/\/www.visit-ulcinj.com\/blog\/wp-content\/uploads\/2011\/12\/Migjeni-Mbremja-letrare.jpg\",\"width\":\"508\",\"height\":\"145\"},{\"@type\":\"WebPage\",\"@id\":\"https:\/\/www.visit-ulcinj.com\/blog\/2011\/12\/16\/migjeni-mbremja-letrare\/#webpage\",\"url\":\"https:\/\/www.visit-ulcinj.com\/blog\/2011\/12\/16\/migjeni-mbremja-letrare\/\",\"name\":\"Migjeni - Mbremja letrare - Lajme nga Ulqini\",\"isPartOf\":{\"@id\":\"https:\/\/www.visit-ulcinj.com\/blog\/#website\"},\"primaryImageOfPage\":{\"@id\":\"https:\/\/www.visit-ulcinj.com\/blog\/2011\/12\/16\/migjeni-mbremja-letrare\/#primaryimage\"},\"datePublished\":\"2011-12-16T18:50:39+00:00\",\"dateModified\":\"2011-12-16T18:50:40+00:00\",\"author\":{\"@id\":\"https:\/\/www.visit-ulcinj.com\/blog\/#\/schema\/person\/dcab619c614d3038751c63bc2aadc06d\"},\"description\":\"Njoftim p\u00ebr media &nbsp; Fondacioni \u201cStudenti\u201d dhe Organizata joqeveritare \u201cOra\u201d, n\u00eb bashk\u00ebpunim me Bibliotek\u00ebn e Qytetit \u2013 Qendr\u00ebn e Kultur\u00ebs do t\u00eb\",\"breadcrumb\":{\"@id\":\"https:\/\/www.visit-ulcinj.com\/blog\/2011\/12\/16\/migjeni-mbremja-letrare\/#breadcrumb\"},\"inLanguage\":\"en-US\",\"potentialAction\":[{\"@type\":\"ReadAction\",\"target\":[\"https:\/\/www.visit-ulcinj.com\/blog\/2011\/12\/16\/migjeni-mbremja-letrare\/\"]}]},{\"@type\":\"BreadcrumbList\",\"@id\":\"https:\/\/www.visit-ulcinj.com\/blog\/2011\/12\/16\/migjeni-mbremja-letrare\/#breadcrumb\",\"itemListElement\":[{\"@type\":\"ListItem\",\"position\":1,\"name\":\"Migjeni &#8211; Mbremja letrare\"}]},{\"@type\":\"Person\",\"@id\":\"https:\/\/www.visit-ulcinj.com\/blog\/#\/schema\/person\/dcab619c614d3038751c63bc2aadc06d\",\"name\":\"ulqini\",\"sameAs\":[\"http:\/\/www.visit-ulcinj.com\"],\"url\":\"https:\/\/www.visit-ulcinj.com\/blog\/author\/admin\/\"}]}<\/script>\n<!-- \/ Yoast SEO plugin. -->","yoast_head_json":{"title":"Migjeni - Mbremja letrare - Lajme nga Ulqini","description":"Njoftim p\u00ebr media &nbsp; Fondacioni \u201cStudenti\u201d dhe Organizata joqeveritare \u201cOra\u201d, n\u00eb bashk\u00ebpunim me Bibliotek\u00ebn e Qytetit \u2013 Qendr\u00ebn e Kultur\u00ebs do t\u00eb","robots":{"index":"index","follow":"follow","max-snippet":"max-snippet:-1","max-image-preview":"max-image-preview:large","max-video-preview":"max-video-preview:-1"},"canonical":"https:\/\/www.visit-ulcinj.com\/blog\/2011\/12\/16\/migjeni-mbremja-letrare\/","og_locale":"en_US","og_type":"article","og_title":"Migjeni - Mbremja letrare - Lajme nga Ulqini","og_description":"Njoftim p\u00ebr media &nbsp; Fondacioni \u201cStudenti\u201d dhe Organizata joqeveritare \u201cOra\u201d, n\u00eb bashk\u00ebpunim me Bibliotek\u00ebn e Qytetit \u2013 Qendr\u00ebn e Kultur\u00ebs do t\u00eb","og_url":"https:\/\/www.visit-ulcinj.com\/blog\/2011\/12\/16\/migjeni-mbremja-letrare\/","og_site_name":"Lajme nga Ulqini","article_published_time":"2011-12-16T18:50:39+00:00","article_modified_time":"2011-12-16T18:50:40+00:00","og_image":[{"url":"http:\/\/www.visit-ulcinj.com\/blog\/wp-content\/uploads\/2011\/12\/Migjeni-Mbremja-letrare.jpg"}],"twitter_misc":{"Written by":"ulqini","Est. reading time":"1 minute"},"schema":{"@context":"https:\/\/schema.org","@graph":[{"@type":"WebSite","@id":"https:\/\/www.visit-ulcinj.com\/blog\/#website","url":"https:\/\/www.visit-ulcinj.com\/blog\/","name":"Lajme nga Ulqini","description":"Lajme,Vijesti,Ulqini,Ulqin,Crna Gora,Mali i Zi","potentialAction":[{"@type":"SearchAction","target":{"@type":"EntryPoint","urlTemplate":"https:\/\/www.visit-ulcinj.com\/blog\/?s={search_term_string}"},"query-input":"required name=search_term_string"}],"inLanguage":"en-US"},{"@type":"ImageObject","inLanguage":"en-US","@id":"https:\/\/www.visit-ulcinj.com\/blog\/2011\/12\/16\/migjeni-mbremja-letrare\/#primaryimage","url":"https:\/\/www.visit-ulcinj.com\/blog\/wp-content\/uploads\/2011\/12\/Migjeni-Mbremja-letrare.jpg","contentUrl":"https:\/\/www.visit-ulcinj.com\/blog\/wp-content\/uploads\/2011\/12\/Migjeni-Mbremja-letrare.jpg","width":"508","height":"145"},{"@type":"WebPage","@id":"https:\/\/www.visit-ulcinj.com\/blog\/2011\/12\/16\/migjeni-mbremja-letrare\/#webpage","url":"https:\/\/www.visit-ulcinj.com\/blog\/2011\/12\/16\/migjeni-mbremja-letrare\/","name":"Migjeni - Mbremja letrare - Lajme nga Ulqini","isPartOf":{"@id":"https:\/\/www.visit-ulcinj.com\/blog\/#website"},"primaryImageOfPage":{"@id":"https:\/\/www.visit-ulcinj.com\/blog\/2011\/12\/16\/migjeni-mbremja-letrare\/#primaryimage"},"datePublished":"2011-12-16T18:50:39+00:00","dateModified":"2011-12-16T18:50:40+00:00","author":{"@id":"https:\/\/www.visit-ulcinj.com\/blog\/#\/schema\/person\/dcab619c614d3038751c63bc2aadc06d"},"description":"Njoftim p\u00ebr media &nbsp; Fondacioni \u201cStudenti\u201d dhe Organizata joqeveritare \u201cOra\u201d, n\u00eb bashk\u00ebpunim me Bibliotek\u00ebn e Qytetit \u2013 Qendr\u00ebn e Kultur\u00ebs do t\u00eb","breadcrumb":{"@id":"https:\/\/www.visit-ulcinj.com\/blog\/2011\/12\/16\/migjeni-mbremja-letrare\/#breadcrumb"},"inLanguage":"en-US","potentialAction":[{"@type":"ReadAction","target":["https:\/\/www.visit-ulcinj.com\/blog\/2011\/12\/16\/migjeni-mbremja-letrare\/"]}]},{"@type":"BreadcrumbList","@id":"https:\/\/www.visit-ulcinj.com\/blog\/2011\/12\/16\/migjeni-mbremja-letrare\/#breadcrumb","itemListElement":[{"@type":"ListItem","position":1,"name":"Migjeni &#8211; Mbremja letrare"}]},{"@type":"Person","@id":"https:\/\/www.visit-ulcinj.com\/blog\/#\/schema\/person\/dcab619c614d3038751c63bc2aadc06d","name":"ulqini","sameAs":["http:\/\/www.visit-ulcinj.com"],"url":"https:\/\/www.visit-ulcinj.com\/blog\/author\/admin\/"}]}},"jetpack_featured_media_url":"","jetpack_sharing_enabled":true,"jetpack_shortlink":"https:\/\/wp.me\/pe6lTn-eag","_links":{"self":[{"href":"https:\/\/www.visit-ulcinj.com\/blog\/wp-json\/wp\/v2\/posts\/54452"}],"collection":[{"href":"https:\/\/www.visit-ulcinj.com\/blog\/wp-json\/wp\/v2\/posts"}],"about":[{"href":"https:\/\/www.visit-ulcinj.com\/blog\/wp-json\/wp\/v2\/types\/post"}],"author":[{"embeddable":true,"href":"https:\/\/www.visit-ulcinj.com\/blog\/wp-json\/wp\/v2\/users\/1"}],"replies":[{"embeddable":true,"href":"https:\/\/www.visit-ulcinj.com\/blog\/wp-json\/wp\/v2\/comments?post=54452"}],"version-history":[{"count":2,"href":"https:\/\/www.visit-ulcinj.com\/blog\/wp-json\/wp\/v2\/posts\/54452\/revisions"}],"predecessor-version":[{"id":54456,"href":"https:\/\/www.visit-ulcinj.com\/blog\/wp-json\/wp\/v2\/posts\/54452\/revisions\/54456"}],"wp:attachment":[{"href":"https:\/\/www.visit-ulcinj.com\/blog\/wp-json\/wp\/v2\/media?parent=54452"}],"wp:term":[{"taxonomy":"category","embeddable":true,"href":"https:\/\/www.visit-ulcinj.com\/blog\/wp-json\/wp\/v2\/categories?post=54452"},{"taxonomy":"post_tag","embeddable":true,"href":"https:\/\/www.visit-ulcinj.com\/blog\/wp-json\/wp\/v2\/tags?post=54452"}],"curies":[{"name":"wp","href":"https:\/\/api.w.org\/{rel}","templated":true}]}}