{"id":54461,"date":"2011-12-17T17:25:37","date_gmt":"2011-12-17T16:25:37","guid":{"rendered":"http:\/\/www.visit-ulcinj.com\/blog\/?p=54461"},"modified":"2011-12-17T17:25:37","modified_gmt":"2011-12-17T16:25:37","slug":"sinishtaj-nese-duhet-flamurin-e-mbrojme-me-gjak","status":"publish","type":"post","link":"https:\/\/www.visit-ulcinj.com\/blog\/2011\/12\/17\/sinishtaj-nese-duhet-flamurin-e-mbrojme-me-gjak\/","title":{"rendered":"Sinishtaj: N\u00ebse duhet, flamurin e mbrojm\u00eb me gjak"},"content":{"rendered":"<p><a href=\"http:\/\/www.visit-ulcinj.com\/blog\/wp-content\/uploads\/2011\/12\/deputetet-ne-mbrojtje-te-flamurit.jpg\"><img loading=\"lazy\" class=\"alignleft size-full wp-image-54462\" title=\"deputetet ne mbrojtje te flamurit\" src=\"http:\/\/www.visit-ulcinj.com\/blog\/wp-content\/uploads\/2011\/12\/deputetet-ne-mbrojtje-te-flamurit.jpg\" alt=\"\" width=\"240\" height=\"200\" \/><\/a>Ligji mbi rendin dhe qet\u00ebsin\u00eb publike, i cila ndalon shfaqjen e flamujve t\u00eb vendeve t\u00eb tjera, ka ngjallur debat t\u00eb nxeht\u00eb n\u00eb Kuvendin e Malit t\u00eb Zi, ku deputetet shqiptar\u00eb kan\u00eb qen\u00eb m\u00eb t\u00eb z\u00ebshmit.<\/p>\n<p>&#8220;P\u00ebr k\u00ebt\u00eb flamur\u00a0 t\u00eb par\u00ebt e mi kan\u00eb derdhur gjak\u00eb dhe n\u00ebse duhet edhe un\u00eb do ta b\u00ebj\u00eb t\u00eb nj\u00ebjt\u00ebn gj\u00eb, por mendoj q\u00eb nuk do t\u00eb duhet.<\/p>\n<p><a href=\"http:\/\/www.ulqini-online.com\/index.php?option=com_content&amp;view=article&amp;id=1227:sinishtaj-nese-duhet-flamurin-e-mbrojme-me-gjak&amp;catid=44:politika&amp;Itemid=70\" target=\"_blank\"><strong>Lexo m\u00eb shum\u00eb &lt;&lt; Ulqini-Online &gt;&gt;<\/strong><\/a><\/p>\n","protected":false},"excerpt":{"rendered":"<p>Ligji mbi rendin dhe qet\u00ebsin\u00eb publike, i cila ndalon shfaqjen e flamujve t\u00eb vendeve t\u00eb tjera, ka ngjallur debat t\u00eb nxeht\u00eb n\u00eb Kuvendin e Malit t\u00eb Zi, ku deputetet shqiptar\u00eb kan\u00eb qen\u00eb m\u00eb t\u00eb z\u00ebshmit. &#8220;P\u00ebr k\u00ebt\u00eb flamur\u00a0 t\u00eb par\u00ebt e mi kan\u00eb derdhur gjak\u00eb dhe n\u00ebse duhet edhe un\u00eb do ta b\u00ebj\u00eb t\u00eb nj\u00ebjt\u00ebn [&hellip;]<\/p>\n","protected":false},"author":1,"featured_media":0,"comment_status":"open","ping_status":"closed","sticky":false,"template":"","format":"standard","meta":{"spay_email":"","jetpack_publicize_message":"","jetpack_is_tweetstorm":false,"jetpack_publicize_feature_enabled":true},"categories":[6],"tags":[3371,348],"jetpack_publicize_connections":[],"yoast_head":"<!-- This site is optimized with the Yoast SEO plugin v19.1 - https:\/\/yoast.com\/wordpress\/plugins\/seo\/ -->\n<title>Sinishtaj: N\u00ebse duhet, flamurin e mbrojm\u00eb me gjak - Lajme nga Ulqini<\/title>\n<meta name=\"description\" content=\"Ligji mbi rendin dhe qet\u00ebsin\u00eb publike, i cila ndalon shfaqjen e flamujve t\u00eb vendeve t\u00eb tjera, ka ngjallur debat t\u00eb nxeht\u00eb n\u00eb Kuvendin e Malit t\u00eb Zi, ku\" \/>\n<meta name=\"robots\" content=\"index, follow, max-snippet:-1, max-image-preview:large, max-video-preview:-1\" \/>\n<link rel=\"canonical\" href=\"https:\/\/www.visit-ulcinj.com\/blog\/2011\/12\/17\/sinishtaj-nese-duhet-flamurin-e-mbrojme-me-gjak\/\" \/>\n<meta property=\"og:locale\" content=\"en_US\" \/>\n<meta property=\"og:type\" content=\"article\" \/>\n<meta property=\"og:title\" content=\"Sinishtaj: N\u00ebse duhet, flamurin e mbrojm\u00eb me gjak - Lajme nga Ulqini\" \/>\n<meta property=\"og:description\" content=\"Ligji mbi rendin dhe qet\u00ebsin\u00eb publike, i cila ndalon shfaqjen e flamujve t\u00eb vendeve t\u00eb tjera, ka ngjallur debat t\u00eb nxeht\u00eb n\u00eb Kuvendin e Malit t\u00eb Zi, ku\" \/>\n<meta property=\"og:url\" content=\"https:\/\/www.visit-ulcinj.com\/blog\/2011\/12\/17\/sinishtaj-nese-duhet-flamurin-e-mbrojme-me-gjak\/\" \/>\n<meta property=\"og:site_name\" content=\"Lajme nga Ulqini\" \/>\n<meta property=\"article:published_time\" content=\"2011-12-17T16:25:37+00:00\" \/>\n<meta property=\"og:image\" content=\"http:\/\/www.visit-ulcinj.com\/blog\/wp-content\/uploads\/2011\/12\/deputetet-ne-mbrojtje-te-flamurit.jpg\" \/>\n<meta name=\"twitter:label1\" content=\"Written by\" \/>\n\t<meta name=\"twitter:data1\" content=\"ulqini\" \/>\n<script type=\"application\/ld+json\" class=\"yoast-schema-graph\">{\"@context\":\"https:\/\/schema.org\",\"@graph\":[{\"@type\":\"WebSite\",\"@id\":\"https:\/\/www.visit-ulcinj.com\/blog\/#website\",\"url\":\"https:\/\/www.visit-ulcinj.com\/blog\/\",\"name\":\"Lajme nga Ulqini\",\"description\":\"Lajme,Vijesti,Ulqini,Ulqin,Crna Gora,Mali i Zi\",\"potentialAction\":[{\"@type\":\"SearchAction\",\"target\":{\"@type\":\"EntryPoint\",\"urlTemplate\":\"https:\/\/www.visit-ulcinj.com\/blog\/?s={search_term_string}\"},\"query-input\":\"required name=search_term_string\"}],\"inLanguage\":\"en-US\"},{\"@type\":\"ImageObject\",\"inLanguage\":\"en-US\",\"@id\":\"https:\/\/www.visit-ulcinj.com\/blog\/2011\/12\/17\/sinishtaj-nese-duhet-flamurin-e-mbrojme-me-gjak\/#primaryimage\",\"url\":\"https:\/\/www.visit-ulcinj.com\/blog\/wp-content\/uploads\/2011\/12\/deputetet-ne-mbrojtje-te-flamurit.jpg\",\"contentUrl\":\"https:\/\/www.visit-ulcinj.com\/blog\/wp-content\/uploads\/2011\/12\/deputetet-ne-mbrojtje-te-flamurit.jpg\",\"width\":\"244\",\"height\":\"220\"},{\"@type\":\"WebPage\",\"@id\":\"https:\/\/www.visit-ulcinj.com\/blog\/2011\/12\/17\/sinishtaj-nese-duhet-flamurin-e-mbrojme-me-gjak\/#webpage\",\"url\":\"https:\/\/www.visit-ulcinj.com\/blog\/2011\/12\/17\/sinishtaj-nese-duhet-flamurin-e-mbrojme-me-gjak\/\",\"name\":\"Sinishtaj: N\u00ebse duhet, flamurin e mbrojm\u00eb me gjak - Lajme nga Ulqini\",\"isPartOf\":{\"@id\":\"https:\/\/www.visit-ulcinj.com\/blog\/#website\"},\"primaryImageOfPage\":{\"@id\":\"https:\/\/www.visit-ulcinj.com\/blog\/2011\/12\/17\/sinishtaj-nese-duhet-flamurin-e-mbrojme-me-gjak\/#primaryimage\"},\"datePublished\":\"2011-12-17T16:25:37+00:00\",\"dateModified\":\"2011-12-17T16:25:37+00:00\",\"author\":{\"@id\":\"https:\/\/www.visit-ulcinj.com\/blog\/#\/schema\/person\/dcab619c614d3038751c63bc2aadc06d\"},\"description\":\"Ligji mbi rendin dhe qet\u00ebsin\u00eb publike, i cila ndalon shfaqjen e flamujve t\u00eb vendeve t\u00eb tjera, ka ngjallur debat t\u00eb nxeht\u00eb n\u00eb Kuvendin e Malit t\u00eb Zi, ku\",\"breadcrumb\":{\"@id\":\"https:\/\/www.visit-ulcinj.com\/blog\/2011\/12\/17\/sinishtaj-nese-duhet-flamurin-e-mbrojme-me-gjak\/#breadcrumb\"},\"inLanguage\":\"en-US\",\"potentialAction\":[{\"@type\":\"ReadAction\",\"target\":[\"https:\/\/www.visit-ulcinj.com\/blog\/2011\/12\/17\/sinishtaj-nese-duhet-flamurin-e-mbrojme-me-gjak\/\"]}]},{\"@type\":\"BreadcrumbList\",\"@id\":\"https:\/\/www.visit-ulcinj.com\/blog\/2011\/12\/17\/sinishtaj-nese-duhet-flamurin-e-mbrojme-me-gjak\/#breadcrumb\",\"itemListElement\":[{\"@type\":\"ListItem\",\"position\":1,\"name\":\"Sinishtaj: N\u00ebse duhet, flamurin e mbrojm\u00eb me gjak\"}]},{\"@type\":\"Person\",\"@id\":\"https:\/\/www.visit-ulcinj.com\/blog\/#\/schema\/person\/dcab619c614d3038751c63bc2aadc06d\",\"name\":\"ulqini\",\"sameAs\":[\"http:\/\/www.visit-ulcinj.com\"],\"url\":\"https:\/\/www.visit-ulcinj.com\/blog\/author\/admin\/\"}]}<\/script>\n<!-- \/ Yoast SEO plugin. -->","yoast_head_json":{"title":"Sinishtaj: N\u00ebse duhet, flamurin e mbrojm\u00eb me gjak - Lajme nga Ulqini","description":"Ligji mbi rendin dhe qet\u00ebsin\u00eb publike, i cila ndalon shfaqjen e flamujve t\u00eb vendeve t\u00eb tjera, ka ngjallur debat t\u00eb nxeht\u00eb n\u00eb Kuvendin e Malit t\u00eb Zi, ku","robots":{"index":"index","follow":"follow","max-snippet":"max-snippet:-1","max-image-preview":"max-image-preview:large","max-video-preview":"max-video-preview:-1"},"canonical":"https:\/\/www.visit-ulcinj.com\/blog\/2011\/12\/17\/sinishtaj-nese-duhet-flamurin-e-mbrojme-me-gjak\/","og_locale":"en_US","og_type":"article","og_title":"Sinishtaj: N\u00ebse duhet, flamurin e mbrojm\u00eb me gjak - Lajme nga Ulqini","og_description":"Ligji mbi rendin dhe qet\u00ebsin\u00eb publike, i cila ndalon shfaqjen e flamujve t\u00eb vendeve t\u00eb tjera, ka ngjallur debat t\u00eb nxeht\u00eb n\u00eb Kuvendin e Malit t\u00eb Zi, ku","og_url":"https:\/\/www.visit-ulcinj.com\/blog\/2011\/12\/17\/sinishtaj-nese-duhet-flamurin-e-mbrojme-me-gjak\/","og_site_name":"Lajme nga Ulqini","article_published_time":"2011-12-17T16:25:37+00:00","og_image":[{"url":"http:\/\/www.visit-ulcinj.com\/blog\/wp-content\/uploads\/2011\/12\/deputetet-ne-mbrojtje-te-flamurit.jpg"}],"twitter_misc":{"Written by":"ulqini"},"schema":{"@context":"https:\/\/schema.org","@graph":[{"@type":"WebSite","@id":"https:\/\/www.visit-ulcinj.com\/blog\/#website","url":"https:\/\/www.visit-ulcinj.com\/blog\/","name":"Lajme nga Ulqini","description":"Lajme,Vijesti,Ulqini,Ulqin,Crna Gora,Mali i Zi","potentialAction":[{"@type":"SearchAction","target":{"@type":"EntryPoint","urlTemplate":"https:\/\/www.visit-ulcinj.com\/blog\/?s={search_term_string}"},"query-input":"required name=search_term_string"}],"inLanguage":"en-US"},{"@type":"ImageObject","inLanguage":"en-US","@id":"https:\/\/www.visit-ulcinj.com\/blog\/2011\/12\/17\/sinishtaj-nese-duhet-flamurin-e-mbrojme-me-gjak\/#primaryimage","url":"https:\/\/www.visit-ulcinj.com\/blog\/wp-content\/uploads\/2011\/12\/deputetet-ne-mbrojtje-te-flamurit.jpg","contentUrl":"https:\/\/www.visit-ulcinj.com\/blog\/wp-content\/uploads\/2011\/12\/deputetet-ne-mbrojtje-te-flamurit.jpg","width":"244","height":"220"},{"@type":"WebPage","@id":"https:\/\/www.visit-ulcinj.com\/blog\/2011\/12\/17\/sinishtaj-nese-duhet-flamurin-e-mbrojme-me-gjak\/#webpage","url":"https:\/\/www.visit-ulcinj.com\/blog\/2011\/12\/17\/sinishtaj-nese-duhet-flamurin-e-mbrojme-me-gjak\/","name":"Sinishtaj: N\u00ebse duhet, flamurin e mbrojm\u00eb me gjak - Lajme nga Ulqini","isPartOf":{"@id":"https:\/\/www.visit-ulcinj.com\/blog\/#website"},"primaryImageOfPage":{"@id":"https:\/\/www.visit-ulcinj.com\/blog\/2011\/12\/17\/sinishtaj-nese-duhet-flamurin-e-mbrojme-me-gjak\/#primaryimage"},"datePublished":"2011-12-17T16:25:37+00:00","dateModified":"2011-12-17T16:25:37+00:00","author":{"@id":"https:\/\/www.visit-ulcinj.com\/blog\/#\/schema\/person\/dcab619c614d3038751c63bc2aadc06d"},"description":"Ligji mbi rendin dhe qet\u00ebsin\u00eb publike, i cila ndalon shfaqjen e flamujve t\u00eb vendeve t\u00eb tjera, ka ngjallur debat t\u00eb nxeht\u00eb n\u00eb Kuvendin e Malit t\u00eb Zi, ku","breadcrumb":{"@id":"https:\/\/www.visit-ulcinj.com\/blog\/2011\/12\/17\/sinishtaj-nese-duhet-flamurin-e-mbrojme-me-gjak\/#breadcrumb"},"inLanguage":"en-US","potentialAction":[{"@type":"ReadAction","target":["https:\/\/www.visit-ulcinj.com\/blog\/2011\/12\/17\/sinishtaj-nese-duhet-flamurin-e-mbrojme-me-gjak\/"]}]},{"@type":"BreadcrumbList","@id":"https:\/\/www.visit-ulcinj.com\/blog\/2011\/12\/17\/sinishtaj-nese-duhet-flamurin-e-mbrojme-me-gjak\/#breadcrumb","itemListElement":[{"@type":"ListItem","position":1,"name":"Sinishtaj: N\u00ebse duhet, flamurin e mbrojm\u00eb me gjak"}]},{"@type":"Person","@id":"https:\/\/www.visit-ulcinj.com\/blog\/#\/schema\/person\/dcab619c614d3038751c63bc2aadc06d","name":"ulqini","sameAs":["http:\/\/www.visit-ulcinj.com"],"url":"https:\/\/www.visit-ulcinj.com\/blog\/author\/admin\/"}]}},"jetpack_featured_media_url":"","jetpack_sharing_enabled":true,"jetpack_shortlink":"https:\/\/wp.me\/pe6lTn-eap","_links":{"self":[{"href":"https:\/\/www.visit-ulcinj.com\/blog\/wp-json\/wp\/v2\/posts\/54461"}],"collection":[{"href":"https:\/\/www.visit-ulcinj.com\/blog\/wp-json\/wp\/v2\/posts"}],"about":[{"href":"https:\/\/www.visit-ulcinj.com\/blog\/wp-json\/wp\/v2\/types\/post"}],"author":[{"embeddable":true,"href":"https:\/\/www.visit-ulcinj.com\/blog\/wp-json\/wp\/v2\/users\/1"}],"replies":[{"embeddable":true,"href":"https:\/\/www.visit-ulcinj.com\/blog\/wp-json\/wp\/v2\/comments?post=54461"}],"version-history":[{"count":1,"href":"https:\/\/www.visit-ulcinj.com\/blog\/wp-json\/wp\/v2\/posts\/54461\/revisions"}],"predecessor-version":[{"id":54463,"href":"https:\/\/www.visit-ulcinj.com\/blog\/wp-json\/wp\/v2\/posts\/54461\/revisions\/54463"}],"wp:attachment":[{"href":"https:\/\/www.visit-ulcinj.com\/blog\/wp-json\/wp\/v2\/media?parent=54461"}],"wp:term":[{"taxonomy":"category","embeddable":true,"href":"https:\/\/www.visit-ulcinj.com\/blog\/wp-json\/wp\/v2\/categories?post=54461"},{"taxonomy":"post_tag","embeddable":true,"href":"https:\/\/www.visit-ulcinj.com\/blog\/wp-json\/wp\/v2\/tags?post=54461"}],"curies":[{"name":"wp","href":"https:\/\/api.w.org\/{rel}","templated":true}]}}