{"id":54464,"date":"2011-12-17T17:29:59","date_gmt":"2011-12-17T16:29:59","guid":{"rendered":"http:\/\/www.visit-ulcinj.com\/blog\/?p=54464"},"modified":"2011-12-17T17:29:59","modified_gmt":"2011-12-17T16:29:59","slug":"pale-marnikoviqi-zgjidhet-drejtor-pritet-pelqimi-i-ministrise","status":"publish","type":"post","link":"https:\/\/www.visit-ulcinj.com\/blog\/2011\/12\/17\/pale-marnikoviqi-zgjidhet-drejtor-pritet-pelqimi-i-ministrise\/","title":{"rendered":"Pal\u00eb Marnikoviqi zgjidhet drejtor, pritet p\u00eblqimi i ministris\u00eb"},"content":{"rendered":"<p><a href=\"http:\/\/www.visit-ulcinj.com\/blog\/wp-content\/uploads\/2011\/12\/pale-marnikoviq.jpg\"><img loading=\"lazy\" class=\"alignleft size-full wp-image-54465\" title=\"pale marnikoviq\" src=\"http:\/\/www.visit-ulcinj.com\/blog\/wp-content\/uploads\/2011\/12\/pale-marnikoviq.jpg\" alt=\"\" width=\"160\" height=\"123\" \/><\/a>K\u00ebshilli drejtues \u00eb Sht\u00ebpis\u00eb s\u00eb shendetit n\u00eb Ulqin, n\u00eb mbledhjen e dit\u00ebs s\u00eb m\u00ebrkur\u00eb zgjodhi p\u00ebr drejtor t\u00eb ri t\u00eb k\u00ebtij institucioni mjekun pediat\u00ebr Pal\u00eb Marnikoviq.<\/p>\n<p>Para fillimit t\u00eb mbledhjes pjesa m\u00eb e madhe e kandidat\u00ebve u t\u00ebrhoqen nga gara gj\u00eb q\u00eb i hapi rrug\u00eb zgjedhjes s\u00eb drejtorit t\u00eb ri.<\/p>\n<p>Sipas procedures s\u00eb rregullt, drejtori i ri fillon me detyr\u00ebn pasi t\u00eb marr\u00eb p\u00eblqimin edhe nga ministria gjegj\u00ebse.<strong> \/Ulqini Online\/<\/strong><\/p>\n<p><a href=\"http:\/\/www.ulqini-online.com\/index.php?option=com_content&amp;view=article&amp;id=1221:pale-marnikoviqi-zgjidhet-drejtor-pritet-pelqimi-i-ministrise&amp;catid=54:shoqeri&amp;Itemid=78\" target=\"_blank\"><strong>Lexo m\u00eb shum\u00eb &lt;&lt; Ulqini-Online &gt;&gt;<\/strong><\/a><\/p>\n","protected":false},"excerpt":{"rendered":"<p>K\u00ebshilli drejtues \u00eb Sht\u00ebpis\u00eb s\u00eb shendetit n\u00eb Ulqin, n\u00eb mbledhjen e dit\u00ebs s\u00eb m\u00ebrkur\u00eb zgjodhi p\u00ebr drejtor t\u00eb ri t\u00eb k\u00ebtij institucioni mjekun pediat\u00ebr Pal\u00eb Marnikoviq. Para fillimit t\u00eb mbledhjes pjesa m\u00eb e madhe e kandidat\u00ebve u t\u00ebrhoqen nga gara gj\u00eb q\u00eb i hapi rrug\u00eb zgjedhjes s\u00eb drejtorit t\u00eb ri. Sipas procedures s\u00eb rregullt, drejtori [&hellip;]<\/p>\n","protected":false},"author":1,"featured_media":0,"comment_status":"open","ping_status":"closed","sticky":false,"template":"","format":"standard","meta":{"spay_email":"","jetpack_publicize_message":"","jetpack_is_tweetstorm":false,"jetpack_publicize_feature_enabled":true},"categories":[12],"tags":[19625,200],"jetpack_publicize_connections":[],"yoast_head":"<!-- This site is optimized with the Yoast SEO plugin v19.1 - https:\/\/yoast.com\/wordpress\/plugins\/seo\/ -->\n<title>Pal\u00eb Marnikoviqi zgjidhet drejtor, pritet p\u00eblqimi i ministris\u00eb - Lajme nga Ulqini<\/title>\n<meta name=\"description\" content=\"K\u00ebshilli drejtues \u00eb Sht\u00ebpis\u00eb s\u00eb shendetit n\u00eb Ulqin, n\u00eb mbledhjen e dit\u00ebs s\u00eb m\u00ebrkur\u00eb zgjodhi p\u00ebr drejtor t\u00eb ri t\u00eb k\u00ebtij institucioni mjekun pediat\u00ebr Pal\u00eb\" \/>\n<meta name=\"robots\" content=\"index, follow, max-snippet:-1, max-image-preview:large, max-video-preview:-1\" \/>\n<link rel=\"canonical\" href=\"https:\/\/www.visit-ulcinj.com\/blog\/2011\/12\/17\/pale-marnikoviqi-zgjidhet-drejtor-pritet-pelqimi-i-ministrise\/\" \/>\n<meta property=\"og:locale\" content=\"en_US\" \/>\n<meta property=\"og:type\" content=\"article\" \/>\n<meta property=\"og:title\" content=\"Pal\u00eb Marnikoviqi zgjidhet drejtor, pritet p\u00eblqimi i ministris\u00eb - Lajme nga Ulqini\" \/>\n<meta property=\"og:description\" content=\"K\u00ebshilli drejtues \u00eb Sht\u00ebpis\u00eb s\u00eb shendetit n\u00eb Ulqin, n\u00eb mbledhjen e dit\u00ebs s\u00eb m\u00ebrkur\u00eb zgjodhi p\u00ebr drejtor t\u00eb ri t\u00eb k\u00ebtij institucioni mjekun pediat\u00ebr Pal\u00eb\" \/>\n<meta property=\"og:url\" content=\"https:\/\/www.visit-ulcinj.com\/blog\/2011\/12\/17\/pale-marnikoviqi-zgjidhet-drejtor-pritet-pelqimi-i-ministrise\/\" \/>\n<meta property=\"og:site_name\" content=\"Lajme nga Ulqini\" \/>\n<meta property=\"article:published_time\" content=\"2011-12-17T16:29:59+00:00\" \/>\n<meta property=\"og:image\" content=\"http:\/\/www.visit-ulcinj.com\/blog\/wp-content\/uploads\/2011\/12\/pale-marnikoviq.jpg\" \/>\n<meta name=\"twitter:label1\" content=\"Written by\" \/>\n\t<meta name=\"twitter:data1\" content=\"ulqini\" \/>\n<script type=\"application\/ld+json\" class=\"yoast-schema-graph\">{\"@context\":\"https:\/\/schema.org\",\"@graph\":[{\"@type\":\"WebSite\",\"@id\":\"https:\/\/www.visit-ulcinj.com\/blog\/#website\",\"url\":\"https:\/\/www.visit-ulcinj.com\/blog\/\",\"name\":\"Lajme nga Ulqini\",\"description\":\"Lajme,Vijesti,Ulqini,Ulqin,Crna Gora,Mali i Zi\",\"potentialAction\":[{\"@type\":\"SearchAction\",\"target\":{\"@type\":\"EntryPoint\",\"urlTemplate\":\"https:\/\/www.visit-ulcinj.com\/blog\/?s={search_term_string}\"},\"query-input\":\"required name=search_term_string\"}],\"inLanguage\":\"en-US\"},{\"@type\":\"ImageObject\",\"inLanguage\":\"en-US\",\"@id\":\"https:\/\/www.visit-ulcinj.com\/blog\/2011\/12\/17\/pale-marnikoviqi-zgjidhet-drejtor-pritet-pelqimi-i-ministrise\/#primaryimage\",\"url\":\"https:\/\/www.visit-ulcinj.com\/blog\/wp-content\/uploads\/2011\/12\/pale-marnikoviq.jpg\",\"contentUrl\":\"https:\/\/www.visit-ulcinj.com\/blog\/wp-content\/uploads\/2011\/12\/pale-marnikoviq.jpg\",\"width\":\"160\",\"height\":\"123\"},{\"@type\":\"WebPage\",\"@id\":\"https:\/\/www.visit-ulcinj.com\/blog\/2011\/12\/17\/pale-marnikoviqi-zgjidhet-drejtor-pritet-pelqimi-i-ministrise\/#webpage\",\"url\":\"https:\/\/www.visit-ulcinj.com\/blog\/2011\/12\/17\/pale-marnikoviqi-zgjidhet-drejtor-pritet-pelqimi-i-ministrise\/\",\"name\":\"Pal\u00eb Marnikoviqi zgjidhet drejtor, pritet p\u00eblqimi i ministris\u00eb - Lajme nga Ulqini\",\"isPartOf\":{\"@id\":\"https:\/\/www.visit-ulcinj.com\/blog\/#website\"},\"primaryImageOfPage\":{\"@id\":\"https:\/\/www.visit-ulcinj.com\/blog\/2011\/12\/17\/pale-marnikoviqi-zgjidhet-drejtor-pritet-pelqimi-i-ministrise\/#primaryimage\"},\"datePublished\":\"2011-12-17T16:29:59+00:00\",\"dateModified\":\"2011-12-17T16:29:59+00:00\",\"author\":{\"@id\":\"https:\/\/www.visit-ulcinj.com\/blog\/#\/schema\/person\/dcab619c614d3038751c63bc2aadc06d\"},\"description\":\"K\u00ebshilli drejtues \u00eb Sht\u00ebpis\u00eb s\u00eb shendetit n\u00eb Ulqin, n\u00eb mbledhjen e dit\u00ebs s\u00eb m\u00ebrkur\u00eb zgjodhi p\u00ebr drejtor t\u00eb ri t\u00eb k\u00ebtij institucioni mjekun pediat\u00ebr Pal\u00eb\",\"breadcrumb\":{\"@id\":\"https:\/\/www.visit-ulcinj.com\/blog\/2011\/12\/17\/pale-marnikoviqi-zgjidhet-drejtor-pritet-pelqimi-i-ministrise\/#breadcrumb\"},\"inLanguage\":\"en-US\",\"potentialAction\":[{\"@type\":\"ReadAction\",\"target\":[\"https:\/\/www.visit-ulcinj.com\/blog\/2011\/12\/17\/pale-marnikoviqi-zgjidhet-drejtor-pritet-pelqimi-i-ministrise\/\"]}]},{\"@type\":\"BreadcrumbList\",\"@id\":\"https:\/\/www.visit-ulcinj.com\/blog\/2011\/12\/17\/pale-marnikoviqi-zgjidhet-drejtor-pritet-pelqimi-i-ministrise\/#breadcrumb\",\"itemListElement\":[{\"@type\":\"ListItem\",\"position\":1,\"name\":\"Pal\u00eb Marnikoviqi zgjidhet drejtor, pritet p\u00eblqimi i ministris\u00eb\"}]},{\"@type\":\"Person\",\"@id\":\"https:\/\/www.visit-ulcinj.com\/blog\/#\/schema\/person\/dcab619c614d3038751c63bc2aadc06d\",\"name\":\"ulqini\",\"sameAs\":[\"http:\/\/www.visit-ulcinj.com\"],\"url\":\"https:\/\/www.visit-ulcinj.com\/blog\/author\/admin\/\"}]}<\/script>\n<!-- \/ Yoast SEO plugin. -->","yoast_head_json":{"title":"Pal\u00eb Marnikoviqi zgjidhet drejtor, pritet p\u00eblqimi i ministris\u00eb - Lajme nga Ulqini","description":"K\u00ebshilli drejtues \u00eb Sht\u00ebpis\u00eb s\u00eb shendetit n\u00eb Ulqin, n\u00eb mbledhjen e dit\u00ebs s\u00eb m\u00ebrkur\u00eb zgjodhi p\u00ebr drejtor t\u00eb ri t\u00eb k\u00ebtij institucioni mjekun pediat\u00ebr Pal\u00eb","robots":{"index":"index","follow":"follow","max-snippet":"max-snippet:-1","max-image-preview":"max-image-preview:large","max-video-preview":"max-video-preview:-1"},"canonical":"https:\/\/www.visit-ulcinj.com\/blog\/2011\/12\/17\/pale-marnikoviqi-zgjidhet-drejtor-pritet-pelqimi-i-ministrise\/","og_locale":"en_US","og_type":"article","og_title":"Pal\u00eb Marnikoviqi zgjidhet drejtor, pritet p\u00eblqimi i ministris\u00eb - Lajme nga Ulqini","og_description":"K\u00ebshilli drejtues \u00eb Sht\u00ebpis\u00eb s\u00eb shendetit n\u00eb Ulqin, n\u00eb mbledhjen e dit\u00ebs s\u00eb m\u00ebrkur\u00eb zgjodhi p\u00ebr drejtor t\u00eb ri t\u00eb k\u00ebtij institucioni mjekun pediat\u00ebr Pal\u00eb","og_url":"https:\/\/www.visit-ulcinj.com\/blog\/2011\/12\/17\/pale-marnikoviqi-zgjidhet-drejtor-pritet-pelqimi-i-ministrise\/","og_site_name":"Lajme nga Ulqini","article_published_time":"2011-12-17T16:29:59+00:00","og_image":[{"url":"http:\/\/www.visit-ulcinj.com\/blog\/wp-content\/uploads\/2011\/12\/pale-marnikoviq.jpg"}],"twitter_misc":{"Written by":"ulqini"},"schema":{"@context":"https:\/\/schema.org","@graph":[{"@type":"WebSite","@id":"https:\/\/www.visit-ulcinj.com\/blog\/#website","url":"https:\/\/www.visit-ulcinj.com\/blog\/","name":"Lajme nga Ulqini","description":"Lajme,Vijesti,Ulqini,Ulqin,Crna Gora,Mali i Zi","potentialAction":[{"@type":"SearchAction","target":{"@type":"EntryPoint","urlTemplate":"https:\/\/www.visit-ulcinj.com\/blog\/?s={search_term_string}"},"query-input":"required name=search_term_string"}],"inLanguage":"en-US"},{"@type":"ImageObject","inLanguage":"en-US","@id":"https:\/\/www.visit-ulcinj.com\/blog\/2011\/12\/17\/pale-marnikoviqi-zgjidhet-drejtor-pritet-pelqimi-i-ministrise\/#primaryimage","url":"https:\/\/www.visit-ulcinj.com\/blog\/wp-content\/uploads\/2011\/12\/pale-marnikoviq.jpg","contentUrl":"https:\/\/www.visit-ulcinj.com\/blog\/wp-content\/uploads\/2011\/12\/pale-marnikoviq.jpg","width":"160","height":"123"},{"@type":"WebPage","@id":"https:\/\/www.visit-ulcinj.com\/blog\/2011\/12\/17\/pale-marnikoviqi-zgjidhet-drejtor-pritet-pelqimi-i-ministrise\/#webpage","url":"https:\/\/www.visit-ulcinj.com\/blog\/2011\/12\/17\/pale-marnikoviqi-zgjidhet-drejtor-pritet-pelqimi-i-ministrise\/","name":"Pal\u00eb Marnikoviqi zgjidhet drejtor, pritet p\u00eblqimi i ministris\u00eb - Lajme nga Ulqini","isPartOf":{"@id":"https:\/\/www.visit-ulcinj.com\/blog\/#website"},"primaryImageOfPage":{"@id":"https:\/\/www.visit-ulcinj.com\/blog\/2011\/12\/17\/pale-marnikoviqi-zgjidhet-drejtor-pritet-pelqimi-i-ministrise\/#primaryimage"},"datePublished":"2011-12-17T16:29:59+00:00","dateModified":"2011-12-17T16:29:59+00:00","author":{"@id":"https:\/\/www.visit-ulcinj.com\/blog\/#\/schema\/person\/dcab619c614d3038751c63bc2aadc06d"},"description":"K\u00ebshilli drejtues \u00eb Sht\u00ebpis\u00eb s\u00eb shendetit n\u00eb Ulqin, n\u00eb mbledhjen e dit\u00ebs s\u00eb m\u00ebrkur\u00eb zgjodhi p\u00ebr drejtor t\u00eb ri t\u00eb k\u00ebtij institucioni mjekun pediat\u00ebr Pal\u00eb","breadcrumb":{"@id":"https:\/\/www.visit-ulcinj.com\/blog\/2011\/12\/17\/pale-marnikoviqi-zgjidhet-drejtor-pritet-pelqimi-i-ministrise\/#breadcrumb"},"inLanguage":"en-US","potentialAction":[{"@type":"ReadAction","target":["https:\/\/www.visit-ulcinj.com\/blog\/2011\/12\/17\/pale-marnikoviqi-zgjidhet-drejtor-pritet-pelqimi-i-ministrise\/"]}]},{"@type":"BreadcrumbList","@id":"https:\/\/www.visit-ulcinj.com\/blog\/2011\/12\/17\/pale-marnikoviqi-zgjidhet-drejtor-pritet-pelqimi-i-ministrise\/#breadcrumb","itemListElement":[{"@type":"ListItem","position":1,"name":"Pal\u00eb Marnikoviqi zgjidhet drejtor, pritet p\u00eblqimi i ministris\u00eb"}]},{"@type":"Person","@id":"https:\/\/www.visit-ulcinj.com\/blog\/#\/schema\/person\/dcab619c614d3038751c63bc2aadc06d","name":"ulqini","sameAs":["http:\/\/www.visit-ulcinj.com"],"url":"https:\/\/www.visit-ulcinj.com\/blog\/author\/admin\/"}]}},"jetpack_featured_media_url":"","jetpack_sharing_enabled":true,"jetpack_shortlink":"https:\/\/wp.me\/pe6lTn-eas","_links":{"self":[{"href":"https:\/\/www.visit-ulcinj.com\/blog\/wp-json\/wp\/v2\/posts\/54464"}],"collection":[{"href":"https:\/\/www.visit-ulcinj.com\/blog\/wp-json\/wp\/v2\/posts"}],"about":[{"href":"https:\/\/www.visit-ulcinj.com\/blog\/wp-json\/wp\/v2\/types\/post"}],"author":[{"embeddable":true,"href":"https:\/\/www.visit-ulcinj.com\/blog\/wp-json\/wp\/v2\/users\/1"}],"replies":[{"embeddable":true,"href":"https:\/\/www.visit-ulcinj.com\/blog\/wp-json\/wp\/v2\/comments?post=54464"}],"version-history":[{"count":1,"href":"https:\/\/www.visit-ulcinj.com\/blog\/wp-json\/wp\/v2\/posts\/54464\/revisions"}],"predecessor-version":[{"id":54466,"href":"https:\/\/www.visit-ulcinj.com\/blog\/wp-json\/wp\/v2\/posts\/54464\/revisions\/54466"}],"wp:attachment":[{"href":"https:\/\/www.visit-ulcinj.com\/blog\/wp-json\/wp\/v2\/media?parent=54464"}],"wp:term":[{"taxonomy":"category","embeddable":true,"href":"https:\/\/www.visit-ulcinj.com\/blog\/wp-json\/wp\/v2\/categories?post=54464"},{"taxonomy":"post_tag","embeddable":true,"href":"https:\/\/www.visit-ulcinj.com\/blog\/wp-json\/wp\/v2\/tags?post=54464"}],"curies":[{"name":"wp","href":"https:\/\/api.w.org\/{rel}","templated":true}]}}