{"id":54476,"date":"2011-12-17T18:27:14","date_gmt":"2011-12-17T17:27:14","guid":{"rendered":"http:\/\/www.visit-ulcinj.com\/blog\/?p=54476"},"modified":"2011-12-17T18:27:14","modified_gmt":"2011-12-17T17:27:14","slug":"na-prodaju-imovina-solane-%e2%80%9ebajo-sekulic%e2%80%9c","status":"publish","type":"post","link":"https:\/\/www.visit-ulcinj.com\/blog\/2011\/12\/17\/na-prodaju-imovina-solane-%e2%80%9ebajo-sekulic%e2%80%9c\/","title":{"rendered":"Na prodaju imovina Solane \u201eBajo Sekuli\u0107\u201c"},"content":{"rendered":"<p><a href=\"http:\/\/www.visit-ulcinj.com\/blog\/wp-content\/uploads\/2011\/12\/Na-Prodaju_Solana_Bajo-Sekulic_Ulcinj_Crna-Gora.jpg\"><img loading=\"lazy\" class=\"alignleft size-full wp-image-54477\" title=\"Na Prodaju_Solana_Bajo-Sekulic_Ulcinj_Crna-Gora\" src=\"http:\/\/www.visit-ulcinj.com\/blog\/wp-content\/uploads\/2011\/12\/Na-Prodaju_Solana_Bajo-Sekulic_Ulcinj_Crna-Gora.jpg\" alt=\"\" width=\"508\" height=\"380\" \/><\/a>Ste\u010dajna uprava Solane \u201eBajo Sekuli\u0107\u201c, objavila je poziv za prodaju imovine tog ulcinjskog preduze\u0107a, a svi zainteresovani gra\u0111ani i kompanije ponude treba do dostave do 16. januara, javlja agencija Mina business.<\/p>\n<p>Na prodaju je nepokretna imovina u Op\u0161tini Ulcinj koju \u010dine zemlji\u0161te, objekti za upotrebnu vodu, zgrade u industriji i rudarstvu, poslovne zgrade u privredi, elektroenergetski kao i objekti gasovoda i kanali.<\/p>\n<p>Prodaje se i tehnolo\u0161ka oprema gra\u0111evinska mehanizacija, transportna sredstva, kancelarijska oprema, a po\u010detna cijena pokretne i nepokretne imovine ukupno iznosi 257,8 miliona eura.<\/p>\n<p>Zainteresovani ponu\u0111a\u010di ponude na javno nadmetanje treba da dostave do 16. januara do 12 sati, kada \u0107e biti i otvorene.Ste\u010dajni upravnik \u0107e u roku od tri dana izabrati najpovoljnijeg ponu\u0111a\u010da i odlu\u010diti o prodaji imovine.<\/p>\n<p>Pravo da u\u010destvuju na javnom nadmetanju imaju sve doma\u0107e i strane kompanije, kao i gra\u0111ani koji uplate depozit u iznosu od jedan odsto od po\u010detne cijene ili prilo\u017ee garanciju poslovne banke neopozivu i naplativu na prvi poziv.<\/p>\n<p>Kupac je du\u017ean da sa ste\u010dajnim upravnikom zaklju\u010di ugovor o kupoprodaji predmetne imovine u roku od 15 dana od dono\u0161enja odluke o izboru najpovoljnijeg ponu\u0111a\u010da.<\/p>\n<p>Akcionari ulcinjske Solane \u201cBajo Sekuli\u0107\u201d razmatra\u0107e 16. januara Odluku o zalaganju imovine kompanije, ukoliko do\u0111e do realizacije i odobravanja stranih kredita.<\/p>\n<p>Vlada je nedavno Solani, koja je od 2005. godine u ste\u010daju, oduzela koncesije za eksploataciju soli na le\u017ei\u0161tu \u0160trojska kneta. Solanom upravlja Eurofond podgori\u010dkog biznismana Veselina Barovi\u0107a, na \u010diji je zahtjev 2005. godine uveden ste\u010daj u preduze\u0107e.<\/p>\n<p>Kompanija je upala u nepremostive te\u0161ko\u0107e kada je Barovi\u0107 odbio da isplati 100 hiljada eura kako bi se zavr\u0161ila pro\u0161logodi\u0161nja berba, iako je preduze\u0107e prvu polovinu pro\u0161le godine zavr\u0161ila sa profitom od 134,6 hiljada eura.<\/p>\n<p><strong>Mina business<\/strong><\/p>\n<p><a href=\"http:\/\/www.portalanalitika.me\/ekonomija\/vijesti\/45727-na-prodaju-imovina-solane-bajo-sekuli.html\" target=\"_blank\"><strong>Analitika &#8211; Informativni Portal<\/strong><\/a><\/p>\n<p>[flv width=&#8221;508&#8243; height=&#8221;360&#8243;]http:\/\/solana-ulcinj.com\/VTS_01_1.flv[\/flv]<\/p>\n","protected":false},"excerpt":{"rendered":"<p>Ste\u010dajna uprava Solane \u201eBajo Sekuli\u0107\u201c, objavila je poziv za prodaju imovine tog ulcinjskog preduze\u0107a, a svi zainteresovani gra\u0111ani i kompanije ponude treba do dostave do 16. januara, javlja agencija Mina business. Na prodaju je nepokretna imovina u Op\u0161tini Ulcinj koju \u010dine zemlji\u0161te, objekti za upotrebnu vodu, zgrade u industriji i rudarstvu, poslovne zgrade u privredi, [&hellip;]<\/p>\n","protected":false},"author":1,"featured_media":0,"comment_status":"open","ping_status":"closed","sticky":false,"template":"","format":"standard","meta":{"spay_email":"","jetpack_publicize_message":"","jetpack_is_tweetstorm":false,"jetpack_publicize_feature_enabled":true},"categories":[8337],"tags":[19626,3409,264],"jetpack_publicize_connections":[],"yoast_head":"<!-- This site is optimized with the Yoast SEO plugin v19.1 - https:\/\/yoast.com\/wordpress\/plugins\/seo\/ -->\n<title>Na prodaju imovina Solane \u201eBajo Sekuli\u0107\u201c - Lajme nga Ulqini<\/title>\n<meta name=\"description\" content=\"Ste\u010dajna uprava Solane \u201eBajo Sekuli\u0107\u201c, objavila je poziv za prodaju imovine tog ulcinjskog preduze\u0107a, a svi zainteresovani gra\u0111ani i kompanije ponude\" \/>\n<meta name=\"robots\" content=\"index, follow, max-snippet:-1, max-image-preview:large, max-video-preview:-1\" \/>\n<link rel=\"canonical\" href=\"https:\/\/www.visit-ulcinj.com\/blog\/2011\/12\/17\/na-prodaju-imovina-solane-\u201ebajo-sekulic\u201c\/\" \/>\n<meta property=\"og:locale\" content=\"en_US\" \/>\n<meta property=\"og:type\" content=\"article\" \/>\n<meta property=\"og:title\" content=\"Na prodaju imovina Solane \u201eBajo Sekuli\u0107\u201c - Lajme nga Ulqini\" \/>\n<meta property=\"og:description\" content=\"Ste\u010dajna uprava Solane \u201eBajo Sekuli\u0107\u201c, objavila je poziv za prodaju imovine tog ulcinjskog preduze\u0107a, a svi zainteresovani gra\u0111ani i kompanije ponude\" \/>\n<meta property=\"og:url\" content=\"https:\/\/www.visit-ulcinj.com\/blog\/2011\/12\/17\/na-prodaju-imovina-solane-\u201ebajo-sekulic\u201c\/\" \/>\n<meta property=\"og:site_name\" content=\"Lajme nga Ulqini\" \/>\n<meta property=\"article:published_time\" content=\"2011-12-17T17:27:14+00:00\" \/>\n<meta property=\"og:image\" content=\"http:\/\/www.visit-ulcinj.com\/blog\/wp-content\/uploads\/2011\/12\/Na-Prodaju_Solana_Bajo-Sekulic_Ulcinj_Crna-Gora.jpg\" \/>\n<meta name=\"twitter:label1\" content=\"Written by\" \/>\n\t<meta name=\"twitter:data1\" content=\"ulqini\" \/>\n\t<meta name=\"twitter:label2\" content=\"Est. reading time\" \/>\n\t<meta name=\"twitter:data2\" content=\"2 minutes\" \/>\n<script type=\"application\/ld+json\" class=\"yoast-schema-graph\">{\"@context\":\"https:\/\/schema.org\",\"@graph\":[{\"@type\":\"WebSite\",\"@id\":\"https:\/\/www.visit-ulcinj.com\/blog\/#website\",\"url\":\"https:\/\/www.visit-ulcinj.com\/blog\/\",\"name\":\"Lajme nga Ulqini\",\"description\":\"Lajme,Vijesti,Ulqini,Ulqin,Crna Gora,Mali i Zi\",\"potentialAction\":[{\"@type\":\"SearchAction\",\"target\":{\"@type\":\"EntryPoint\",\"urlTemplate\":\"https:\/\/www.visit-ulcinj.com\/blog\/?s={search_term_string}\"},\"query-input\":\"required name=search_term_string\"}],\"inLanguage\":\"en-US\"},{\"@type\":\"ImageObject\",\"inLanguage\":\"en-US\",\"@id\":\"https:\/\/www.visit-ulcinj.com\/blog\/2011\/12\/17\/na-prodaju-imovina-solane-%e2%80%9ebajo-sekulic%e2%80%9c\/#primaryimage\",\"url\":\"https:\/\/www.visit-ulcinj.com\/blog\/wp-content\/uploads\/2011\/12\/Na-Prodaju_Solana_Bajo-Sekulic_Ulcinj_Crna-Gora.jpg\",\"contentUrl\":\"https:\/\/www.visit-ulcinj.com\/blog\/wp-content\/uploads\/2011\/12\/Na-Prodaju_Solana_Bajo-Sekulic_Ulcinj_Crna-Gora.jpg\",\"width\":\"1064\",\"height\":\"633\"},{\"@type\":\"WebPage\",\"@id\":\"https:\/\/www.visit-ulcinj.com\/blog\/2011\/12\/17\/na-prodaju-imovina-solane-%e2%80%9ebajo-sekulic%e2%80%9c\/#webpage\",\"url\":\"https:\/\/www.visit-ulcinj.com\/blog\/2011\/12\/17\/na-prodaju-imovina-solane-%e2%80%9ebajo-sekulic%e2%80%9c\/\",\"name\":\"Na prodaju imovina Solane \u201eBajo Sekuli\u0107\u201c - Lajme nga Ulqini\",\"isPartOf\":{\"@id\":\"https:\/\/www.visit-ulcinj.com\/blog\/#website\"},\"primaryImageOfPage\":{\"@id\":\"https:\/\/www.visit-ulcinj.com\/blog\/2011\/12\/17\/na-prodaju-imovina-solane-%e2%80%9ebajo-sekulic%e2%80%9c\/#primaryimage\"},\"datePublished\":\"2011-12-17T17:27:14+00:00\",\"dateModified\":\"2011-12-17T17:27:14+00:00\",\"author\":{\"@id\":\"https:\/\/www.visit-ulcinj.com\/blog\/#\/schema\/person\/dcab619c614d3038751c63bc2aadc06d\"},\"description\":\"Ste\u010dajna uprava Solane \u201eBajo Sekuli\u0107\u201c, objavila je poziv za prodaju imovine tog ulcinjskog preduze\u0107a, a svi zainteresovani gra\u0111ani i kompanije ponude\",\"breadcrumb\":{\"@id\":\"https:\/\/www.visit-ulcinj.com\/blog\/2011\/12\/17\/na-prodaju-imovina-solane-%e2%80%9ebajo-sekulic%e2%80%9c\/#breadcrumb\"},\"inLanguage\":\"en-US\",\"potentialAction\":[{\"@type\":\"ReadAction\",\"target\":[\"https:\/\/www.visit-ulcinj.com\/blog\/2011\/12\/17\/na-prodaju-imovina-solane-%e2%80%9ebajo-sekulic%e2%80%9c\/\"]}]},{\"@type\":\"BreadcrumbList\",\"@id\":\"https:\/\/www.visit-ulcinj.com\/blog\/2011\/12\/17\/na-prodaju-imovina-solane-%e2%80%9ebajo-sekulic%e2%80%9c\/#breadcrumb\",\"itemListElement\":[{\"@type\":\"ListItem\",\"position\":1,\"name\":\"Na prodaju imovina Solane \u201eBajo Sekuli\u0107\u201c\"}]},{\"@type\":\"Person\",\"@id\":\"https:\/\/www.visit-ulcinj.com\/blog\/#\/schema\/person\/dcab619c614d3038751c63bc2aadc06d\",\"name\":\"ulqini\",\"sameAs\":[\"http:\/\/www.visit-ulcinj.com\"],\"url\":\"https:\/\/www.visit-ulcinj.com\/blog\/author\/admin\/\"}]}<\/script>\n<!-- \/ Yoast SEO plugin. -->","yoast_head_json":{"title":"Na prodaju imovina Solane \u201eBajo Sekuli\u0107\u201c - Lajme nga Ulqini","description":"Ste\u010dajna uprava Solane \u201eBajo Sekuli\u0107\u201c, objavila je poziv za prodaju imovine tog ulcinjskog preduze\u0107a, a svi zainteresovani gra\u0111ani i kompanije ponude","robots":{"index":"index","follow":"follow","max-snippet":"max-snippet:-1","max-image-preview":"max-image-preview:large","max-video-preview":"max-video-preview:-1"},"canonical":"https:\/\/www.visit-ulcinj.com\/blog\/2011\/12\/17\/na-prodaju-imovina-solane-\u201ebajo-sekulic\u201c\/","og_locale":"en_US","og_type":"article","og_title":"Na prodaju imovina Solane \u201eBajo Sekuli\u0107\u201c - Lajme nga Ulqini","og_description":"Ste\u010dajna uprava Solane \u201eBajo Sekuli\u0107\u201c, objavila je poziv za prodaju imovine tog ulcinjskog preduze\u0107a, a svi zainteresovani gra\u0111ani i kompanije ponude","og_url":"https:\/\/www.visit-ulcinj.com\/blog\/2011\/12\/17\/na-prodaju-imovina-solane-\u201ebajo-sekulic\u201c\/","og_site_name":"Lajme nga Ulqini","article_published_time":"2011-12-17T17:27:14+00:00","og_image":[{"url":"http:\/\/www.visit-ulcinj.com\/blog\/wp-content\/uploads\/2011\/12\/Na-Prodaju_Solana_Bajo-Sekulic_Ulcinj_Crna-Gora.jpg"}],"twitter_misc":{"Written by":"ulqini","Est. reading time":"2 minutes"},"schema":{"@context":"https:\/\/schema.org","@graph":[{"@type":"WebSite","@id":"https:\/\/www.visit-ulcinj.com\/blog\/#website","url":"https:\/\/www.visit-ulcinj.com\/blog\/","name":"Lajme nga Ulqini","description":"Lajme,Vijesti,Ulqini,Ulqin,Crna Gora,Mali i Zi","potentialAction":[{"@type":"SearchAction","target":{"@type":"EntryPoint","urlTemplate":"https:\/\/www.visit-ulcinj.com\/blog\/?s={search_term_string}"},"query-input":"required name=search_term_string"}],"inLanguage":"en-US"},{"@type":"ImageObject","inLanguage":"en-US","@id":"https:\/\/www.visit-ulcinj.com\/blog\/2011\/12\/17\/na-prodaju-imovina-solane-%e2%80%9ebajo-sekulic%e2%80%9c\/#primaryimage","url":"https:\/\/www.visit-ulcinj.com\/blog\/wp-content\/uploads\/2011\/12\/Na-Prodaju_Solana_Bajo-Sekulic_Ulcinj_Crna-Gora.jpg","contentUrl":"https:\/\/www.visit-ulcinj.com\/blog\/wp-content\/uploads\/2011\/12\/Na-Prodaju_Solana_Bajo-Sekulic_Ulcinj_Crna-Gora.jpg","width":"1064","height":"633"},{"@type":"WebPage","@id":"https:\/\/www.visit-ulcinj.com\/blog\/2011\/12\/17\/na-prodaju-imovina-solane-%e2%80%9ebajo-sekulic%e2%80%9c\/#webpage","url":"https:\/\/www.visit-ulcinj.com\/blog\/2011\/12\/17\/na-prodaju-imovina-solane-%e2%80%9ebajo-sekulic%e2%80%9c\/","name":"Na prodaju imovina Solane \u201eBajo Sekuli\u0107\u201c - Lajme nga Ulqini","isPartOf":{"@id":"https:\/\/www.visit-ulcinj.com\/blog\/#website"},"primaryImageOfPage":{"@id":"https:\/\/www.visit-ulcinj.com\/blog\/2011\/12\/17\/na-prodaju-imovina-solane-%e2%80%9ebajo-sekulic%e2%80%9c\/#primaryimage"},"datePublished":"2011-12-17T17:27:14+00:00","dateModified":"2011-12-17T17:27:14+00:00","author":{"@id":"https:\/\/www.visit-ulcinj.com\/blog\/#\/schema\/person\/dcab619c614d3038751c63bc2aadc06d"},"description":"Ste\u010dajna uprava Solane \u201eBajo Sekuli\u0107\u201c, objavila je poziv za prodaju imovine tog ulcinjskog preduze\u0107a, a svi zainteresovani gra\u0111ani i kompanije ponude","breadcrumb":{"@id":"https:\/\/www.visit-ulcinj.com\/blog\/2011\/12\/17\/na-prodaju-imovina-solane-%e2%80%9ebajo-sekulic%e2%80%9c\/#breadcrumb"},"inLanguage":"en-US","potentialAction":[{"@type":"ReadAction","target":["https:\/\/www.visit-ulcinj.com\/blog\/2011\/12\/17\/na-prodaju-imovina-solane-%e2%80%9ebajo-sekulic%e2%80%9c\/"]}]},{"@type":"BreadcrumbList","@id":"https:\/\/www.visit-ulcinj.com\/blog\/2011\/12\/17\/na-prodaju-imovina-solane-%e2%80%9ebajo-sekulic%e2%80%9c\/#breadcrumb","itemListElement":[{"@type":"ListItem","position":1,"name":"Na prodaju imovina Solane \u201eBajo Sekuli\u0107\u201c"}]},{"@type":"Person","@id":"https:\/\/www.visit-ulcinj.com\/blog\/#\/schema\/person\/dcab619c614d3038751c63bc2aadc06d","name":"ulqini","sameAs":["http:\/\/www.visit-ulcinj.com"],"url":"https:\/\/www.visit-ulcinj.com\/blog\/author\/admin\/"}]}},"jetpack_featured_media_url":"","jetpack_sharing_enabled":true,"jetpack_shortlink":"https:\/\/wp.me\/pe6lTn-eaE","_links":{"self":[{"href":"https:\/\/www.visit-ulcinj.com\/blog\/wp-json\/wp\/v2\/posts\/54476"}],"collection":[{"href":"https:\/\/www.visit-ulcinj.com\/blog\/wp-json\/wp\/v2\/posts"}],"about":[{"href":"https:\/\/www.visit-ulcinj.com\/blog\/wp-json\/wp\/v2\/types\/post"}],"author":[{"embeddable":true,"href":"https:\/\/www.visit-ulcinj.com\/blog\/wp-json\/wp\/v2\/users\/1"}],"replies":[{"embeddable":true,"href":"https:\/\/www.visit-ulcinj.com\/blog\/wp-json\/wp\/v2\/comments?post=54476"}],"version-history":[{"count":1,"href":"https:\/\/www.visit-ulcinj.com\/blog\/wp-json\/wp\/v2\/posts\/54476\/revisions"}],"predecessor-version":[{"id":54478,"href":"https:\/\/www.visit-ulcinj.com\/blog\/wp-json\/wp\/v2\/posts\/54476\/revisions\/54478"}],"wp:attachment":[{"href":"https:\/\/www.visit-ulcinj.com\/blog\/wp-json\/wp\/v2\/media?parent=54476"}],"wp:term":[{"taxonomy":"category","embeddable":true,"href":"https:\/\/www.visit-ulcinj.com\/blog\/wp-json\/wp\/v2\/categories?post=54476"},{"taxonomy":"post_tag","embeddable":true,"href":"https:\/\/www.visit-ulcinj.com\/blog\/wp-json\/wp\/v2\/tags?post=54476"}],"curies":[{"name":"wp","href":"https:\/\/api.w.org\/{rel}","templated":true}]}}