{"id":54480,"date":"2011-12-17T18:38:25","date_gmt":"2011-12-17T17:38:25","guid":{"rendered":"http:\/\/www.visit-ulcinj.com\/blog\/?p=54480"},"modified":"2011-12-17T18:39:37","modified_gmt":"2011-12-17T17:39:37","slug":"shkolla-fillore-ne-katerkolle-pa-drejtor","status":"publish","type":"post","link":"https:\/\/www.visit-ulcinj.com\/blog\/2011\/12\/17\/shkolla-fillore-ne-katerkolle-pa-drejtor\/","title":{"rendered":"Shkolla fillore n\u00eb Kat\u00ebrkoll\u00eb pa drejtor"},"content":{"rendered":"<p><a href=\"http:\/\/www.visit-ulcinj.com\/blog\/wp-content\/uploads\/2011\/12\/Shkolla-Bedri-Elezaga-Katerkoll%C3%AB_Ulqin.jpg\"><img loading=\"lazy\" class=\"alignleft size-full wp-image-54481\" title=\"Shkolla Bedri Elezaga Katerkoll\u00eb_Ulqin\" src=\"http:\/\/www.visit-ulcinj.com\/blog\/wp-content\/uploads\/2011\/12\/Shkolla-Bedri-Elezaga-Katerkoll%C3%AB_Ulqin.jpg\" alt=\"\" width=\"508\" height=\"380\" \/><\/a>K\u00ebshilli nacional i shqiptar\u00ebve i d\u00ebrgon Ministris\u00eb s\u00eb arsimit t\u00eb Malit t\u00eb Zi nj\u00eb let\u00ebr ku k\u00ebrkohet zgjidhja e problemit t\u00eb drejtorit n\u00eb shkoll\u00ebn fillore n\u00eb Kat\u00ebrkoll\u00eb.<\/p>\n<p>N\u00eb deklarat\u00ebn t\u00eb cil\u00ebn e ka n\u00ebnshkruar\u00a0 kryetari\u00a0 i KNSH-s\u00eb Tahir Tahiri thuhet se me 24 n\u00ebntor ka skaduar afati ligjor prej 6 muaj\u00ebsh p\u00ebr ushtruesin e detyr\u00ebs t\u00eb drejtorit t\u00eb shkoll\u00ebs gj\u00eb q\u00eb \u2018\u2019tregon joseriozitet n\u00eb qasje t\u00eb problemit\u2019\u2019.<\/p>\n<p><a href=\"http:\/\/www.ulqini-online.com\/index.php?option=com_content&amp;view=article&amp;id=1206:shkolla-fillore-ne-katerkolle-pa-drejtor&amp;catid=54:shoqeri&amp;Itemid=78\" target=\"_blank\"><strong>Lexo m\u00eb shum\u00eb &lt;&lt; Ulqini-Online &gt;&gt;<\/strong><\/a><\/p>\n","protected":false},"excerpt":{"rendered":"<p>K\u00ebshilli nacional i shqiptar\u00ebve i d\u00ebrgon Ministris\u00eb s\u00eb arsimit t\u00eb Malit t\u00eb Zi nj\u00eb let\u00ebr ku k\u00ebrkohet zgjidhja e problemit t\u00eb drejtorit n\u00eb shkoll\u00ebn fillore n\u00eb Kat\u00ebrkoll\u00eb. N\u00eb deklarat\u00ebn t\u00eb cil\u00ebn e ka n\u00ebnshkruar\u00a0 kryetari\u00a0 i KNSH-s\u00eb Tahir Tahiri thuhet se me 24 n\u00ebntor ka skaduar afati ligjor prej 6 muaj\u00ebsh p\u00ebr ushtruesin e detyr\u00ebs [&hellip;]<\/p>\n","protected":false},"author":1,"featured_media":0,"comment_status":"open","ping_status":"closed","sticky":false,"template":"","format":"standard","meta":{"spay_email":"","jetpack_publicize_message":"","jetpack_is_tweetstorm":false,"jetpack_publicize_feature_enabled":true},"categories":[6950],"tags":[14351,17828,17834,18370,17811,14352,17831,18362,15136,14353,17808,17401,14354,12340,14355,17840,17839,18363,19585,17835,17814,17810,17816,14356,17071,17807,3730,3516,14652,3511,15139,17837,17827,10203,14358,222,17802,17812,17803,17820,17825,17817,17805,22011,305,19584,17823,17832,19586,14359,3506,17818,3499,214,17680,14360,14361,16210,17402,14362,19541,14363,18371,194,19501,3507,17800,498,3717,3500,1762,4625,115,14364,22008,17799,3327,15140,17841,17826,15213,18236,13230,3512,17806,729,11648,18289,17838,95,19583,17813,19587,17804,14365,15141,17836,14366,79,17073,18369,1653,1909,17815,14367,17801,18360,19543,17822,14368,14369,19542,17824,14370,18291,10472,2083,3231,14371,41,3617,15143,14372,14373,14374,17844,17821,18372,17830,17077,2800,18295,14375,17833,17829,899,200,18,17819,17809,14376],"jetpack_publicize_connections":[],"yoast_head":"<!-- This site is optimized with the Yoast SEO plugin v19.1 - https:\/\/yoast.com\/wordpress\/plugins\/seo\/ -->\n<title>Shkolla fillore n\u00eb Kat\u00ebrkoll\u00eb pa drejtor - Lajme nga Ulqini<\/title>\n<meta name=\"description\" content=\"K\u00ebshilli nacional i shqiptar\u00ebve i d\u00ebrgon Ministris\u00eb s\u00eb arsimit t\u00eb Malit t\u00eb Zi nj\u00eb let\u00ebr ku k\u00ebrkohet zgjidhja e problemit t\u00eb drejtorit n\u00eb shkoll\u00ebn fillore\" \/>\n<meta name=\"robots\" content=\"index, follow, max-snippet:-1, max-image-preview:large, max-video-preview:-1\" \/>\n<link rel=\"canonical\" href=\"https:\/\/www.visit-ulcinj.com\/blog\/2011\/12\/17\/shkolla-fillore-ne-katerkolle-pa-drejtor\/\" \/>\n<meta property=\"og:locale\" content=\"en_US\" \/>\n<meta property=\"og:type\" content=\"article\" \/>\n<meta property=\"og:title\" content=\"Shkolla fillore n\u00eb Kat\u00ebrkoll\u00eb pa drejtor - Lajme nga Ulqini\" \/>\n<meta property=\"og:description\" content=\"K\u00ebshilli nacional i shqiptar\u00ebve i d\u00ebrgon Ministris\u00eb s\u00eb arsimit t\u00eb Malit t\u00eb Zi nj\u00eb let\u00ebr ku k\u00ebrkohet zgjidhja e problemit t\u00eb drejtorit n\u00eb shkoll\u00ebn fillore\" \/>\n<meta property=\"og:url\" content=\"https:\/\/www.visit-ulcinj.com\/blog\/2011\/12\/17\/shkolla-fillore-ne-katerkolle-pa-drejtor\/\" \/>\n<meta property=\"og:site_name\" content=\"Lajme nga Ulqini\" \/>\n<meta property=\"article:published_time\" content=\"2011-12-17T17:38:25+00:00\" \/>\n<meta property=\"article:modified_time\" content=\"2011-12-17T17:39:37+00:00\" \/>\n<meta property=\"og:image\" content=\"http:\/\/www.visit-ulcinj.com\/blog\/wp-content\/uploads\/2011\/12\/Shkolla-Bedri-Elezaga-Katerkoll%C3%AB_Ulqin.jpg\" \/>\n<meta name=\"twitter:label1\" content=\"Written by\" \/>\n\t<meta name=\"twitter:data1\" content=\"ulqini\" \/>\n<script type=\"application\/ld+json\" class=\"yoast-schema-graph\">{\"@context\":\"https:\/\/schema.org\",\"@graph\":[{\"@type\":\"WebSite\",\"@id\":\"https:\/\/www.visit-ulcinj.com\/blog\/#website\",\"url\":\"https:\/\/www.visit-ulcinj.com\/blog\/\",\"name\":\"Lajme nga Ulqini\",\"description\":\"Lajme,Vijesti,Ulqini,Ulqin,Crna Gora,Mali i Zi\",\"potentialAction\":[{\"@type\":\"SearchAction\",\"target\":{\"@type\":\"EntryPoint\",\"urlTemplate\":\"https:\/\/www.visit-ulcinj.com\/blog\/?s={search_term_string}\"},\"query-input\":\"required name=search_term_string\"}],\"inLanguage\":\"en-US\"},{\"@type\":\"ImageObject\",\"inLanguage\":\"en-US\",\"@id\":\"https:\/\/www.visit-ulcinj.com\/blog\/2011\/12\/17\/shkolla-fillore-ne-katerkolle-pa-drejtor\/#primaryimage\",\"url\":\"http:\/\/www.visit-ulcinj.com\/blog\/wp-content\/uploads\/2011\/12\/Shkolla-Bedri-Elezaga-Katerkoll%C3%AB_Ulqin.jpg\",\"contentUrl\":\"http:\/\/www.visit-ulcinj.com\/blog\/wp-content\/uploads\/2011\/12\/Shkolla-Bedri-Elezaga-Katerkoll%C3%AB_Ulqin.jpg\"},{\"@type\":\"WebPage\",\"@id\":\"https:\/\/www.visit-ulcinj.com\/blog\/2011\/12\/17\/shkolla-fillore-ne-katerkolle-pa-drejtor\/#webpage\",\"url\":\"https:\/\/www.visit-ulcinj.com\/blog\/2011\/12\/17\/shkolla-fillore-ne-katerkolle-pa-drejtor\/\",\"name\":\"Shkolla fillore n\u00eb Kat\u00ebrkoll\u00eb pa drejtor - Lajme nga Ulqini\",\"isPartOf\":{\"@id\":\"https:\/\/www.visit-ulcinj.com\/blog\/#website\"},\"primaryImageOfPage\":{\"@id\":\"https:\/\/www.visit-ulcinj.com\/blog\/2011\/12\/17\/shkolla-fillore-ne-katerkolle-pa-drejtor\/#primaryimage\"},\"datePublished\":\"2011-12-17T17:38:25+00:00\",\"dateModified\":\"2011-12-17T17:39:37+00:00\",\"author\":{\"@id\":\"https:\/\/www.visit-ulcinj.com\/blog\/#\/schema\/person\/dcab619c614d3038751c63bc2aadc06d\"},\"description\":\"K\u00ebshilli nacional i shqiptar\u00ebve i d\u00ebrgon Ministris\u00eb s\u00eb arsimit t\u00eb Malit t\u00eb Zi nj\u00eb let\u00ebr ku k\u00ebrkohet zgjidhja e problemit t\u00eb drejtorit n\u00eb shkoll\u00ebn fillore\",\"breadcrumb\":{\"@id\":\"https:\/\/www.visit-ulcinj.com\/blog\/2011\/12\/17\/shkolla-fillore-ne-katerkolle-pa-drejtor\/#breadcrumb\"},\"inLanguage\":\"en-US\",\"potentialAction\":[{\"@type\":\"ReadAction\",\"target\":[\"https:\/\/www.visit-ulcinj.com\/blog\/2011\/12\/17\/shkolla-fillore-ne-katerkolle-pa-drejtor\/\"]}]},{\"@type\":\"BreadcrumbList\",\"@id\":\"https:\/\/www.visit-ulcinj.com\/blog\/2011\/12\/17\/shkolla-fillore-ne-katerkolle-pa-drejtor\/#breadcrumb\",\"itemListElement\":[{\"@type\":\"ListItem\",\"position\":1,\"name\":\"Shkolla fillore n\u00eb Kat\u00ebrkoll\u00eb pa drejtor\"}]},{\"@type\":\"Person\",\"@id\":\"https:\/\/www.visit-ulcinj.com\/blog\/#\/schema\/person\/dcab619c614d3038751c63bc2aadc06d\",\"name\":\"ulqini\",\"sameAs\":[\"http:\/\/www.visit-ulcinj.com\"],\"url\":\"https:\/\/www.visit-ulcinj.com\/blog\/author\/admin\/\"}]}<\/script>\n<!-- \/ Yoast SEO plugin. -->","yoast_head_json":{"title":"Shkolla fillore n\u00eb Kat\u00ebrkoll\u00eb pa drejtor - Lajme nga Ulqini","description":"K\u00ebshilli nacional i shqiptar\u00ebve i d\u00ebrgon Ministris\u00eb s\u00eb arsimit t\u00eb Malit t\u00eb Zi nj\u00eb let\u00ebr ku k\u00ebrkohet zgjidhja e problemit t\u00eb drejtorit n\u00eb shkoll\u00ebn fillore","robots":{"index":"index","follow":"follow","max-snippet":"max-snippet:-1","max-image-preview":"max-image-preview:large","max-video-preview":"max-video-preview:-1"},"canonical":"https:\/\/www.visit-ulcinj.com\/blog\/2011\/12\/17\/shkolla-fillore-ne-katerkolle-pa-drejtor\/","og_locale":"en_US","og_type":"article","og_title":"Shkolla fillore n\u00eb Kat\u00ebrkoll\u00eb pa drejtor - Lajme nga Ulqini","og_description":"K\u00ebshilli nacional i shqiptar\u00ebve i d\u00ebrgon Ministris\u00eb s\u00eb arsimit t\u00eb Malit t\u00eb Zi nj\u00eb let\u00ebr ku k\u00ebrkohet zgjidhja e problemit t\u00eb drejtorit n\u00eb shkoll\u00ebn fillore","og_url":"https:\/\/www.visit-ulcinj.com\/blog\/2011\/12\/17\/shkolla-fillore-ne-katerkolle-pa-drejtor\/","og_site_name":"Lajme nga Ulqini","article_published_time":"2011-12-17T17:38:25+00:00","article_modified_time":"2011-12-17T17:39:37+00:00","og_image":[{"url":"http:\/\/www.visit-ulcinj.com\/blog\/wp-content\/uploads\/2011\/12\/Shkolla-Bedri-Elezaga-Katerkoll%C3%AB_Ulqin.jpg"}],"twitter_misc":{"Written by":"ulqini"},"schema":{"@context":"https:\/\/schema.org","@graph":[{"@type":"WebSite","@id":"https:\/\/www.visit-ulcinj.com\/blog\/#website","url":"https:\/\/www.visit-ulcinj.com\/blog\/","name":"Lajme nga Ulqini","description":"Lajme,Vijesti,Ulqini,Ulqin,Crna Gora,Mali i Zi","potentialAction":[{"@type":"SearchAction","target":{"@type":"EntryPoint","urlTemplate":"https:\/\/www.visit-ulcinj.com\/blog\/?s={search_term_string}"},"query-input":"required name=search_term_string"}],"inLanguage":"en-US"},{"@type":"ImageObject","inLanguage":"en-US","@id":"https:\/\/www.visit-ulcinj.com\/blog\/2011\/12\/17\/shkolla-fillore-ne-katerkolle-pa-drejtor\/#primaryimage","url":"http:\/\/www.visit-ulcinj.com\/blog\/wp-content\/uploads\/2011\/12\/Shkolla-Bedri-Elezaga-Katerkoll%C3%AB_Ulqin.jpg","contentUrl":"http:\/\/www.visit-ulcinj.com\/blog\/wp-content\/uploads\/2011\/12\/Shkolla-Bedri-Elezaga-Katerkoll%C3%AB_Ulqin.jpg"},{"@type":"WebPage","@id":"https:\/\/www.visit-ulcinj.com\/blog\/2011\/12\/17\/shkolla-fillore-ne-katerkolle-pa-drejtor\/#webpage","url":"https:\/\/www.visit-ulcinj.com\/blog\/2011\/12\/17\/shkolla-fillore-ne-katerkolle-pa-drejtor\/","name":"Shkolla fillore n\u00eb Kat\u00ebrkoll\u00eb pa drejtor - Lajme nga Ulqini","isPartOf":{"@id":"https:\/\/www.visit-ulcinj.com\/blog\/#website"},"primaryImageOfPage":{"@id":"https:\/\/www.visit-ulcinj.com\/blog\/2011\/12\/17\/shkolla-fillore-ne-katerkolle-pa-drejtor\/#primaryimage"},"datePublished":"2011-12-17T17:38:25+00:00","dateModified":"2011-12-17T17:39:37+00:00","author":{"@id":"https:\/\/www.visit-ulcinj.com\/blog\/#\/schema\/person\/dcab619c614d3038751c63bc2aadc06d"},"description":"K\u00ebshilli nacional i shqiptar\u00ebve i d\u00ebrgon Ministris\u00eb s\u00eb arsimit t\u00eb Malit t\u00eb Zi nj\u00eb let\u00ebr ku k\u00ebrkohet zgjidhja e problemit t\u00eb drejtorit n\u00eb shkoll\u00ebn fillore","breadcrumb":{"@id":"https:\/\/www.visit-ulcinj.com\/blog\/2011\/12\/17\/shkolla-fillore-ne-katerkolle-pa-drejtor\/#breadcrumb"},"inLanguage":"en-US","potentialAction":[{"@type":"ReadAction","target":["https:\/\/www.visit-ulcinj.com\/blog\/2011\/12\/17\/shkolla-fillore-ne-katerkolle-pa-drejtor\/"]}]},{"@type":"BreadcrumbList","@id":"https:\/\/www.visit-ulcinj.com\/blog\/2011\/12\/17\/shkolla-fillore-ne-katerkolle-pa-drejtor\/#breadcrumb","itemListElement":[{"@type":"ListItem","position":1,"name":"Shkolla fillore n\u00eb Kat\u00ebrkoll\u00eb pa drejtor"}]},{"@type":"Person","@id":"https:\/\/www.visit-ulcinj.com\/blog\/#\/schema\/person\/dcab619c614d3038751c63bc2aadc06d","name":"ulqini","sameAs":["http:\/\/www.visit-ulcinj.com"],"url":"https:\/\/www.visit-ulcinj.com\/blog\/author\/admin\/"}]}},"jetpack_featured_media_url":"","jetpack_sharing_enabled":true,"jetpack_shortlink":"https:\/\/wp.me\/pe6lTn-eaI","_links":{"self":[{"href":"https:\/\/www.visit-ulcinj.com\/blog\/wp-json\/wp\/v2\/posts\/54480"}],"collection":[{"href":"https:\/\/www.visit-ulcinj.com\/blog\/wp-json\/wp\/v2\/posts"}],"about":[{"href":"https:\/\/www.visit-ulcinj.com\/blog\/wp-json\/wp\/v2\/types\/post"}],"author":[{"embeddable":true,"href":"https:\/\/www.visit-ulcinj.com\/blog\/wp-json\/wp\/v2\/users\/1"}],"replies":[{"embeddable":true,"href":"https:\/\/www.visit-ulcinj.com\/blog\/wp-json\/wp\/v2\/comments?post=54480"}],"version-history":[{"count":3,"href":"https:\/\/www.visit-ulcinj.com\/blog\/wp-json\/wp\/v2\/posts\/54480\/revisions"}],"predecessor-version":[{"id":54484,"href":"https:\/\/www.visit-ulcinj.com\/blog\/wp-json\/wp\/v2\/posts\/54480\/revisions\/54484"}],"wp:attachment":[{"href":"https:\/\/www.visit-ulcinj.com\/blog\/wp-json\/wp\/v2\/media?parent=54480"}],"wp:term":[{"taxonomy":"category","embeddable":true,"href":"https:\/\/www.visit-ulcinj.com\/blog\/wp-json\/wp\/v2\/categories?post=54480"},{"taxonomy":"post_tag","embeddable":true,"href":"https:\/\/www.visit-ulcinj.com\/blog\/wp-json\/wp\/v2\/tags?post=54480"}],"curies":[{"name":"wp","href":"https:\/\/api.w.org\/{rel}","templated":true}]}}