{"id":54488,"date":"2011-12-17T21:01:25","date_gmt":"2011-12-17T20:01:25","guid":{"rendered":"http:\/\/www.visit-ulcinj.com\/blog\/?p=54488"},"modified":"2011-12-17T21:01:25","modified_gmt":"2011-12-17T20:01:25","slug":"primjedbe-na-nacrt-zakona-o-morskom-dobru","status":"publish","type":"post","link":"https:\/\/www.visit-ulcinj.com\/blog\/2011\/12\/17\/primjedbe-na-nacrt-zakona-o-morskom-dobru\/","title":{"rendered":"Primjedbe na Nacrt zakona o Morskom Dobru"},"content":{"rendered":"<p><strong><a href=\"http:\/\/www.visit-ulcinj.com\/blog\/wp-content\/uploads\/2011\/12\/Ulcinj-Press_Ulqini-Press.jpg\"><img loading=\"lazy\" class=\"alignleft size-full wp-image-54489\" title=\"Ulcinj Press_Ulqini Press\" src=\"http:\/\/www.visit-ulcinj.com\/blog\/wp-content\/uploads\/2011\/12\/Ulcinj-Press_Ulqini-Press.jpg\" alt=\"\" width=\"508\" height=\"380\" \/><\/a>Shodno odredbama \u010dl.121 Zakona o lokalnoj samoupravi(Sl.list RCG 42\/2003, 28\/2004, 75\/2005, 13\/2006 i \u201cSl.list CG\u201d, br. 88\/2009 i 3\/2010) i odredbama \u010dl.42 st.1 ta\u010d.44, 83 st.1 ta\u010d.15 Statuta Op\u0161tine Ulcinj(Sl.list C-Op\u0161tinski propisi 5\/2007, 9\/2009 i 16\/2011.godine te shodno zaklju\u010dcima koje je Skup\u0161tina Op\u0161tine Ulcinj usvojila na sjednici od 12.12.2011.godine, a polaze\u0107i od potrebe da Op\u0161tina Ulcinj, kao zainteresovani subjekt izrazi svoj stav u vezi sa predlo\u017eenim Nacrtom Zakona o morskom dobru, kao i od obaveze koja proizilazi iz jednoglasno usvojenih Zaklju\u010daka SO-e Ulcinj, od 12.12.2011. godine, iznosimo na\u0161e<\/p>\n<p><\/strong><\/p>\n<p align=\"center\"><strong>P R I M J E D BE<\/strong><br \/>\n<strong> NA NACRT ZAKONA O MORSKOM DOBRU<\/strong><\/p>\n<p>1. U \u010dlanu 2. st. 2. predvidjeno je da se \u201eMorskim dobrom, u smislu ovog zakona, smatraju se i obale vode rijeke Bojane na teritoriji rbe Gore\u201c.<\/p>\n<p>Predla\u017eemo da se st.2 \u010dlana 2 izbri\u0161e.<\/p>\n<p>2. U \u010dl. 3. stav 1. predvidjeno je da morsko dobro obuhvata pojas kopna koji je \u0161irok najmanje 6 metara, ra\u010dunaju\u0107i od obalne linije.<\/p>\n<p>Predla\u017eemo izmjenu stava 1. \u010dlana 3. na taj na\u010din da se obuhvatanje morskim dobrom odredi pojas kopna morske obale striktno u \u0161irini najvi\u0161e do 6 metara od obalne linije.<\/p>\n<p>3. Predla\u017eemo da se u \u010dl. 3. doda novi stav u kojem \u0107e se predvidjeti mogu\u0107nost da se na zahtjev lokalne samouprave utvrdi \u0161irina morske obale i preko \u0161irine od 6 metara.<\/p>\n<p>4. Predla\u017eemo da se st. 4. i 5. Nacrta, kojim se defini\u0161e da morsko dobro obuhvata pojas kopna rijeke Bojane, izbri\u0161u.<\/p>\n<p>5. Predla\u017eemo da se dopuni \u010dl. 4 na na\u010din da se nakon rije\u010di Crna Gora dodaju rije\u010di \u201e uz prethodno pribavljenu saglasnost Skup\u0161tine lokalne samouprave\u201c.<\/p>\n<p>6. Predla\u017eemo da se \u010dl.5. stav 1. izmjeni na na\u010din \u0161to \u0107e isti glasiti: morsko dobro, kao dobro od op\u0161teg interesa je stvar izvan prometa na kojem niko ne mo\u017ee ste\u0107i pravo vlasni\u0161tva po bilo kom osnovu.<\/p>\n<p>7. U \u010dl. 12. stav 2. umjesto broja sedam upisati broj jedanest.<\/p>\n<p>U \u010dl. 12., st. 3., ta\u010dka 1. izmjeniti i predvidjeti da svaka primorska lokalna samouprava predlo\u017ei svog \u010dlana Savjeta Agencije \u2013 \u0161est \u010dlanova.<\/p>\n<p>8. U \u010dl. 14., st. 1., alineja 3. izbrisati rije\u010di: u obavljanju poslova vezanih za kori\u0161\u0107enje i za\u0161titu morskog dobra.<\/p>\n<p>9. U \u010dl. 42., st. 1 bri\u0161u se rije\u010di: bez saglasnosti Agencije.<\/p>\n<p>10. U \u010dl. 48. st.1., iza rije\u010di Ministarstvo dodati rije\u010di: i nadle\u017eni organ lokalne uprave za dio morskog dobra koji je u zahvatu teritorije odnosne lokalne samouprave.<\/p>\n<p align=\"center\">OBRAZLO\u017dENJE<\/p>\n<p>Radni tekst u postupku pripreme Nacrta Zakona o morskom dobru , Opstini Ulcinj nije dostavljen za izjasnjavanje, kako je propisano odredbama cl. 122 Zakona o lokalnoj samoupravi koji glasi \u201cOrgani dr\u017eavne uprave du\u017eni su da, u postupku pripreme zakona i drugih propisa i op\u0161tih akata kojima se ure\u0111uju polo\u017eaj, prava i obaveze lokalne samouprave, nacrte, odnosno predloge zako\u00acna i drugih akata dostave op\u0161tini na izja\u0161njenje.<\/p>\n<p>Rok za izja\u0161njenje ne mo\u017ee biti kra\u0107i od 15 dana od dana dostavljanja akta iz stava 1 ovog \u010dlana.\u201d<\/p>\n<p>Primjena va\u017ee\u0107eg Zakona o morskom dobru, od njegovog usvajanja 1992. godine do danas, imala je negativan uticaj na ukupni privredni, socijalni i dru\u0161tveni razvoj op\u0161tine Ulcinj.Nedovoljno precizne, nedore\u010dene i pogre\u0161no primjenjene odredbe toga Zakona, posebno onih koje odredjuju zonu obuhvata i utvrdjivanja granice Morskog dobra, stvorile su prostor za nedosljedno, proizvoljno i selektivno postupanje kod istovjetnih stvarnih situacija na terenu.Kao posljedica takvog postupanja nastala je situacija da granica morskog dobra obuhvata zonu, koja na pojedinim dijelovima teritorije op\u0161tine Ulcinj dose\u017ee i do preko 2 km udaljenosti od morske obale, odnosno obuhvata 33 milona m2, \u0161to \u010dini skoro 13% ukupne teritorije Op\u0161tine.Na taj na\u010din su Op\u0161tini Ulcinj uskra\u0107ena ustavna i zakonska prava da na toj teriroriji vr\u0161i svoje izvorne funkcije \u2013 donosi prostorne i urbanisti\u010dke planove, planove i programe razvoja, onemogu\u0107ava joj se da upravlja i raspola\u017ee lokalnom imovinom i od nje ubire prihode i ta sredstva usmjerava na razvoj.Ovakva primjena Zakona ima za posledicu kr\u0161enje osnovnih ljudskih prava, obzirom da ovaj zakon u svojoj primjeni ne proizvodi ista pravna dejtva za gradjane Ulcinja u odnosu na gradjane ostalih op\u0161tina na crnogorskom primorju.Izrazito centralizovani pristup upravljanja uzrokovao je isklju\u010divanje lokalne samouprave iz procesa odlu\u010divanja, ubiranja prihoda i upravljanja podru\u010djem Morskog dobra \u0161to je protivno evropskim principima decentralizacije vlasti.<\/p>\n<p>Smatramo da ovaj Nacrt Zakona o morskom dobru, na na\u010din na koji je predlo\u017een, ne rje\u0161ava nedostatke koje je imao raniji zakon.Naime novi zakon je po svom pristupu,konceptu i modelu ure\u0111ivanja pitanja morskog dobra,u biti,gotovo istovjetan postoje\u0107em zakonu. Polazne,temeljne odredbe koje se ti\u010du definicije pojma morsko dobro,utvr\u0111ivanja granica odnosno zone zahvata i svojinskog re\u017eima ostali su isti kao u onom zakonu od prije 20 godina, te izme\u0111u ta dva zakona ne postoje bitne razlike. Odredbe \u010dlanova 2,3,4 i 5 u nacrtu,kojima se defini\u0161e pojam morskog dobra,njegove granice,pravna priroda i svojinski re\u017eim su ili identi\u010dne ili vrlo sli\u010dne formulacijama iz va\u017ee\u0107eg Zakona,\u0161to jasno upu\u0107uje na zaklju\u010dak o ambiciji predlaga\u010da da granice morskog dobra utvr\u0111ene na osnovu sada\u0161njeg zakona i Prostornog plana posebnih namjena za Morsko dobro ostanu nepromijenjene,odnosno da \u0107e zona obuhvata morskog dobra na kopnu ostati ista kao \u0161to je sada.Neprecizno definisana linija morskog dobra i granica kopnenog pojasa morske obale, uklju\u010divanje obale rijeke Bojane u zonu morskog dobra, pri \u010dinjenici da se u svim drugim op\u0161tinama predvi\u0111a da samo u\u0161\u0107a rijeka predstavljaju zonu morskog dobra, \u0161to je u skladu i sa me\u0111unarodnim dokumentima(Barselonskom konvencijom), samo su neki od nedostataka predlo\u017eenog nacrta zakona, kojima se Op\u0161tina Ulcinj i njeni gra\u0111ani stavljaju u neravnopravan polo\u017eaj u odnosu na sve druge op\u0161tine jer joj se njeni najzana\u010dajniji resursi oduzimaju iz upravljanja, \u010dime on ne ispunjava osnovni uslov svakog zakona-da u svojoj primjeni proizvodi iste pravne posljedice za sve gra\u0111ane i institucije na koje se primjenjuje.<\/p>\n<p>Primjedbe koje smo iznijeli na nacrt zakona, su iznijete u cilju obezbje\u0111ivanja jednake primjene tog zakona na sve Opt\u0161tine i njene gra\u0111ane i otklanjanju onih nedostatka koji su se u praksi pokazali prilikom primjene sada va\u017ee\u0107eg Zakona o morskom dobru.Napominjemo da bi usvajanje ovakvog zakona u tekstu koji je predlo\u017een, predstavljao korak unazad za Crnu Goru koja se nalazi na korak od po\u010detka pregovora sa EU o priklju\u010denje, obzirom da bi ovakav zakon te\u0161ko pro\u0161ao i provjeru uskla\u0111enosti sa Evropskom poveljom o lokalnoj samoupravi \u2013 ne samo zbog odredbi \u010dlana 4 ta\u010d. 3,koji ka\u017ee da se javni poslovi ,po pravilu vr\u0161e od strane onih vlasti koje su najbli\u017ee gra\u0111anima,nego i zbog \u010dlana 5 koji govori o za\u0161titi granica jedinica lokalne uprave.<\/p>\n<p>U Ulcinju, 15.12.2011.godine<\/p>\n<p><strong>PREDSJEDNIK OP\u0160TINE ULCINJ<\/strong><br \/>\n<strong> Nazif Cungu<\/strong><\/p>\n<p>Prilog: Zakljucci Skupstine Opstine Ulcinj sa sjednice od 12.12.2011.godine<\/p>\n<p><strong>Preuzmi Originalni Dokument:\u00a0 <a href=\"http:\/\/www.opstinaulcinj.com\/pdf\/Primjedbe_Morsko_Dobro.pdf\">Primjedbe na Nacrt zakona o Morskom Dobru<\/a><\/strong><\/p>\n","protected":false},"excerpt":{"rendered":"<p>Shodno odredbama \u010dl.121 Zakona o lokalnoj samoupravi(Sl.list RCG 42\/2003, 28\/2004, 75\/2005, 13\/2006 i \u201cSl.list CG\u201d, br. 88\/2009 i 3\/2010) i odredbama \u010dl.42 st.1 ta\u010d.44, 83 st.1 ta\u010d.15 Statuta Op\u0161tine Ulcinj(Sl.list C-Op\u0161tinski propisi 5\/2007, 9\/2009 i 16\/2011.godine te shodno zaklju\u010dcima koje je Skup\u0161tina Op\u0161tine Ulcinj usvojila na sjednici od 12.12.2011.godine, a polaze\u0107i od potrebe da Op\u0161tina [&hellip;]<\/p>\n","protected":false},"author":1,"featured_media":0,"comment_status":"open","ping_status":"closed","sticky":false,"template":"","format":"standard","meta":{"spay_email":"","jetpack_publicize_message":"","jetpack_is_tweetstorm":false,"jetpack_publicize_feature_enabled":true},"categories":[8337],"tags":[17635,19],"jetpack_publicize_connections":[],"yoast_head":"<!-- This site is optimized with the Yoast SEO plugin v19.1 - https:\/\/yoast.com\/wordpress\/plugins\/seo\/ -->\n<title>Primjedbe na Nacrt zakona o Morskom Dobru - Lajme nga Ulqini<\/title>\n<meta name=\"description\" content=\"Shodno odredbama \u010dl.121 Zakona o lokalnoj samoupravi(Sl.list RCG 42\/2003, 28\/2004, 75\/2005, 13\/2006 i \u201cSl.list CG\u201d, br. 88\/2009 i 3\/2010) i odredbama\" \/>\n<meta name=\"robots\" content=\"index, follow, max-snippet:-1, max-image-preview:large, max-video-preview:-1\" \/>\n<link rel=\"canonical\" href=\"https:\/\/www.visit-ulcinj.com\/blog\/2011\/12\/17\/primjedbe-na-nacrt-zakona-o-morskom-dobru\/\" \/>\n<meta property=\"og:locale\" content=\"en_US\" \/>\n<meta property=\"og:type\" content=\"article\" \/>\n<meta property=\"og:title\" content=\"Primjedbe na Nacrt zakona o Morskom Dobru - Lajme nga Ulqini\" \/>\n<meta property=\"og:description\" content=\"Shodno odredbama \u010dl.121 Zakona o lokalnoj samoupravi(Sl.list RCG 42\/2003, 28\/2004, 75\/2005, 13\/2006 i \u201cSl.list CG\u201d, br. 88\/2009 i 3\/2010) i odredbama\" \/>\n<meta property=\"og:url\" content=\"https:\/\/www.visit-ulcinj.com\/blog\/2011\/12\/17\/primjedbe-na-nacrt-zakona-o-morskom-dobru\/\" \/>\n<meta property=\"og:site_name\" content=\"Lajme nga Ulqini\" \/>\n<meta property=\"article:published_time\" content=\"2011-12-17T20:01:25+00:00\" \/>\n<meta property=\"og:image\" content=\"http:\/\/www.visit-ulcinj.com\/blog\/wp-content\/uploads\/2011\/12\/Ulcinj-Press_Ulqini-Press.jpg\" \/>\n<meta name=\"twitter:label1\" content=\"Written by\" \/>\n\t<meta name=\"twitter:data1\" content=\"ulqini\" \/>\n\t<meta name=\"twitter:label2\" content=\"Est. reading time\" \/>\n\t<meta name=\"twitter:data2\" content=\"6 minutes\" \/>\n<script type=\"application\/ld+json\" class=\"yoast-schema-graph\">{\"@context\":\"https:\/\/schema.org\",\"@graph\":[{\"@type\":\"WebSite\",\"@id\":\"https:\/\/www.visit-ulcinj.com\/blog\/#website\",\"url\":\"https:\/\/www.visit-ulcinj.com\/blog\/\",\"name\":\"Lajme nga Ulqini\",\"description\":\"Lajme,Vijesti,Ulqini,Ulqin,Crna Gora,Mali i Zi\",\"potentialAction\":[{\"@type\":\"SearchAction\",\"target\":{\"@type\":\"EntryPoint\",\"urlTemplate\":\"https:\/\/www.visit-ulcinj.com\/blog\/?s={search_term_string}\"},\"query-input\":\"required name=search_term_string\"}],\"inLanguage\":\"en-US\"},{\"@type\":\"ImageObject\",\"inLanguage\":\"en-US\",\"@id\":\"https:\/\/www.visit-ulcinj.com\/blog\/2011\/12\/17\/primjedbe-na-nacrt-zakona-o-morskom-dobru\/#primaryimage\",\"url\":\"https:\/\/www.visit-ulcinj.com\/blog\/wp-content\/uploads\/2011\/12\/Ulcinj-Press_Ulqini-Press.jpg\",\"contentUrl\":\"https:\/\/www.visit-ulcinj.com\/blog\/wp-content\/uploads\/2011\/12\/Ulcinj-Press_Ulqini-Press.jpg\",\"width\":\"720\",\"height\":\"576\"},{\"@type\":\"WebPage\",\"@id\":\"https:\/\/www.visit-ulcinj.com\/blog\/2011\/12\/17\/primjedbe-na-nacrt-zakona-o-morskom-dobru\/#webpage\",\"url\":\"https:\/\/www.visit-ulcinj.com\/blog\/2011\/12\/17\/primjedbe-na-nacrt-zakona-o-morskom-dobru\/\",\"name\":\"Primjedbe na Nacrt zakona o Morskom Dobru - Lajme nga Ulqini\",\"isPartOf\":{\"@id\":\"https:\/\/www.visit-ulcinj.com\/blog\/#website\"},\"primaryImageOfPage\":{\"@id\":\"https:\/\/www.visit-ulcinj.com\/blog\/2011\/12\/17\/primjedbe-na-nacrt-zakona-o-morskom-dobru\/#primaryimage\"},\"datePublished\":\"2011-12-17T20:01:25+00:00\",\"dateModified\":\"2011-12-17T20:01:25+00:00\",\"author\":{\"@id\":\"https:\/\/www.visit-ulcinj.com\/blog\/#\/schema\/person\/dcab619c614d3038751c63bc2aadc06d\"},\"description\":\"Shodno odredbama \u010dl.121 Zakona o lokalnoj samoupravi(Sl.list RCG 42\/2003, 28\/2004, 75\/2005, 13\/2006 i \u201cSl.list CG\u201d, br. 88\/2009 i 3\/2010) i odredbama\",\"breadcrumb\":{\"@id\":\"https:\/\/www.visit-ulcinj.com\/blog\/2011\/12\/17\/primjedbe-na-nacrt-zakona-o-morskom-dobru\/#breadcrumb\"},\"inLanguage\":\"en-US\",\"potentialAction\":[{\"@type\":\"ReadAction\",\"target\":[\"https:\/\/www.visit-ulcinj.com\/blog\/2011\/12\/17\/primjedbe-na-nacrt-zakona-o-morskom-dobru\/\"]}]},{\"@type\":\"BreadcrumbList\",\"@id\":\"https:\/\/www.visit-ulcinj.com\/blog\/2011\/12\/17\/primjedbe-na-nacrt-zakona-o-morskom-dobru\/#breadcrumb\",\"itemListElement\":[{\"@type\":\"ListItem\",\"position\":1,\"name\":\"Primjedbe na Nacrt zakona o Morskom Dobru\"}]},{\"@type\":\"Person\",\"@id\":\"https:\/\/www.visit-ulcinj.com\/blog\/#\/schema\/person\/dcab619c614d3038751c63bc2aadc06d\",\"name\":\"ulqini\",\"sameAs\":[\"http:\/\/www.visit-ulcinj.com\"],\"url\":\"https:\/\/www.visit-ulcinj.com\/blog\/author\/admin\/\"}]}<\/script>\n<!-- \/ Yoast SEO plugin. -->","yoast_head_json":{"title":"Primjedbe na Nacrt zakona o Morskom Dobru - Lajme nga Ulqini","description":"Shodno odredbama \u010dl.121 Zakona o lokalnoj samoupravi(Sl.list RCG 42\/2003, 28\/2004, 75\/2005, 13\/2006 i \u201cSl.list CG\u201d, br. 88\/2009 i 3\/2010) i odredbama","robots":{"index":"index","follow":"follow","max-snippet":"max-snippet:-1","max-image-preview":"max-image-preview:large","max-video-preview":"max-video-preview:-1"},"canonical":"https:\/\/www.visit-ulcinj.com\/blog\/2011\/12\/17\/primjedbe-na-nacrt-zakona-o-morskom-dobru\/","og_locale":"en_US","og_type":"article","og_title":"Primjedbe na Nacrt zakona o Morskom Dobru - Lajme nga Ulqini","og_description":"Shodno odredbama \u010dl.121 Zakona o lokalnoj samoupravi(Sl.list RCG 42\/2003, 28\/2004, 75\/2005, 13\/2006 i \u201cSl.list CG\u201d, br. 88\/2009 i 3\/2010) i odredbama","og_url":"https:\/\/www.visit-ulcinj.com\/blog\/2011\/12\/17\/primjedbe-na-nacrt-zakona-o-morskom-dobru\/","og_site_name":"Lajme nga Ulqini","article_published_time":"2011-12-17T20:01:25+00:00","og_image":[{"url":"http:\/\/www.visit-ulcinj.com\/blog\/wp-content\/uploads\/2011\/12\/Ulcinj-Press_Ulqini-Press.jpg"}],"twitter_misc":{"Written by":"ulqini","Est. reading time":"6 minutes"},"schema":{"@context":"https:\/\/schema.org","@graph":[{"@type":"WebSite","@id":"https:\/\/www.visit-ulcinj.com\/blog\/#website","url":"https:\/\/www.visit-ulcinj.com\/blog\/","name":"Lajme nga Ulqini","description":"Lajme,Vijesti,Ulqini,Ulqin,Crna Gora,Mali i Zi","potentialAction":[{"@type":"SearchAction","target":{"@type":"EntryPoint","urlTemplate":"https:\/\/www.visit-ulcinj.com\/blog\/?s={search_term_string}"},"query-input":"required name=search_term_string"}],"inLanguage":"en-US"},{"@type":"ImageObject","inLanguage":"en-US","@id":"https:\/\/www.visit-ulcinj.com\/blog\/2011\/12\/17\/primjedbe-na-nacrt-zakona-o-morskom-dobru\/#primaryimage","url":"https:\/\/www.visit-ulcinj.com\/blog\/wp-content\/uploads\/2011\/12\/Ulcinj-Press_Ulqini-Press.jpg","contentUrl":"https:\/\/www.visit-ulcinj.com\/blog\/wp-content\/uploads\/2011\/12\/Ulcinj-Press_Ulqini-Press.jpg","width":"720","height":"576"},{"@type":"WebPage","@id":"https:\/\/www.visit-ulcinj.com\/blog\/2011\/12\/17\/primjedbe-na-nacrt-zakona-o-morskom-dobru\/#webpage","url":"https:\/\/www.visit-ulcinj.com\/blog\/2011\/12\/17\/primjedbe-na-nacrt-zakona-o-morskom-dobru\/","name":"Primjedbe na Nacrt zakona o Morskom Dobru - Lajme nga Ulqini","isPartOf":{"@id":"https:\/\/www.visit-ulcinj.com\/blog\/#website"},"primaryImageOfPage":{"@id":"https:\/\/www.visit-ulcinj.com\/blog\/2011\/12\/17\/primjedbe-na-nacrt-zakona-o-morskom-dobru\/#primaryimage"},"datePublished":"2011-12-17T20:01:25+00:00","dateModified":"2011-12-17T20:01:25+00:00","author":{"@id":"https:\/\/www.visit-ulcinj.com\/blog\/#\/schema\/person\/dcab619c614d3038751c63bc2aadc06d"},"description":"Shodno odredbama \u010dl.121 Zakona o lokalnoj samoupravi(Sl.list RCG 42\/2003, 28\/2004, 75\/2005, 13\/2006 i \u201cSl.list CG\u201d, br. 88\/2009 i 3\/2010) i odredbama","breadcrumb":{"@id":"https:\/\/www.visit-ulcinj.com\/blog\/2011\/12\/17\/primjedbe-na-nacrt-zakona-o-morskom-dobru\/#breadcrumb"},"inLanguage":"en-US","potentialAction":[{"@type":"ReadAction","target":["https:\/\/www.visit-ulcinj.com\/blog\/2011\/12\/17\/primjedbe-na-nacrt-zakona-o-morskom-dobru\/"]}]},{"@type":"BreadcrumbList","@id":"https:\/\/www.visit-ulcinj.com\/blog\/2011\/12\/17\/primjedbe-na-nacrt-zakona-o-morskom-dobru\/#breadcrumb","itemListElement":[{"@type":"ListItem","position":1,"name":"Primjedbe na Nacrt zakona o Morskom Dobru"}]},{"@type":"Person","@id":"https:\/\/www.visit-ulcinj.com\/blog\/#\/schema\/person\/dcab619c614d3038751c63bc2aadc06d","name":"ulqini","sameAs":["http:\/\/www.visit-ulcinj.com"],"url":"https:\/\/www.visit-ulcinj.com\/blog\/author\/admin\/"}]}},"jetpack_featured_media_url":"","jetpack_sharing_enabled":true,"jetpack_shortlink":"https:\/\/wp.me\/pe6lTn-eaQ","_links":{"self":[{"href":"https:\/\/www.visit-ulcinj.com\/blog\/wp-json\/wp\/v2\/posts\/54488"}],"collection":[{"href":"https:\/\/www.visit-ulcinj.com\/blog\/wp-json\/wp\/v2\/posts"}],"about":[{"href":"https:\/\/www.visit-ulcinj.com\/blog\/wp-json\/wp\/v2\/types\/post"}],"author":[{"embeddable":true,"href":"https:\/\/www.visit-ulcinj.com\/blog\/wp-json\/wp\/v2\/users\/1"}],"replies":[{"embeddable":true,"href":"https:\/\/www.visit-ulcinj.com\/blog\/wp-json\/wp\/v2\/comments?post=54488"}],"version-history":[{"count":1,"href":"https:\/\/www.visit-ulcinj.com\/blog\/wp-json\/wp\/v2\/posts\/54488\/revisions"}],"predecessor-version":[{"id":54490,"href":"https:\/\/www.visit-ulcinj.com\/blog\/wp-json\/wp\/v2\/posts\/54488\/revisions\/54490"}],"wp:attachment":[{"href":"https:\/\/www.visit-ulcinj.com\/blog\/wp-json\/wp\/v2\/media?parent=54488"}],"wp:term":[{"taxonomy":"category","embeddable":true,"href":"https:\/\/www.visit-ulcinj.com\/blog\/wp-json\/wp\/v2\/categories?post=54488"},{"taxonomy":"post_tag","embeddable":true,"href":"https:\/\/www.visit-ulcinj.com\/blog\/wp-json\/wp\/v2\/tags?post=54488"}],"curies":[{"name":"wp","href":"https:\/\/api.w.org\/{rel}","templated":true}]}}