{"id":545,"date":"2008-02-16T12:55:28","date_gmt":"2008-02-16T17:55:28","guid":{"rendered":"http:\/\/www.visit-ulcinj.com\/blog\/2008\/02\/16\/u-ulcinju-poginuo-kemal-visca-47-iz-sarajeva\/"},"modified":"2008-02-16T13:39:56","modified_gmt":"2008-02-16T18:39:56","slug":"u-ulcinju-poginuo-kemal-visca-47-iz-sarajeva","status":"publish","type":"post","link":"https:\/\/www.visit-ulcinj.com\/blog\/2008\/02\/16\/u-ulcinju-poginuo-kemal-visca-47-iz-sarajeva\/","title":{"rendered":"U Ulcinju poginuo Kemal Vi\u0161?a (47) iz Sarajeva"},"content":{"rendered":"<p><font style=\"font-size: 8pt; font-family: Verdana\"><strong><img loading=\"lazy\" border=\"0\" align=\"left\" width=\"480\" src=\"http:\/\/www.visit-ulcinj.com\/gallery\/main.php?g2_view=core.DownloadItem&amp;g2_itemId=3956&amp;g2_serialNumber=4\" height=\"640\" style=\"width: 255px; height: 228px\" \/><\/strong><\/font><font style=\"font-size: 8pt; font-family: Verdana\"><font size=\"3\" color=\"#021377\">Pao sa gra?evine<\/font>\u00a0<\/p>\n<p>Ulcinj &#8211; Kemal Vi\u0161?a (47), iz Olova kod Sarajeva, poginuo je ju?e oko 13 ?asova, nakon pada sa gra?evine na Pristanu u Ulcinju.<br \/>\nDirektor Doma zdravlja Gani Karamanaga kazao je &#8220;Vijestima&#8221; da je nesre?ni ?ovjek dovezen bez znakova \u017eivota.<br \/>\nVi\u0161?a je u Ulcinju radio kao fizi?ki radnik. Istraga koja je u toku vjerovatno ?e utvrditi sve okolnosti koje su dovele do tragedije.<br \/>\nPogibija Vi\u0161?a drugi je slu?aj stradanja stranih dr\u017eavljana, fizi?kih radnika u Crnoj Gori u posljednjih nekoliko dana.<br \/>\nU Podgorici je pro\u0161log ponedjeljka poginuo makedonski radnik \u017divko Borovski (47), koji je pao sa skele, na gradili\u0161tu u podgori?kom naselju Stari aerodrom.<\/p>\n<p><\/font><\/p>\n","protected":false},"excerpt":{"rendered":"<p><img loading=\"lazy\" border=\"0\" align=\"left\" width=\"140\" src=\"http:\/\/www.visit-ulcinj.com\/gallery\/main.php?g2_view=core.DownloadItem&amp;g2_itemId=3956&amp;g2_serialNumber=4\" height=\"140\"\/><\/p>\n","protected":false},"author":1,"featured_media":0,"comment_status":"open","ping_status":"closed","sticky":false,"template":"","format":"standard","meta":{"spay_email":"","jetpack_publicize_message":"","jetpack_is_tweetstorm":false,"jetpack_publicize_feature_enabled":true},"categories":[1],"tags":[1507,1519,1515,1509,1517,1512,1514,1516,1508,1513,1510,1494,1511,1518,19],"jetpack_publicize_connections":[],"yoast_head":"<!-- This site is optimized with the Yoast SEO plugin v19.1 - https:\/\/yoast.com\/wordpress\/plugins\/seo\/ -->\n<title>U Ulcinju poginuo Kemal Vi\u0161?a (47) iz Sarajeva - Lajme nga Ulqini<\/title>\n<meta name=\"robots\" content=\"index, follow, max-snippet:-1, max-image-preview:large, max-video-preview:-1\" \/>\n<link rel=\"canonical\" href=\"https:\/\/www.visit-ulcinj.com\/blog\/2008\/02\/16\/u-ulcinju-poginuo-kemal-visca-47-iz-sarajeva\/\" \/>\n<meta property=\"og:locale\" content=\"en_US\" \/>\n<meta property=\"og:type\" content=\"article\" \/>\n<meta property=\"og:title\" content=\"U Ulcinju poginuo Kemal Vi\u0161?a (47) iz Sarajeva - Lajme nga Ulqini\" \/>\n<meta property=\"og:url\" content=\"https:\/\/www.visit-ulcinj.com\/blog\/2008\/02\/16\/u-ulcinju-poginuo-kemal-visca-47-iz-sarajeva\/\" \/>\n<meta property=\"og:site_name\" content=\"Lajme nga Ulqini\" \/>\n<meta property=\"article:published_time\" content=\"2008-02-16T17:55:28+00:00\" \/>\n<meta property=\"article:modified_time\" content=\"2008-02-16T18:39:56+00:00\" \/>\n<meta property=\"og:image\" content=\"http:\/\/www.visit-ulcinj.com\/gallery\/main.php?g2_view=core.DownloadItem&#038;g2_itemId=3956&#038;g2_serialNumber=4\" \/>\n<meta name=\"twitter:label1\" content=\"Written by\" \/>\n\t<meta name=\"twitter:data1\" content=\"ulqini\" \/>\n\t<meta name=\"twitter:label2\" content=\"Est. reading time\" \/>\n\t<meta name=\"twitter:data2\" content=\"1 minute\" \/>\n<script type=\"application\/ld+json\" class=\"yoast-schema-graph\">{\"@context\":\"https:\/\/schema.org\",\"@graph\":[{\"@type\":\"WebSite\",\"@id\":\"https:\/\/www.visit-ulcinj.com\/blog\/#website\",\"url\":\"https:\/\/www.visit-ulcinj.com\/blog\/\",\"name\":\"Lajme nga Ulqini\",\"description\":\"Lajme,Vijesti,Ulqini,Ulqin,Crna Gora,Mali i Zi\",\"potentialAction\":[{\"@type\":\"SearchAction\",\"target\":{\"@type\":\"EntryPoint\",\"urlTemplate\":\"https:\/\/www.visit-ulcinj.com\/blog\/?s={search_term_string}\"},\"query-input\":\"required name=search_term_string\"}],\"inLanguage\":\"en-US\"},{\"@type\":\"ImageObject\",\"inLanguage\":\"en-US\",\"@id\":\"https:\/\/www.visit-ulcinj.com\/blog\/2008\/02\/16\/u-ulcinju-poginuo-kemal-visca-47-iz-sarajeva\/#primaryimage\",\"url\":\"http:\/\/www.visit-ulcinj.com\/gallery\/main.php?g2_view=core.DownloadItem&amp;g2_itemId=3956&amp;g2_serialNumber=4\",\"contentUrl\":\"http:\/\/www.visit-ulcinj.com\/gallery\/main.php?g2_view=core.DownloadItem&amp;g2_itemId=3956&amp;g2_serialNumber=4\"},{\"@type\":\"WebPage\",\"@id\":\"https:\/\/www.visit-ulcinj.com\/blog\/2008\/02\/16\/u-ulcinju-poginuo-kemal-visca-47-iz-sarajeva\/#webpage\",\"url\":\"https:\/\/www.visit-ulcinj.com\/blog\/2008\/02\/16\/u-ulcinju-poginuo-kemal-visca-47-iz-sarajeva\/\",\"name\":\"U Ulcinju poginuo Kemal Vi\u0161?a (47) iz Sarajeva - Lajme nga Ulqini\",\"isPartOf\":{\"@id\":\"https:\/\/www.visit-ulcinj.com\/blog\/#website\"},\"primaryImageOfPage\":{\"@id\":\"https:\/\/www.visit-ulcinj.com\/blog\/2008\/02\/16\/u-ulcinju-poginuo-kemal-visca-47-iz-sarajeva\/#primaryimage\"},\"datePublished\":\"2008-02-16T17:55:28+00:00\",\"dateModified\":\"2008-02-16T18:39:56+00:00\",\"author\":{\"@id\":\"https:\/\/www.visit-ulcinj.com\/blog\/#\/schema\/person\/dcab619c614d3038751c63bc2aadc06d\"},\"breadcrumb\":{\"@id\":\"https:\/\/www.visit-ulcinj.com\/blog\/2008\/02\/16\/u-ulcinju-poginuo-kemal-visca-47-iz-sarajeva\/#breadcrumb\"},\"inLanguage\":\"en-US\",\"potentialAction\":[{\"@type\":\"ReadAction\",\"target\":[\"https:\/\/www.visit-ulcinj.com\/blog\/2008\/02\/16\/u-ulcinju-poginuo-kemal-visca-47-iz-sarajeva\/\"]}]},{\"@type\":\"BreadcrumbList\",\"@id\":\"https:\/\/www.visit-ulcinj.com\/blog\/2008\/02\/16\/u-ulcinju-poginuo-kemal-visca-47-iz-sarajeva\/#breadcrumb\",\"itemListElement\":[{\"@type\":\"ListItem\",\"position\":1,\"name\":\"U Ulcinju poginuo Kemal Vi\u0161?a (47) iz Sarajeva\"}]},{\"@type\":\"Person\",\"@id\":\"https:\/\/www.visit-ulcinj.com\/blog\/#\/schema\/person\/dcab619c614d3038751c63bc2aadc06d\",\"name\":\"ulqini\",\"sameAs\":[\"http:\/\/www.visit-ulcinj.com\"],\"url\":\"https:\/\/www.visit-ulcinj.com\/blog\/author\/admin\/\"}]}<\/script>\n<!-- \/ Yoast SEO plugin. -->","yoast_head_json":{"title":"U Ulcinju poginuo Kemal Vi\u0161?a (47) iz Sarajeva - Lajme nga Ulqini","robots":{"index":"index","follow":"follow","max-snippet":"max-snippet:-1","max-image-preview":"max-image-preview:large","max-video-preview":"max-video-preview:-1"},"canonical":"https:\/\/www.visit-ulcinj.com\/blog\/2008\/02\/16\/u-ulcinju-poginuo-kemal-visca-47-iz-sarajeva\/","og_locale":"en_US","og_type":"article","og_title":"U Ulcinju poginuo Kemal Vi\u0161?a (47) iz Sarajeva - Lajme nga Ulqini","og_url":"https:\/\/www.visit-ulcinj.com\/blog\/2008\/02\/16\/u-ulcinju-poginuo-kemal-visca-47-iz-sarajeva\/","og_site_name":"Lajme nga Ulqini","article_published_time":"2008-02-16T17:55:28+00:00","article_modified_time":"2008-02-16T18:39:56+00:00","og_image":[{"url":"http:\/\/www.visit-ulcinj.com\/gallery\/main.php?g2_view=core.DownloadItem&amp;g2_itemId=3956&amp;g2_serialNumber=4"}],"twitter_misc":{"Written by":"ulqini","Est. reading time":"1 minute"},"schema":{"@context":"https:\/\/schema.org","@graph":[{"@type":"WebSite","@id":"https:\/\/www.visit-ulcinj.com\/blog\/#website","url":"https:\/\/www.visit-ulcinj.com\/blog\/","name":"Lajme nga Ulqini","description":"Lajme,Vijesti,Ulqini,Ulqin,Crna Gora,Mali i Zi","potentialAction":[{"@type":"SearchAction","target":{"@type":"EntryPoint","urlTemplate":"https:\/\/www.visit-ulcinj.com\/blog\/?s={search_term_string}"},"query-input":"required name=search_term_string"}],"inLanguage":"en-US"},{"@type":"ImageObject","inLanguage":"en-US","@id":"https:\/\/www.visit-ulcinj.com\/blog\/2008\/02\/16\/u-ulcinju-poginuo-kemal-visca-47-iz-sarajeva\/#primaryimage","url":"http:\/\/www.visit-ulcinj.com\/gallery\/main.php?g2_view=core.DownloadItem&amp;g2_itemId=3956&amp;g2_serialNumber=4","contentUrl":"http:\/\/www.visit-ulcinj.com\/gallery\/main.php?g2_view=core.DownloadItem&amp;g2_itemId=3956&amp;g2_serialNumber=4"},{"@type":"WebPage","@id":"https:\/\/www.visit-ulcinj.com\/blog\/2008\/02\/16\/u-ulcinju-poginuo-kemal-visca-47-iz-sarajeva\/#webpage","url":"https:\/\/www.visit-ulcinj.com\/blog\/2008\/02\/16\/u-ulcinju-poginuo-kemal-visca-47-iz-sarajeva\/","name":"U Ulcinju poginuo Kemal Vi\u0161?a (47) iz Sarajeva - Lajme nga Ulqini","isPartOf":{"@id":"https:\/\/www.visit-ulcinj.com\/blog\/#website"},"primaryImageOfPage":{"@id":"https:\/\/www.visit-ulcinj.com\/blog\/2008\/02\/16\/u-ulcinju-poginuo-kemal-visca-47-iz-sarajeva\/#primaryimage"},"datePublished":"2008-02-16T17:55:28+00:00","dateModified":"2008-02-16T18:39:56+00:00","author":{"@id":"https:\/\/www.visit-ulcinj.com\/blog\/#\/schema\/person\/dcab619c614d3038751c63bc2aadc06d"},"breadcrumb":{"@id":"https:\/\/www.visit-ulcinj.com\/blog\/2008\/02\/16\/u-ulcinju-poginuo-kemal-visca-47-iz-sarajeva\/#breadcrumb"},"inLanguage":"en-US","potentialAction":[{"@type":"ReadAction","target":["https:\/\/www.visit-ulcinj.com\/blog\/2008\/02\/16\/u-ulcinju-poginuo-kemal-visca-47-iz-sarajeva\/"]}]},{"@type":"BreadcrumbList","@id":"https:\/\/www.visit-ulcinj.com\/blog\/2008\/02\/16\/u-ulcinju-poginuo-kemal-visca-47-iz-sarajeva\/#breadcrumb","itemListElement":[{"@type":"ListItem","position":1,"name":"U Ulcinju poginuo Kemal Vi\u0161?a (47) iz Sarajeva"}]},{"@type":"Person","@id":"https:\/\/www.visit-ulcinj.com\/blog\/#\/schema\/person\/dcab619c614d3038751c63bc2aadc06d","name":"ulqini","sameAs":["http:\/\/www.visit-ulcinj.com"],"url":"https:\/\/www.visit-ulcinj.com\/blog\/author\/admin\/"}]}},"jetpack_featured_media_url":"","jetpack_sharing_enabled":true,"jetpack_shortlink":"https:\/\/wp.me\/pe6lTn-8N","_links":{"self":[{"href":"https:\/\/www.visit-ulcinj.com\/blog\/wp-json\/wp\/v2\/posts\/545"}],"collection":[{"href":"https:\/\/www.visit-ulcinj.com\/blog\/wp-json\/wp\/v2\/posts"}],"about":[{"href":"https:\/\/www.visit-ulcinj.com\/blog\/wp-json\/wp\/v2\/types\/post"}],"author":[{"embeddable":true,"href":"https:\/\/www.visit-ulcinj.com\/blog\/wp-json\/wp\/v2\/users\/1"}],"replies":[{"embeddable":true,"href":"https:\/\/www.visit-ulcinj.com\/blog\/wp-json\/wp\/v2\/comments?post=545"}],"version-history":[{"count":0,"href":"https:\/\/www.visit-ulcinj.com\/blog\/wp-json\/wp\/v2\/posts\/545\/revisions"}],"wp:attachment":[{"href":"https:\/\/www.visit-ulcinj.com\/blog\/wp-json\/wp\/v2\/media?parent=545"}],"wp:term":[{"taxonomy":"category","embeddable":true,"href":"https:\/\/www.visit-ulcinj.com\/blog\/wp-json\/wp\/v2\/categories?post=545"},{"taxonomy":"post_tag","embeddable":true,"href":"https:\/\/www.visit-ulcinj.com\/blog\/wp-json\/wp\/v2\/tags?post=545"}],"curies":[{"name":"wp","href":"https:\/\/api.w.org\/{rel}","templated":true}]}}