{"id":54519,"date":"2011-12-18T08:33:46","date_gmt":"2011-12-18T07:33:46","guid":{"rendered":"http:\/\/www.visit-ulcinj.com\/blog\/?p=54519"},"modified":"2013-12-07T06:31:39","modified_gmt":"2013-12-07T05:31:39","slug":"vildane-zeneli-une-e-dua-prapanicen-time-te-madhe-video","status":"publish","type":"post","link":"https:\/\/www.visit-ulcinj.com\/blog\/2011\/12\/18\/vildane-zeneli-une-e-dua-prapanicen-time-te-madhe-video\/","title":{"rendered":"Vildane Zeneli: Un\u00eb e dua prapanic\u00ebn time t\u00eb madhe &#8211; Video"},"content":{"rendered":"<p><strong><a href=\"http:\/\/www.visit-ulcinj.com\/blog\/2011\/12\/18\/vildane-zeneli-une-e-dua-prapanicen-time-te-madhe-video\/vildane-zeneli\/\" rel=\"attachment wp-att-54520\"><img loading=\"lazy\" class=\"alignleft size-full wp-image-54520\" title=\"Vildane Zeneli\" alt=\"\" src=\"http:\/\/www.visit-ulcinj.com\/blog\/wp-content\/uploads\/2011\/12\/Vildane-Zeneli.jpg\" width=\"508\" height=\"620\" \/><\/a>Ka qen\u00eb ky statusi i modeles shqiptare, e cila gjithnj\u00eb e m\u00eb shum\u00eb po p\u00ebrjeton nj\u00eb sukes t\u00eb madh n\u00eb Amerik\u00eb. <\/strong><\/p>\n<p>natyr\u00eb mjaft e ccilt\u00ebr dhe modeste, pavar\u00ebsisht gjith\u00eb suksesit q\u00eb po p\u00ebrjeton, Vildane nuk e ka problem t\u00eb b\u00ebj\u00eb shaka e t\u00eb thot\u00eb mendimin e saj hapur. K\u00ebt\u00eb ka b\u00ebr\u00eb edhe n\u00eb nj\u00eb nga statuset e saj n\u00eb Facebook n\u00eb t\u00eb cilin ka shkruar: \u201cUn\u00eb e dua prapanic\u00ebn time t\u00eb madhe\u2026 le t\u00eb pirdhen kuckat me prapanic\u00ebn e rrafsht\u00eb\u201d.<\/p>\n<p>Duke dh\u00ebn\u00eb k\u00ebshtu n\u00eb t\u00eb nj\u00ebjt\u00ebn koh\u00eb edhe nj\u00eb mesazh mjaft pozitiv p\u00ebr t\u00eb gjitha ato vajza q\u00eb, duke ndjekur shembullin e modeleve t\u00eb famshme, zgjedhin t\u00eb rrin\u00eb pa ngr\u00ebn\u00eb n\u00eb m\u00ebnyr\u00eb q\u00eb t\u00eb jen\u00eb sa m\u00eb t\u00eb dob\u00ebta, duke kaluar deri n\u00eb anoreksi. Vildane \u00ebsht\u00eb kund\u00ebr nj\u00eb shembulli t\u00eb till\u00eb dhe k\u00ebt\u00eb e tregon m\u00eb s\u00eb miri trupi i i saj me forma perfekte. Jo m\u00eb kot ajo \u00ebsht\u00eb zgjedhur edhe modelja kryesore e librit \u201cCulo\u201d, duke qen\u00eb edhe n\u00eb kopertin\u00ebn e k\u00ebtij libri me t\u00eb pasmet e saj.<\/p>\n<p>Nd\u00ebrkoh\u00eb karriera e saj vazhdon t\u00eb shk\u00eblqej\u00eb. Ajo \u00ebsht\u00eb e ftuar ngado dhe e shikon shpesh t\u00eb shoq\u00ebruar me emra t\u00eb m\u00ebdhenj\u00eb t\u00eb sho\u00ebbizit bot\u00ebror, sicc dallohet edhe n\u00eb k\u00ebto foto me k\u00ebng\u00ebtarem Mary J. Blidge, Pitbull, apo modelen me fam\u00eb bot\u00ebrore Alessandra Ambrozio.<\/p>\n<p><strong>Vipat.Info<br \/>\n\n\t\t<style type=\"text\/css\">\n\t\t\t#gallery-1 {\n\t\t\t\tmargin: auto;\n\t\t\t}\n\t\t\t#gallery-1 .gallery-item {\n\t\t\t\tfloat: left;\n\t\t\t\tmargin-top: 10px;\n\t\t\t\ttext-align: center;\n\t\t\t\twidth: 33%;\n\t\t\t}\n\t\t\t#gallery-1 img {\n\t\t\t\tborder: 2px solid #cfcfcf;\n\t\t\t}\n\t\t\t#gallery-1 .gallery-caption {\n\t\t\t\tmargin-left: 0;\n\t\t\t}\n\t\t\t\/* see gallery_shortcode() in wp-includes\/media.php *\/\n\t\t<\/style>\n\t\t<div id='gallery-1' class='gallery galleryid-54519 gallery-columns-3 gallery-size-thumbnail'><dl class='gallery-item'>\n\t\t\t<dt class='gallery-icon portrait'>\n\t\t\t\t<a href='https:\/\/www.visit-ulcinj.com\/blog\/wp-content\/uploads\/2011\/12\/vildane_zeneli_nudo.2.jpg'><img width=\"150\" height=\"150\" src=\"https:\/\/www.visit-ulcinj.com\/blog\/wp-content\/uploads\/2011\/12\/vildane_zeneli_nudo.2-150x150.jpg\" class=\"attachment-thumbnail size-thumbnail\" alt=\"\" loading=\"lazy\" \/><\/a>\n\t\t\t<\/dt><\/dl>\n\t\t\t<br style='clear: both' \/>\n\t\t<\/div>\n<br \/>\n<\/strong><br \/>\n<iframe loading=\"lazy\" src=\"http:\/\/www.youtube.com\/embed\/sgDVzPaw0zI?rel=0\" height=\"360\" width=\"508\" allowfullscreen=\"\" frameborder=\"0\"><\/iframe><\/p>\n","protected":false},"excerpt":{"rendered":"<p>Ka qen\u00eb ky statusi i modeles shqiptare, e cila gjithnj\u00eb e m\u00eb shum\u00eb po p\u00ebrjeton nj\u00eb sukes t\u00eb madh n\u00eb Amerik\u00eb. natyr\u00eb mjaft e ccilt\u00ebr dhe modeste, pavar\u00ebsisht gjith\u00eb suksesit q\u00eb po p\u00ebrjeton, Vildane nuk e ka problem t\u00eb b\u00ebj\u00eb shaka e t\u00eb thot\u00eb mendimin e saj hapur. K\u00ebt\u00eb ka b\u00ebr\u00eb edhe n\u00eb nj\u00eb nga [&hellip;]<\/p>\n","protected":false},"author":1,"featured_media":0,"comment_status":"open","ping_status":"closed","sticky":false,"template":"","format":"standard","meta":{"spay_email":"","jetpack_publicize_message":"","jetpack_is_tweetstorm":false,"jetpack_publicize_feature_enabled":true},"categories":[1],"tags":[19629,19098,21171],"jetpack_publicize_connections":[],"yoast_head":"<!-- This site is optimized with the Yoast SEO plugin v19.1 - https:\/\/yoast.com\/wordpress\/plugins\/seo\/ -->\n<title>Vildane Zeneli: Un\u00eb e dua prapanic\u00ebn time t\u00eb madhe - Video - Lajme nga Ulqini<\/title>\n<meta name=\"description\" content=\"Ka qen\u00eb ky statusi i modeles shqiptare, e cila gjithnj\u00eb e m\u00eb shum\u00eb po p\u00ebrjeton nj\u00eb sukes t\u00eb madh n\u00eb Amerik\u00eb. natyr\u00eb mjaft e ccilt\u00ebr dhe modeste,\" \/>\n<meta name=\"robots\" content=\"index, follow, max-snippet:-1, max-image-preview:large, max-video-preview:-1\" \/>\n<link rel=\"canonical\" href=\"https:\/\/www.visit-ulcinj.com\/blog\/2011\/12\/18\/vildane-zeneli-une-e-dua-prapanicen-time-te-madhe-video\/\" \/>\n<meta property=\"og:locale\" content=\"en_US\" \/>\n<meta property=\"og:type\" content=\"article\" \/>\n<meta property=\"og:title\" content=\"Vildane Zeneli: Un\u00eb e dua prapanic\u00ebn time t\u00eb madhe - Video - Lajme nga Ulqini\" \/>\n<meta property=\"og:description\" content=\"Ka qen\u00eb ky statusi i modeles shqiptare, e cila gjithnj\u00eb e m\u00eb shum\u00eb po p\u00ebrjeton nj\u00eb sukes t\u00eb madh n\u00eb Amerik\u00eb. natyr\u00eb mjaft e ccilt\u00ebr dhe modeste,\" \/>\n<meta property=\"og:url\" content=\"https:\/\/www.visit-ulcinj.com\/blog\/2011\/12\/18\/vildane-zeneli-une-e-dua-prapanicen-time-te-madhe-video\/\" \/>\n<meta property=\"og:site_name\" content=\"Lajme nga Ulqini\" \/>\n<meta property=\"article:published_time\" content=\"2011-12-18T07:33:46+00:00\" \/>\n<meta property=\"article:modified_time\" content=\"2013-12-07T05:31:39+00:00\" \/>\n<meta property=\"og:image\" content=\"https:\/\/www.visit-ulcinj.com\/blog\/wp-content\/uploads\/2011\/12\/Vildane-Zeneli-150x150.jpg\" \/>\n<meta name=\"twitter:label1\" content=\"Written by\" \/>\n\t<meta name=\"twitter:data1\" content=\"ulqini\" \/>\n\t<meta name=\"twitter:label2\" content=\"Est. reading time\" \/>\n\t<meta name=\"twitter:data2\" content=\"1 minute\" \/>\n<script type=\"application\/ld+json\" class=\"yoast-schema-graph\">{\"@context\":\"https:\/\/schema.org\",\"@graph\":[{\"@type\":\"WebSite\",\"@id\":\"https:\/\/www.visit-ulcinj.com\/blog\/#website\",\"url\":\"https:\/\/www.visit-ulcinj.com\/blog\/\",\"name\":\"Lajme nga Ulqini\",\"description\":\"Lajme,Vijesti,Ulqini,Ulqin,Crna Gora,Mali i Zi\",\"potentialAction\":[{\"@type\":\"SearchAction\",\"target\":{\"@type\":\"EntryPoint\",\"urlTemplate\":\"https:\/\/www.visit-ulcinj.com\/blog\/?s={search_term_string}\"},\"query-input\":\"required name=search_term_string\"}],\"inLanguage\":\"en-US\"},{\"@type\":\"ImageObject\",\"inLanguage\":\"en-US\",\"@id\":\"https:\/\/www.visit-ulcinj.com\/blog\/2011\/12\/18\/vildane-zeneli-une-e-dua-prapanicen-time-te-madhe-video\/#primaryimage\",\"url\":\"http:\/\/www.visit-ulcinj.com\/blog\/wp-content\/uploads\/2011\/12\/Vildane-Zeneli.jpg\",\"contentUrl\":\"http:\/\/www.visit-ulcinj.com\/blog\/wp-content\/uploads\/2011\/12\/Vildane-Zeneli.jpg\"},{\"@type\":\"WebPage\",\"@id\":\"https:\/\/www.visit-ulcinj.com\/blog\/2011\/12\/18\/vildane-zeneli-une-e-dua-prapanicen-time-te-madhe-video\/#webpage\",\"url\":\"https:\/\/www.visit-ulcinj.com\/blog\/2011\/12\/18\/vildane-zeneli-une-e-dua-prapanicen-time-te-madhe-video\/\",\"name\":\"Vildane Zeneli: Un\u00eb e dua prapanic\u00ebn time t\u00eb madhe - Video - Lajme nga Ulqini\",\"isPartOf\":{\"@id\":\"https:\/\/www.visit-ulcinj.com\/blog\/#website\"},\"primaryImageOfPage\":{\"@id\":\"https:\/\/www.visit-ulcinj.com\/blog\/2011\/12\/18\/vildane-zeneli-une-e-dua-prapanicen-time-te-madhe-video\/#primaryimage\"},\"datePublished\":\"2011-12-18T07:33:46+00:00\",\"dateModified\":\"2013-12-07T05:31:39+00:00\",\"author\":{\"@id\":\"https:\/\/www.visit-ulcinj.com\/blog\/#\/schema\/person\/dcab619c614d3038751c63bc2aadc06d\"},\"description\":\"Ka qen\u00eb ky statusi i modeles shqiptare, e cila gjithnj\u00eb e m\u00eb shum\u00eb po p\u00ebrjeton nj\u00eb sukes t\u00eb madh n\u00eb Amerik\u00eb. natyr\u00eb mjaft e ccilt\u00ebr dhe modeste,\",\"breadcrumb\":{\"@id\":\"https:\/\/www.visit-ulcinj.com\/blog\/2011\/12\/18\/vildane-zeneli-une-e-dua-prapanicen-time-te-madhe-video\/#breadcrumb\"},\"inLanguage\":\"en-US\",\"potentialAction\":[{\"@type\":\"ReadAction\",\"target\":[\"https:\/\/www.visit-ulcinj.com\/blog\/2011\/12\/18\/vildane-zeneli-une-e-dua-prapanicen-time-te-madhe-video\/\"]}]},{\"@type\":\"BreadcrumbList\",\"@id\":\"https:\/\/www.visit-ulcinj.com\/blog\/2011\/12\/18\/vildane-zeneli-une-e-dua-prapanicen-time-te-madhe-video\/#breadcrumb\",\"itemListElement\":[{\"@type\":\"ListItem\",\"position\":1,\"name\":\"Vildane Zeneli: Un\u00eb e dua prapanic\u00ebn time t\u00eb madhe &#8211; Video\"}]},{\"@type\":\"Person\",\"@id\":\"https:\/\/www.visit-ulcinj.com\/blog\/#\/schema\/person\/dcab619c614d3038751c63bc2aadc06d\",\"name\":\"ulqini\",\"sameAs\":[\"http:\/\/www.visit-ulcinj.com\"],\"url\":\"https:\/\/www.visit-ulcinj.com\/blog\/author\/admin\/\"}]}<\/script>\n<!-- \/ Yoast SEO plugin. -->","yoast_head_json":{"title":"Vildane Zeneli: Un\u00eb e dua prapanic\u00ebn time t\u00eb madhe - Video - Lajme nga Ulqini","description":"Ka qen\u00eb ky statusi i modeles shqiptare, e cila gjithnj\u00eb e m\u00eb shum\u00eb po p\u00ebrjeton nj\u00eb sukes t\u00eb madh n\u00eb Amerik\u00eb. natyr\u00eb mjaft e ccilt\u00ebr dhe modeste,","robots":{"index":"index","follow":"follow","max-snippet":"max-snippet:-1","max-image-preview":"max-image-preview:large","max-video-preview":"max-video-preview:-1"},"canonical":"https:\/\/www.visit-ulcinj.com\/blog\/2011\/12\/18\/vildane-zeneli-une-e-dua-prapanicen-time-te-madhe-video\/","og_locale":"en_US","og_type":"article","og_title":"Vildane Zeneli: Un\u00eb e dua prapanic\u00ebn time t\u00eb madhe - Video - Lajme nga Ulqini","og_description":"Ka qen\u00eb ky statusi i modeles shqiptare, e cila gjithnj\u00eb e m\u00eb shum\u00eb po p\u00ebrjeton nj\u00eb sukes t\u00eb madh n\u00eb Amerik\u00eb. natyr\u00eb mjaft e ccilt\u00ebr dhe modeste,","og_url":"https:\/\/www.visit-ulcinj.com\/blog\/2011\/12\/18\/vildane-zeneli-une-e-dua-prapanicen-time-te-madhe-video\/","og_site_name":"Lajme nga Ulqini","article_published_time":"2011-12-18T07:33:46+00:00","article_modified_time":"2013-12-07T05:31:39+00:00","og_image":[{"url":"https:\/\/www.visit-ulcinj.com\/blog\/wp-content\/uploads\/2011\/12\/Vildane-Zeneli-150x150.jpg"}],"twitter_misc":{"Written by":"ulqini","Est. reading time":"1 minute"},"schema":{"@context":"https:\/\/schema.org","@graph":[{"@type":"WebSite","@id":"https:\/\/www.visit-ulcinj.com\/blog\/#website","url":"https:\/\/www.visit-ulcinj.com\/blog\/","name":"Lajme nga Ulqini","description":"Lajme,Vijesti,Ulqini,Ulqin,Crna Gora,Mali i Zi","potentialAction":[{"@type":"SearchAction","target":{"@type":"EntryPoint","urlTemplate":"https:\/\/www.visit-ulcinj.com\/blog\/?s={search_term_string}"},"query-input":"required name=search_term_string"}],"inLanguage":"en-US"},{"@type":"ImageObject","inLanguage":"en-US","@id":"https:\/\/www.visit-ulcinj.com\/blog\/2011\/12\/18\/vildane-zeneli-une-e-dua-prapanicen-time-te-madhe-video\/#primaryimage","url":"http:\/\/www.visit-ulcinj.com\/blog\/wp-content\/uploads\/2011\/12\/Vildane-Zeneli.jpg","contentUrl":"http:\/\/www.visit-ulcinj.com\/blog\/wp-content\/uploads\/2011\/12\/Vildane-Zeneli.jpg"},{"@type":"WebPage","@id":"https:\/\/www.visit-ulcinj.com\/blog\/2011\/12\/18\/vildane-zeneli-une-e-dua-prapanicen-time-te-madhe-video\/#webpage","url":"https:\/\/www.visit-ulcinj.com\/blog\/2011\/12\/18\/vildane-zeneli-une-e-dua-prapanicen-time-te-madhe-video\/","name":"Vildane Zeneli: Un\u00eb e dua prapanic\u00ebn time t\u00eb madhe - Video - Lajme nga Ulqini","isPartOf":{"@id":"https:\/\/www.visit-ulcinj.com\/blog\/#website"},"primaryImageOfPage":{"@id":"https:\/\/www.visit-ulcinj.com\/blog\/2011\/12\/18\/vildane-zeneli-une-e-dua-prapanicen-time-te-madhe-video\/#primaryimage"},"datePublished":"2011-12-18T07:33:46+00:00","dateModified":"2013-12-07T05:31:39+00:00","author":{"@id":"https:\/\/www.visit-ulcinj.com\/blog\/#\/schema\/person\/dcab619c614d3038751c63bc2aadc06d"},"description":"Ka qen\u00eb ky statusi i modeles shqiptare, e cila gjithnj\u00eb e m\u00eb shum\u00eb po p\u00ebrjeton nj\u00eb sukes t\u00eb madh n\u00eb Amerik\u00eb. natyr\u00eb mjaft e ccilt\u00ebr dhe modeste,","breadcrumb":{"@id":"https:\/\/www.visit-ulcinj.com\/blog\/2011\/12\/18\/vildane-zeneli-une-e-dua-prapanicen-time-te-madhe-video\/#breadcrumb"},"inLanguage":"en-US","potentialAction":[{"@type":"ReadAction","target":["https:\/\/www.visit-ulcinj.com\/blog\/2011\/12\/18\/vildane-zeneli-une-e-dua-prapanicen-time-te-madhe-video\/"]}]},{"@type":"BreadcrumbList","@id":"https:\/\/www.visit-ulcinj.com\/blog\/2011\/12\/18\/vildane-zeneli-une-e-dua-prapanicen-time-te-madhe-video\/#breadcrumb","itemListElement":[{"@type":"ListItem","position":1,"name":"Vildane Zeneli: Un\u00eb e dua prapanic\u00ebn time t\u00eb madhe &#8211; Video"}]},{"@type":"Person","@id":"https:\/\/www.visit-ulcinj.com\/blog\/#\/schema\/person\/dcab619c614d3038751c63bc2aadc06d","name":"ulqini","sameAs":["http:\/\/www.visit-ulcinj.com"],"url":"https:\/\/www.visit-ulcinj.com\/blog\/author\/admin\/"}]}},"jetpack_featured_media_url":"","jetpack_sharing_enabled":true,"jetpack_shortlink":"https:\/\/wp.me\/pe6lTn-ebl","_links":{"self":[{"href":"https:\/\/www.visit-ulcinj.com\/blog\/wp-json\/wp\/v2\/posts\/54519"}],"collection":[{"href":"https:\/\/www.visit-ulcinj.com\/blog\/wp-json\/wp\/v2\/posts"}],"about":[{"href":"https:\/\/www.visit-ulcinj.com\/blog\/wp-json\/wp\/v2\/types\/post"}],"author":[{"embeddable":true,"href":"https:\/\/www.visit-ulcinj.com\/blog\/wp-json\/wp\/v2\/users\/1"}],"replies":[{"embeddable":true,"href":"https:\/\/www.visit-ulcinj.com\/blog\/wp-json\/wp\/v2\/comments?post=54519"}],"version-history":[{"count":9,"href":"https:\/\/www.visit-ulcinj.com\/blog\/wp-json\/wp\/v2\/posts\/54519\/revisions"}],"predecessor-version":[{"id":64422,"href":"https:\/\/www.visit-ulcinj.com\/blog\/wp-json\/wp\/v2\/posts\/54519\/revisions\/64422"}],"wp:attachment":[{"href":"https:\/\/www.visit-ulcinj.com\/blog\/wp-json\/wp\/v2\/media?parent=54519"}],"wp:term":[{"taxonomy":"category","embeddable":true,"href":"https:\/\/www.visit-ulcinj.com\/blog\/wp-json\/wp\/v2\/categories?post=54519"},{"taxonomy":"post_tag","embeddable":true,"href":"https:\/\/www.visit-ulcinj.com\/blog\/wp-json\/wp\/v2\/tags?post=54519"}],"curies":[{"name":"wp","href":"https:\/\/api.w.org\/{rel}","templated":true}]}}