{"id":54529,"date":"2011-12-18T08:41:51","date_gmt":"2011-12-18T07:41:51","guid":{"rendered":"http:\/\/www.visit-ulcinj.com\/blog\/?p=54529"},"modified":"2011-12-18T08:41:51","modified_gmt":"2011-12-18T07:41:51","slug":"rozi-rikthehet-ne-duet-me-ramadan-krasniqin","status":"publish","type":"post","link":"https:\/\/www.visit-ulcinj.com\/blog\/2011\/12\/18\/rozi-rikthehet-ne-duet-me-ramadan-krasniqin\/","title":{"rendered":"Rozi rikthehet n\u00eb duet me Ramadan Krasniqin"},"content":{"rendered":"<p><strong><a href=\"http:\/\/www.visit-ulcinj.com\/blog\/wp-content\/uploads\/2011\/12\/Rozana-Radi-Ramadan-Krasniqi_Dani.jpg\"><img loading=\"lazy\" class=\"alignleft size-full wp-image-54530\" title=\"Rozana Radi-Ramadan Krasniqi_Dani\" src=\"http:\/\/www.visit-ulcinj.com\/blog\/wp-content\/uploads\/2011\/12\/Rozana-Radi-Ramadan-Krasniqi_Dani.jpg\" alt=\"\" width=\"508\" height=\"382\" \/><\/a>Suksesi i vjetsh\u00ebm i \u201cValsit t\u00eb lumturis\u00eb\u201d ka b\u00ebr\u00eb t\u00eb rikthehen n\u00eb nj\u00eb bashk\u00ebpunim tjet\u00ebr \u00e7iftin Rozana Radi-Ramadan Krasniqi. M\u00ebsohet se k\u00ebnga \u00ebsht\u00eb ende duke u punuar n\u00eb studion e kompozitorit Adrian Hila.<\/strong><\/p>\n<p>B\u00ebhet fjal\u00eb p\u00ebr nj\u00eb k\u00ebng\u00eb ku vija melodike do t\u00eb jet\u00eb nj\u00eb motiv popullor. Duke marr\u00eb n\u00eb konsiderat\u00eb se Krasniqi \u00ebsht\u00eb nj\u00eb nga k\u00ebng\u00ebtar\u00ebt m\u00eb t\u00eb dashur t\u00eb muzik\u00ebs popullore nga Kosova, besohet se k\u00ebnga do t\u00eb kthehet nj\u00eb nd\u00ebr hitet e sezonit dim\u00ebror.<\/p>\n<p>Nd\u00ebrkaq edhe Rozana Radi, \u00ebsht\u00eb nj\u00eb nd\u00ebr k\u00ebng\u00ebtaret e cila ka sjell\u00eb t\u00eb rip\u00ebrpunuara k\u00ebng\u00eb t\u00eb muzik\u00ebs popullore duke i rikthyer n\u00eb v\u00ebmendjen e publikut e duke i shnd\u00ebrruar n\u00eb hite.<\/p>\n<p><strong>Bluetooth<br \/>\n<!--YouTube Error: bad URL entered--><br \/>\n<\/strong><\/p>\n","protected":false},"excerpt":{"rendered":"<p>Suksesi i vjetsh\u00ebm i \u201cValsit t\u00eb lumturis\u00eb\u201d ka b\u00ebr\u00eb t\u00eb rikthehen n\u00eb nj\u00eb bashk\u00ebpunim tjet\u00ebr \u00e7iftin Rozana Radi-Ramadan Krasniqi. M\u00ebsohet se k\u00ebnga \u00ebsht\u00eb ende duke u punuar n\u00eb studion e kompozitorit Adrian Hila. B\u00ebhet fjal\u00eb p\u00ebr nj\u00eb k\u00ebng\u00eb ku vija melodike do t\u00eb jet\u00eb nj\u00eb motiv popullor. Duke marr\u00eb n\u00eb konsiderat\u00eb se Krasniqi \u00ebsht\u00eb nj\u00eb [&hellip;]<\/p>\n","protected":false},"author":1,"featured_media":0,"comment_status":"open","ping_status":"closed","sticky":false,"template":"","format":"standard","meta":{"spay_email":"","jetpack_publicize_message":"","jetpack_is_tweetstorm":false,"jetpack_publicize_feature_enabled":true},"categories":[1],"tags":[19630,4964],"jetpack_publicize_connections":[],"yoast_head":"<!-- This site is optimized with the Yoast SEO plugin v19.1 - https:\/\/yoast.com\/wordpress\/plugins\/seo\/ -->\n<title>Rozi rikthehet n\u00eb duet me Ramadan Krasniqin - Lajme nga Ulqini<\/title>\n<meta name=\"description\" content=\"Suksesi i vjetsh\u00ebm i \u201cValsit t\u00eb lumturis\u00eb\u201d ka b\u00ebr\u00eb t\u00eb rikthehen n\u00eb nj\u00eb bashk\u00ebpunim tjet\u00ebr \u00e7iftin Rozana Radi-Ramadan Krasniqi. M\u00ebsohet se k\u00ebnga \u00ebsht\u00eb ende\" \/>\n<meta name=\"robots\" content=\"index, follow, max-snippet:-1, max-image-preview:large, max-video-preview:-1\" \/>\n<link rel=\"canonical\" href=\"https:\/\/www.visit-ulcinj.com\/blog\/2011\/12\/18\/rozi-rikthehet-ne-duet-me-ramadan-krasniqin\/\" \/>\n<meta property=\"og:locale\" content=\"en_US\" \/>\n<meta property=\"og:type\" content=\"article\" \/>\n<meta property=\"og:title\" content=\"Rozi rikthehet n\u00eb duet me Ramadan Krasniqin - Lajme nga Ulqini\" \/>\n<meta property=\"og:description\" content=\"Suksesi i vjetsh\u00ebm i \u201cValsit t\u00eb lumturis\u00eb\u201d ka b\u00ebr\u00eb t\u00eb rikthehen n\u00eb nj\u00eb bashk\u00ebpunim tjet\u00ebr \u00e7iftin Rozana Radi-Ramadan Krasniqi. M\u00ebsohet se k\u00ebnga \u00ebsht\u00eb ende\" \/>\n<meta property=\"og:url\" content=\"https:\/\/www.visit-ulcinj.com\/blog\/2011\/12\/18\/rozi-rikthehet-ne-duet-me-ramadan-krasniqin\/\" \/>\n<meta property=\"og:site_name\" content=\"Lajme nga Ulqini\" \/>\n<meta property=\"article:published_time\" content=\"2011-12-18T07:41:51+00:00\" \/>\n<meta property=\"og:image\" content=\"http:\/\/www.visit-ulcinj.com\/blog\/wp-content\/uploads\/2011\/12\/Rozana-Radi-Ramadan-Krasniqi_Dani.jpg\" \/>\n<meta name=\"twitter:label1\" content=\"Written by\" \/>\n\t<meta name=\"twitter:data1\" content=\"ulqini\" \/>\n\t<meta name=\"twitter:label2\" content=\"Est. reading time\" \/>\n\t<meta name=\"twitter:data2\" content=\"1 minute\" \/>\n<script type=\"application\/ld+json\" class=\"yoast-schema-graph\">{\"@context\":\"https:\/\/schema.org\",\"@graph\":[{\"@type\":\"WebSite\",\"@id\":\"https:\/\/www.visit-ulcinj.com\/blog\/#website\",\"url\":\"https:\/\/www.visit-ulcinj.com\/blog\/\",\"name\":\"Lajme nga Ulqini\",\"description\":\"Lajme,Vijesti,Ulqini,Ulqin,Crna Gora,Mali i Zi\",\"potentialAction\":[{\"@type\":\"SearchAction\",\"target\":{\"@type\":\"EntryPoint\",\"urlTemplate\":\"https:\/\/www.visit-ulcinj.com\/blog\/?s={search_term_string}\"},\"query-input\":\"required name=search_term_string\"}],\"inLanguage\":\"en-US\"},{\"@type\":\"ImageObject\",\"inLanguage\":\"en-US\",\"@id\":\"https:\/\/www.visit-ulcinj.com\/blog\/2011\/12\/18\/rozi-rikthehet-ne-duet-me-ramadan-krasniqin\/#primaryimage\",\"url\":\"http:\/\/www.visit-ulcinj.com\/blog\/wp-content\/uploads\/2011\/12\/Rozana-Radi-Ramadan-Krasniqi_Dani.jpg\",\"contentUrl\":\"http:\/\/www.visit-ulcinj.com\/blog\/wp-content\/uploads\/2011\/12\/Rozana-Radi-Ramadan-Krasniqi_Dani.jpg\"},{\"@type\":\"WebPage\",\"@id\":\"https:\/\/www.visit-ulcinj.com\/blog\/2011\/12\/18\/rozi-rikthehet-ne-duet-me-ramadan-krasniqin\/#webpage\",\"url\":\"https:\/\/www.visit-ulcinj.com\/blog\/2011\/12\/18\/rozi-rikthehet-ne-duet-me-ramadan-krasniqin\/\",\"name\":\"Rozi rikthehet n\u00eb duet me Ramadan Krasniqin - Lajme nga Ulqini\",\"isPartOf\":{\"@id\":\"https:\/\/www.visit-ulcinj.com\/blog\/#website\"},\"primaryImageOfPage\":{\"@id\":\"https:\/\/www.visit-ulcinj.com\/blog\/2011\/12\/18\/rozi-rikthehet-ne-duet-me-ramadan-krasniqin\/#primaryimage\"},\"datePublished\":\"2011-12-18T07:41:51+00:00\",\"dateModified\":\"2011-12-18T07:41:51+00:00\",\"author\":{\"@id\":\"https:\/\/www.visit-ulcinj.com\/blog\/#\/schema\/person\/dcab619c614d3038751c63bc2aadc06d\"},\"description\":\"Suksesi i vjetsh\u00ebm i \u201cValsit t\u00eb lumturis\u00eb\u201d ka b\u00ebr\u00eb t\u00eb rikthehen n\u00eb nj\u00eb bashk\u00ebpunim tjet\u00ebr \u00e7iftin Rozana Radi-Ramadan Krasniqi. M\u00ebsohet se k\u00ebnga \u00ebsht\u00eb ende\",\"breadcrumb\":{\"@id\":\"https:\/\/www.visit-ulcinj.com\/blog\/2011\/12\/18\/rozi-rikthehet-ne-duet-me-ramadan-krasniqin\/#breadcrumb\"},\"inLanguage\":\"en-US\",\"potentialAction\":[{\"@type\":\"ReadAction\",\"target\":[\"https:\/\/www.visit-ulcinj.com\/blog\/2011\/12\/18\/rozi-rikthehet-ne-duet-me-ramadan-krasniqin\/\"]}]},{\"@type\":\"BreadcrumbList\",\"@id\":\"https:\/\/www.visit-ulcinj.com\/blog\/2011\/12\/18\/rozi-rikthehet-ne-duet-me-ramadan-krasniqin\/#breadcrumb\",\"itemListElement\":[{\"@type\":\"ListItem\",\"position\":1,\"name\":\"Rozi rikthehet n\u00eb duet me Ramadan Krasniqin\"}]},{\"@type\":\"Person\",\"@id\":\"https:\/\/www.visit-ulcinj.com\/blog\/#\/schema\/person\/dcab619c614d3038751c63bc2aadc06d\",\"name\":\"ulqini\",\"sameAs\":[\"http:\/\/www.visit-ulcinj.com\"],\"url\":\"https:\/\/www.visit-ulcinj.com\/blog\/author\/admin\/\"}]}<\/script>\n<!-- \/ Yoast SEO plugin. -->","yoast_head_json":{"title":"Rozi rikthehet n\u00eb duet me Ramadan Krasniqin - Lajme nga Ulqini","description":"Suksesi i vjetsh\u00ebm i \u201cValsit t\u00eb lumturis\u00eb\u201d ka b\u00ebr\u00eb t\u00eb rikthehen n\u00eb nj\u00eb bashk\u00ebpunim tjet\u00ebr \u00e7iftin Rozana Radi-Ramadan Krasniqi. M\u00ebsohet se k\u00ebnga \u00ebsht\u00eb ende","robots":{"index":"index","follow":"follow","max-snippet":"max-snippet:-1","max-image-preview":"max-image-preview:large","max-video-preview":"max-video-preview:-1"},"canonical":"https:\/\/www.visit-ulcinj.com\/blog\/2011\/12\/18\/rozi-rikthehet-ne-duet-me-ramadan-krasniqin\/","og_locale":"en_US","og_type":"article","og_title":"Rozi rikthehet n\u00eb duet me Ramadan Krasniqin - Lajme nga Ulqini","og_description":"Suksesi i vjetsh\u00ebm i \u201cValsit t\u00eb lumturis\u00eb\u201d ka b\u00ebr\u00eb t\u00eb rikthehen n\u00eb nj\u00eb bashk\u00ebpunim tjet\u00ebr \u00e7iftin Rozana Radi-Ramadan Krasniqi. M\u00ebsohet se k\u00ebnga \u00ebsht\u00eb ende","og_url":"https:\/\/www.visit-ulcinj.com\/blog\/2011\/12\/18\/rozi-rikthehet-ne-duet-me-ramadan-krasniqin\/","og_site_name":"Lajme nga Ulqini","article_published_time":"2011-12-18T07:41:51+00:00","og_image":[{"url":"http:\/\/www.visit-ulcinj.com\/blog\/wp-content\/uploads\/2011\/12\/Rozana-Radi-Ramadan-Krasniqi_Dani.jpg"}],"twitter_misc":{"Written by":"ulqini","Est. reading time":"1 minute"},"schema":{"@context":"https:\/\/schema.org","@graph":[{"@type":"WebSite","@id":"https:\/\/www.visit-ulcinj.com\/blog\/#website","url":"https:\/\/www.visit-ulcinj.com\/blog\/","name":"Lajme nga Ulqini","description":"Lajme,Vijesti,Ulqini,Ulqin,Crna Gora,Mali i Zi","potentialAction":[{"@type":"SearchAction","target":{"@type":"EntryPoint","urlTemplate":"https:\/\/www.visit-ulcinj.com\/blog\/?s={search_term_string}"},"query-input":"required name=search_term_string"}],"inLanguage":"en-US"},{"@type":"ImageObject","inLanguage":"en-US","@id":"https:\/\/www.visit-ulcinj.com\/blog\/2011\/12\/18\/rozi-rikthehet-ne-duet-me-ramadan-krasniqin\/#primaryimage","url":"http:\/\/www.visit-ulcinj.com\/blog\/wp-content\/uploads\/2011\/12\/Rozana-Radi-Ramadan-Krasniqi_Dani.jpg","contentUrl":"http:\/\/www.visit-ulcinj.com\/blog\/wp-content\/uploads\/2011\/12\/Rozana-Radi-Ramadan-Krasniqi_Dani.jpg"},{"@type":"WebPage","@id":"https:\/\/www.visit-ulcinj.com\/blog\/2011\/12\/18\/rozi-rikthehet-ne-duet-me-ramadan-krasniqin\/#webpage","url":"https:\/\/www.visit-ulcinj.com\/blog\/2011\/12\/18\/rozi-rikthehet-ne-duet-me-ramadan-krasniqin\/","name":"Rozi rikthehet n\u00eb duet me Ramadan Krasniqin - Lajme nga Ulqini","isPartOf":{"@id":"https:\/\/www.visit-ulcinj.com\/blog\/#website"},"primaryImageOfPage":{"@id":"https:\/\/www.visit-ulcinj.com\/blog\/2011\/12\/18\/rozi-rikthehet-ne-duet-me-ramadan-krasniqin\/#primaryimage"},"datePublished":"2011-12-18T07:41:51+00:00","dateModified":"2011-12-18T07:41:51+00:00","author":{"@id":"https:\/\/www.visit-ulcinj.com\/blog\/#\/schema\/person\/dcab619c614d3038751c63bc2aadc06d"},"description":"Suksesi i vjetsh\u00ebm i \u201cValsit t\u00eb lumturis\u00eb\u201d ka b\u00ebr\u00eb t\u00eb rikthehen n\u00eb nj\u00eb bashk\u00ebpunim tjet\u00ebr \u00e7iftin Rozana Radi-Ramadan Krasniqi. M\u00ebsohet se k\u00ebnga \u00ebsht\u00eb ende","breadcrumb":{"@id":"https:\/\/www.visit-ulcinj.com\/blog\/2011\/12\/18\/rozi-rikthehet-ne-duet-me-ramadan-krasniqin\/#breadcrumb"},"inLanguage":"en-US","potentialAction":[{"@type":"ReadAction","target":["https:\/\/www.visit-ulcinj.com\/blog\/2011\/12\/18\/rozi-rikthehet-ne-duet-me-ramadan-krasniqin\/"]}]},{"@type":"BreadcrumbList","@id":"https:\/\/www.visit-ulcinj.com\/blog\/2011\/12\/18\/rozi-rikthehet-ne-duet-me-ramadan-krasniqin\/#breadcrumb","itemListElement":[{"@type":"ListItem","position":1,"name":"Rozi rikthehet n\u00eb duet me Ramadan Krasniqin"}]},{"@type":"Person","@id":"https:\/\/www.visit-ulcinj.com\/blog\/#\/schema\/person\/dcab619c614d3038751c63bc2aadc06d","name":"ulqini","sameAs":["http:\/\/www.visit-ulcinj.com"],"url":"https:\/\/www.visit-ulcinj.com\/blog\/author\/admin\/"}]}},"jetpack_featured_media_url":"","jetpack_sharing_enabled":true,"jetpack_shortlink":"https:\/\/wp.me\/pe6lTn-ebv","_links":{"self":[{"href":"https:\/\/www.visit-ulcinj.com\/blog\/wp-json\/wp\/v2\/posts\/54529"}],"collection":[{"href":"https:\/\/www.visit-ulcinj.com\/blog\/wp-json\/wp\/v2\/posts"}],"about":[{"href":"https:\/\/www.visit-ulcinj.com\/blog\/wp-json\/wp\/v2\/types\/post"}],"author":[{"embeddable":true,"href":"https:\/\/www.visit-ulcinj.com\/blog\/wp-json\/wp\/v2\/users\/1"}],"replies":[{"embeddable":true,"href":"https:\/\/www.visit-ulcinj.com\/blog\/wp-json\/wp\/v2\/comments?post=54529"}],"version-history":[{"count":1,"href":"https:\/\/www.visit-ulcinj.com\/blog\/wp-json\/wp\/v2\/posts\/54529\/revisions"}],"predecessor-version":[{"id":54531,"href":"https:\/\/www.visit-ulcinj.com\/blog\/wp-json\/wp\/v2\/posts\/54529\/revisions\/54531"}],"wp:attachment":[{"href":"https:\/\/www.visit-ulcinj.com\/blog\/wp-json\/wp\/v2\/media?parent=54529"}],"wp:term":[{"taxonomy":"category","embeddable":true,"href":"https:\/\/www.visit-ulcinj.com\/blog\/wp-json\/wp\/v2\/categories?post=54529"},{"taxonomy":"post_tag","embeddable":true,"href":"https:\/\/www.visit-ulcinj.com\/blog\/wp-json\/wp\/v2\/tags?post=54529"}],"curies":[{"name":"wp","href":"https:\/\/api.w.org\/{rel}","templated":true}]}}