{"id":54542,"date":"2011-12-18T09:27:41","date_gmt":"2011-12-18T08:27:41","guid":{"rendered":"http:\/\/www.visit-ulcinj.com\/blog\/?p=54542"},"modified":"2011-12-18T09:27:42","modified_gmt":"2011-12-18T08:27:42","slug":"aferdita-dreshaj-gati-klipi-i-ri","status":"publish","type":"post","link":"https:\/\/www.visit-ulcinj.com\/blog\/2011\/12\/18\/aferdita-dreshaj-gati-klipi-i-ri\/","title":{"rendered":"Af\u00ebrdita Dreshaj gati klipi i ri"},"content":{"rendered":"<p><strong><a href=\"http:\/\/www.visit-ulcinj.com\/blog\/2011\/12\/18\/aferdita-dreshaj-gati-klipi-i-ri\/aferdita-dreshaj-17\/\" rel=\"attachment wp-att-54543\"><img loading=\"lazy\" class=\"alignleft size-full wp-image-54543\" title=\"Aferdita Dreshaj\" src=\"http:\/\/www.visit-ulcinj.com\/blog\/wp-content\/uploads\/2011\/12\/Aferdita-Dreshaj.jpg\" alt=\"\" width=\"508\" height=\"370\" \/><\/a>Kur Af\u00ebrdita Dreshaj, u b\u00eb zyrtarisht p\u00ebrfaq\u00ebsuesja e Kosov\u00ebs n\u00eb kompeticionin e bukuris\u00eb \u201cMiss World\u201d, v\u00ebmendja e publikut u shk\u00ebput nga angazhimet e saj si k\u00ebng\u00ebtare.<\/strong><\/p>\n<p>Por, mesa duket Af\u00ebrdita do t\u00eb vazhdoj\u00eb t\u00eb merret me muzik\u00eb po aq intensivisht sa merret edhe me modeling apo konkurse bukurie. Jo m\u00eb von\u00eb se k\u00ebt\u00eb jav\u00eb, ajo pret t\u00eb lan\u00e7oj\u00eb hitin e saj m\u00eb t\u00eb ri \u201cKomplikimi\u201d.<\/p>\n<p>Nd\u00ebrsa hiti nuk \u00ebsht\u00eb publikuar ende, k\u00ebnga nuk \u00ebsht\u00eb fare e pad\u00ebgjuar p\u00ebr publikun. N\u00eb fakt, para pak koh\u00ebsh Af\u00ebrdita Dreshaj e prezantoi k\u00ebng\u00ebn p\u00ebr publikun e saj n\u00eb RTK21, nj\u00eb televizion n\u00eb Kosov\u00eb. Klipi \u00ebsht\u00eb realizuar nga \u201cMax production\u201d dhe pritet t\u00eb publikohet n\u00eb BBF televizion.<\/p>\n<p><strong>Bluetooth<br \/>\n<!--YouTube Error: bad URL entered--><br \/>\n<\/strong><\/p>\n","protected":false},"excerpt":{"rendered":"<p>Kur Af\u00ebrdita Dreshaj, u b\u00eb zyrtarisht p\u00ebrfaq\u00ebsuesja e Kosov\u00ebs n\u00eb kompeticionin e bukuris\u00eb \u201cMiss World\u201d, v\u00ebmendja e publikut u shk\u00ebput nga angazhimet e saj si k\u00ebng\u00ebtare. Por, mesa duket Af\u00ebrdita do t\u00eb vazhdoj\u00eb t\u00eb merret me muzik\u00eb po aq intensivisht sa merret edhe me modeling apo konkurse bukurie. Jo m\u00eb von\u00eb se k\u00ebt\u00eb jav\u00eb, ajo [&hellip;]<\/p>\n","protected":false},"author":1,"featured_media":0,"comment_status":"open","ping_status":"closed","sticky":false,"template":"","format":"standard","meta":{"spay_email":"","jetpack_publicize_message":"","jetpack_is_tweetstorm":false,"jetpack_publicize_feature_enabled":true},"categories":[1],"tags":[6121],"jetpack_publicize_connections":[],"yoast_head":"<!-- This site is optimized with the Yoast SEO plugin v19.1 - https:\/\/yoast.com\/wordpress\/plugins\/seo\/ -->\n<title>Af\u00ebrdita Dreshaj gati klipi i ri - Lajme nga Ulqini<\/title>\n<meta name=\"description\" content=\"Kur Af\u00ebrdita Dreshaj, u b\u00eb zyrtarisht p\u00ebrfaq\u00ebsuesja e Kosov\u00ebs n\u00eb kompeticionin e bukuris\u00eb \u201cMiss World\u201d, v\u00ebmendja e publikut u shk\u00ebput nga angazhimet e saj\" \/>\n<meta name=\"robots\" content=\"index, follow, max-snippet:-1, max-image-preview:large, max-video-preview:-1\" \/>\n<link rel=\"canonical\" href=\"https:\/\/www.visit-ulcinj.com\/blog\/2011\/12\/18\/aferdita-dreshaj-gati-klipi-i-ri\/\" \/>\n<meta property=\"og:locale\" content=\"en_US\" \/>\n<meta property=\"og:type\" content=\"article\" \/>\n<meta property=\"og:title\" content=\"Af\u00ebrdita Dreshaj gati klipi i ri - Lajme nga Ulqini\" \/>\n<meta property=\"og:description\" content=\"Kur Af\u00ebrdita Dreshaj, u b\u00eb zyrtarisht p\u00ebrfaq\u00ebsuesja e Kosov\u00ebs n\u00eb kompeticionin e bukuris\u00eb \u201cMiss World\u201d, v\u00ebmendja e publikut u shk\u00ebput nga angazhimet e saj\" \/>\n<meta property=\"og:url\" content=\"https:\/\/www.visit-ulcinj.com\/blog\/2011\/12\/18\/aferdita-dreshaj-gati-klipi-i-ri\/\" \/>\n<meta property=\"og:site_name\" content=\"Lajme nga Ulqini\" \/>\n<meta property=\"article:published_time\" content=\"2011-12-18T08:27:41+00:00\" \/>\n<meta property=\"article:modified_time\" content=\"2011-12-18T08:27:42+00:00\" \/>\n<meta property=\"og:image\" content=\"http:\/\/www.visit-ulcinj.com\/blog\/wp-content\/uploads\/2011\/12\/Aferdita-Dreshaj.jpg\" \/>\n<meta name=\"twitter:label1\" content=\"Written by\" \/>\n\t<meta name=\"twitter:data1\" content=\"ulqini\" \/>\n\t<meta name=\"twitter:label2\" content=\"Est. reading time\" \/>\n\t<meta name=\"twitter:data2\" content=\"1 minute\" \/>\n<script type=\"application\/ld+json\" class=\"yoast-schema-graph\">{\"@context\":\"https:\/\/schema.org\",\"@graph\":[{\"@type\":\"WebSite\",\"@id\":\"https:\/\/www.visit-ulcinj.com\/blog\/#website\",\"url\":\"https:\/\/www.visit-ulcinj.com\/blog\/\",\"name\":\"Lajme nga Ulqini\",\"description\":\"Lajme,Vijesti,Ulqini,Ulqin,Crna Gora,Mali i Zi\",\"potentialAction\":[{\"@type\":\"SearchAction\",\"target\":{\"@type\":\"EntryPoint\",\"urlTemplate\":\"https:\/\/www.visit-ulcinj.com\/blog\/?s={search_term_string}\"},\"query-input\":\"required name=search_term_string\"}],\"inLanguage\":\"en-US\"},{\"@type\":\"ImageObject\",\"inLanguage\":\"en-US\",\"@id\":\"https:\/\/www.visit-ulcinj.com\/blog\/2011\/12\/18\/aferdita-dreshaj-gati-klipi-i-ri\/#primaryimage\",\"url\":\"http:\/\/www.visit-ulcinj.com\/blog\/wp-content\/uploads\/2011\/12\/Aferdita-Dreshaj.jpg\",\"contentUrl\":\"http:\/\/www.visit-ulcinj.com\/blog\/wp-content\/uploads\/2011\/12\/Aferdita-Dreshaj.jpg\"},{\"@type\":\"WebPage\",\"@id\":\"https:\/\/www.visit-ulcinj.com\/blog\/2011\/12\/18\/aferdita-dreshaj-gati-klipi-i-ri\/#webpage\",\"url\":\"https:\/\/www.visit-ulcinj.com\/blog\/2011\/12\/18\/aferdita-dreshaj-gati-klipi-i-ri\/\",\"name\":\"Af\u00ebrdita Dreshaj gati klipi i ri - Lajme nga Ulqini\",\"isPartOf\":{\"@id\":\"https:\/\/www.visit-ulcinj.com\/blog\/#website\"},\"primaryImageOfPage\":{\"@id\":\"https:\/\/www.visit-ulcinj.com\/blog\/2011\/12\/18\/aferdita-dreshaj-gati-klipi-i-ri\/#primaryimage\"},\"datePublished\":\"2011-12-18T08:27:41+00:00\",\"dateModified\":\"2011-12-18T08:27:42+00:00\",\"author\":{\"@id\":\"https:\/\/www.visit-ulcinj.com\/blog\/#\/schema\/person\/dcab619c614d3038751c63bc2aadc06d\"},\"description\":\"Kur Af\u00ebrdita Dreshaj, u b\u00eb zyrtarisht p\u00ebrfaq\u00ebsuesja e Kosov\u00ebs n\u00eb kompeticionin e bukuris\u00eb \u201cMiss World\u201d, v\u00ebmendja e publikut u shk\u00ebput nga angazhimet e saj\",\"breadcrumb\":{\"@id\":\"https:\/\/www.visit-ulcinj.com\/blog\/2011\/12\/18\/aferdita-dreshaj-gati-klipi-i-ri\/#breadcrumb\"},\"inLanguage\":\"en-US\",\"potentialAction\":[{\"@type\":\"ReadAction\",\"target\":[\"https:\/\/www.visit-ulcinj.com\/blog\/2011\/12\/18\/aferdita-dreshaj-gati-klipi-i-ri\/\"]}]},{\"@type\":\"BreadcrumbList\",\"@id\":\"https:\/\/www.visit-ulcinj.com\/blog\/2011\/12\/18\/aferdita-dreshaj-gati-klipi-i-ri\/#breadcrumb\",\"itemListElement\":[{\"@type\":\"ListItem\",\"position\":1,\"name\":\"Af\u00ebrdita Dreshaj gati klipi i ri\"}]},{\"@type\":\"Person\",\"@id\":\"https:\/\/www.visit-ulcinj.com\/blog\/#\/schema\/person\/dcab619c614d3038751c63bc2aadc06d\",\"name\":\"ulqini\",\"sameAs\":[\"http:\/\/www.visit-ulcinj.com\"],\"url\":\"https:\/\/www.visit-ulcinj.com\/blog\/author\/admin\/\"}]}<\/script>\n<!-- \/ Yoast SEO plugin. -->","yoast_head_json":{"title":"Af\u00ebrdita Dreshaj gati klipi i ri - Lajme nga Ulqini","description":"Kur Af\u00ebrdita Dreshaj, u b\u00eb zyrtarisht p\u00ebrfaq\u00ebsuesja e Kosov\u00ebs n\u00eb kompeticionin e bukuris\u00eb \u201cMiss World\u201d, v\u00ebmendja e publikut u shk\u00ebput nga angazhimet e saj","robots":{"index":"index","follow":"follow","max-snippet":"max-snippet:-1","max-image-preview":"max-image-preview:large","max-video-preview":"max-video-preview:-1"},"canonical":"https:\/\/www.visit-ulcinj.com\/blog\/2011\/12\/18\/aferdita-dreshaj-gati-klipi-i-ri\/","og_locale":"en_US","og_type":"article","og_title":"Af\u00ebrdita Dreshaj gati klipi i ri - Lajme nga Ulqini","og_description":"Kur Af\u00ebrdita Dreshaj, u b\u00eb zyrtarisht p\u00ebrfaq\u00ebsuesja e Kosov\u00ebs n\u00eb kompeticionin e bukuris\u00eb \u201cMiss World\u201d, v\u00ebmendja e publikut u shk\u00ebput nga angazhimet e saj","og_url":"https:\/\/www.visit-ulcinj.com\/blog\/2011\/12\/18\/aferdita-dreshaj-gati-klipi-i-ri\/","og_site_name":"Lajme nga Ulqini","article_published_time":"2011-12-18T08:27:41+00:00","article_modified_time":"2011-12-18T08:27:42+00:00","og_image":[{"url":"http:\/\/www.visit-ulcinj.com\/blog\/wp-content\/uploads\/2011\/12\/Aferdita-Dreshaj.jpg"}],"twitter_misc":{"Written by":"ulqini","Est. reading time":"1 minute"},"schema":{"@context":"https:\/\/schema.org","@graph":[{"@type":"WebSite","@id":"https:\/\/www.visit-ulcinj.com\/blog\/#website","url":"https:\/\/www.visit-ulcinj.com\/blog\/","name":"Lajme nga Ulqini","description":"Lajme,Vijesti,Ulqini,Ulqin,Crna Gora,Mali i Zi","potentialAction":[{"@type":"SearchAction","target":{"@type":"EntryPoint","urlTemplate":"https:\/\/www.visit-ulcinj.com\/blog\/?s={search_term_string}"},"query-input":"required name=search_term_string"}],"inLanguage":"en-US"},{"@type":"ImageObject","inLanguage":"en-US","@id":"https:\/\/www.visit-ulcinj.com\/blog\/2011\/12\/18\/aferdita-dreshaj-gati-klipi-i-ri\/#primaryimage","url":"http:\/\/www.visit-ulcinj.com\/blog\/wp-content\/uploads\/2011\/12\/Aferdita-Dreshaj.jpg","contentUrl":"http:\/\/www.visit-ulcinj.com\/blog\/wp-content\/uploads\/2011\/12\/Aferdita-Dreshaj.jpg"},{"@type":"WebPage","@id":"https:\/\/www.visit-ulcinj.com\/blog\/2011\/12\/18\/aferdita-dreshaj-gati-klipi-i-ri\/#webpage","url":"https:\/\/www.visit-ulcinj.com\/blog\/2011\/12\/18\/aferdita-dreshaj-gati-klipi-i-ri\/","name":"Af\u00ebrdita Dreshaj gati klipi i ri - Lajme nga Ulqini","isPartOf":{"@id":"https:\/\/www.visit-ulcinj.com\/blog\/#website"},"primaryImageOfPage":{"@id":"https:\/\/www.visit-ulcinj.com\/blog\/2011\/12\/18\/aferdita-dreshaj-gati-klipi-i-ri\/#primaryimage"},"datePublished":"2011-12-18T08:27:41+00:00","dateModified":"2011-12-18T08:27:42+00:00","author":{"@id":"https:\/\/www.visit-ulcinj.com\/blog\/#\/schema\/person\/dcab619c614d3038751c63bc2aadc06d"},"description":"Kur Af\u00ebrdita Dreshaj, u b\u00eb zyrtarisht p\u00ebrfaq\u00ebsuesja e Kosov\u00ebs n\u00eb kompeticionin e bukuris\u00eb \u201cMiss World\u201d, v\u00ebmendja e publikut u shk\u00ebput nga angazhimet e saj","breadcrumb":{"@id":"https:\/\/www.visit-ulcinj.com\/blog\/2011\/12\/18\/aferdita-dreshaj-gati-klipi-i-ri\/#breadcrumb"},"inLanguage":"en-US","potentialAction":[{"@type":"ReadAction","target":["https:\/\/www.visit-ulcinj.com\/blog\/2011\/12\/18\/aferdita-dreshaj-gati-klipi-i-ri\/"]}]},{"@type":"BreadcrumbList","@id":"https:\/\/www.visit-ulcinj.com\/blog\/2011\/12\/18\/aferdita-dreshaj-gati-klipi-i-ri\/#breadcrumb","itemListElement":[{"@type":"ListItem","position":1,"name":"Af\u00ebrdita Dreshaj gati klipi i ri"}]},{"@type":"Person","@id":"https:\/\/www.visit-ulcinj.com\/blog\/#\/schema\/person\/dcab619c614d3038751c63bc2aadc06d","name":"ulqini","sameAs":["http:\/\/www.visit-ulcinj.com"],"url":"https:\/\/www.visit-ulcinj.com\/blog\/author\/admin\/"}]}},"jetpack_featured_media_url":"","jetpack_sharing_enabled":true,"jetpack_shortlink":"https:\/\/wp.me\/pe6lTn-ebI","_links":{"self":[{"href":"https:\/\/www.visit-ulcinj.com\/blog\/wp-json\/wp\/v2\/posts\/54542"}],"collection":[{"href":"https:\/\/www.visit-ulcinj.com\/blog\/wp-json\/wp\/v2\/posts"}],"about":[{"href":"https:\/\/www.visit-ulcinj.com\/blog\/wp-json\/wp\/v2\/types\/post"}],"author":[{"embeddable":true,"href":"https:\/\/www.visit-ulcinj.com\/blog\/wp-json\/wp\/v2\/users\/1"}],"replies":[{"embeddable":true,"href":"https:\/\/www.visit-ulcinj.com\/blog\/wp-json\/wp\/v2\/comments?post=54542"}],"version-history":[{"count":2,"href":"https:\/\/www.visit-ulcinj.com\/blog\/wp-json\/wp\/v2\/posts\/54542\/revisions"}],"predecessor-version":[{"id":54545,"href":"https:\/\/www.visit-ulcinj.com\/blog\/wp-json\/wp\/v2\/posts\/54542\/revisions\/54545"}],"wp:attachment":[{"href":"https:\/\/www.visit-ulcinj.com\/blog\/wp-json\/wp\/v2\/media?parent=54542"}],"wp:term":[{"taxonomy":"category","embeddable":true,"href":"https:\/\/www.visit-ulcinj.com\/blog\/wp-json\/wp\/v2\/categories?post=54542"},{"taxonomy":"post_tag","embeddable":true,"href":"https:\/\/www.visit-ulcinj.com\/blog\/wp-json\/wp\/v2\/tags?post=54542"}],"curies":[{"name":"wp","href":"https:\/\/api.w.org\/{rel}","templated":true}]}}