{"id":54556,"date":"2011-12-19T09:57:09","date_gmt":"2011-12-19T08:57:09","guid":{"rendered":"http:\/\/www.visit-ulcinj.com\/blog\/?p=54556"},"modified":"2011-12-21T15:44:56","modified_gmt":"2011-12-21T14:44:56","slug":"sukses-i-taekwondo-se-ulqini-ne-beograd","status":"publish","type":"post","link":"https:\/\/www.visit-ulcinj.com\/blog\/2011\/12\/19\/sukses-i-taekwondo-se-ulqini-ne-beograd\/","title":{"rendered":"Sukses i Taekwondo-s\u00eb Ulqini n\u00eb Beograd"},"content":{"rendered":"<p><strong><a href=\"http:\/\/www.visit-ulcinj.com\/blog\/2011\/12\/19\/sukses-i-taekwondo-se-ulqini-ne-beograd\/sukses-i-taekwondo-se-ulqini-ne-beograd\/\" rel=\"attachment wp-att-54557\"><img loading=\"lazy\" class=\"alignleft size-full wp-image-54557\" title=\"Sukses i Taekwondo-s\u00eb Ulqini n\u00eb Beograd\" src=\"http:\/\/www.visit-ulcinj.com\/blog\/wp-content\/uploads\/2011\/12\/Sukses-i-Taekwondo-s%C3%AB-Ulqini-n%C3%AB-Beograd.jpg\" alt=\"\" width=\"508\" height=\"380\" \/><\/a>U mbajt\u00eb kampionati Ballkanit n\u00eb sportin olimpik t\u00eb Taekwondo-s\u00eb p\u00ebr t\u00eb gjitha kategorit\u00eb si dhe kampionati p\u00ebr forma<\/strong><\/p>\n<p>Garuesit e taekwondo-s\u00eb Ulqini me sukses\u00eb\u00a0 e p\u00ebrfaq\u00ebsuan Malin e Zi n\u00eb kampionatin Ballkanit i cili u mbajt\u00eb gjat\u00eb k\u00ebtij vikendi me dat\u00eb 17-18.12.2011 n\u00eb Beograd. Dymb\u00ebdhjet\u00eb \u00a0medalje p\u00ebr p\u00ebrfaq\u00ebsuesen e Malit t\u00eb Zi n\u00eb kampionatin ballkanit prej tyre\u00a0 shtat\u00eb medalje u takuan garuesve t\u00eb klubit t\u00eb taekwondo-s\u00eb Ulqini. \u00a0N\u00eb kampionatin Ballkanit u paraqiten 8 shtete me 380 garues\u00eb, n\u00eb mesin e tyre udh\u00ebtoj\u00eb edhe p\u00ebrfaq\u00ebsuesja e Malit t\u00eb Zi e udh\u00ebhequr nga kryetrajneri i tkd-s\u00eb Ulqini nj\u00ebherit dhe selektor i Malit t\u00eb Zi p\u00ebr kategorin e kadet\u00ebve dhe junior\u00ebve. Kampionati u mbajt\u00eb n\u00eb dy diciplina n\u00eb dyluftim (kyorugi) dhe forma (poomsae). \u00a0\u00a0P\u00ebrfaq\u00ebsuesja e Malit t\u00eb Zi udh\u00ebtoj me 17 garues\u00eb prej tyre 8 garues\u00eb ishin \u00a0nga klubi i taekwondo-s\u00eb Ulqini . Garuesit nga Ulqini q\u00eb p\u00ebrfaq\u00ebsuan Malin e Zi ishin: N\u00eb diciplin\u00ebn e dyluftimit, Mersudin Kurti, Artan Fici, Ardiana Karamanaga dhe Nuri Kanaqi, nd\u00ebrsa n\u00eb diciplin\u00ebn e Formave, Fikret Dushku dhe Medina Kanaqi.<\/p>\n<p><a href=\"http:\/\/www.visit-ulcinj.com\/blog\/2011\/12\/19\/sukses-i-taekwondo-se-ulqini-ne-beograd\/sukses-i-taekwondo-se-ulqini-ne-beograd-5\/\" rel=\"attachment wp-att-54558\"><img loading=\"lazy\" class=\"alignleft size-full wp-image-54558\" title=\"Sukses i Taekwondo-s\u00eb Ulqini n\u00eb Beograd .5\" src=\"http:\/\/www.visit-ulcinj.com\/blog\/wp-content\/uploads\/2011\/12\/Sukses-i-Taekwondo-s%C3%AB-Ulqini-n%C3%AB-Beograd-.5.jpg\" alt=\"\" width=\"508\" height=\"340\" \/><\/a><\/p>\n<p>Suksesi p\u00ebr Malin e Zi ishte gjithsejt\u00eb 12 medalje, prej tyre 2 t\u00eb argjend\u00ebta dhe 10 t\u00eb bronz\u00ebta.<\/p>\n<p>N\u00eb diciplin\u00ebn e dyluftimit\u00a0 t\u00eb suksh\u00ebm\u00a0 nga taekwondo Ulqini ishin k\u00ebto garues.<\/p>\n<p>Sulejman Murati\u00a0 n\u00ebnkampion i Ballkanit i cili kurorzohet me medalje t\u00eb argjend\u00eb. Sulejman Murati pati nj\u00eb paraqitje t\u00eb mir\u00eb i cili fiton tre ndeshje mirpo n\u00eb finale p\u00ebr shkak\u00eb t\u00eb lendimit n\u00eb dor\u00eb mjeku nd\u00ebrpren gar\u00ebn k\u00ebshtu q\u00eb finalja u desht\u00eb q\u00eb t\u00eb dorzohet.<\/p>\n<p>Me mdalje t\u00eb bronzit nga taekwondo Ulqini u kurozuan k\u00ebto garues\u00eb:<\/p>\n<p>Ardiana Karamanaga, Nuri Kanaqi, Mersudin Kurti, Artan Fici.<\/p>\n<p>Nd\u00ebrsa n\u00eb diciplin\u00ebn e Formave nga Ulqini Malin e Zi e p\u00ebrfaqsuan dy garues:<\/p>\n<p>Kryetrajneri i Tkd-s\u00eb Ulqini Fikret Dushku dhe Medina Kanaqi t\u00eb cil\u00ebt u kurorzuan me medalje t\u00eb bronzit.<\/p>\n<p>Selektori i Malit t\u00eb Zi Fikret Dushku nj\u00ebherit dhe garues n\u00eb diciplin\u00ebn e formave shprehet: Kampionati Ballkanit ka nj\u00eb rand\u00ebsi p\u00ebr garuesit tan\u00eb si dhe p\u00ebr p\u00ebrfaqsuesen e Malit t\u00eb Zi. Ne jap\u00ebm maksimumin ton\u00eb dhe arrit\u00ebn gjithsejt \u00a012 medalje, m\u00eb i sukseshmi ishte garuesi Sulejman Murati me tre luft\u00ebra t\u00eb fituara mirpo p\u00ebr fat t\u00eb keq n\u00eb finale duhej t\u00eb nd\u00ebrpritet ndeshja p\u00ebr shkat t\u00eb nj\u00eb lendimi t\u00eb p\u00ebsuar n\u00eb dor\u00eb. U munduam q\u00eb t\u00eb kemi nj\u00eb paraqitje sa m\u00eb t\u00eb mir\u00eb, mendoj\u00eb se kemi b\u00ebr\u00eb nj\u00eb zgjidhje t\u00eb mir\u00eb dhe jemi t\u00eb k\u00ebnaqur me rezultatin e arritur, shpresojm\u00eb q\u00eb t \u00ebardhmen ti ngrisim edhe m\u00eb lart\u00eb k\u00ebto rezultate, i falenderoj\u00eb t\u00eb gjith\u00eb sponsor\u00ebt p\u00ebr kontributin e dh\u00ebn\u00eb.<\/p>\n<p>&nbsp;<\/p>\n<p><strong>Sh\u00ebrbimi informativ i Tkd-s\u00eb Ulqini<br \/>\n\n\t\t<style type=\"text\/css\">\n\t\t\t#gallery-1 {\n\t\t\t\tmargin: auto;\n\t\t\t}\n\t\t\t#gallery-1 .gallery-item {\n\t\t\t\tfloat: left;\n\t\t\t\tmargin-top: 10px;\n\t\t\t\ttext-align: center;\n\t\t\t\twidth: 33%;\n\t\t\t}\n\t\t\t#gallery-1 img {\n\t\t\t\tborder: 2px solid #cfcfcf;\n\t\t\t}\n\t\t\t#gallery-1 .gallery-caption {\n\t\t\t\tmargin-left: 0;\n\t\t\t}\n\t\t\t\/* see gallery_shortcode() in wp-includes\/media.php *\/\n\t\t<\/style>\n\t\t<div id='gallery-1' class='gallery galleryid-54556 gallery-columns-3 gallery-size-thumbnail'><dl class='gallery-item'>\n\t\t\t<dt class='gallery-icon landscape'>\n\t\t\t\t<a href='https:\/\/www.visit-ulcinj.com\/blog\/wp-content\/uploads\/2011\/12\/Sukses-i-Taekwondo-s\u00eb-Ulqini-n\u00eb-Beograd.jpg'><img width=\"150\" height=\"150\" src=\"https:\/\/www.visit-ulcinj.com\/blog\/wp-content\/uploads\/2011\/12\/Sukses-i-Taekwondo-s\u00eb-Ulqini-n\u00eb-Beograd-150x150.jpg\" class=\"attachment-thumbnail size-thumbnail\" alt=\"\" loading=\"lazy\" \/><\/a>\n\t\t\t<\/dt><\/dl><dl class='gallery-item'>\n\t\t\t<dt class='gallery-icon landscape'>\n\t\t\t\t<a href='https:\/\/www.visit-ulcinj.com\/blog\/wp-content\/uploads\/2011\/12\/Sukses-i-Taekwondo-s\u00eb-Ulqini-n\u00eb-Beograd-.5.jpg'><img width=\"150\" height=\"150\" src=\"https:\/\/www.visit-ulcinj.com\/blog\/wp-content\/uploads\/2011\/12\/Sukses-i-Taekwondo-s\u00eb-Ulqini-n\u00eb-Beograd-.5-150x150.jpg\" class=\"attachment-thumbnail size-thumbnail\" alt=\"\" loading=\"lazy\" \/><\/a>\n\t\t\t<\/dt><\/dl><dl class='gallery-item'>\n\t\t\t<dt class='gallery-icon landscape'>\n\t\t\t\t<a href='https:\/\/www.visit-ulcinj.com\/blog\/wp-content\/uploads\/2011\/12\/Sukses-i-Taekwondo-s\u00eb-Ulqini-n\u00eb-Beograd-.6.jpg'><img width=\"150\" height=\"150\" src=\"https:\/\/www.visit-ulcinj.com\/blog\/wp-content\/uploads\/2011\/12\/Sukses-i-Taekwondo-s\u00eb-Ulqini-n\u00eb-Beograd-.6-150x150.jpg\" class=\"attachment-thumbnail size-thumbnail\" alt=\"\" loading=\"lazy\" \/><\/a>\n\t\t\t<\/dt><\/dl><br style=\"clear: both\" \/><dl class='gallery-item'>\n\t\t\t<dt class='gallery-icon landscape'>\n\t\t\t\t<a href='https:\/\/www.visit-ulcinj.com\/blog\/wp-content\/uploads\/2011\/12\/Sukses-i-Taekwondo-s\u00eb-Ulqini-n\u00eb-Beograd-.7.jpg'><img width=\"150\" height=\"150\" src=\"https:\/\/www.visit-ulcinj.com\/blog\/wp-content\/uploads\/2011\/12\/Sukses-i-Taekwondo-s\u00eb-Ulqini-n\u00eb-Beograd-.7-150x150.jpg\" class=\"attachment-thumbnail size-thumbnail\" alt=\"\" loading=\"lazy\" \/><\/a>\n\t\t\t<\/dt><\/dl><dl class='gallery-item'>\n\t\t\t<dt class='gallery-icon landscape'>\n\t\t\t\t<a href='https:\/\/www.visit-ulcinj.com\/blog\/wp-content\/uploads\/2011\/12\/Sukses-i-Taekwondo-s\u00eb-Ulqini-n\u00eb-Beograd-.8.jpg'><img width=\"150\" height=\"150\" src=\"https:\/\/www.visit-ulcinj.com\/blog\/wp-content\/uploads\/2011\/12\/Sukses-i-Taekwondo-s\u00eb-Ulqini-n\u00eb-Beograd-.8-150x150.jpg\" class=\"attachment-thumbnail size-thumbnail\" alt=\"\" loading=\"lazy\" \/><\/a>\n\t\t\t<\/dt><\/dl><dl class='gallery-item'>\n\t\t\t<dt class='gallery-icon landscape'>\n\t\t\t\t<a href='https:\/\/www.visit-ulcinj.com\/blog\/wp-content\/uploads\/2011\/12\/Sukses-i-Taekwondo-s\u00eb-Ulqini-n\u00eb-Beograd-.9.jpg'><img width=\"150\" height=\"150\" src=\"https:\/\/www.visit-ulcinj.com\/blog\/wp-content\/uploads\/2011\/12\/Sukses-i-Taekwondo-s\u00eb-Ulqini-n\u00eb-Beograd-.9-150x150.jpg\" class=\"attachment-thumbnail size-thumbnail\" alt=\"\" loading=\"lazy\" \/><\/a>\n\t\t\t<\/dt><\/dl><br style=\"clear: both\" \/><dl class='gallery-item'>\n\t\t\t<dt class='gallery-icon landscape'>\n\t\t\t\t<a href='https:\/\/www.visit-ulcinj.com\/blog\/wp-content\/uploads\/2011\/12\/Sukses-i-Taekwondo-s\u00eb-Ulqini-n\u00eb-Beograd-.10.jpg'><img width=\"150\" height=\"150\" src=\"https:\/\/www.visit-ulcinj.com\/blog\/wp-content\/uploads\/2011\/12\/Sukses-i-Taekwondo-s\u00eb-Ulqini-n\u00eb-Beograd-.10-150x150.jpg\" class=\"attachment-thumbnail size-thumbnail\" alt=\"\" loading=\"lazy\" \/><\/a>\n\t\t\t<\/dt><\/dl><dl class='gallery-item'>\n\t\t\t<dt class='gallery-icon landscape'>\n\t\t\t\t<a href='https:\/\/www.visit-ulcinj.com\/blog\/wp-content\/uploads\/2011\/12\/Sukses-i-Taekwondo-s\u00eb-Ulqini-n\u00eb-Beograd-.1.jpg'><img width=\"150\" height=\"150\" src=\"https:\/\/www.visit-ulcinj.com\/blog\/wp-content\/uploads\/2011\/12\/Sukses-i-Taekwondo-s\u00eb-Ulqini-n\u00eb-Beograd-.1-150x150.jpg\" class=\"attachment-thumbnail size-thumbnail\" alt=\"\" loading=\"lazy\" \/><\/a>\n\t\t\t<\/dt><\/dl><dl class='gallery-item'>\n\t\t\t<dt class='gallery-icon landscape'>\n\t\t\t\t<a href='https:\/\/www.visit-ulcinj.com\/blog\/wp-content\/uploads\/2011\/12\/Sukses-i-Taekwondo-s\u00eb-Ulqini-n\u00eb-Beograd-.2.jpg'><img width=\"150\" height=\"150\" src=\"https:\/\/www.visit-ulcinj.com\/blog\/wp-content\/uploads\/2011\/12\/Sukses-i-Taekwondo-s\u00eb-Ulqini-n\u00eb-Beograd-.2-150x150.jpg\" class=\"attachment-thumbnail size-thumbnail\" alt=\"\" loading=\"lazy\" \/><\/a>\n\t\t\t<\/dt><\/dl><br style=\"clear: both\" \/><dl class='gallery-item'>\n\t\t\t<dt class='gallery-icon landscape'>\n\t\t\t\t<a href='https:\/\/www.visit-ulcinj.com\/blog\/wp-content\/uploads\/2011\/12\/Sukses-i-Taekwondo-s\u00eb-Ulqini-n\u00eb-Beograd-.3.jpg'><img width=\"150\" height=\"150\" src=\"https:\/\/www.visit-ulcinj.com\/blog\/wp-content\/uploads\/2011\/12\/Sukses-i-Taekwondo-s\u00eb-Ulqini-n\u00eb-Beograd-.3-150x150.jpg\" class=\"attachment-thumbnail size-thumbnail\" alt=\"\" loading=\"lazy\" \/><\/a>\n\t\t\t<\/dt><\/dl><dl class='gallery-item'>\n\t\t\t<dt class='gallery-icon landscape'>\n\t\t\t\t<a href='https:\/\/www.visit-ulcinj.com\/blog\/wp-content\/uploads\/2011\/12\/Sukses-i-Taekwondo-s\u00eb-Ulqini-n\u00eb-Beograd-.4.jpg'><img width=\"150\" height=\"150\" src=\"https:\/\/www.visit-ulcinj.com\/blog\/wp-content\/uploads\/2011\/12\/Sukses-i-Taekwondo-s\u00eb-Ulqini-n\u00eb-Beograd-.4-150x150.jpg\" class=\"attachment-thumbnail size-thumbnail\" alt=\"\" loading=\"lazy\" \/><\/a>\n\t\t\t<\/dt><\/dl>\n\t\t\t<br style='clear: both' \/>\n\t\t<\/div>\n<br \/>\n<!--YouTube Error: bad URL entered--><br \/>\n<\/strong><\/p>\n","protected":false},"excerpt":{"rendered":"<p>U mbajt\u00eb kampionati Ballkanit n\u00eb sportin olimpik t\u00eb Taekwondo-s\u00eb p\u00ebr t\u00eb gjitha kategorit\u00eb si dhe kampionati p\u00ebr forma Garuesit e taekwondo-s\u00eb Ulqini me sukses\u00eb\u00a0 e p\u00ebrfaq\u00ebsuan Malin e Zi n\u00eb kampionatin Ballkanit i cili u mbajt\u00eb gjat\u00eb k\u00ebtij vikendi me dat\u00eb 17-18.12.2011 n\u00eb Beograd. Dymb\u00ebdhjet\u00eb \u00a0medalje p\u00ebr p\u00ebrfaq\u00ebsuesen e Malit t\u00eb Zi n\u00eb kampionatin ballkanit [&hellip;]<\/p>\n","protected":false},"author":1,"featured_media":0,"comment_status":"open","ping_status":"closed","sticky":false,"template":"","format":"standard","meta":{"spay_email":"","jetpack_publicize_message":"","jetpack_is_tweetstorm":false,"jetpack_publicize_feature_enabled":true},"categories":[6950,3],"tags":[5238],"jetpack_publicize_connections":[],"yoast_head":"<!-- This site is optimized with the Yoast SEO plugin v19.1 - https:\/\/yoast.com\/wordpress\/plugins\/seo\/ -->\n<title>Sukses i Taekwondo-s\u00eb Ulqini n\u00eb Beograd - Lajme nga Ulqini<\/title>\n<meta name=\"description\" content=\"U mbajt\u00eb kampionati Ballkanit n\u00eb sportin olimpik t\u00eb Taekwondo-s\u00eb p\u00ebr t\u00eb gjitha kategorit\u00eb si dhe kampionati p\u00ebr forma Garuesit e taekwondo-s\u00eb Ulqini me\" \/>\n<meta name=\"robots\" content=\"index, follow, max-snippet:-1, max-image-preview:large, max-video-preview:-1\" \/>\n<link rel=\"canonical\" href=\"https:\/\/www.visit-ulcinj.com\/blog\/2011\/12\/19\/sukses-i-taekwondo-se-ulqini-ne-beograd\/\" \/>\n<meta property=\"og:locale\" content=\"en_US\" \/>\n<meta property=\"og:type\" content=\"article\" \/>\n<meta property=\"og:title\" content=\"Sukses i Taekwondo-s\u00eb Ulqini n\u00eb Beograd - Lajme nga Ulqini\" \/>\n<meta property=\"og:description\" content=\"U mbajt\u00eb kampionati Ballkanit n\u00eb sportin olimpik t\u00eb Taekwondo-s\u00eb p\u00ebr t\u00eb gjitha kategorit\u00eb si dhe kampionati p\u00ebr forma Garuesit e taekwondo-s\u00eb Ulqini me\" \/>\n<meta property=\"og:url\" content=\"https:\/\/www.visit-ulcinj.com\/blog\/2011\/12\/19\/sukses-i-taekwondo-se-ulqini-ne-beograd\/\" \/>\n<meta property=\"og:site_name\" content=\"Lajme nga Ulqini\" \/>\n<meta property=\"article:published_time\" content=\"2011-12-19T08:57:09+00:00\" \/>\n<meta property=\"article:modified_time\" content=\"2011-12-21T14:44:56+00:00\" \/>\n<meta property=\"og:image\" content=\"https:\/\/www.visit-ulcinj.com\/blog\/wp-content\/uploads\/2011\/12\/Sukses-i-Taekwondo-s\u00eb-Ulqini-n\u00eb-Beograd-150x150.jpg\" \/>\n<meta name=\"twitter:label1\" content=\"Written by\" \/>\n\t<meta name=\"twitter:data1\" content=\"ulqini\" \/>\n\t<meta name=\"twitter:label2\" content=\"Est. reading time\" \/>\n\t<meta name=\"twitter:data2\" content=\"2 minutes\" \/>\n<script type=\"application\/ld+json\" class=\"yoast-schema-graph\">{\"@context\":\"https:\/\/schema.org\",\"@graph\":[{\"@type\":\"WebSite\",\"@id\":\"https:\/\/www.visit-ulcinj.com\/blog\/#website\",\"url\":\"https:\/\/www.visit-ulcinj.com\/blog\/\",\"name\":\"Lajme nga Ulqini\",\"description\":\"Lajme,Vijesti,Ulqini,Ulqin,Crna Gora,Mali i Zi\",\"potentialAction\":[{\"@type\":\"SearchAction\",\"target\":{\"@type\":\"EntryPoint\",\"urlTemplate\":\"https:\/\/www.visit-ulcinj.com\/blog\/?s={search_term_string}\"},\"query-input\":\"required name=search_term_string\"}],\"inLanguage\":\"en-US\"},{\"@type\":\"ImageObject\",\"inLanguage\":\"en-US\",\"@id\":\"https:\/\/www.visit-ulcinj.com\/blog\/2011\/12\/19\/sukses-i-taekwondo-se-ulqini-ne-beograd\/#primaryimage\",\"url\":\"http:\/\/www.visit-ulcinj.com\/blog\/wp-content\/uploads\/2011\/12\/Sukses-i-Taekwondo-s%C3%AB-Ulqini-n%C3%AB-Beograd.jpg\",\"contentUrl\":\"http:\/\/www.visit-ulcinj.com\/blog\/wp-content\/uploads\/2011\/12\/Sukses-i-Taekwondo-s%C3%AB-Ulqini-n%C3%AB-Beograd.jpg\"},{\"@type\":\"WebPage\",\"@id\":\"https:\/\/www.visit-ulcinj.com\/blog\/2011\/12\/19\/sukses-i-taekwondo-se-ulqini-ne-beograd\/#webpage\",\"url\":\"https:\/\/www.visit-ulcinj.com\/blog\/2011\/12\/19\/sukses-i-taekwondo-se-ulqini-ne-beograd\/\",\"name\":\"Sukses i Taekwondo-s\u00eb Ulqini n\u00eb Beograd - Lajme nga Ulqini\",\"isPartOf\":{\"@id\":\"https:\/\/www.visit-ulcinj.com\/blog\/#website\"},\"primaryImageOfPage\":{\"@id\":\"https:\/\/www.visit-ulcinj.com\/blog\/2011\/12\/19\/sukses-i-taekwondo-se-ulqini-ne-beograd\/#primaryimage\"},\"datePublished\":\"2011-12-19T08:57:09+00:00\",\"dateModified\":\"2011-12-21T14:44:56+00:00\",\"author\":{\"@id\":\"https:\/\/www.visit-ulcinj.com\/blog\/#\/schema\/person\/dcab619c614d3038751c63bc2aadc06d\"},\"description\":\"U mbajt\u00eb kampionati Ballkanit n\u00eb sportin olimpik t\u00eb Taekwondo-s\u00eb p\u00ebr t\u00eb gjitha kategorit\u00eb si dhe kampionati p\u00ebr forma Garuesit e taekwondo-s\u00eb Ulqini me\",\"breadcrumb\":{\"@id\":\"https:\/\/www.visit-ulcinj.com\/blog\/2011\/12\/19\/sukses-i-taekwondo-se-ulqini-ne-beograd\/#breadcrumb\"},\"inLanguage\":\"en-US\",\"potentialAction\":[{\"@type\":\"ReadAction\",\"target\":[\"https:\/\/www.visit-ulcinj.com\/blog\/2011\/12\/19\/sukses-i-taekwondo-se-ulqini-ne-beograd\/\"]}]},{\"@type\":\"BreadcrumbList\",\"@id\":\"https:\/\/www.visit-ulcinj.com\/blog\/2011\/12\/19\/sukses-i-taekwondo-se-ulqini-ne-beograd\/#breadcrumb\",\"itemListElement\":[{\"@type\":\"ListItem\",\"position\":1,\"name\":\"Sukses i Taekwondo-s\u00eb Ulqini n\u00eb Beograd\"}]},{\"@type\":\"Person\",\"@id\":\"https:\/\/www.visit-ulcinj.com\/blog\/#\/schema\/person\/dcab619c614d3038751c63bc2aadc06d\",\"name\":\"ulqini\",\"sameAs\":[\"http:\/\/www.visit-ulcinj.com\"],\"url\":\"https:\/\/www.visit-ulcinj.com\/blog\/author\/admin\/\"}]}<\/script>\n<!-- \/ Yoast SEO plugin. -->","yoast_head_json":{"title":"Sukses i Taekwondo-s\u00eb Ulqini n\u00eb Beograd - Lajme nga Ulqini","description":"U mbajt\u00eb kampionati Ballkanit n\u00eb sportin olimpik t\u00eb Taekwondo-s\u00eb p\u00ebr t\u00eb gjitha kategorit\u00eb si dhe kampionati p\u00ebr forma Garuesit e taekwondo-s\u00eb Ulqini me","robots":{"index":"index","follow":"follow","max-snippet":"max-snippet:-1","max-image-preview":"max-image-preview:large","max-video-preview":"max-video-preview:-1"},"canonical":"https:\/\/www.visit-ulcinj.com\/blog\/2011\/12\/19\/sukses-i-taekwondo-se-ulqini-ne-beograd\/","og_locale":"en_US","og_type":"article","og_title":"Sukses i Taekwondo-s\u00eb Ulqini n\u00eb Beograd - Lajme nga Ulqini","og_description":"U mbajt\u00eb kampionati Ballkanit n\u00eb sportin olimpik t\u00eb Taekwondo-s\u00eb p\u00ebr t\u00eb gjitha kategorit\u00eb si dhe kampionati p\u00ebr forma Garuesit e taekwondo-s\u00eb Ulqini me","og_url":"https:\/\/www.visit-ulcinj.com\/blog\/2011\/12\/19\/sukses-i-taekwondo-se-ulqini-ne-beograd\/","og_site_name":"Lajme nga Ulqini","article_published_time":"2011-12-19T08:57:09+00:00","article_modified_time":"2011-12-21T14:44:56+00:00","og_image":[{"url":"https:\/\/www.visit-ulcinj.com\/blog\/wp-content\/uploads\/2011\/12\/Sukses-i-Taekwondo-s\u00eb-Ulqini-n\u00eb-Beograd-150x150.jpg"}],"twitter_misc":{"Written by":"ulqini","Est. reading time":"2 minutes"},"schema":{"@context":"https:\/\/schema.org","@graph":[{"@type":"WebSite","@id":"https:\/\/www.visit-ulcinj.com\/blog\/#website","url":"https:\/\/www.visit-ulcinj.com\/blog\/","name":"Lajme nga Ulqini","description":"Lajme,Vijesti,Ulqini,Ulqin,Crna Gora,Mali i Zi","potentialAction":[{"@type":"SearchAction","target":{"@type":"EntryPoint","urlTemplate":"https:\/\/www.visit-ulcinj.com\/blog\/?s={search_term_string}"},"query-input":"required name=search_term_string"}],"inLanguage":"en-US"},{"@type":"ImageObject","inLanguage":"en-US","@id":"https:\/\/www.visit-ulcinj.com\/blog\/2011\/12\/19\/sukses-i-taekwondo-se-ulqini-ne-beograd\/#primaryimage","url":"http:\/\/www.visit-ulcinj.com\/blog\/wp-content\/uploads\/2011\/12\/Sukses-i-Taekwondo-s%C3%AB-Ulqini-n%C3%AB-Beograd.jpg","contentUrl":"http:\/\/www.visit-ulcinj.com\/blog\/wp-content\/uploads\/2011\/12\/Sukses-i-Taekwondo-s%C3%AB-Ulqini-n%C3%AB-Beograd.jpg"},{"@type":"WebPage","@id":"https:\/\/www.visit-ulcinj.com\/blog\/2011\/12\/19\/sukses-i-taekwondo-se-ulqini-ne-beograd\/#webpage","url":"https:\/\/www.visit-ulcinj.com\/blog\/2011\/12\/19\/sukses-i-taekwondo-se-ulqini-ne-beograd\/","name":"Sukses i Taekwondo-s\u00eb Ulqini n\u00eb Beograd - Lajme nga Ulqini","isPartOf":{"@id":"https:\/\/www.visit-ulcinj.com\/blog\/#website"},"primaryImageOfPage":{"@id":"https:\/\/www.visit-ulcinj.com\/blog\/2011\/12\/19\/sukses-i-taekwondo-se-ulqini-ne-beograd\/#primaryimage"},"datePublished":"2011-12-19T08:57:09+00:00","dateModified":"2011-12-21T14:44:56+00:00","author":{"@id":"https:\/\/www.visit-ulcinj.com\/blog\/#\/schema\/person\/dcab619c614d3038751c63bc2aadc06d"},"description":"U mbajt\u00eb kampionati Ballkanit n\u00eb sportin olimpik t\u00eb Taekwondo-s\u00eb p\u00ebr t\u00eb gjitha kategorit\u00eb si dhe kampionati p\u00ebr forma Garuesit e taekwondo-s\u00eb Ulqini me","breadcrumb":{"@id":"https:\/\/www.visit-ulcinj.com\/blog\/2011\/12\/19\/sukses-i-taekwondo-se-ulqini-ne-beograd\/#breadcrumb"},"inLanguage":"en-US","potentialAction":[{"@type":"ReadAction","target":["https:\/\/www.visit-ulcinj.com\/blog\/2011\/12\/19\/sukses-i-taekwondo-se-ulqini-ne-beograd\/"]}]},{"@type":"BreadcrumbList","@id":"https:\/\/www.visit-ulcinj.com\/blog\/2011\/12\/19\/sukses-i-taekwondo-se-ulqini-ne-beograd\/#breadcrumb","itemListElement":[{"@type":"ListItem","position":1,"name":"Sukses i Taekwondo-s\u00eb Ulqini n\u00eb Beograd"}]},{"@type":"Person","@id":"https:\/\/www.visit-ulcinj.com\/blog\/#\/schema\/person\/dcab619c614d3038751c63bc2aadc06d","name":"ulqini","sameAs":["http:\/\/www.visit-ulcinj.com"],"url":"https:\/\/www.visit-ulcinj.com\/blog\/author\/admin\/"}]}},"jetpack_featured_media_url":"","jetpack_sharing_enabled":true,"jetpack_shortlink":"https:\/\/wp.me\/pe6lTn-ebW","_links":{"self":[{"href":"https:\/\/www.visit-ulcinj.com\/blog\/wp-json\/wp\/v2\/posts\/54556"}],"collection":[{"href":"https:\/\/www.visit-ulcinj.com\/blog\/wp-json\/wp\/v2\/posts"}],"about":[{"href":"https:\/\/www.visit-ulcinj.com\/blog\/wp-json\/wp\/v2\/types\/post"}],"author":[{"embeddable":true,"href":"https:\/\/www.visit-ulcinj.com\/blog\/wp-json\/wp\/v2\/users\/1"}],"replies":[{"embeddable":true,"href":"https:\/\/www.visit-ulcinj.com\/blog\/wp-json\/wp\/v2\/comments?post=54556"}],"version-history":[{"count":5,"href":"https:\/\/www.visit-ulcinj.com\/blog\/wp-json\/wp\/v2\/posts\/54556\/revisions"}],"predecessor-version":[{"id":54710,"href":"https:\/\/www.visit-ulcinj.com\/blog\/wp-json\/wp\/v2\/posts\/54556\/revisions\/54710"}],"wp:attachment":[{"href":"https:\/\/www.visit-ulcinj.com\/blog\/wp-json\/wp\/v2\/media?parent=54556"}],"wp:term":[{"taxonomy":"category","embeddable":true,"href":"https:\/\/www.visit-ulcinj.com\/blog\/wp-json\/wp\/v2\/categories?post=54556"},{"taxonomy":"post_tag","embeddable":true,"href":"https:\/\/www.visit-ulcinj.com\/blog\/wp-json\/wp\/v2\/tags?post=54556"}],"curies":[{"name":"wp","href":"https:\/\/api.w.org\/{rel}","templated":true}]}}