{"id":5458,"date":"2008-11-04T16:04:34","date_gmt":"2008-11-04T21:04:34","guid":{"rendered":"http:\/\/www.visit-ulcinj.com\/blog\/?p=5458"},"modified":"2008-11-04T16:04:34","modified_gmt":"2008-11-04T21:04:34","slug":"enigma-e-historise-malazeze-rasti-i-shasit-9","status":"publish","type":"post","link":"https:\/\/www.visit-ulcinj.com\/blog\/2008\/11\/04\/enigma-e-historise-malazeze-rasti-i-shasit-9\/","title":{"rendered":"Enigma e historis\u00eb malazeze &#8211; rasti i Shasit (9)"},"content":{"rendered":"<p><a href=\"http:\/\/www.visit-ulcinj.com\/blog\/wp-content\/uploads\/2008\/06\/germadhat_20e_20shasit_4.jpg\"><img loading=\"lazy\" class=\"alignleft size-medium wp-image-2023\" title=\"Germadhat_20e_20Shasit_4\" src=\"http:\/\/www.visit-ulcinj.com\/blog\/wp-content\/uploads\/2008\/06\/germadhat_20e_20shasit_4.jpg\" alt=\"\" width=\"366\" height=\"248\" \/><\/a><strong>Periudha e shkat\u00ebrrimeve t\u00eb m\u00ebdha<\/strong><br \/>\nNemanja, ati i Sh\u00ebn Sav\u00ebs, ishte themeluesi i monarkis\u00eb ortodokse mesjetare serbe, me kishat e tij mbret\u00ebrore n\u00eb Studenic\u00eb, Gra\u00e7anic\u00eb, De\u00e7an dhe Pej\u00eb, si dhe me ideologjin\u00eb e tij bizantine dhe lidhjen me shum\u00eb nga qendrat e m\u00ebdha t\u00eb ortodoksis\u00eb. Kjo \u00ebsht\u00eb gjithashtu periudha e shkat\u00ebrrimeve m\u00eb t\u00eb m\u00ebdha e m\u00eb t\u00eb dukshme t\u00eb kishave t\u00eb mbijetuara t\u00eb Shasit. Kishat n\u00eb Shas, si edhe gjetiu, ishin nd\u00ebrtuar p\u00ebr t\u00eb lavd\u00ebruar dhe p\u00ebrligjur pushtetin e dinastis\u00eb.<br \/>\nS\u00ebrish Shasi ishte n\u00eb skaj. Lindi rivaliteti i duksh\u00ebm midis dioqez\u00ebs katolike t\u00eb Raguz\u00ebs, Splitit dhe Tivarit, nd\u00ebrkoh\u00eb q\u00eb dokumentohet se m\u00eb 1045 peshkop\u00ebt nga zona e Shkodr\u00ebs u mbyt\u00ebn nd\u00ebrsa udh\u00ebtonin me anije p\u00ebr n\u00eb sinod; me k\u00ebt\u00eb rast Papa l\u00ebshoi nj\u00eb bul\u00eb duke i kaluar peshkopatat e Kotorrit, Ulqinit dhe Shasit nga Spliti p\u00ebr n\u00eb krypeshkopat\u00ebn e Tivarit. Q\u00eb nga kjo koh\u00eb grindjet q\u00eb mb\u00ebshtillnin dioqezat e Raguz\u00ebs dhe t\u00eb Tivarit u b\u00ebn\u00eb nj\u00eb motiv i her\u00ebpashersh\u00ebm.<br \/>\nBesnik\u00ebrit\u00eb e sundimtar\u00ebve t\u00eb Dukl\u00ebs ishin gjithashtu t\u00eb ndara n\u00eb var\u00ebsi t\u00eb p\u00ebrfitimeve q\u00eb ata nxirrnin nga Papa dhe perandori i Bizantit, nd\u00ebrsa ky tension arriti kulmin pasi bizantin\u00ebt humb\u00ebn Tivarin m\u00eb 1071 dhe gjat\u00eb luftimeve midis bizantin\u00ebve dhe norman\u00ebve nga fundi i shekullit XI; Mihajllo (1046-1081) mori simbolin e tij mbret\u00ebror nga Papa, nd\u00ebrsa m\u00eb 1089 Bodini u pajis me nj\u00eb bul\u00eb nga anti-papa Klementi III, duke pohuar n\u00eb k\u00ebt\u00eb m\u00ebnyr\u00eb juridiksionin e kryepeshkopat\u00ebs s\u00eb re t\u00eb Tivarit mbi Dukl\u00ebn, Kotorrin, Ulqinin, Shasin, Drishtin (Drivastium) dhe Pilotin (Polatum).<br \/>\nN\u00eb gjysm\u00ebn e dyt\u00eb t\u00eb shekullit XII Stefan Nemanja (vdiq m\u00eb 1199) ndoqi nj\u00eb linj\u00eb t\u00eb ngjashme pasigurie midis aleancave t\u00eb nj\u00ebkohshme papatin dhe me perandorin e Bizantit. Kur u mund nga perandori bizantin Manuel I, ai u b\u00eb nj\u00eb vasal i Bizantit, por m\u00eb von\u00eb ngriti krye dhe, pasi shtiu n\u00eb dor\u00eb Nishin, m\u00eb 1189 b\u00ebri aleanc\u00eb me Frederik Barbaros\u00ebn dhe Kryq\u00ebzat\u00ebn e Tret\u00eb. Nj\u00eb disfat\u00eb tjet\u00ebr e ktheu at\u00eb s\u00ebrish n\u00eb sfer\u00ebn bizantine, nd\u00ebrsa djali i tij shum\u00eb shpejt do t\u00eb martohej pak m\u00eb von\u00eb me nj\u00eb princesh\u00eb bizantine.<br \/>\nPavar\u00ebsisht nga kjo luhatje diplomatike, Nemanja, ati i Sh\u00ebn Sav\u00ebs, ishte themeluesi i monarkis\u00eb ortodokse mesjetare serbe, me kishat e tij mbret\u00ebrore n\u00eb Studenic\u00eb, Gra\u00e7anic\u00eb, De\u00e7an dhe Pej\u00eb, si dhe me ideologjin\u00eb e tij bizantine dhe lidhjen me shum\u00eb nga qendrat e m\u00ebdha t\u00eb ortodoksis\u00eb. Kjo \u00ebsht\u00eb gjithashtu periudha e shkat\u00ebrrimeve m\u00eb t\u00eb m\u00ebdha e m\u00eb t\u00eb dukshme t\u00eb kishave t\u00eb mbijetuara t\u00eb Shasit. Kishat n\u00eb Shas, si edhe gjetiu, ishin nd\u00ebrtuar p\u00ebr t\u00eb lavd\u00ebruar dhe p\u00ebrligjur pushtetin e dinastis\u00eb.<br \/>\nNd\u00ebrkoh\u00eb q\u00eb fjala Serbi \u00ebsht\u00eb gjetur n\u00eb nj\u00eb lib\u00ebr bizantin t\u00eb shekullit X p\u00ebr nj\u00eb trev\u00eb q\u00eb shtrihej nd\u00ebrmjet Kroacis\u00eb dhe Bullgaris\u00eb, kurse serb\u00ebt ndiqen pas n\u00eb k\u00ebt\u00eb tekst n\u00eb shekullin e shtat\u00eb, fillesat historike t\u00eb shtetit mesjetar serb gjenden n\u00eb shekullin XI, me shfaqejen e princ\u00ebrve vendor\u00eb t\u00eb Dukl\u00ebs. Nemanja caktoi djalin e tij Vukanin t\u00eb drejtonte Zet\u00ebn (em\u00ebrtim q\u00eb sot p\u00ebrdoret p\u00ebr ish-Dalmacin\u00eb dhe Dukl\u00ebn), nd\u00ebrsa Serbia e sotme i ka rr\u00ebnj\u00ebt e saj n\u00eb dinastin\u00eb Nemanjide, m\u00eb sakt\u00eb t\u00eb Sav\u00ebs, murgut t\u00eb manastirit Antonit t\u00eb Vatopedit dhe bashk\u00ebthemeluesit t\u00eb manastirit t\u00eb Hilandarit n\u00eb Malin Athos, i cili u b\u00eb kryepeshkopi i par\u00eb i nj\u00eb kishe autoqefale serbe.<br \/>\nNdarja e Malit t\u00eb Zi nga Serbia do t\u00eb thot\u00eb nj\u00ebher\u00ebsh p\u00ebr Serbin\u00eb nj\u00eb ndarje nga kuptimi q\u00eb ajo ka p\u00ebr historin\u00eb e saj me nj\u00eb m\u00ebnyr\u00eb, mbase jo aq t\u00eb mpreht\u00eb, me t\u00eb cil\u00ebn u detyrua t\u00eb humbas\u00eb Kosov\u00ebn.<br \/>\n<strong>Averil Cameroon &#8211; James Pettifer<br \/>\nKoha Javore<\/strong><\/p>\n<!--YouTube Error: bad URL entered-->\n","protected":false},"excerpt":{"rendered":"<p>Periudha e shkat\u00ebrrimeve t\u00eb m\u00ebdha Nemanja, ati i Sh\u00ebn Sav\u00ebs, ishte themeluesi i monarkis\u00eb ortodokse mesjetare serbe, me kishat e tij mbret\u00ebrore n\u00eb Studenic\u00eb, Gra\u00e7anic\u00eb, De\u00e7an dhe Pej\u00eb, si dhe me ideologjin\u00eb e tij bizantine dhe lidhjen me shum\u00eb nga qendrat e m\u00ebdha t\u00eb ortodoksis\u00eb. Kjo \u00ebsht\u00eb gjithashtu periudha e shkat\u00ebrrimeve m\u00eb t\u00eb m\u00ebdha e [&hellip;]<\/p>\n","protected":false},"author":1,"featured_media":0,"comment_status":"open","ping_status":"closed","sticky":false,"template":"","format":"standard","meta":{"spay_email":"","jetpack_publicize_message":"","jetpack_is_tweetstorm":false,"jetpack_publicize_feature_enabled":true},"categories":[4],"tags":[4921,2083,3231],"jetpack_publicize_connections":[],"yoast_head":"<!-- This site is optimized with the Yoast SEO plugin v19.1 - https:\/\/yoast.com\/wordpress\/plugins\/seo\/ -->\n<title>Enigma e historis\u00eb malazeze - rasti i Shasit (9) - Lajme nga Ulqini<\/title>\n<meta name=\"description\" content=\"Periudha e shkat\u00ebrrimeve t\u00eb m\u00ebdha Nemanja, ati i Sh\u00ebn Sav\u00ebs, ishte themeluesi i monarkis\u00eb ortodokse mesjetare serbe, me kishat e tij mbret\u00ebrore n\u00eb\" \/>\n<meta name=\"robots\" content=\"index, follow, max-snippet:-1, max-image-preview:large, max-video-preview:-1\" \/>\n<link rel=\"canonical\" href=\"https:\/\/www.visit-ulcinj.com\/blog\/2008\/11\/04\/enigma-e-historise-malazeze-rasti-i-shasit-9\/\" \/>\n<meta property=\"og:locale\" content=\"en_US\" \/>\n<meta property=\"og:type\" content=\"article\" \/>\n<meta property=\"og:title\" content=\"Enigma e historis\u00eb malazeze - rasti i Shasit (9) - Lajme nga Ulqini\" \/>\n<meta property=\"og:description\" content=\"Periudha e shkat\u00ebrrimeve t\u00eb m\u00ebdha Nemanja, ati i Sh\u00ebn Sav\u00ebs, ishte themeluesi i monarkis\u00eb ortodokse mesjetare serbe, me kishat e tij mbret\u00ebrore n\u00eb\" \/>\n<meta property=\"og:url\" content=\"https:\/\/www.visit-ulcinj.com\/blog\/2008\/11\/04\/enigma-e-historise-malazeze-rasti-i-shasit-9\/\" \/>\n<meta property=\"og:site_name\" content=\"Lajme nga Ulqini\" \/>\n<meta property=\"article:published_time\" content=\"2008-11-04T21:04:34+00:00\" \/>\n<meta property=\"og:image\" content=\"http:\/\/www.visit-ulcinj.com\/blog\/wp-content\/uploads\/2008\/06\/germadhat_20e_20shasit_4.jpg\" \/>\n<meta name=\"twitter:label1\" content=\"Written by\" \/>\n\t<meta name=\"twitter:data1\" content=\"ulqini\" \/>\n\t<meta name=\"twitter:label2\" content=\"Est. reading time\" \/>\n\t<meta name=\"twitter:data2\" content=\"3 minutes\" \/>\n<script type=\"application\/ld+json\" class=\"yoast-schema-graph\">{\"@context\":\"https:\/\/schema.org\",\"@graph\":[{\"@type\":\"WebSite\",\"@id\":\"https:\/\/www.visit-ulcinj.com\/blog\/#website\",\"url\":\"https:\/\/www.visit-ulcinj.com\/blog\/\",\"name\":\"Lajme nga Ulqini\",\"description\":\"Lajme,Vijesti,Ulqini,Ulqin,Crna Gora,Mali i Zi\",\"potentialAction\":[{\"@type\":\"SearchAction\",\"target\":{\"@type\":\"EntryPoint\",\"urlTemplate\":\"https:\/\/www.visit-ulcinj.com\/blog\/?s={search_term_string}\"},\"query-input\":\"required name=search_term_string\"}],\"inLanguage\":\"en-US\"},{\"@type\":\"ImageObject\",\"inLanguage\":\"en-US\",\"@id\":\"https:\/\/www.visit-ulcinj.com\/blog\/2008\/11\/04\/enigma-e-historise-malazeze-rasti-i-shasit-9\/#primaryimage\",\"url\":\"http:\/\/www.visit-ulcinj.com\/blog\/wp-content\/uploads\/2008\/06\/germadhat_20e_20shasit_4.jpg\",\"contentUrl\":\"http:\/\/www.visit-ulcinj.com\/blog\/wp-content\/uploads\/2008\/06\/germadhat_20e_20shasit_4.jpg\"},{\"@type\":\"WebPage\",\"@id\":\"https:\/\/www.visit-ulcinj.com\/blog\/2008\/11\/04\/enigma-e-historise-malazeze-rasti-i-shasit-9\/#webpage\",\"url\":\"https:\/\/www.visit-ulcinj.com\/blog\/2008\/11\/04\/enigma-e-historise-malazeze-rasti-i-shasit-9\/\",\"name\":\"Enigma e historis\u00eb malazeze - rasti i Shasit (9) - Lajme nga Ulqini\",\"isPartOf\":{\"@id\":\"https:\/\/www.visit-ulcinj.com\/blog\/#website\"},\"primaryImageOfPage\":{\"@id\":\"https:\/\/www.visit-ulcinj.com\/blog\/2008\/11\/04\/enigma-e-historise-malazeze-rasti-i-shasit-9\/#primaryimage\"},\"datePublished\":\"2008-11-04T21:04:34+00:00\",\"dateModified\":\"2008-11-04T21:04:34+00:00\",\"author\":{\"@id\":\"https:\/\/www.visit-ulcinj.com\/blog\/#\/schema\/person\/dcab619c614d3038751c63bc2aadc06d\"},\"description\":\"Periudha e shkat\u00ebrrimeve t\u00eb m\u00ebdha Nemanja, ati i Sh\u00ebn Sav\u00ebs, ishte themeluesi i monarkis\u00eb ortodokse mesjetare serbe, me kishat e tij mbret\u00ebrore n\u00eb\",\"breadcrumb\":{\"@id\":\"https:\/\/www.visit-ulcinj.com\/blog\/2008\/11\/04\/enigma-e-historise-malazeze-rasti-i-shasit-9\/#breadcrumb\"},\"inLanguage\":\"en-US\",\"potentialAction\":[{\"@type\":\"ReadAction\",\"target\":[\"https:\/\/www.visit-ulcinj.com\/blog\/2008\/11\/04\/enigma-e-historise-malazeze-rasti-i-shasit-9\/\"]}]},{\"@type\":\"BreadcrumbList\",\"@id\":\"https:\/\/www.visit-ulcinj.com\/blog\/2008\/11\/04\/enigma-e-historise-malazeze-rasti-i-shasit-9\/#breadcrumb\",\"itemListElement\":[{\"@type\":\"ListItem\",\"position\":1,\"name\":\"Enigma e historis\u00eb malazeze &#8211; rasti i Shasit (9)\"}]},{\"@type\":\"Person\",\"@id\":\"https:\/\/www.visit-ulcinj.com\/blog\/#\/schema\/person\/dcab619c614d3038751c63bc2aadc06d\",\"name\":\"ulqini\",\"sameAs\":[\"http:\/\/www.visit-ulcinj.com\"],\"url\":\"https:\/\/www.visit-ulcinj.com\/blog\/author\/admin\/\"}]}<\/script>\n<!-- \/ Yoast SEO plugin. -->","yoast_head_json":{"title":"Enigma e historis\u00eb malazeze - rasti i Shasit (9) - Lajme nga Ulqini","description":"Periudha e shkat\u00ebrrimeve t\u00eb m\u00ebdha Nemanja, ati i Sh\u00ebn Sav\u00ebs, ishte themeluesi i monarkis\u00eb ortodokse mesjetare serbe, me kishat e tij mbret\u00ebrore n\u00eb","robots":{"index":"index","follow":"follow","max-snippet":"max-snippet:-1","max-image-preview":"max-image-preview:large","max-video-preview":"max-video-preview:-1"},"canonical":"https:\/\/www.visit-ulcinj.com\/blog\/2008\/11\/04\/enigma-e-historise-malazeze-rasti-i-shasit-9\/","og_locale":"en_US","og_type":"article","og_title":"Enigma e historis\u00eb malazeze - rasti i Shasit (9) - Lajme nga Ulqini","og_description":"Periudha e shkat\u00ebrrimeve t\u00eb m\u00ebdha Nemanja, ati i Sh\u00ebn Sav\u00ebs, ishte themeluesi i monarkis\u00eb ortodokse mesjetare serbe, me kishat e tij mbret\u00ebrore n\u00eb","og_url":"https:\/\/www.visit-ulcinj.com\/blog\/2008\/11\/04\/enigma-e-historise-malazeze-rasti-i-shasit-9\/","og_site_name":"Lajme nga Ulqini","article_published_time":"2008-11-04T21:04:34+00:00","og_image":[{"url":"http:\/\/www.visit-ulcinj.com\/blog\/wp-content\/uploads\/2008\/06\/germadhat_20e_20shasit_4.jpg"}],"twitter_misc":{"Written by":"ulqini","Est. reading time":"3 minutes"},"schema":{"@context":"https:\/\/schema.org","@graph":[{"@type":"WebSite","@id":"https:\/\/www.visit-ulcinj.com\/blog\/#website","url":"https:\/\/www.visit-ulcinj.com\/blog\/","name":"Lajme nga Ulqini","description":"Lajme,Vijesti,Ulqini,Ulqin,Crna Gora,Mali i Zi","potentialAction":[{"@type":"SearchAction","target":{"@type":"EntryPoint","urlTemplate":"https:\/\/www.visit-ulcinj.com\/blog\/?s={search_term_string}"},"query-input":"required name=search_term_string"}],"inLanguage":"en-US"},{"@type":"ImageObject","inLanguage":"en-US","@id":"https:\/\/www.visit-ulcinj.com\/blog\/2008\/11\/04\/enigma-e-historise-malazeze-rasti-i-shasit-9\/#primaryimage","url":"http:\/\/www.visit-ulcinj.com\/blog\/wp-content\/uploads\/2008\/06\/germadhat_20e_20shasit_4.jpg","contentUrl":"http:\/\/www.visit-ulcinj.com\/blog\/wp-content\/uploads\/2008\/06\/germadhat_20e_20shasit_4.jpg"},{"@type":"WebPage","@id":"https:\/\/www.visit-ulcinj.com\/blog\/2008\/11\/04\/enigma-e-historise-malazeze-rasti-i-shasit-9\/#webpage","url":"https:\/\/www.visit-ulcinj.com\/blog\/2008\/11\/04\/enigma-e-historise-malazeze-rasti-i-shasit-9\/","name":"Enigma e historis\u00eb malazeze - rasti i Shasit (9) - Lajme nga Ulqini","isPartOf":{"@id":"https:\/\/www.visit-ulcinj.com\/blog\/#website"},"primaryImageOfPage":{"@id":"https:\/\/www.visit-ulcinj.com\/blog\/2008\/11\/04\/enigma-e-historise-malazeze-rasti-i-shasit-9\/#primaryimage"},"datePublished":"2008-11-04T21:04:34+00:00","dateModified":"2008-11-04T21:04:34+00:00","author":{"@id":"https:\/\/www.visit-ulcinj.com\/blog\/#\/schema\/person\/dcab619c614d3038751c63bc2aadc06d"},"description":"Periudha e shkat\u00ebrrimeve t\u00eb m\u00ebdha Nemanja, ati i Sh\u00ebn Sav\u00ebs, ishte themeluesi i monarkis\u00eb ortodokse mesjetare serbe, me kishat e tij mbret\u00ebrore n\u00eb","breadcrumb":{"@id":"https:\/\/www.visit-ulcinj.com\/blog\/2008\/11\/04\/enigma-e-historise-malazeze-rasti-i-shasit-9\/#breadcrumb"},"inLanguage":"en-US","potentialAction":[{"@type":"ReadAction","target":["https:\/\/www.visit-ulcinj.com\/blog\/2008\/11\/04\/enigma-e-historise-malazeze-rasti-i-shasit-9\/"]}]},{"@type":"BreadcrumbList","@id":"https:\/\/www.visit-ulcinj.com\/blog\/2008\/11\/04\/enigma-e-historise-malazeze-rasti-i-shasit-9\/#breadcrumb","itemListElement":[{"@type":"ListItem","position":1,"name":"Enigma e historis\u00eb malazeze &#8211; rasti i Shasit (9)"}]},{"@type":"Person","@id":"https:\/\/www.visit-ulcinj.com\/blog\/#\/schema\/person\/dcab619c614d3038751c63bc2aadc06d","name":"ulqini","sameAs":["http:\/\/www.visit-ulcinj.com"],"url":"https:\/\/www.visit-ulcinj.com\/blog\/author\/admin\/"}]}},"jetpack_featured_media_url":"","jetpack_sharing_enabled":true,"jetpack_shortlink":"https:\/\/wp.me\/pe6lTn-1q2","_links":{"self":[{"href":"https:\/\/www.visit-ulcinj.com\/blog\/wp-json\/wp\/v2\/posts\/5458"}],"collection":[{"href":"https:\/\/www.visit-ulcinj.com\/blog\/wp-json\/wp\/v2\/posts"}],"about":[{"href":"https:\/\/www.visit-ulcinj.com\/blog\/wp-json\/wp\/v2\/types\/post"}],"author":[{"embeddable":true,"href":"https:\/\/www.visit-ulcinj.com\/blog\/wp-json\/wp\/v2\/users\/1"}],"replies":[{"embeddable":true,"href":"https:\/\/www.visit-ulcinj.com\/blog\/wp-json\/wp\/v2\/comments?post=5458"}],"version-history":[{"count":0,"href":"https:\/\/www.visit-ulcinj.com\/blog\/wp-json\/wp\/v2\/posts\/5458\/revisions"}],"wp:attachment":[{"href":"https:\/\/www.visit-ulcinj.com\/blog\/wp-json\/wp\/v2\/media?parent=5458"}],"wp:term":[{"taxonomy":"category","embeddable":true,"href":"https:\/\/www.visit-ulcinj.com\/blog\/wp-json\/wp\/v2\/categories?post=5458"},{"taxonomy":"post_tag","embeddable":true,"href":"https:\/\/www.visit-ulcinj.com\/blog\/wp-json\/wp\/v2\/tags?post=5458"}],"curies":[{"name":"wp","href":"https:\/\/api.w.org\/{rel}","templated":true}]}}