{"id":54582,"date":"2011-12-19T18:17:26","date_gmt":"2011-12-19T17:17:26","guid":{"rendered":"http:\/\/www.visit-ulcinj.com\/blog\/?p=54582"},"modified":"2011-12-22T19:59:15","modified_gmt":"2011-12-22T18:59:15","slug":"dinosha-ata-qe-iken-nga-udsh-deshirojne-ti-largohen-podgorices","status":"publish","type":"post","link":"https:\/\/www.visit-ulcinj.com\/blog\/2011\/12\/19\/dinosha-ata-qe-iken-nga-udsh-deshirojne-ti-largohen-podgorices\/","title":{"rendered":"Dinosha: Ata q\u00eb ik\u00ebn nga UDSH d\u00ebshirojn\u00eb ti largohen Podgoric\u00ebs"},"content":{"rendered":"<p><a href=\"http:\/\/www.visit-ulcinj.com\/blog\/wp-content\/uploads\/2011\/12\/ferhat-dinosha.jpg\"><img loading=\"lazy\" class=\"alignleft size-full wp-image-54583\" title=\"ferhat-dinosha\" src=\"http:\/\/www.visit-ulcinj.com\/blog\/wp-content\/uploads\/2011\/12\/ferhat-dinosha.jpg\" alt=\"\" width=\"301\" height=\"223\" srcset=\"https:\/\/www.visit-ulcinj.com\/blog\/wp-content\/uploads\/2011\/12\/ferhat-dinosha.jpg 301w, https:\/\/www.visit-ulcinj.com\/blog\/wp-content\/uploads\/2011\/12\/ferhat-dinosha-300x222.jpg 300w\" sizes=\"(max-width: 301px) 100vw, 301px\" \/><\/a>Ish ministri dhe ish kryetari i UDSH-s\u00eb Ferhat Dinosha, n\u00eb nj\u00eb intervist\u00eb dh\u00ebn\u00eb portalit Analitika shprehet rreth situat\u00ebs aktuale politike t\u00eb shqiptareve n\u00eb Mal t\u00eb Zi por jo vetem, duke mos harruar t\u00eb p\u00ebrmend edhe hapat e r\u00ebnd\u00ebsish\u00ebm politik t\u00eb nd\u00ebrrmarr\u00eb nga partia e tij gjat\u00eb koh\u00ebs q\u00eb kemi l\u00ebn\u00eb pas.<\/p>\n<p>\u201cJemi partia e par\u00eb e pakicave q\u00eb ka hyr\u00eb n\u00eb qeverin\u00eb e par\u00eb demokratike t\u00eb Malit t\u00eb Zi. M\u00eb von\u00eb na u bashkuan edhe boshnjak\u00ebt dhe kroat\u00ebt kurse sot do t\u00eb d\u00ebshironin edhe disa parti shqiptare\u201c, shprehet Dinosha duke aluduar n\u00eb m\u00ebnyr\u00eb indirekte n\u00eb Forc\u00ebn e Re Demokratike.<\/p>\n<p>\u201cIniciativat tona gjithmon\u00eb kan\u00eb marr\u00eb parasysh interesin e p\u00ebrgjithsh\u00ebm t\u00eb Malit t\u00eb Zi, jo vetem interesin e shqiptareve. Th\u00ebn\u00eb m\u00eb mire, ne interesin tone nuk e kemi vendosur jasht\u00eb interesit t\u00eb p\u00ebrgjithsh\u00ebm t\u00eb Malit t\u00eb Zi\u201c, vazhdon Dinosha duke shprehur k\u00ebnaq\u00ebsin\u00eb me aktivitetin e UDSH-s\u00eb me at\u00eb \u00e7ka kan\u00eb b\u00ebr\u00eb p\u00ebr shqiptaret n\u00eb Mal t\u00eb Zi por edhe p\u00ebr shtetin e Malit t\u00eb Zi.<\/p>\n<p>Duke folur p\u00ebr ndarjen e fundit brenda UDSH-s\u00eb, Dinosha thekson se nuk b\u00ebhet fjal\u00eb p\u00ebr ndarje por p\u00ebr largim t\u00eb nj\u00eb grupi njer\u00ebzish q\u00eb mendojn\u00eb se Ulqini do ta ket\u00eb m\u00eb mire n\u00ebse largohet nga Podgorica.<br \/>\n\u201cAjo nuk ishte ndarje, ajo ishte largim i nj\u00eb grup njer\u00ebzish t\u00eb cil\u00ebt askund nuk do ta ken\u00eb m\u00eb mir\u00eb se n\u00eb UDSH. Koha do ta tregoj\u00eb se pse ata vepruan k\u00ebshtu dhe pse ishin t\u00eb gatsh\u00ebm p\u00ebr t\u00eb luajtur me vullnetin e votuesve p\u00ebr t\u00eb krijuar nj\u00eb shumic\u00eb t\u00eb re n\u00eb qeverisjen lokale. Por, m\u00ebnjeher\u00eb \u00ebsht\u00eb e qart\u00eb se p\u00ebr Ulqinin nuk \u00ebsht\u00eb mir\u00eb q\u00eb t\u00eb largohet nga Podgorica. K\u00ebt\u00eb \u00ebsht\u00eb duke e b\u00ebr\u00eb shumica e re\u201c, shprehet Dinosha. <strong>\/Ulqini Online\/<br \/>\n<\/strong><\/p>\n<h2><a href=\"http:\/\/www.ulqini-online.com\/\" target=\"_blank\"><strong>Lexo m\u00eb shum\u00eb &lt;&lt; Ulqini-Online &gt;&gt;<\/strong><\/a><\/h2>\n<p><strong><br \/>\n<\/strong><\/p>\n","protected":false},"excerpt":{"rendered":"<p>Ish ministri dhe ish kryetari i UDSH-s\u00eb Ferhat Dinosha, n\u00eb nj\u00eb intervist\u00eb dh\u00ebn\u00eb portalit Analitika shprehet rreth situat\u00ebs aktuale politike t\u00eb shqiptareve n\u00eb Mal t\u00eb Zi por jo vetem, duke mos harruar t\u00eb p\u00ebrmend edhe hapat e r\u00ebnd\u00ebsish\u00ebm politik t\u00eb nd\u00ebrrmarr\u00eb nga partia e tij gjat\u00eb koh\u00ebs q\u00eb kemi l\u00ebn\u00eb pas. \u201cJemi partia e par\u00eb [&hellip;]<\/p>\n","protected":false},"author":1,"featured_media":0,"comment_status":"open","ping_status":"closed","sticky":false,"template":"","format":"standard","meta":{"spay_email":"","jetpack_publicize_message":"","jetpack_is_tweetstorm":false,"jetpack_publicize_feature_enabled":true},"categories":[12],"tags":[97],"jetpack_publicize_connections":[],"yoast_head":"<!-- This site is optimized with the Yoast SEO plugin v19.1 - https:\/\/yoast.com\/wordpress\/plugins\/seo\/ -->\n<title>Dinosha: Ata q\u00eb ik\u00ebn nga UDSH d\u00ebshirojn\u00eb ti largohen Podgoric\u00ebs - Lajme nga Ulqini<\/title>\n<meta name=\"description\" content=\"Ish ministri dhe ish kryetari i UDSH-s\u00eb Ferhat Dinosha, n\u00eb nj\u00eb intervist\u00eb dh\u00ebn\u00eb portalit Analitika shprehet rreth situat\u00ebs aktuale politike t\u00eb shqiptareve\" \/>\n<meta name=\"robots\" content=\"index, follow, max-snippet:-1, max-image-preview:large, max-video-preview:-1\" \/>\n<link rel=\"canonical\" href=\"https:\/\/www.visit-ulcinj.com\/blog\/2011\/12\/19\/dinosha-ata-qe-iken-nga-udsh-deshirojne-ti-largohen-podgorices\/\" \/>\n<meta property=\"og:locale\" content=\"en_US\" \/>\n<meta property=\"og:type\" content=\"article\" \/>\n<meta property=\"og:title\" content=\"Dinosha: Ata q\u00eb ik\u00ebn nga UDSH d\u00ebshirojn\u00eb ti largohen Podgoric\u00ebs - Lajme nga Ulqini\" \/>\n<meta property=\"og:description\" content=\"Ish ministri dhe ish kryetari i UDSH-s\u00eb Ferhat Dinosha, n\u00eb nj\u00eb intervist\u00eb dh\u00ebn\u00eb portalit Analitika shprehet rreth situat\u00ebs aktuale politike t\u00eb shqiptareve\" \/>\n<meta property=\"og:url\" content=\"https:\/\/www.visit-ulcinj.com\/blog\/2011\/12\/19\/dinosha-ata-qe-iken-nga-udsh-deshirojne-ti-largohen-podgorices\/\" \/>\n<meta property=\"og:site_name\" content=\"Lajme nga Ulqini\" \/>\n<meta property=\"article:published_time\" content=\"2011-12-19T17:17:26+00:00\" \/>\n<meta property=\"article:modified_time\" content=\"2011-12-22T18:59:15+00:00\" \/>\n<meta property=\"og:image\" content=\"http:\/\/www.visit-ulcinj.com\/blog\/wp-content\/uploads\/2011\/12\/ferhat-dinosha.jpg\" \/>\n<meta name=\"twitter:label1\" content=\"Written by\" \/>\n\t<meta name=\"twitter:data1\" content=\"ulqini\" \/>\n\t<meta name=\"twitter:label2\" content=\"Est. reading time\" \/>\n\t<meta name=\"twitter:data2\" content=\"2 minutes\" \/>\n<script type=\"application\/ld+json\" class=\"yoast-schema-graph\">{\"@context\":\"https:\/\/schema.org\",\"@graph\":[{\"@type\":\"WebSite\",\"@id\":\"https:\/\/www.visit-ulcinj.com\/blog\/#website\",\"url\":\"https:\/\/www.visit-ulcinj.com\/blog\/\",\"name\":\"Lajme nga Ulqini\",\"description\":\"Lajme,Vijesti,Ulqini,Ulqin,Crna Gora,Mali i Zi\",\"potentialAction\":[{\"@type\":\"SearchAction\",\"target\":{\"@type\":\"EntryPoint\",\"urlTemplate\":\"https:\/\/www.visit-ulcinj.com\/blog\/?s={search_term_string}\"},\"query-input\":\"required name=search_term_string\"}],\"inLanguage\":\"en-US\"},{\"@type\":\"ImageObject\",\"inLanguage\":\"en-US\",\"@id\":\"https:\/\/www.visit-ulcinj.com\/blog\/2011\/12\/19\/dinosha-ata-qe-iken-nga-udsh-deshirojne-ti-largohen-podgorices\/#primaryimage\",\"url\":\"https:\/\/www.visit-ulcinj.com\/blog\/wp-content\/uploads\/2011\/12\/ferhat-dinosha.jpg\",\"contentUrl\":\"https:\/\/www.visit-ulcinj.com\/blog\/wp-content\/uploads\/2011\/12\/ferhat-dinosha.jpg\",\"width\":\"301\",\"height\":\"223\"},{\"@type\":\"WebPage\",\"@id\":\"https:\/\/www.visit-ulcinj.com\/blog\/2011\/12\/19\/dinosha-ata-qe-iken-nga-udsh-deshirojne-ti-largohen-podgorices\/#webpage\",\"url\":\"https:\/\/www.visit-ulcinj.com\/blog\/2011\/12\/19\/dinosha-ata-qe-iken-nga-udsh-deshirojne-ti-largohen-podgorices\/\",\"name\":\"Dinosha: Ata q\u00eb ik\u00ebn nga UDSH d\u00ebshirojn\u00eb ti largohen Podgoric\u00ebs - Lajme nga Ulqini\",\"isPartOf\":{\"@id\":\"https:\/\/www.visit-ulcinj.com\/blog\/#website\"},\"primaryImageOfPage\":{\"@id\":\"https:\/\/www.visit-ulcinj.com\/blog\/2011\/12\/19\/dinosha-ata-qe-iken-nga-udsh-deshirojne-ti-largohen-podgorices\/#primaryimage\"},\"datePublished\":\"2011-12-19T17:17:26+00:00\",\"dateModified\":\"2011-12-22T18:59:15+00:00\",\"author\":{\"@id\":\"https:\/\/www.visit-ulcinj.com\/blog\/#\/schema\/person\/dcab619c614d3038751c63bc2aadc06d\"},\"description\":\"Ish ministri dhe ish kryetari i UDSH-s\u00eb Ferhat Dinosha, n\u00eb nj\u00eb intervist\u00eb dh\u00ebn\u00eb portalit Analitika shprehet rreth situat\u00ebs aktuale politike t\u00eb shqiptareve\",\"breadcrumb\":{\"@id\":\"https:\/\/www.visit-ulcinj.com\/blog\/2011\/12\/19\/dinosha-ata-qe-iken-nga-udsh-deshirojne-ti-largohen-podgorices\/#breadcrumb\"},\"inLanguage\":\"en-US\",\"potentialAction\":[{\"@type\":\"ReadAction\",\"target\":[\"https:\/\/www.visit-ulcinj.com\/blog\/2011\/12\/19\/dinosha-ata-qe-iken-nga-udsh-deshirojne-ti-largohen-podgorices\/\"]}]},{\"@type\":\"BreadcrumbList\",\"@id\":\"https:\/\/www.visit-ulcinj.com\/blog\/2011\/12\/19\/dinosha-ata-qe-iken-nga-udsh-deshirojne-ti-largohen-podgorices\/#breadcrumb\",\"itemListElement\":[{\"@type\":\"ListItem\",\"position\":1,\"name\":\"Dinosha: Ata q\u00eb ik\u00ebn nga UDSH d\u00ebshirojn\u00eb ti largohen Podgoric\u00ebs\"}]},{\"@type\":\"Person\",\"@id\":\"https:\/\/www.visit-ulcinj.com\/blog\/#\/schema\/person\/dcab619c614d3038751c63bc2aadc06d\",\"name\":\"ulqini\",\"sameAs\":[\"http:\/\/www.visit-ulcinj.com\"],\"url\":\"https:\/\/www.visit-ulcinj.com\/blog\/author\/admin\/\"}]}<\/script>\n<!-- \/ Yoast SEO plugin. -->","yoast_head_json":{"title":"Dinosha: Ata q\u00eb ik\u00ebn nga UDSH d\u00ebshirojn\u00eb ti largohen Podgoric\u00ebs - Lajme nga Ulqini","description":"Ish ministri dhe ish kryetari i UDSH-s\u00eb Ferhat Dinosha, n\u00eb nj\u00eb intervist\u00eb dh\u00ebn\u00eb portalit Analitika shprehet rreth situat\u00ebs aktuale politike t\u00eb shqiptareve","robots":{"index":"index","follow":"follow","max-snippet":"max-snippet:-1","max-image-preview":"max-image-preview:large","max-video-preview":"max-video-preview:-1"},"canonical":"https:\/\/www.visit-ulcinj.com\/blog\/2011\/12\/19\/dinosha-ata-qe-iken-nga-udsh-deshirojne-ti-largohen-podgorices\/","og_locale":"en_US","og_type":"article","og_title":"Dinosha: Ata q\u00eb ik\u00ebn nga UDSH d\u00ebshirojn\u00eb ti largohen Podgoric\u00ebs - Lajme nga Ulqini","og_description":"Ish ministri dhe ish kryetari i UDSH-s\u00eb Ferhat Dinosha, n\u00eb nj\u00eb intervist\u00eb dh\u00ebn\u00eb portalit Analitika shprehet rreth situat\u00ebs aktuale politike t\u00eb shqiptareve","og_url":"https:\/\/www.visit-ulcinj.com\/blog\/2011\/12\/19\/dinosha-ata-qe-iken-nga-udsh-deshirojne-ti-largohen-podgorices\/","og_site_name":"Lajme nga Ulqini","article_published_time":"2011-12-19T17:17:26+00:00","article_modified_time":"2011-12-22T18:59:15+00:00","og_image":[{"url":"http:\/\/www.visit-ulcinj.com\/blog\/wp-content\/uploads\/2011\/12\/ferhat-dinosha.jpg"}],"twitter_misc":{"Written by":"ulqini","Est. reading time":"2 minutes"},"schema":{"@context":"https:\/\/schema.org","@graph":[{"@type":"WebSite","@id":"https:\/\/www.visit-ulcinj.com\/blog\/#website","url":"https:\/\/www.visit-ulcinj.com\/blog\/","name":"Lajme nga Ulqini","description":"Lajme,Vijesti,Ulqini,Ulqin,Crna Gora,Mali i Zi","potentialAction":[{"@type":"SearchAction","target":{"@type":"EntryPoint","urlTemplate":"https:\/\/www.visit-ulcinj.com\/blog\/?s={search_term_string}"},"query-input":"required name=search_term_string"}],"inLanguage":"en-US"},{"@type":"ImageObject","inLanguage":"en-US","@id":"https:\/\/www.visit-ulcinj.com\/blog\/2011\/12\/19\/dinosha-ata-qe-iken-nga-udsh-deshirojne-ti-largohen-podgorices\/#primaryimage","url":"https:\/\/www.visit-ulcinj.com\/blog\/wp-content\/uploads\/2011\/12\/ferhat-dinosha.jpg","contentUrl":"https:\/\/www.visit-ulcinj.com\/blog\/wp-content\/uploads\/2011\/12\/ferhat-dinosha.jpg","width":"301","height":"223"},{"@type":"WebPage","@id":"https:\/\/www.visit-ulcinj.com\/blog\/2011\/12\/19\/dinosha-ata-qe-iken-nga-udsh-deshirojne-ti-largohen-podgorices\/#webpage","url":"https:\/\/www.visit-ulcinj.com\/blog\/2011\/12\/19\/dinosha-ata-qe-iken-nga-udsh-deshirojne-ti-largohen-podgorices\/","name":"Dinosha: Ata q\u00eb ik\u00ebn nga UDSH d\u00ebshirojn\u00eb ti largohen Podgoric\u00ebs - Lajme nga Ulqini","isPartOf":{"@id":"https:\/\/www.visit-ulcinj.com\/blog\/#website"},"primaryImageOfPage":{"@id":"https:\/\/www.visit-ulcinj.com\/blog\/2011\/12\/19\/dinosha-ata-qe-iken-nga-udsh-deshirojne-ti-largohen-podgorices\/#primaryimage"},"datePublished":"2011-12-19T17:17:26+00:00","dateModified":"2011-12-22T18:59:15+00:00","author":{"@id":"https:\/\/www.visit-ulcinj.com\/blog\/#\/schema\/person\/dcab619c614d3038751c63bc2aadc06d"},"description":"Ish ministri dhe ish kryetari i UDSH-s\u00eb Ferhat Dinosha, n\u00eb nj\u00eb intervist\u00eb dh\u00ebn\u00eb portalit Analitika shprehet rreth situat\u00ebs aktuale politike t\u00eb shqiptareve","breadcrumb":{"@id":"https:\/\/www.visit-ulcinj.com\/blog\/2011\/12\/19\/dinosha-ata-qe-iken-nga-udsh-deshirojne-ti-largohen-podgorices\/#breadcrumb"},"inLanguage":"en-US","potentialAction":[{"@type":"ReadAction","target":["https:\/\/www.visit-ulcinj.com\/blog\/2011\/12\/19\/dinosha-ata-qe-iken-nga-udsh-deshirojne-ti-largohen-podgorices\/"]}]},{"@type":"BreadcrumbList","@id":"https:\/\/www.visit-ulcinj.com\/blog\/2011\/12\/19\/dinosha-ata-qe-iken-nga-udsh-deshirojne-ti-largohen-podgorices\/#breadcrumb","itemListElement":[{"@type":"ListItem","position":1,"name":"Dinosha: Ata q\u00eb ik\u00ebn nga UDSH d\u00ebshirojn\u00eb ti largohen Podgoric\u00ebs"}]},{"@type":"Person","@id":"https:\/\/www.visit-ulcinj.com\/blog\/#\/schema\/person\/dcab619c614d3038751c63bc2aadc06d","name":"ulqini","sameAs":["http:\/\/www.visit-ulcinj.com"],"url":"https:\/\/www.visit-ulcinj.com\/blog\/author\/admin\/"}]}},"jetpack_featured_media_url":"","jetpack_sharing_enabled":true,"jetpack_shortlink":"https:\/\/wp.me\/pe6lTn-ecm","_links":{"self":[{"href":"https:\/\/www.visit-ulcinj.com\/blog\/wp-json\/wp\/v2\/posts\/54582"}],"collection":[{"href":"https:\/\/www.visit-ulcinj.com\/blog\/wp-json\/wp\/v2\/posts"}],"about":[{"href":"https:\/\/www.visit-ulcinj.com\/blog\/wp-json\/wp\/v2\/types\/post"}],"author":[{"embeddable":true,"href":"https:\/\/www.visit-ulcinj.com\/blog\/wp-json\/wp\/v2\/users\/1"}],"replies":[{"embeddable":true,"href":"https:\/\/www.visit-ulcinj.com\/blog\/wp-json\/wp\/v2\/comments?post=54582"}],"version-history":[{"count":2,"href":"https:\/\/www.visit-ulcinj.com\/blog\/wp-json\/wp\/v2\/posts\/54582\/revisions"}],"predecessor-version":[{"id":54772,"href":"https:\/\/www.visit-ulcinj.com\/blog\/wp-json\/wp\/v2\/posts\/54582\/revisions\/54772"}],"wp:attachment":[{"href":"https:\/\/www.visit-ulcinj.com\/blog\/wp-json\/wp\/v2\/media?parent=54582"}],"wp:term":[{"taxonomy":"category","embeddable":true,"href":"https:\/\/www.visit-ulcinj.com\/blog\/wp-json\/wp\/v2\/categories?post=54582"},{"taxonomy":"post_tag","embeddable":true,"href":"https:\/\/www.visit-ulcinj.com\/blog\/wp-json\/wp\/v2\/tags?post=54582"}],"curies":[{"name":"wp","href":"https:\/\/api.w.org\/{rel}","templated":true}]}}