{"id":54587,"date":"2011-12-19T19:02:46","date_gmt":"2011-12-19T18:02:46","guid":{"rendered":"http:\/\/www.visit-ulcinj.com\/blog\/?p=54587"},"modified":"2011-12-26T11:35:19","modified_gmt":"2011-12-26T10:35:19","slug":"100-vjetori-i-lindjes-ulqini-perkujton-poet-migjenin","status":"publish","type":"post","link":"https:\/\/www.visit-ulcinj.com\/blog\/2011\/12\/19\/100-vjetori-i-lindjes-ulqini-perkujton-poet-migjenin\/","title":{"rendered":"100-vjetori i lindjes, Ulqini p\u00ebrkujton poet Migjenin"},"content":{"rendered":"<p><a href=\"http:\/\/www.visit-ulcinj.com\/blog\/wp-content\/uploads\/2011\/12\/n%C3%AB-Ulqinorganizator-Fondacioni-Studentishoqata-Ora-dhe-biblioteka-Ulqin.jpg\"><img loading=\"lazy\" class=\"alignleft size-full wp-image-54588\" title=\"n\u00eb Ulqin,organizator Fondacioni Studenti,shoqata Ora dhe biblioteka Ulqin\" src=\"http:\/\/www.visit-ulcinj.com\/blog\/wp-content\/uploads\/2011\/12\/n%C3%AB-Ulqinorganizator-Fondacioni-Studentishoqata-Ora-dhe-biblioteka-Ulqin.jpg\" alt=\"\" width=\"508\" height=\"380\" \/><\/a>Pas shum\u00eb debatesh mediatike mbi harres\u00ebn q\u00eb i b\u00ebhet poetit t\u00eb mjerimit Millosh Gjergj Nikolla Migjeni, n\u00eb Ulqin,organizator\u00ebt Fondacioni Studenti,shoqata Ora dhe biblioteka Ulqin kan\u00eb mbajtur konferenc\u00ebn shkencore me rastin e 100-vjetorit t\u00eb lindjes s\u00eb poetit.<\/p>\n<p>P\u00ebr krijimtarin\u00eb e Migjenit ka folur prof. dr. Alfred \u00c7apaliku, pedagog i let\u00ebrsis\u00eb n\u00eb Universitetin \u201cLuigj Gurakuqi\u201d n\u00eb Shkod\u00ebr dhe mr. Haxhi Shabani, shkrimtar dhe studiues i gjuh\u00ebs. Gjat\u00eb mbr\u00ebmjes u lexuan pjes\u00eb nga krijimtaria e Migjenit.<\/p>\n<p>Me nj\u00eb mbr\u00ebmje letrare t\u00eb organizuar\u00a0nga Fondacioni \u201cStudenti\u201d dhe Organizata\u00a0joqeveritare \u201cOra\u201d, n\u00eb bashk\u00ebpunim\u00a0me Bibliotek\u00ebn e Qytetit \u2013 Qendr\u00ebn e\u00a0Kultur\u00ebs n\u00eb Ulqin, t\u00eb shtun\u00ebn u sh\u00ebnua\u00a0100-vjetori i lindjes s\u00eb shkrimtarit Millosh\u00a0Gjergj Nikolla \u2013 Migjeni.\u00a0P\u00ebr krijimtarin\u00eb e Migjenit fol\u00ebn prof.\u00a0dr. Alfred \u00c7apaliku, pedagog i let\u00ebrsis\u00eb\u00a0n\u00eb Universitetin \u201cLuigj Gurakuqi\u201d n\u00eb\u00a0Shkod\u00ebr dhe mr. Haxhi Shabani, shkrimtar\u00a0dhe studiues.\u00a0\u00c7apaliku tha se Migjeni na shfaqet si emblem\u00eb\u00a0bashk\u00ebkohore arti n\u00eb saj\u00eb t\u00eb pen\u00ebs\u00a0s\u00eb art\u00eb t\u00eb tij.\u00a0\u201cMe nj\u00eb optik\u00eb t\u00eb ve\u00e7ant\u00eb shikimi dhe me\u00a0mjete t\u00eb reja shpreh\u00ebse, Migjeni erdhi si\u00a0novator magjeps\u00ebs n\u00eb let\u00ebrsi dhe u kthye\u00a0n\u00eb tradit\u00eb t\u00eb \u00e7muar p\u00ebr brezat e ardhsh\u00ebm\u00a0krijues\u201d, tha ai.\u00a0Duke konstatuar se Migjeni ishte dhe vazhdon t\u00eb jet\u00eb nj\u00eb nd\u00ebr shkrimtar\u00ebt\u00a0shqiptar\u00eb m\u00eb t\u00eb p\u00ebrkthyer n\u00eb bot\u00eb, \u00c7apaliku\u00a0theksoi se vepra e Migjenit e lindur\u00a0n\u00eb pluralizmin e viteve \u201930 vazhdon\u00a0t\u00eb vler\u00ebsohet edhe sot n\u00eb pluralizmin e\u00a0pas viteve \u201990 n\u00eb panteonin e kultur\u00ebs\u00a0shqiptare.\u00a0\u201cMigjeni u b\u00eb pararend\u00ebs i nj\u00eb brezi\u00a0talent\u00ebsh t\u00eb rinj. Ai b\u00ebri nj\u00eb hap t\u00eb guximsh\u00ebm\u00a0p\u00ebrpara n\u00eb zhvillimin cil\u00ebsor\u00a0t\u00eb let\u00ebrsis\u00eb nga nj\u00eb periudh\u00eb kryesisht\u00a0romantike, patriotike, n\u00eb nj\u00eb tjet\u00ebr\u00a0shoq\u00ebrore, realiste e kritike, duke e pasuruar\u00a0tradit\u00ebn ekzistuese me elemente\u00a0t\u00eb reja shpreh\u00ebse\u201d, tha ai.\u00a0Studiuesi Haxhi Shabani e rendit Migjenin,\u00a0krahas Naim Frash\u00ebrit, Fan Nolit, Lasgush\u00a0Poradecit dhe Ismail Kadares\u00eb, n\u00eb\u00a0mesin e atyre autor\u00ebve shqiptar\u00eb, q\u00eb\u00a0sipas tij p\u00ebrb\u00ebjn\u00eb let\u00ebrsin\u00eb sip\u00ebrore shqiptare Sipas tij, k\u00ebta pes\u00eb shkrimtar\u00eb t\u00eb let\u00ebrsis\u00eb\u00a0shqipe kan\u00eb arritur majat e saj duke\u00a0e b\u00ebr\u00eb at\u00eb t\u00eb konkurrueshme me vlerat\u00a0m\u00eb t\u00eb mira t\u00eb let\u00ebrsive t\u00eb popujve dhe\u00a0gjuh\u00ebve t\u00eb ndryshme.\u00a0Shabani tha se Migjeni, \u201cpoeti djal\u00eb i\u00a0let\u00ebrsis\u00eb shqiptare\u201d, p\u00ebr t\u00eb rejat q\u00eb solli n\u00eb\u00a0k\u00ebt\u00eb let\u00ebrsi, do t\u00eb mbes\u00eb p\u00ebrher\u00eb i k\u00ebtill\u00eb.\u00a0Ai tha se q\u00eb me \u201cVargjet e lira\u201d, Migjeni\u00a0paralajm\u00ebroi \u201cshk\u00ebputjen e madhe nga\u00a0let\u00ebrsia e nj\u00ebtrajtshme e deriat\u00ebhershme\u00a0shqiptare\u201d.\u00a0Gjat\u00eb mbr\u00ebmjes u lexuan dhe u recituan\u00a0pjes\u00eb nga krijimtaria e Migjenit.\u00a0100-vjetori i lindjes s\u00eb Migjenit \u00ebsht\u00eb\u00a0sh\u00ebnuar me aktivitete t\u00eb ndryshme n\u00eb\u00a0mbar\u00eb hap\u00ebsir\u00ebn shqiptare. N\u00eb k\u00ebt\u00eb vit\u00a0jubilar jan\u00eb botuar disa libra p\u00ebr Migjenin,\u00a0jan\u00eb organizuar konferenca shkencore\u00a0dhe jan\u00eb realizuar filma dokumentar\u00eb.<\/p>\n<p><strong>Kohapress<\/strong><\/p>\n<p>Millosh Gjergj Nikolla i njohur si Migjeni lindi m\u00eb 13 tetor 1911 n\u00eb Shkod\u00ebr dhe vdiq m\u00eb 26 gusht 1938 n\u00eb mosh\u00ebn 27-vje\u00e7are n\u00eb nj\u00eb sanatorium pran\u00eb Torinos n\u00eb Torre Pellice.<\/p>\n<p>Arsimin fillor e mori n\u00eb qytetin e lindjes n\u00eb nj\u00eb shkoll\u00eb serbo-ortodokse dhe nga 1923 deri m\u00eb 1925 u arsimua n\u00eb Tivar, ku e motra Lenka ishte shp\u00ebrngulur<\/p>\n<p>M\u00eb 1928-1932 ndoqi m\u00ebsimet e mesme teologjike n\u00eb Manastir. Shkrimet e para i botoi m\u00eb 1934, bashk\u00ebpunoi n\u00eb revistat \u201cIliria\u201d, \u201cBota e re\u201d etj. M\u00eb 1936 veprat e veta poetike i p\u00ebrmblodhi n\u00eb librin \u201cVargje t\u00eb lira\u201d.<\/p>\n<p>N\u00eb poezit\u00eb e para, si \u201cZgjimi\u201d, \u201cT\u00eb birt\u2019 e shekullit t\u00eb ri\u201d, \u201cShk\u00ebndija\u201d, \u201cShpirt\u00ebnit shtegtar\u00eb\u201d etj. Vepra e tij e plot\u00eb botohet p\u00ebrfundimisht n\u00eb vitin 1957.<\/p>\n<p><strong>Lajme nga Ulqini<\/strong><br \/>\n<strong>Autori i fotografive \u00ebsht\u00eb Din Zeneli<\/strong> <a href=\"https:\/\/www.facebook.com\/media\/set\/?set=a.264508766944599.67818.100001564340764&amp;type=3\" target=\"_blank\"><strong>&#8211;\u00a0 Ana E Malit Tradita Facebook<\/strong><\/a><br \/>\n\n\t\t<style type=\"text\/css\">\n\t\t\t#gallery-1 {\n\t\t\t\tmargin: auto;\n\t\t\t}\n\t\t\t#gallery-1 .gallery-item {\n\t\t\t\tfloat: left;\n\t\t\t\tmargin-top: 10px;\n\t\t\t\ttext-align: center;\n\t\t\t\twidth: 33%;\n\t\t\t}\n\t\t\t#gallery-1 img {\n\t\t\t\tborder: 2px solid #cfcfcf;\n\t\t\t}\n\t\t\t#gallery-1 .gallery-caption {\n\t\t\t\tmargin-left: 0;\n\t\t\t}\n\t\t\t\/* see gallery_shortcode() in wp-includes\/media.php *\/\n\t\t<\/style>\n\t\t<div id='gallery-1' class='gallery galleryid-54587 gallery-columns-3 gallery-size-thumbnail'><dl class='gallery-item'>\n\t\t\t<dt class='gallery-icon landscape'>\n\t\t\t\t<a href='https:\/\/www.visit-ulcinj.com\/blog\/wp-content\/uploads\/2011\/12\/n\u00eb-Ulqinorganizator-Fondacioni-Studentishoqata-Ora-dhe-biblioteka-Ulqin.jpg'><img width=\"150\" height=\"150\" src=\"https:\/\/www.visit-ulcinj.com\/blog\/wp-content\/uploads\/2011\/12\/n\u00eb-Ulqinorganizator-Fondacioni-Studentishoqata-Ora-dhe-biblioteka-Ulqin-150x150.jpg\" class=\"attachment-thumbnail size-thumbnail\" alt=\"\" loading=\"lazy\" \/><\/a>\n\t\t\t<\/dt><\/dl><dl class='gallery-item'>\n\t\t\t<dt class='gallery-icon landscape'>\n\t\t\t\t<a href='https:\/\/www.visit-ulcinj.com\/blog\/wp-content\/uploads\/2011\/12\/100-vjetori-i-lindjes-Ulqini-p\u00ebrkujton-poet-Migjenin.1.jpg'><img width=\"150\" height=\"150\" src=\"https:\/\/www.visit-ulcinj.com\/blog\/wp-content\/uploads\/2011\/12\/100-vjetori-i-lindjes-Ulqini-p\u00ebrkujton-poet-Migjenin.1-150x150.jpg\" class=\"attachment-thumbnail size-thumbnail\" alt=\"\" loading=\"lazy\" \/><\/a>\n\t\t\t<\/dt><\/dl><dl class='gallery-item'>\n\t\t\t<dt class='gallery-icon landscape'>\n\t\t\t\t<a href='https:\/\/www.visit-ulcinj.com\/blog\/wp-content\/uploads\/2011\/12\/100-vjetori-i-lindjes-Ulqini-p\u00ebrkujton-poet-Migjenin.2.jpg'><img width=\"150\" height=\"150\" src=\"https:\/\/www.visit-ulcinj.com\/blog\/wp-content\/uploads\/2011\/12\/100-vjetori-i-lindjes-Ulqini-p\u00ebrkujton-poet-Migjenin.2-150x150.jpg\" class=\"attachment-thumbnail size-thumbnail\" alt=\"\" loading=\"lazy\" \/><\/a>\n\t\t\t<\/dt><\/dl><br style=\"clear: both\" \/><dl class='gallery-item'>\n\t\t\t<dt class='gallery-icon landscape'>\n\t\t\t\t<a href='https:\/\/www.visit-ulcinj.com\/blog\/wp-content\/uploads\/2011\/12\/100-vjetori-i-lindjes-Ulqini-p\u00ebrkujton-poet-Migjenin.3.jpg'><img width=\"150\" height=\"150\" src=\"https:\/\/www.visit-ulcinj.com\/blog\/wp-content\/uploads\/2011\/12\/100-vjetori-i-lindjes-Ulqini-p\u00ebrkujton-poet-Migjenin.3-150x150.jpg\" class=\"attachment-thumbnail size-thumbnail\" alt=\"\" loading=\"lazy\" \/><\/a>\n\t\t\t<\/dt><\/dl><dl class='gallery-item'>\n\t\t\t<dt class='gallery-icon landscape'>\n\t\t\t\t<a href='https:\/\/www.visit-ulcinj.com\/blog\/wp-content\/uploads\/2011\/12\/100-vjetori-i-lindjes-Ulqini-p\u00ebrkujton-poet-Migjenin.4.jpg'><img width=\"150\" height=\"150\" src=\"https:\/\/www.visit-ulcinj.com\/blog\/wp-content\/uploads\/2011\/12\/100-vjetori-i-lindjes-Ulqini-p\u00ebrkujton-poet-Migjenin.4-150x150.jpg\" class=\"attachment-thumbnail size-thumbnail\" alt=\"\" loading=\"lazy\" \/><\/a>\n\t\t\t<\/dt><\/dl><dl class='gallery-item'>\n\t\t\t<dt class='gallery-icon landscape'>\n\t\t\t\t<a href='https:\/\/www.visit-ulcinj.com\/blog\/wp-content\/uploads\/2011\/12\/100-vjetori-i-lindjes-Ulqini-p\u00ebrkujton-poet-Migjenin.5.jpg'><img width=\"150\" height=\"150\" src=\"https:\/\/www.visit-ulcinj.com\/blog\/wp-content\/uploads\/2011\/12\/100-vjetori-i-lindjes-Ulqini-p\u00ebrkujton-poet-Migjenin.5-150x150.jpg\" class=\"attachment-thumbnail size-thumbnail\" alt=\"\" loading=\"lazy\" \/><\/a>\n\t\t\t<\/dt><\/dl><br style=\"clear: both\" \/><dl class='gallery-item'>\n\t\t\t<dt class='gallery-icon landscape'>\n\t\t\t\t<a href='https:\/\/www.visit-ulcinj.com\/blog\/wp-content\/uploads\/2011\/12\/100-vjetori-i-lindjes-Ulqini-p\u00ebrkujton-poet-Migjenin.6.jpg'><img width=\"150\" height=\"150\" src=\"https:\/\/www.visit-ulcinj.com\/blog\/wp-content\/uploads\/2011\/12\/100-vjetori-i-lindjes-Ulqini-p\u00ebrkujton-poet-Migjenin.6-150x150.jpg\" class=\"attachment-thumbnail size-thumbnail\" alt=\"\" loading=\"lazy\" \/><\/a>\n\t\t\t<\/dt><\/dl><dl class='gallery-item'>\n\t\t\t<dt class='gallery-icon landscape'>\n\t\t\t\t<a href='https:\/\/www.visit-ulcinj.com\/blog\/wp-content\/uploads\/2011\/12\/100-vjetori-i-lindjes-Ulqini-p\u00ebrkujton-poet-Migjenin.7.jpg'><img width=\"150\" height=\"150\" src=\"https:\/\/www.visit-ulcinj.com\/blog\/wp-content\/uploads\/2011\/12\/100-vjetori-i-lindjes-Ulqini-p\u00ebrkujton-poet-Migjenin.7-150x150.jpg\" class=\"attachment-thumbnail size-thumbnail\" alt=\"\" loading=\"lazy\" \/><\/a>\n\t\t\t<\/dt><\/dl><dl class='gallery-item'>\n\t\t\t<dt class='gallery-icon landscape'>\n\t\t\t\t<a href='https:\/\/www.visit-ulcinj.com\/blog\/wp-content\/uploads\/2011\/12\/100-vjetori-i-lindjes-Ulqini-p\u00ebrkujton-poet-Migjenin.8.jpg'><img width=\"150\" height=\"150\" src=\"https:\/\/www.visit-ulcinj.com\/blog\/wp-content\/uploads\/2011\/12\/100-vjetori-i-lindjes-Ulqini-p\u00ebrkujton-poet-Migjenin.8-150x150.jpg\" class=\"attachment-thumbnail size-thumbnail\" alt=\"\" loading=\"lazy\" \/><\/a>\n\t\t\t<\/dt><\/dl><br style=\"clear: both\" \/><dl class='gallery-item'>\n\t\t\t<dt class='gallery-icon landscape'>\n\t\t\t\t<a href='https:\/\/www.visit-ulcinj.com\/blog\/wp-content\/uploads\/2011\/12\/100-vjetori-i-lindjes-Ulqini-p\u00ebrkujton-poet-Migjenin.9.jpg'><img width=\"150\" height=\"150\" src=\"https:\/\/www.visit-ulcinj.com\/blog\/wp-content\/uploads\/2011\/12\/100-vjetori-i-lindjes-Ulqini-p\u00ebrkujton-poet-Migjenin.9-150x150.jpg\" class=\"attachment-thumbnail size-thumbnail\" alt=\"\" loading=\"lazy\" \/><\/a>\n\t\t\t<\/dt><\/dl><dl class='gallery-item'>\n\t\t\t<dt class='gallery-icon landscape'>\n\t\t\t\t<a href='https:\/\/www.visit-ulcinj.com\/blog\/wp-content\/uploads\/2011\/12\/100-vjetori-i-lindjes-Ulqini-p\u00ebrkujton-poet-Migjenin.10.jpg'><img width=\"150\" height=\"150\" src=\"https:\/\/www.visit-ulcinj.com\/blog\/wp-content\/uploads\/2011\/12\/100-vjetori-i-lindjes-Ulqini-p\u00ebrkujton-poet-Migjenin.10-150x150.jpg\" class=\"attachment-thumbnail size-thumbnail\" alt=\"\" loading=\"lazy\" \/><\/a>\n\t\t\t<\/dt><\/dl><dl class='gallery-item'>\n\t\t\t<dt class='gallery-icon landscape'>\n\t\t\t\t<a href='https:\/\/www.visit-ulcinj.com\/blog\/wp-content\/uploads\/2011\/12\/100-vjetori-i-lindjes-Ulqini-p\u00ebrkujton-poet-Migjenin.11.jpg'><img width=\"150\" height=\"150\" src=\"https:\/\/www.visit-ulcinj.com\/blog\/wp-content\/uploads\/2011\/12\/100-vjetori-i-lindjes-Ulqini-p\u00ebrkujton-poet-Migjenin.11-150x150.jpg\" class=\"attachment-thumbnail size-thumbnail\" alt=\"\" loading=\"lazy\" \/><\/a>\n\t\t\t<\/dt><\/dl><br style=\"clear: both\" \/><dl class='gallery-item'>\n\t\t\t<dt class='gallery-icon landscape'>\n\t\t\t\t<a href='https:\/\/www.visit-ulcinj.com\/blog\/wp-content\/uploads\/2011\/12\/100-vjetori-i-lindjes-Ulqini-p\u00ebrkujton-poet-Migjenin.12.jpg'><img width=\"150\" height=\"150\" src=\"https:\/\/www.visit-ulcinj.com\/blog\/wp-content\/uploads\/2011\/12\/100-vjetori-i-lindjes-Ulqini-p\u00ebrkujton-poet-Migjenin.12-150x150.jpg\" class=\"attachment-thumbnail size-thumbnail\" alt=\"\" loading=\"lazy\" \/><\/a>\n\t\t\t<\/dt><\/dl><dl class='gallery-item'>\n\t\t\t<dt class='gallery-icon landscape'>\n\t\t\t\t<a href='https:\/\/www.visit-ulcinj.com\/blog\/wp-content\/uploads\/2011\/12\/100-vjetori-i-lindjes-Ulqini-p\u00ebrkujton-poet-Migjenin.13.jpg'><img width=\"150\" height=\"150\" src=\"https:\/\/www.visit-ulcinj.com\/blog\/wp-content\/uploads\/2011\/12\/100-vjetori-i-lindjes-Ulqini-p\u00ebrkujton-poet-Migjenin.13-150x150.jpg\" class=\"attachment-thumbnail size-thumbnail\" alt=\"\" loading=\"lazy\" \/><\/a>\n\t\t\t<\/dt><\/dl><dl class='gallery-item'>\n\t\t\t<dt class='gallery-icon landscape'>\n\t\t\t\t<a href='https:\/\/www.visit-ulcinj.com\/blog\/wp-content\/uploads\/2011\/12\/100-vjetori-i-lindjes-Ulqini-p\u00ebrkujton-poet-Migjenin.14.jpg'><img width=\"150\" height=\"150\" src=\"https:\/\/www.visit-ulcinj.com\/blog\/wp-content\/uploads\/2011\/12\/100-vjetori-i-lindjes-Ulqini-p\u00ebrkujton-poet-Migjenin.14-150x150.jpg\" class=\"attachment-thumbnail size-thumbnail\" alt=\"\" loading=\"lazy\" \/><\/a>\n\t\t\t<\/dt><\/dl><br style=\"clear: both\" \/>\n\t\t<\/div>\n<\/p>\n","protected":false},"excerpt":{"rendered":"<p>Pas shum\u00eb debatesh mediatike mbi harres\u00ebn q\u00eb i b\u00ebhet poetit t\u00eb mjerimit Millosh Gjergj Nikolla Migjeni, n\u00eb Ulqin,organizator\u00ebt Fondacioni Studenti,shoqata Ora dhe biblioteka Ulqin kan\u00eb mbajtur konferenc\u00ebn shkencore me rastin e 100-vjetorit t\u00eb lindjes s\u00eb poetit. P\u00ebr krijimtarin\u00eb e Migjenit ka folur prof. dr. Alfred \u00c7apaliku, pedagog i let\u00ebrsis\u00eb n\u00eb Universitetin \u201cLuigj Gurakuqi\u201d n\u00eb Shkod\u00ebr [&hellip;]<\/p>\n","protected":false},"author":1,"featured_media":0,"comment_status":"open","ping_status":"closed","sticky":false,"template":"","format":"standard","meta":{"spay_email":"","jetpack_publicize_message":"","jetpack_is_tweetstorm":false,"jetpack_publicize_feature_enabled":true},"categories":[4],"tags":[14351,17828,17834,18370,17811,14352,17831,18362,15136,14353,17808,17401,14354,12340,14355,17840,17839,18363,19585,17835,17814,17810,17816,14356,17071,17807,3730,3516,14652,3511,15139,17837,17827,10203,14358,222,17802,17812,17803,17820,17825,17817,211,17805,22011,305,19584,3490,17823,17832,19586,14359,3506,17818,3499,214,17680,14360,14361,16210,17402,14362,19541,14363,18371,194,19501,3507,17800,498,3717,3500,1762,4625,115,14364,119,22008,17799,3327,15140,17841,17826,15213,18236,13230,3512,17806,729,11648,18289,17838,95,19583,17813,19587,17804,14365,15141,5678,17836,14366,79,17073,18369,1653,1909,17815,14367,17801,18360,19543,17822,14368,14369,19542,17824,14370,18291,10472,2083,3231,14371,41,3617,15143,14372,14373,14374,17844,17821,18372,17830,17077,2800,18295,14375,17833,17829,899,200,18,17819,17809,14376],"jetpack_publicize_connections":[],"yoast_head":"<!-- This site is optimized with the Yoast SEO plugin v19.1 - https:\/\/yoast.com\/wordpress\/plugins\/seo\/ -->\n<title>100-vjetori i lindjes, Ulqini p\u00ebrkujton poet Migjenin - Lajme nga Ulqini<\/title>\n<meta name=\"description\" content=\"Pas shum\u00eb debatesh mediatike mbi harres\u00ebn q\u00eb i b\u00ebhet poetit t\u00eb mjerimit Millosh Gjergj Nikolla Migjeni, n\u00eb Ulqin,organizator\u00ebt Fondacioni Studenti,shoqata\" \/>\n<meta name=\"robots\" content=\"index, follow, max-snippet:-1, max-image-preview:large, max-video-preview:-1\" \/>\n<link rel=\"canonical\" href=\"https:\/\/www.visit-ulcinj.com\/blog\/2011\/12\/19\/100-vjetori-i-lindjes-ulqini-perkujton-poet-migjenin\/\" \/>\n<meta property=\"og:locale\" content=\"en_US\" \/>\n<meta property=\"og:type\" content=\"article\" \/>\n<meta property=\"og:title\" content=\"100-vjetori i lindjes, Ulqini p\u00ebrkujton poet Migjenin - Lajme nga Ulqini\" \/>\n<meta property=\"og:description\" content=\"Pas shum\u00eb debatesh mediatike mbi harres\u00ebn q\u00eb i b\u00ebhet poetit t\u00eb mjerimit Millosh Gjergj Nikolla Migjeni, n\u00eb Ulqin,organizator\u00ebt Fondacioni Studenti,shoqata\" \/>\n<meta property=\"og:url\" content=\"https:\/\/www.visit-ulcinj.com\/blog\/2011\/12\/19\/100-vjetori-i-lindjes-ulqini-perkujton-poet-migjenin\/\" \/>\n<meta property=\"og:site_name\" content=\"Lajme nga Ulqini\" \/>\n<meta property=\"article:published_time\" content=\"2011-12-19T18:02:46+00:00\" \/>\n<meta property=\"article:modified_time\" content=\"2011-12-26T10:35:19+00:00\" \/>\n<meta property=\"og:image\" content=\"https:\/\/www.visit-ulcinj.com\/blog\/wp-content\/uploads\/2011\/12\/n\u00eb-Ulqinorganizator-Fondacioni-Studentishoqata-Ora-dhe-biblioteka-Ulqin-150x150.jpg\" \/>\n<meta name=\"twitter:label1\" content=\"Written by\" \/>\n\t<meta name=\"twitter:data1\" content=\"ulqini\" \/>\n\t<meta name=\"twitter:label2\" content=\"Est. reading time\" \/>\n\t<meta name=\"twitter:data2\" content=\"3 minutes\" \/>\n<script type=\"application\/ld+json\" class=\"yoast-schema-graph\">{\"@context\":\"https:\/\/schema.org\",\"@graph\":[{\"@type\":\"WebSite\",\"@id\":\"https:\/\/www.visit-ulcinj.com\/blog\/#website\",\"url\":\"https:\/\/www.visit-ulcinj.com\/blog\/\",\"name\":\"Lajme nga Ulqini\",\"description\":\"Lajme,Vijesti,Ulqini,Ulqin,Crna Gora,Mali i Zi\",\"potentialAction\":[{\"@type\":\"SearchAction\",\"target\":{\"@type\":\"EntryPoint\",\"urlTemplate\":\"https:\/\/www.visit-ulcinj.com\/blog\/?s={search_term_string}\"},\"query-input\":\"required name=search_term_string\"}],\"inLanguage\":\"en-US\"},{\"@type\":\"ImageObject\",\"inLanguage\":\"en-US\",\"@id\":\"https:\/\/www.visit-ulcinj.com\/blog\/2011\/12\/19\/100-vjetori-i-lindjes-ulqini-perkujton-poet-migjenin\/#primaryimage\",\"url\":\"http:\/\/www.visit-ulcinj.com\/blog\/wp-content\/uploads\/2011\/12\/n%C3%AB-Ulqinorganizator-Fondacioni-Studentishoqata-Ora-dhe-biblioteka-Ulqin.jpg\",\"contentUrl\":\"http:\/\/www.visit-ulcinj.com\/blog\/wp-content\/uploads\/2011\/12\/n%C3%AB-Ulqinorganizator-Fondacioni-Studentishoqata-Ora-dhe-biblioteka-Ulqin.jpg\"},{\"@type\":\"WebPage\",\"@id\":\"https:\/\/www.visit-ulcinj.com\/blog\/2011\/12\/19\/100-vjetori-i-lindjes-ulqini-perkujton-poet-migjenin\/#webpage\",\"url\":\"https:\/\/www.visit-ulcinj.com\/blog\/2011\/12\/19\/100-vjetori-i-lindjes-ulqini-perkujton-poet-migjenin\/\",\"name\":\"100-vjetori i lindjes, Ulqini p\u00ebrkujton poet Migjenin - Lajme nga Ulqini\",\"isPartOf\":{\"@id\":\"https:\/\/www.visit-ulcinj.com\/blog\/#website\"},\"primaryImageOfPage\":{\"@id\":\"https:\/\/www.visit-ulcinj.com\/blog\/2011\/12\/19\/100-vjetori-i-lindjes-ulqini-perkujton-poet-migjenin\/#primaryimage\"},\"datePublished\":\"2011-12-19T18:02:46+00:00\",\"dateModified\":\"2011-12-26T10:35:19+00:00\",\"author\":{\"@id\":\"https:\/\/www.visit-ulcinj.com\/blog\/#\/schema\/person\/dcab619c614d3038751c63bc2aadc06d\"},\"description\":\"Pas shum\u00eb debatesh mediatike mbi harres\u00ebn q\u00eb i b\u00ebhet poetit t\u00eb mjerimit Millosh Gjergj Nikolla Migjeni, n\u00eb Ulqin,organizator\u00ebt Fondacioni Studenti,shoqata\",\"breadcrumb\":{\"@id\":\"https:\/\/www.visit-ulcinj.com\/blog\/2011\/12\/19\/100-vjetori-i-lindjes-ulqini-perkujton-poet-migjenin\/#breadcrumb\"},\"inLanguage\":\"en-US\",\"potentialAction\":[{\"@type\":\"ReadAction\",\"target\":[\"https:\/\/www.visit-ulcinj.com\/blog\/2011\/12\/19\/100-vjetori-i-lindjes-ulqini-perkujton-poet-migjenin\/\"]}]},{\"@type\":\"BreadcrumbList\",\"@id\":\"https:\/\/www.visit-ulcinj.com\/blog\/2011\/12\/19\/100-vjetori-i-lindjes-ulqini-perkujton-poet-migjenin\/#breadcrumb\",\"itemListElement\":[{\"@type\":\"ListItem\",\"position\":1,\"name\":\"100-vjetori i lindjes, Ulqini p\u00ebrkujton poet Migjenin\"}]},{\"@type\":\"Person\",\"@id\":\"https:\/\/www.visit-ulcinj.com\/blog\/#\/schema\/person\/dcab619c614d3038751c63bc2aadc06d\",\"name\":\"ulqini\",\"sameAs\":[\"http:\/\/www.visit-ulcinj.com\"],\"url\":\"https:\/\/www.visit-ulcinj.com\/blog\/author\/admin\/\"}]}<\/script>\n<!-- \/ Yoast SEO plugin. -->","yoast_head_json":{"title":"100-vjetori i lindjes, Ulqini p\u00ebrkujton poet Migjenin - Lajme nga Ulqini","description":"Pas shum\u00eb debatesh mediatike mbi harres\u00ebn q\u00eb i b\u00ebhet poetit t\u00eb mjerimit Millosh Gjergj Nikolla Migjeni, n\u00eb Ulqin,organizator\u00ebt Fondacioni Studenti,shoqata","robots":{"index":"index","follow":"follow","max-snippet":"max-snippet:-1","max-image-preview":"max-image-preview:large","max-video-preview":"max-video-preview:-1"},"canonical":"https:\/\/www.visit-ulcinj.com\/blog\/2011\/12\/19\/100-vjetori-i-lindjes-ulqini-perkujton-poet-migjenin\/","og_locale":"en_US","og_type":"article","og_title":"100-vjetori i lindjes, Ulqini p\u00ebrkujton poet Migjenin - Lajme nga Ulqini","og_description":"Pas shum\u00eb debatesh mediatike mbi harres\u00ebn q\u00eb i b\u00ebhet poetit t\u00eb mjerimit Millosh Gjergj Nikolla Migjeni, n\u00eb Ulqin,organizator\u00ebt Fondacioni Studenti,shoqata","og_url":"https:\/\/www.visit-ulcinj.com\/blog\/2011\/12\/19\/100-vjetori-i-lindjes-ulqini-perkujton-poet-migjenin\/","og_site_name":"Lajme nga Ulqini","article_published_time":"2011-12-19T18:02:46+00:00","article_modified_time":"2011-12-26T10:35:19+00:00","og_image":[{"url":"https:\/\/www.visit-ulcinj.com\/blog\/wp-content\/uploads\/2011\/12\/n\u00eb-Ulqinorganizator-Fondacioni-Studentishoqata-Ora-dhe-biblioteka-Ulqin-150x150.jpg"}],"twitter_misc":{"Written by":"ulqini","Est. reading time":"3 minutes"},"schema":{"@context":"https:\/\/schema.org","@graph":[{"@type":"WebSite","@id":"https:\/\/www.visit-ulcinj.com\/blog\/#website","url":"https:\/\/www.visit-ulcinj.com\/blog\/","name":"Lajme nga Ulqini","description":"Lajme,Vijesti,Ulqini,Ulqin,Crna Gora,Mali i Zi","potentialAction":[{"@type":"SearchAction","target":{"@type":"EntryPoint","urlTemplate":"https:\/\/www.visit-ulcinj.com\/blog\/?s={search_term_string}"},"query-input":"required name=search_term_string"}],"inLanguage":"en-US"},{"@type":"ImageObject","inLanguage":"en-US","@id":"https:\/\/www.visit-ulcinj.com\/blog\/2011\/12\/19\/100-vjetori-i-lindjes-ulqini-perkujton-poet-migjenin\/#primaryimage","url":"http:\/\/www.visit-ulcinj.com\/blog\/wp-content\/uploads\/2011\/12\/n%C3%AB-Ulqinorganizator-Fondacioni-Studentishoqata-Ora-dhe-biblioteka-Ulqin.jpg","contentUrl":"http:\/\/www.visit-ulcinj.com\/blog\/wp-content\/uploads\/2011\/12\/n%C3%AB-Ulqinorganizator-Fondacioni-Studentishoqata-Ora-dhe-biblioteka-Ulqin.jpg"},{"@type":"WebPage","@id":"https:\/\/www.visit-ulcinj.com\/blog\/2011\/12\/19\/100-vjetori-i-lindjes-ulqini-perkujton-poet-migjenin\/#webpage","url":"https:\/\/www.visit-ulcinj.com\/blog\/2011\/12\/19\/100-vjetori-i-lindjes-ulqini-perkujton-poet-migjenin\/","name":"100-vjetori i lindjes, Ulqini p\u00ebrkujton poet Migjenin - Lajme nga Ulqini","isPartOf":{"@id":"https:\/\/www.visit-ulcinj.com\/blog\/#website"},"primaryImageOfPage":{"@id":"https:\/\/www.visit-ulcinj.com\/blog\/2011\/12\/19\/100-vjetori-i-lindjes-ulqini-perkujton-poet-migjenin\/#primaryimage"},"datePublished":"2011-12-19T18:02:46+00:00","dateModified":"2011-12-26T10:35:19+00:00","author":{"@id":"https:\/\/www.visit-ulcinj.com\/blog\/#\/schema\/person\/dcab619c614d3038751c63bc2aadc06d"},"description":"Pas shum\u00eb debatesh mediatike mbi harres\u00ebn q\u00eb i b\u00ebhet poetit t\u00eb mjerimit Millosh Gjergj Nikolla Migjeni, n\u00eb Ulqin,organizator\u00ebt Fondacioni Studenti,shoqata","breadcrumb":{"@id":"https:\/\/www.visit-ulcinj.com\/blog\/2011\/12\/19\/100-vjetori-i-lindjes-ulqini-perkujton-poet-migjenin\/#breadcrumb"},"inLanguage":"en-US","potentialAction":[{"@type":"ReadAction","target":["https:\/\/www.visit-ulcinj.com\/blog\/2011\/12\/19\/100-vjetori-i-lindjes-ulqini-perkujton-poet-migjenin\/"]}]},{"@type":"BreadcrumbList","@id":"https:\/\/www.visit-ulcinj.com\/blog\/2011\/12\/19\/100-vjetori-i-lindjes-ulqini-perkujton-poet-migjenin\/#breadcrumb","itemListElement":[{"@type":"ListItem","position":1,"name":"100-vjetori i lindjes, Ulqini p\u00ebrkujton poet Migjenin"}]},{"@type":"Person","@id":"https:\/\/www.visit-ulcinj.com\/blog\/#\/schema\/person\/dcab619c614d3038751c63bc2aadc06d","name":"ulqini","sameAs":["http:\/\/www.visit-ulcinj.com"],"url":"https:\/\/www.visit-ulcinj.com\/blog\/author\/admin\/"}]}},"jetpack_featured_media_url":"","jetpack_sharing_enabled":true,"jetpack_shortlink":"https:\/\/wp.me\/pe6lTn-ecr","_links":{"self":[{"href":"https:\/\/www.visit-ulcinj.com\/blog\/wp-json\/wp\/v2\/posts\/54587"}],"collection":[{"href":"https:\/\/www.visit-ulcinj.com\/blog\/wp-json\/wp\/v2\/posts"}],"about":[{"href":"https:\/\/www.visit-ulcinj.com\/blog\/wp-json\/wp\/v2\/types\/post"}],"author":[{"embeddable":true,"href":"https:\/\/www.visit-ulcinj.com\/blog\/wp-json\/wp\/v2\/users\/1"}],"replies":[{"embeddable":true,"href":"https:\/\/www.visit-ulcinj.com\/blog\/wp-json\/wp\/v2\/comments?post=54587"}],"version-history":[{"count":5,"href":"https:\/\/www.visit-ulcinj.com\/blog\/wp-json\/wp\/v2\/posts\/54587\/revisions"}],"predecessor-version":[{"id":54882,"href":"https:\/\/www.visit-ulcinj.com\/blog\/wp-json\/wp\/v2\/posts\/54587\/revisions\/54882"}],"wp:attachment":[{"href":"https:\/\/www.visit-ulcinj.com\/blog\/wp-json\/wp\/v2\/media?parent=54587"}],"wp:term":[{"taxonomy":"category","embeddable":true,"href":"https:\/\/www.visit-ulcinj.com\/blog\/wp-json\/wp\/v2\/categories?post=54587"},{"taxonomy":"post_tag","embeddable":true,"href":"https:\/\/www.visit-ulcinj.com\/blog\/wp-json\/wp\/v2\/tags?post=54587"}],"curies":[{"name":"wp","href":"https:\/\/api.w.org\/{rel}","templated":true}]}}