{"id":5460,"date":"2008-11-04T16:18:36","date_gmt":"2008-11-04T21:18:36","guid":{"rendered":"http:\/\/www.visit-ulcinj.com\/blog\/?p=5460"},"modified":"2008-11-04T16:18:36","modified_gmt":"2008-11-04T21:18:36","slug":"deputeti-i-alternatives-shqiptarevasel-sinishtaj-kerkon","status":"publish","type":"post","link":"https:\/\/www.visit-ulcinj.com\/blog\/2008\/11\/04\/deputeti-i-alternatives-shqiptarevasel-sinishtaj-kerkon\/","title":{"rendered":"Deputeti i Alternativ\u00ebs Shqiptare,Vasel Sinishtaj k\u00ebrkon:"},"content":{"rendered":"<p><a href=\"http:\/\/www.visit-ulcinj.com\/blog\/wp-content\/uploads\/2008\/06\/bardhi.jpg\"><img loading=\"lazy\" class=\"alignleft size-medium wp-image-1971\" title=\"Mehmet Bardhi_Vaselj Sinishtaj\" src=\"http:\/\/www.visit-ulcinj.com\/blog\/wp-content\/uploads\/2008\/06\/bardhi.jpg\" alt=\"\" width=\"290\" height=\"190\" \/><\/a><strong>P\u00ebr subjektet nacionale shqiptare t\u00eb sigurohen pes\u00eb mandate<\/strong><br \/>\nTuz- &#8220;Deri m\u00eb tani ende nuk \u00ebsht\u00eb arritur q\u00eb t\u00eb b\u00ebhet hartimi i projektligjit mbi zgjedhjet n\u00eb Mal t\u00eb Zi&#8221;, thot\u00eb deputeti i ASH, Vasel Sinishtaj. Sipas tij, ka qen\u00eb dashur t\u00eb ndryshohet edhe Ligji p\u00ebr zbatimin e Kushtetut\u00ebs, p\u00ebr t`i prolonguar p\u00ebr m\u00eb von\u00eb afatet kushtetuese p\u00ebr nxjerrjen e k\u00ebtyreve ligjeve.<br \/>\n&#8220;Zgjedhjet lokale t\u00eb parkohshme q\u00eb do t\u00eb zhvillohen n\u00eb Kotorr do t\u00eb zhvillohen sipas Ligjit t\u00eb vjet\u00ebr. N\u00eb asnj\u00eb m\u00ebnyr\u00eb nuk do t\u00eb duhej q\u00eb t\u00eb ndodhte kjo&#8221;, shprehet deputeti Sinishtaj. Ai thot\u00eb se n\u00eb zgjedhjet e ardhshme do t\u00eb insistojn\u00eb n\u00eb ruajtjen e pes\u00eb mandateve p\u00ebr subjektet nacionale shqiptare, e jo si deri m\u00eb tani q\u00eb edhe partit\u00eb proqytetare t\u00eb marrin 1, 2, apo 3 mandate.<br \/>\nSi\u00e7 dihet vitin e kaluar \u00ebsht\u00eb formuar Komisioni p\u00ebr hartimin e projektligjit, kryetar i t\u00eb cilit \u00ebsht\u00eb Sllavolub Stjepoviq, kurse nga subjektet shqiptare an\u00ebtar \u00ebsht\u00eb deputeti i LD n\u00eb MZ, Mehmet Bardhi.<br \/>\n<strong>rr.d.<br \/>\nKohapress<\/strong><\/p>\n<!-- vimeo error: not a vimeo video -->\n","protected":false},"excerpt":{"rendered":"<p>P\u00ebr subjektet nacionale shqiptare t\u00eb sigurohen pes\u00eb mandate Tuz- &#8220;Deri m\u00eb tani ende nuk \u00ebsht\u00eb arritur q\u00eb t\u00eb b\u00ebhet hartimi i projektligjit mbi zgjedhjet n\u00eb Mal t\u00eb Zi&#8221;, thot\u00eb deputeti i ASH, Vasel Sinishtaj. Sipas tij, ka qen\u00eb dashur t\u00eb ndryshohet edhe Ligji p\u00ebr zbatimin e Kushtetut\u00ebs, p\u00ebr t`i prolonguar p\u00ebr m\u00eb von\u00eb afatet kushtetuese [&hellip;]<\/p>\n","protected":false},"author":1,"featured_media":0,"comment_status":"open","ping_status":"closed","sticky":false,"template":"","format":"standard","meta":{"spay_email":"","jetpack_publicize_message":"","jetpack_is_tweetstorm":false,"jetpack_publicize_feature_enabled":true},"categories":[6],"tags":[347,348],"jetpack_publicize_connections":[],"yoast_head":"<!-- This site is optimized with the Yoast SEO plugin v19.1 - https:\/\/yoast.com\/wordpress\/plugins\/seo\/ -->\n<title>Deputeti i Alternativ\u00ebs Shqiptare,Vasel Sinishtaj k\u00ebrkon: - Lajme nga Ulqini<\/title>\n<meta name=\"description\" content=\"P\u00ebr subjektet nacionale shqiptare t\u00eb sigurohen pes\u00eb mandate Tuz- &quot;Deri m\u00eb tani ende nuk \u00ebsht\u00eb arritur q\u00eb t\u00eb b\u00ebhet hartimi i projektligjit mbi zgjedhjet n\u00eb\" \/>\n<meta name=\"robots\" content=\"index, follow, max-snippet:-1, max-image-preview:large, max-video-preview:-1\" \/>\n<link rel=\"canonical\" href=\"https:\/\/www.visit-ulcinj.com\/blog\/2008\/11\/04\/deputeti-i-alternatives-shqiptarevasel-sinishtaj-kerkon\/\" \/>\n<meta property=\"og:locale\" content=\"en_US\" \/>\n<meta property=\"og:type\" content=\"article\" \/>\n<meta property=\"og:title\" content=\"Deputeti i Alternativ\u00ebs Shqiptare,Vasel Sinishtaj k\u00ebrkon: - Lajme nga Ulqini\" \/>\n<meta property=\"og:description\" content=\"P\u00ebr subjektet nacionale shqiptare t\u00eb sigurohen pes\u00eb mandate Tuz- &quot;Deri m\u00eb tani ende nuk \u00ebsht\u00eb arritur q\u00eb t\u00eb b\u00ebhet hartimi i projektligjit mbi zgjedhjet n\u00eb\" \/>\n<meta property=\"og:url\" content=\"https:\/\/www.visit-ulcinj.com\/blog\/2008\/11\/04\/deputeti-i-alternatives-shqiptarevasel-sinishtaj-kerkon\/\" \/>\n<meta property=\"og:site_name\" content=\"Lajme nga Ulqini\" \/>\n<meta property=\"article:published_time\" content=\"2008-11-04T21:18:36+00:00\" \/>\n<meta property=\"og:image\" content=\"http:\/\/www.visit-ulcinj.com\/blog\/wp-content\/uploads\/2008\/06\/bardhi.jpg\" \/>\n<meta name=\"twitter:label1\" content=\"Written by\" \/>\n\t<meta name=\"twitter:data1\" content=\"ulqini\" \/>\n\t<meta name=\"twitter:label2\" content=\"Est. reading time\" \/>\n\t<meta name=\"twitter:data2\" content=\"1 minute\" \/>\n<script type=\"application\/ld+json\" class=\"yoast-schema-graph\">{\"@context\":\"https:\/\/schema.org\",\"@graph\":[{\"@type\":\"WebSite\",\"@id\":\"https:\/\/www.visit-ulcinj.com\/blog\/#website\",\"url\":\"https:\/\/www.visit-ulcinj.com\/blog\/\",\"name\":\"Lajme nga Ulqini\",\"description\":\"Lajme,Vijesti,Ulqini,Ulqin,Crna Gora,Mali i Zi\",\"potentialAction\":[{\"@type\":\"SearchAction\",\"target\":{\"@type\":\"EntryPoint\",\"urlTemplate\":\"https:\/\/www.visit-ulcinj.com\/blog\/?s={search_term_string}\"},\"query-input\":\"required name=search_term_string\"}],\"inLanguage\":\"en-US\"},{\"@type\":\"ImageObject\",\"inLanguage\":\"en-US\",\"@id\":\"https:\/\/www.visit-ulcinj.com\/blog\/2008\/11\/04\/deputeti-i-alternatives-shqiptarevasel-sinishtaj-kerkon\/#primaryimage\",\"url\":\"http:\/\/www.visit-ulcinj.com\/blog\/wp-content\/uploads\/2008\/06\/bardhi.jpg\",\"contentUrl\":\"http:\/\/www.visit-ulcinj.com\/blog\/wp-content\/uploads\/2008\/06\/bardhi.jpg\"},{\"@type\":\"WebPage\",\"@id\":\"https:\/\/www.visit-ulcinj.com\/blog\/2008\/11\/04\/deputeti-i-alternatives-shqiptarevasel-sinishtaj-kerkon\/#webpage\",\"url\":\"https:\/\/www.visit-ulcinj.com\/blog\/2008\/11\/04\/deputeti-i-alternatives-shqiptarevasel-sinishtaj-kerkon\/\",\"name\":\"Deputeti i Alternativ\u00ebs Shqiptare,Vasel Sinishtaj k\u00ebrkon: - Lajme nga Ulqini\",\"isPartOf\":{\"@id\":\"https:\/\/www.visit-ulcinj.com\/blog\/#website\"},\"primaryImageOfPage\":{\"@id\":\"https:\/\/www.visit-ulcinj.com\/blog\/2008\/11\/04\/deputeti-i-alternatives-shqiptarevasel-sinishtaj-kerkon\/#primaryimage\"},\"datePublished\":\"2008-11-04T21:18:36+00:00\",\"dateModified\":\"2008-11-04T21:18:36+00:00\",\"author\":{\"@id\":\"https:\/\/www.visit-ulcinj.com\/blog\/#\/schema\/person\/dcab619c614d3038751c63bc2aadc06d\"},\"description\":\"P\u00ebr subjektet nacionale shqiptare t\u00eb sigurohen pes\u00eb mandate Tuz- \\\"Deri m\u00eb tani ende nuk \u00ebsht\u00eb arritur q\u00eb t\u00eb b\u00ebhet hartimi i projektligjit mbi zgjedhjet n\u00eb\",\"breadcrumb\":{\"@id\":\"https:\/\/www.visit-ulcinj.com\/blog\/2008\/11\/04\/deputeti-i-alternatives-shqiptarevasel-sinishtaj-kerkon\/#breadcrumb\"},\"inLanguage\":\"en-US\",\"potentialAction\":[{\"@type\":\"ReadAction\",\"target\":[\"https:\/\/www.visit-ulcinj.com\/blog\/2008\/11\/04\/deputeti-i-alternatives-shqiptarevasel-sinishtaj-kerkon\/\"]}]},{\"@type\":\"BreadcrumbList\",\"@id\":\"https:\/\/www.visit-ulcinj.com\/blog\/2008\/11\/04\/deputeti-i-alternatives-shqiptarevasel-sinishtaj-kerkon\/#breadcrumb\",\"itemListElement\":[{\"@type\":\"ListItem\",\"position\":1,\"name\":\"Deputeti i Alternativ\u00ebs Shqiptare,Vasel Sinishtaj k\u00ebrkon:\"}]},{\"@type\":\"Person\",\"@id\":\"https:\/\/www.visit-ulcinj.com\/blog\/#\/schema\/person\/dcab619c614d3038751c63bc2aadc06d\",\"name\":\"ulqini\",\"sameAs\":[\"http:\/\/www.visit-ulcinj.com\"],\"url\":\"https:\/\/www.visit-ulcinj.com\/blog\/author\/admin\/\"}]}<\/script>\n<!-- \/ Yoast SEO plugin. -->","yoast_head_json":{"title":"Deputeti i Alternativ\u00ebs Shqiptare,Vasel Sinishtaj k\u00ebrkon: - Lajme nga Ulqini","description":"P\u00ebr subjektet nacionale shqiptare t\u00eb sigurohen pes\u00eb mandate Tuz- \"Deri m\u00eb tani ende nuk \u00ebsht\u00eb arritur q\u00eb t\u00eb b\u00ebhet hartimi i projektligjit mbi zgjedhjet n\u00eb","robots":{"index":"index","follow":"follow","max-snippet":"max-snippet:-1","max-image-preview":"max-image-preview:large","max-video-preview":"max-video-preview:-1"},"canonical":"https:\/\/www.visit-ulcinj.com\/blog\/2008\/11\/04\/deputeti-i-alternatives-shqiptarevasel-sinishtaj-kerkon\/","og_locale":"en_US","og_type":"article","og_title":"Deputeti i Alternativ\u00ebs Shqiptare,Vasel Sinishtaj k\u00ebrkon: - Lajme nga Ulqini","og_description":"P\u00ebr subjektet nacionale shqiptare t\u00eb sigurohen pes\u00eb mandate Tuz- \"Deri m\u00eb tani ende nuk \u00ebsht\u00eb arritur q\u00eb t\u00eb b\u00ebhet hartimi i projektligjit mbi zgjedhjet n\u00eb","og_url":"https:\/\/www.visit-ulcinj.com\/blog\/2008\/11\/04\/deputeti-i-alternatives-shqiptarevasel-sinishtaj-kerkon\/","og_site_name":"Lajme nga Ulqini","article_published_time":"2008-11-04T21:18:36+00:00","og_image":[{"url":"http:\/\/www.visit-ulcinj.com\/blog\/wp-content\/uploads\/2008\/06\/bardhi.jpg"}],"twitter_misc":{"Written by":"ulqini","Est. reading time":"1 minute"},"schema":{"@context":"https:\/\/schema.org","@graph":[{"@type":"WebSite","@id":"https:\/\/www.visit-ulcinj.com\/blog\/#website","url":"https:\/\/www.visit-ulcinj.com\/blog\/","name":"Lajme nga Ulqini","description":"Lajme,Vijesti,Ulqini,Ulqin,Crna Gora,Mali i Zi","potentialAction":[{"@type":"SearchAction","target":{"@type":"EntryPoint","urlTemplate":"https:\/\/www.visit-ulcinj.com\/blog\/?s={search_term_string}"},"query-input":"required name=search_term_string"}],"inLanguage":"en-US"},{"@type":"ImageObject","inLanguage":"en-US","@id":"https:\/\/www.visit-ulcinj.com\/blog\/2008\/11\/04\/deputeti-i-alternatives-shqiptarevasel-sinishtaj-kerkon\/#primaryimage","url":"http:\/\/www.visit-ulcinj.com\/blog\/wp-content\/uploads\/2008\/06\/bardhi.jpg","contentUrl":"http:\/\/www.visit-ulcinj.com\/blog\/wp-content\/uploads\/2008\/06\/bardhi.jpg"},{"@type":"WebPage","@id":"https:\/\/www.visit-ulcinj.com\/blog\/2008\/11\/04\/deputeti-i-alternatives-shqiptarevasel-sinishtaj-kerkon\/#webpage","url":"https:\/\/www.visit-ulcinj.com\/blog\/2008\/11\/04\/deputeti-i-alternatives-shqiptarevasel-sinishtaj-kerkon\/","name":"Deputeti i Alternativ\u00ebs Shqiptare,Vasel Sinishtaj k\u00ebrkon: - Lajme nga Ulqini","isPartOf":{"@id":"https:\/\/www.visit-ulcinj.com\/blog\/#website"},"primaryImageOfPage":{"@id":"https:\/\/www.visit-ulcinj.com\/blog\/2008\/11\/04\/deputeti-i-alternatives-shqiptarevasel-sinishtaj-kerkon\/#primaryimage"},"datePublished":"2008-11-04T21:18:36+00:00","dateModified":"2008-11-04T21:18:36+00:00","author":{"@id":"https:\/\/www.visit-ulcinj.com\/blog\/#\/schema\/person\/dcab619c614d3038751c63bc2aadc06d"},"description":"P\u00ebr subjektet nacionale shqiptare t\u00eb sigurohen pes\u00eb mandate Tuz- \"Deri m\u00eb tani ende nuk \u00ebsht\u00eb arritur q\u00eb t\u00eb b\u00ebhet hartimi i projektligjit mbi zgjedhjet n\u00eb","breadcrumb":{"@id":"https:\/\/www.visit-ulcinj.com\/blog\/2008\/11\/04\/deputeti-i-alternatives-shqiptarevasel-sinishtaj-kerkon\/#breadcrumb"},"inLanguage":"en-US","potentialAction":[{"@type":"ReadAction","target":["https:\/\/www.visit-ulcinj.com\/blog\/2008\/11\/04\/deputeti-i-alternatives-shqiptarevasel-sinishtaj-kerkon\/"]}]},{"@type":"BreadcrumbList","@id":"https:\/\/www.visit-ulcinj.com\/blog\/2008\/11\/04\/deputeti-i-alternatives-shqiptarevasel-sinishtaj-kerkon\/#breadcrumb","itemListElement":[{"@type":"ListItem","position":1,"name":"Deputeti i Alternativ\u00ebs Shqiptare,Vasel Sinishtaj k\u00ebrkon:"}]},{"@type":"Person","@id":"https:\/\/www.visit-ulcinj.com\/blog\/#\/schema\/person\/dcab619c614d3038751c63bc2aadc06d","name":"ulqini","sameAs":["http:\/\/www.visit-ulcinj.com"],"url":"https:\/\/www.visit-ulcinj.com\/blog\/author\/admin\/"}]}},"jetpack_featured_media_url":"","jetpack_sharing_enabled":true,"jetpack_shortlink":"https:\/\/wp.me\/pe6lTn-1q4","_links":{"self":[{"href":"https:\/\/www.visit-ulcinj.com\/blog\/wp-json\/wp\/v2\/posts\/5460"}],"collection":[{"href":"https:\/\/www.visit-ulcinj.com\/blog\/wp-json\/wp\/v2\/posts"}],"about":[{"href":"https:\/\/www.visit-ulcinj.com\/blog\/wp-json\/wp\/v2\/types\/post"}],"author":[{"embeddable":true,"href":"https:\/\/www.visit-ulcinj.com\/blog\/wp-json\/wp\/v2\/users\/1"}],"replies":[{"embeddable":true,"href":"https:\/\/www.visit-ulcinj.com\/blog\/wp-json\/wp\/v2\/comments?post=5460"}],"version-history":[{"count":0,"href":"https:\/\/www.visit-ulcinj.com\/blog\/wp-json\/wp\/v2\/posts\/5460\/revisions"}],"wp:attachment":[{"href":"https:\/\/www.visit-ulcinj.com\/blog\/wp-json\/wp\/v2\/media?parent=5460"}],"wp:term":[{"taxonomy":"category","embeddable":true,"href":"https:\/\/www.visit-ulcinj.com\/blog\/wp-json\/wp\/v2\/categories?post=5460"},{"taxonomy":"post_tag","embeddable":true,"href":"https:\/\/www.visit-ulcinj.com\/blog\/wp-json\/wp\/v2\/tags?post=5460"}],"curies":[{"name":"wp","href":"https:\/\/api.w.org\/{rel}","templated":true}]}}