{"id":54604,"date":"2011-12-19T19:26:13","date_gmt":"2011-12-19T18:26:13","guid":{"rendered":"http:\/\/www.visit-ulcinj.com\/blog\/?p=54604"},"modified":"2011-12-19T19:26:13","modified_gmt":"2011-12-19T18:26:13","slug":"ferhat-dinosa-odlazim-mirne-savjesti","status":"publish","type":"post","link":"https:\/\/www.visit-ulcinj.com\/blog\/2011\/12\/19\/ferhat-dinosa-odlazim-mirne-savjesti\/","title":{"rendered":"Ferhat Dino\u0161a: Odlazim mirne savjesti"},"content":{"rendered":"<p><strong><a href=\"http:\/\/www.visit-ulcinj.com\/blog\/wp-content\/uploads\/2011\/12\/Ferhat-Dinosha.jpg\"><img loading=\"lazy\" class=\"alignleft size-full wp-image-54605\" title=\"Ferhat Dinosha\" src=\"http:\/\/www.visit-ulcinj.com\/blog\/wp-content\/uploads\/2011\/12\/Ferhat-Dinosha.jpg\" alt=\"\" width=\"350\" height=\"450\" \/><\/a>Moja deviza: za\u0161tita-da, afirmacija-ne, o\u010dito nije bila dovoljna. Zato se povla\u010dim ne\u0161to ranije s ministarske na drugu funkciju, odakle \u0107u pomno da pratim dalji razvoj doga\u0111aja. Moram re\u0107i da odlazim mirne savjesti. \u0160to se homofobije ti\u010de, mislim da je i to krivo postavljeno. Da li je homofob onaj ko ne haje za djecu ili onaj ko u njima vidi sve? U va\u017ee\u0107oj postavci, vi\u0161e je homofobi\u010dnosti proizveo jedan nedavni LGBT spot, nego sve moje izjave i svi moji stavovi, isti\u010de Dino\u0161a.<\/strong><\/p>\n<p><strong>D<\/strong>osada\u0161nji ministar za ljudska i manjinska prava i budu\u0107i ambasador Crne Gore u Albaniji \u2013 <strong>Ferhat Dino\u0161a<\/strong> \u2013 smatra da je ulazak DUA u Vladu Crne Gore bio prekretnica na crnogorskoj politi\u010dkoj sceni i da je nakon tog poteza DUA po\u010deo proces institucionalnog rje\u0161avanja statusa Albanaca, ali i drugih manjinskih naroda u Crnoj Gori.<\/p>\n<p>&#8211; Mi smo bili prva manjinska stranka koja je u\u0161la u prvu demokratsku Vladu Crne Gore. Kasnije su nam se pridru\u017eili i Bo\u0161njaci i Hrvati, \u0161to je opravdalo na\u0161 postupak. Danas bi i neke druge albanske stranke da to u\u010dine. Nema afirmacije manjinskih politika bez institucionalnog djelovanja, isti\u010de <strong>Dino\u0161a<\/strong> u razgovoru za <em>Portal Analitika<\/em>, napominju\u0107i da je, kada se osvrne na djelovanje DUA, zadovoljan onim \u0161to su u\u010dinili za Albance u Crnoj Gori, ali i za dr\u017eavu Crnu Goru.<\/p>\n<p>&#8211; Na\u0161e inicijative su uvjek vodile ra\u010duna ne samo o parcijalnom interesu Albanaca,\u00a0nego i o op\u0161tem interesu na\u0161e dr\u017eave. Bolje re\u010deno, mi svoj interes nijesmo smjestili van op\u0161teg interesa Crne Gore. Vjerujem da se ne\u0107e zaboraviti ogroman doprinos DUA najzna\u010dajnijim demokratskim projektima u Crnoj Gori, predvo\u0111enim DPS-om: od distanciranja od velikosrpskih politika do referenduma za nezavisnost Crne Gore&#8230;<\/p>\n<p>Govore\u0107i o situaciji u DUA i unutarstrana\u010dkom sukobu, <strong>Dino\u0161a<\/strong> nagla\u0161ava da nije rije\u010d o raskolu u partiji ve\u0107 o prebjegu jedne grupe ljudi koji smatraju da \u0107e Ulcinju biti bolje ukoliko se udalji od Podgorice.<\/p>\n<p>&#8211; To nije bio raskol, to je bio prebjeg grupe ljudi kojima nigdje ne\u0107e biti bolje nego u DUA. Vrijeme \u0107e pokazati za\u0161to su bili spremni da se naprasno\u00a0poigraju voljom bira\u010da i stvore novu ve\u0107inu u lokalnoj vlasti. Ali, ve\u0107 je jasno da Ulcinju ne mo\u017ee biti bolje udaljavanjem od Podgorice. A to \u010dini nova ve\u0107ina, smatra <strong>Dino\u0161a<\/strong>.<\/p>\n<p><strong>ANALITIKA: Va\u0161a misija ministra u Vladi zavr\u0161ila se ranije nego \u0161to je planirano. Da li Va\u0161 odlazak sa ministarske funkcije mo\u017ee da se dovede u vezu sa va\u0161im stavovima o LGBT populaciji?<\/strong><\/p>\n<p><strong>DINO\u0160A:<\/strong> Iz Vlade Crne Gore odlazim &#8211; samoinicijativno. Moji stavovi o LGBT populaciji su, mogu\u0107e, pospje\u0161ili odlazak. Ali, pri\u010du o mom eventualnom odlasku u diplomatiju, u odre\u0111enom trenutku, kompetentnim ljudima u Vladi otvorio sam mnogo prije LGBT pri\u010de i ona je, uz svo vaganje, nai\u0161la na razumijevanje. Odlazim ne\u0161to ranije jer nisam htio da \u010dovjeka Dino\u0161u podredim ministru Dino\u0161i, niti da moralni kod ovog dru\u0161tva podredim jednoj manjini koja ne mora da brine o tom kodu. A mogu\u0107e da je trenutak to zahtijevao. Ja sam bio spreman da se maksimalno zala\u017eem da se problematika LGBT populacije osvijetli iz svih uglova i da se stvara logistika za punu za\u0161titu prava te populacije. Ali nijesam bio spreman da na\u010din \u017eivota LGBT pripadnika prihvatim kao nadkvalitet, niti da se na mala vrata uvodi institut afirmativne akcije za za\u0161titu prava te populacije.<\/p>\n<p><strong>ANALITIKA: Da li ste Va\u0161im stavovima pove\u0107ala homofobi\u010dnost kako to tvrdi prvi deklarisani pripadnik LGBT populacije u Crnoj Gori gospodin Cimbaljevi\u0107?<\/strong><\/p>\n<p><strong>DINO\u0160A:<\/strong> Moja deviza: za\u0161tita-da, afirmacija-ne, nije bila dovoljna. Zato se povla\u010dim ne\u0161to ranije s ministarske na drugu funkciju, odakle \u0107u pomno da pratim dalji razvoj doga\u0111aja. Moram re\u0107i da odlazim mirne savjesti. \u0160to se homofobije ti\u010de, mislim da je i to krivo postavljeno. Da li je homofob onaj ko ne haje za djecu ili onaj ko u njima vidi sve? U va\u017ee\u0107oj postavci, vi\u0161e je homofobi\u010dnosti proizveo jedan nedavni LGBT spot, nego sve moje izjave i svi moji stavovi.<\/p>\n<p><strong>ANALITIKA: Da li onda Va\u0161 \u010din odlaska mo\u017eemo tuma\u010diti kao gest \u010dovjeka koji je ostao neshva\u0107en? Osim toga, \u010dini se da je izostala podr\u0161ka koalicionih partnera iz DPS-a i SDP-a. Je li i to jedan od razloga \u0161to odlazite u politi\u010dko uto\u010di\u0161te, jer funkcija ambasadora Crne Gore u Albaniji \u2013 iako je izuzetno va\u017ena \u2013 nije toliko politi\u010dki izlo\u017eena?<\/strong><\/p>\n<p><strong>DINO\u0160A<\/strong>: Ja nisam tra\u017eio neko veliko shvatanje onog \u0161to ja zastupam od onih koji su pla\u0107eni da govore &#8211; to \u0161to ne misle! Meni je trebalo da me narod shvati i to sam, nadam se, imao!? Nisam o\u010dekivao niti bilo koju podr\u0161ku koalicionog partnera. Dakle, u \u201epoliti\u010dko uto\u010di\u0161te\u201c odlazim zbog moje sijede kose i drugih stvari li\u010dne prirode. Ali s ubje\u0111enjem da \u0107u i sa te funkcije mo\u0107i da budem od koristi demokratskim procesima u Crnoj Gori i daljem ja\u010danju prijateljstva izme\u0111u dva naroda, Crnogoraca i Albanaca.<\/p>\n<p><strong>ANALITIKA: Da li \u0107e Vam prijati taj \u201eodmor od doma\u0107e politike\u201c?<\/strong><\/p>\n<p><strong>DINO\u0160A<\/strong>: Prija\u0107e mi, ako bude produktivan.<br \/>\n<a href=\"http:\/\/www.visit-ulcinj.com\/blog\/wp-content\/uploads\/2011\/12\/Ferhat-Dinosa_.jpg\"><img loading=\"lazy\" class=\"alignleft size-full wp-image-54606\" title=\"Ferhat-Dinosa_\" src=\"http:\/\/www.visit-ulcinj.com\/blog\/wp-content\/uploads\/2011\/12\/Ferhat-Dinosa_.jpg\" alt=\"\" width=\"490\" height=\"300\" \/><\/a><\/p>\n<p><strong>ANALITIKA: \u010cini se da je sada vrijeme da sumirate rezultate Va\u0161e politike. Da li ste zadovoljni onim \u0161to je DUA postigla sa Vama na \u010delu?<\/strong><\/p>\n<p><strong>DINO\u0160A<\/strong>: Mogu\u0107e neskromno, ali jesam. Veoma sam zadovoljan onim \u0161to je DUA\u00a0postigla u dosada\u0161njem djelovanju na dru\u0161tveno-politi\u010dkoj sceni Crne Gore. Uspjela\u00a0je da bude najja\u010da albanska stranka i da od Albanaca napravi nezaobilazan politi\u010dki\u00a0faktor u Crnoj Gori. Osim toga, DUA je bila u\u010desnikom svih zna\u010dajnih me\u0111unarodnih\u00a0okruglih stolova u vezi sa kretanjima ne samo u Crnoj Gori nego i u regionu. Od\u00a0Brisela do Va\u0161ingtona i od Budimpe\u0161te do Lucerna \u0161to govori o kapacitetima DUA\u00a0koji prevazilaze crnogorske okvire. To \u0161to Albanci imaju danas vi\u0161e nego ju\u010de, imaju\u00a0zahvaljuju\u0107i inicijativama DUA i spremnosti DPS-a da ih podr\u017ei. A na\u0161e inicijative su\u00a0uvjek vodile ra\u010duna ne samo o parcijalnom interesu Albanaca, nego i o op\u0161tem\u00a0interesu na\u0161e dr\u017eave. Bolje re\u010deno, mi svoj interes nijesmo smjestili van op\u0161teg\u00a0interesa Crne Gore. Vjerujem da se ne\u0107e zaboraviti ogroman doprinos DUA\u00a0najzna\u010dajnijim demokratskim projektima u Crnoj Gori, predvo\u0111enim DPS-om. Od\u00a0distanciranja od velikosrpskih politika do referenduma za nezavisnost Crne Gore.<\/p>\n<p><strong>ANALITIKA: Da, bili ste jedina albanska stranka koja je javno pozivala Albance da podr\u017ee nezavisnost Crne Gore i prva manjinska stranka koja je, jo\u0161 krajem 90-tih godina pro\u0161log vijeka, u\u0161la u sastav Vlade Crne Gore. Da li biste danas postupili na isti na\u010din?<\/strong><\/p>\n<p><strong>DINO\u0160A: <\/strong>Da, jo\u0161 odlu\u010dnije. Mi smo bili prva manjinska stranka koja je u\u0161la u prvu demokratsku Vladu Crne Gore. Ali kasnije su nam se pridru\u017eili i Bo\u0161njaci i Hrvati, \u0161to je opravdalo na\u0161 postupak. Danas bi i neke druge albanske stranke da to u\u010dine. Nema afirmacije manjinskih politika bez institucionalnog djelovanja.\u00a0Referendum je pri\u010da za sebe. DUA nije nikako htjela da ne bude dio najva\u017enijeg doga\u0111aja u novijoj istoriji Crne Gore. I zbog Albanaca i zbog Crne Gore i zbog regiona. Bez nezavisnosti Crne Gore ne bi bilo stabilnosti u regionu. U Podgorici je slomljen vrat hegemonisti\u010dkim politikama i udareni temelji dobrosusjedstva na novim postjugoslovenskim osnovama.<\/p>\n<p><strong>ANALITIKA: Sa kim ste od lidera vladaju\u0107e koalicije najlak\u0161e nalazili zajedni\u010dki jezik, sa kim ste najbolje sara\u0111ivali \u2013 \u0110ukanovi\u0107em, Krivokapi\u0107em, Vujanovi\u0107em ili mo\u017eda Marovi\u0107em?<\/strong><\/p>\n<p><strong>DINO\u0160A<\/strong>: Imao sam odli\u010dnu saradnju sa svom \u010detvoricom. Naj\u010de\u0161\u0107e sam kontaktirao sa \u0110ukanovi\u0107em i Vujanovi\u0107em. Pogotovo oko referenduma. I oko manjinskih projekata, kao \u0161to su: formiranje Ministarstva za ljudska i manjinska prava; Zakon o manjinskim pravima i slobodama; Novi zakon o teritorijalnoj organizaciji Crne Gore; Fond za Manjine; Centar za kulturu manjina; prvi fakultet na albanskom u Podgorici; Formiranje gradske op\u0161tine Tuzi; otvaranje novih grani\u010dnih prelaza sa Republikom Albanijom; porodili\u0161te u Ulcinju itd.\u00a0Marovi\u0107 i Krivokapi\u0107 su mi bili \u010de\u0161\u0107i sagovornici u vrijeme NATO bombardovanja i stvaranja Rezolucije o gra\u0111anskom miru u Crnoj Gori, u \u010demu je zna\u010dajan doprinos dala i opozicija pogotovu njen tada\u0161nji lider Bulatovi\u0107&#8230;<\/p>\n<p><strong>ANALITIKA: Kako ocjenjujete polo\u017eaj albanskog naroda u dana\u0161njoj Crnoj Gori? Da li ste zadovoljni procentualnim u\u010de\u0161\u0107em Albanaca u organima vlasti i lokalnoj samoupravi?<\/strong><\/p>\n<p><strong>DINO\u0160A<\/strong>: Albanci danas \u017eive bolje nego ju\u010de i, nadam se, lo\u0161ije danas nego sjutra. \u201eOsvojili su\u201c niz prava iz korpusa manjinskih prava po evropskim standardima i postali istinski partner demokratskim vlastima u Crnoj Gori. Godi im i dobra saradnja Podgorice sa Tiranom i Pri\u0161tinom. Me\u0111utim, ima jo\u0161 prostora za \u201eosvajanje\u201c. Ne mo\u017ee se biti zadovoljno njihovim procentualnim u\u010de\u0161\u0107em u dr\u017eavnoj administraciji pogotovo na mjestima gdje se donose odluke. Mora\u0107e se poraditi na implementaciji instituta manjinskog veta u vezi sa fundamentalnim identitetskim pitanjima Albanaca. Mora\u0107e se poraditi i na decentralizaciji vlasti&#8230;<\/p>\n<p><strong>ANALITIKA: Zbog \u010dega po Va\u0161oj ocjeni ima tako mnogo albanskih partija u Crnoj Gori, za\u0161to nije formirana jedna jaka stranka koja bi obuhvatala Albance u Crnoj Gori?<\/strong><\/p>\n<p><strong>DINO\u0160A: <\/strong>Samo jedna ne bi bila dobra. Mora se imati i \u201emanjinski pluralizam\u201c ali vi\u0161e od dvije su vi\u0161ak. Od ovog vi\u0161ka glava boli. Mo\u017eda je to zbog ljubljenja slave, mo\u017eda zbog toga \u0161to se do albanskog mandata dolazilo lak\u0161e, zahvaljuju\u0107i afirmativnoj akciji u izbornom zakonodavstvu.<\/p>\n<p><strong>ANALITIKA: Bili ste kriti\u010dar aktuelnog izbornog zakona koji je done\u0161en nakon vi\u0161egodi\u0161njih pregovora vlasti i opozicije. Da li vjerujete da \u0107e biti pobolj\u0161anja tog zakona pogotovo kada je u pitanju predstavljanje manjina, posebno Albanaca?<\/strong><\/p>\n<p><strong>DINO\u0160A:<\/strong> Da. I danas mislim da je mogao biti donijet bolji zakon, s nevelikom razlikom u broju manjinskih mandata. DUA jeste bila za to da se na osnovu afirmativne akcije u korist rje\u0161enja za sve nacionalne manjine odustane od dugo va\u017ee\u0107eg rje\u0161enja samo za Albance. Mi smo bili spremni da i manjinski mandat ima cijenu, ima prag. I mi smo prihvatili cenzus od 0,7 odsto za manjinsku listu, ako nijedna takva lista ne probije cenzus od 3 odsto. Ali smo bili za to da se ne ograni\u010di broj mandata za liste koje su dobile 0,7 odsto, na 3 mandata, kao \u0161to je sad slu\u010daj. Ja mislim da bi Albanci podr\u017eali sada\u0161nje rje\u0161enje ako bi se broj mandata za manjinske liste koje pre\u0111u prag od 0,7 odsto pove\u0107ao sa tri na \u010detiri.\u00a0Albanci su jedini, doskora koristili jedan model afirmativne akcije za politi\u010dko predstavljanje u Parlamentu Crne Gore i na taj na\u010din, oni su postali korisnici ste\u010denih prava, a institut ste\u010denih prava priznaje i Ustav Crne Gore. Dakle, uz malo dobre volje mogu\u0107e je pobolj\u0161anje izbornog zakona. Rije\u010d je samo o jednom mandatu vi\u0161e. DUA \u0107e da poradi na ovom rje\u0161enju.<\/p>\n<p><strong>ANALITIKA: Na kraju, pitanje koje se ti\u010de budu\u0107nosti DUA. Da li vas je iznenadio raskol u Va\u0161oj stranci kojim je otvoren put za smjenu vlasti u Ulcinju? Da li vjerujete da \u0107e Va\u0161a stranka mo\u017ee da povrati jedinstvo? Kako to izvesti?<\/strong><\/p>\n<p><strong>DINO\u0160A:<\/strong> To nije bio raskol, to je bio prebjeg grupe ljudi kojima nigdje ne\u0107e biti bolje nego u DUA. Vrijeme \u0107e pokazati za\u0161to su bili spremni da naprasno se poigraju voljom bira\u010da i stvore novu ve\u0107inu u lokalnoj vlasti. Ali, ve\u0107 je jasno da Ulcinju ne mo\u017ee biti bolje udaljavanjem od Podgorice. A to \u010dini nova ve\u0107ina.\u00a0DUA ve\u0107 stvara novu mre\u017eu saradnika koji \u0107e biti kadri da sa\u010duvaju bira\u010dko tijelo u vladimirskom kraju, prema kojem se DUA odnosila s posebnom pa\u017enjom i odakle je bio njen prvi predsjednik. Bi\u0107u spreman da budem od pomo\u0107i svima onima koji budu htjeli da se ide u pravcu stvaranja dva politi\u010dka bloka me\u0111u Albancima u Crnoj Gori, kako bi se uvjek imala \u201eunutra\u0161nja utakmica\u201c, koja bi demokratskim vlastima u Crnoj Gori mogla davati istinskog predstavnika politi\u010dke volje Albanaca u Crnoj Gori, kao zalogu stvaranja permanentnog partnerstva na putu evroatlantskih integracija na\u0161e dr\u017eave.<\/p>\n<p><a href=\"http:\/\/www.portalanalitika.me\/politika\/tema\/45851-odlazim-mirne-savjesti-.html\" target=\"_blank\"><strong>Dra\u0161ko \u0110URANOVI\u0106<br \/>\n<\/strong><strong>Analitika &#8211; Informativni Portal<\/strong><\/a><\/p>\n","protected":false},"excerpt":{"rendered":"<p>Moja deviza: za\u0161tita-da, afirmacija-ne, o\u010dito nije bila dovoljna. Zato se povla\u010dim ne\u0161to ranije s ministarske na drugu funkciju, odakle \u0107u pomno da pratim dalji razvoj doga\u0111aja. Moram re\u0107i da odlazim mirne savjesti. \u0160to se homofobije ti\u010de, mislim da je i to krivo postavljeno. Da li je homofob onaj ko ne haje za djecu ili onaj [&hellip;]<\/p>\n","protected":false},"author":1,"featured_media":0,"comment_status":"closed","ping_status":"closed","sticky":false,"template":"","format":"standard","meta":{"spay_email":"","jetpack_publicize_message":"","jetpack_is_tweetstorm":false,"jetpack_publicize_feature_enabled":true},"categories":[8337],"tags":[88],"jetpack_publicize_connections":[],"yoast_head":"<!-- This site is optimized with the Yoast SEO plugin v19.1 - https:\/\/yoast.com\/wordpress\/plugins\/seo\/ -->\n<title>Ferhat Dino\u0161a: Odlazim mirne savjesti - Lajme nga Ulqini<\/title>\n<meta name=\"description\" content=\"Moja deviza: za\u0161tita-da, afirmacija-ne, o\u010dito nije bila dovoljna. Zato se povla\u010dim ne\u0161to ranije s ministarske na drugu funkciju, odakle \u0107u pomno da pratim\" \/>\n<meta name=\"robots\" content=\"index, follow, max-snippet:-1, max-image-preview:large, max-video-preview:-1\" \/>\n<link rel=\"canonical\" href=\"https:\/\/www.visit-ulcinj.com\/blog\/2011\/12\/19\/ferhat-dinosa-odlazim-mirne-savjesti\/\" \/>\n<meta property=\"og:locale\" content=\"en_US\" \/>\n<meta property=\"og:type\" content=\"article\" \/>\n<meta property=\"og:title\" content=\"Ferhat Dino\u0161a: Odlazim mirne savjesti - Lajme nga Ulqini\" \/>\n<meta property=\"og:description\" content=\"Moja deviza: za\u0161tita-da, afirmacija-ne, o\u010dito nije bila dovoljna. Zato se povla\u010dim ne\u0161to ranije s ministarske na drugu funkciju, odakle \u0107u pomno da pratim\" \/>\n<meta property=\"og:url\" content=\"https:\/\/www.visit-ulcinj.com\/blog\/2011\/12\/19\/ferhat-dinosa-odlazim-mirne-savjesti\/\" \/>\n<meta property=\"og:site_name\" content=\"Lajme nga Ulqini\" \/>\n<meta property=\"article:published_time\" content=\"2011-12-19T18:26:13+00:00\" \/>\n<meta property=\"og:image\" content=\"http:\/\/www.visit-ulcinj.com\/blog\/wp-content\/uploads\/2011\/12\/Ferhat-Dinosha.jpg\" \/>\n<meta name=\"twitter:label1\" content=\"Written by\" \/>\n\t<meta name=\"twitter:data1\" content=\"ulqini\" \/>\n\t<meta name=\"twitter:label2\" content=\"Est. reading time\" \/>\n\t<meta name=\"twitter:data2\" content=\"11 minutes\" \/>\n<script type=\"application\/ld+json\" class=\"yoast-schema-graph\">{\"@context\":\"https:\/\/schema.org\",\"@graph\":[{\"@type\":\"WebSite\",\"@id\":\"https:\/\/www.visit-ulcinj.com\/blog\/#website\",\"url\":\"https:\/\/www.visit-ulcinj.com\/blog\/\",\"name\":\"Lajme nga Ulqini\",\"description\":\"Lajme,Vijesti,Ulqini,Ulqin,Crna Gora,Mali i Zi\",\"potentialAction\":[{\"@type\":\"SearchAction\",\"target\":{\"@type\":\"EntryPoint\",\"urlTemplate\":\"https:\/\/www.visit-ulcinj.com\/blog\/?s={search_term_string}\"},\"query-input\":\"required name=search_term_string\"}],\"inLanguage\":\"en-US\"},{\"@type\":\"ImageObject\",\"inLanguage\":\"en-US\",\"@id\":\"https:\/\/www.visit-ulcinj.com\/blog\/2011\/12\/19\/ferhat-dinosa-odlazim-mirne-savjesti\/#primaryimage\",\"url\":\"https:\/\/www.visit-ulcinj.com\/blog\/wp-content\/uploads\/2011\/12\/Ferhat-Dinosha.jpg\",\"contentUrl\":\"https:\/\/www.visit-ulcinj.com\/blog\/wp-content\/uploads\/2011\/12\/Ferhat-Dinosha.jpg\",\"width\":\"407\",\"height\":\"637\"},{\"@type\":\"WebPage\",\"@id\":\"https:\/\/www.visit-ulcinj.com\/blog\/2011\/12\/19\/ferhat-dinosa-odlazim-mirne-savjesti\/#webpage\",\"url\":\"https:\/\/www.visit-ulcinj.com\/blog\/2011\/12\/19\/ferhat-dinosa-odlazim-mirne-savjesti\/\",\"name\":\"Ferhat Dino\u0161a: Odlazim mirne savjesti - Lajme nga Ulqini\",\"isPartOf\":{\"@id\":\"https:\/\/www.visit-ulcinj.com\/blog\/#website\"},\"primaryImageOfPage\":{\"@id\":\"https:\/\/www.visit-ulcinj.com\/blog\/2011\/12\/19\/ferhat-dinosa-odlazim-mirne-savjesti\/#primaryimage\"},\"datePublished\":\"2011-12-19T18:26:13+00:00\",\"dateModified\":\"2011-12-19T18:26:13+00:00\",\"author\":{\"@id\":\"https:\/\/www.visit-ulcinj.com\/blog\/#\/schema\/person\/dcab619c614d3038751c63bc2aadc06d\"},\"description\":\"Moja deviza: za\u0161tita-da, afirmacija-ne, o\u010dito nije bila dovoljna. Zato se povla\u010dim ne\u0161to ranije s ministarske na drugu funkciju, odakle \u0107u pomno da pratim\",\"breadcrumb\":{\"@id\":\"https:\/\/www.visit-ulcinj.com\/blog\/2011\/12\/19\/ferhat-dinosa-odlazim-mirne-savjesti\/#breadcrumb\"},\"inLanguage\":\"en-US\",\"potentialAction\":[{\"@type\":\"ReadAction\",\"target\":[\"https:\/\/www.visit-ulcinj.com\/blog\/2011\/12\/19\/ferhat-dinosa-odlazim-mirne-savjesti\/\"]}]},{\"@type\":\"BreadcrumbList\",\"@id\":\"https:\/\/www.visit-ulcinj.com\/blog\/2011\/12\/19\/ferhat-dinosa-odlazim-mirne-savjesti\/#breadcrumb\",\"itemListElement\":[{\"@type\":\"ListItem\",\"position\":1,\"name\":\"Ferhat Dino\u0161a: Odlazim mirne savjesti\"}]},{\"@type\":\"Person\",\"@id\":\"https:\/\/www.visit-ulcinj.com\/blog\/#\/schema\/person\/dcab619c614d3038751c63bc2aadc06d\",\"name\":\"ulqini\",\"sameAs\":[\"http:\/\/www.visit-ulcinj.com\"],\"url\":\"https:\/\/www.visit-ulcinj.com\/blog\/author\/admin\/\"}]}<\/script>\n<!-- \/ Yoast SEO plugin. -->","yoast_head_json":{"title":"Ferhat Dino\u0161a: Odlazim mirne savjesti - Lajme nga Ulqini","description":"Moja deviza: za\u0161tita-da, afirmacija-ne, o\u010dito nije bila dovoljna. Zato se povla\u010dim ne\u0161to ranije s ministarske na drugu funkciju, odakle \u0107u pomno da pratim","robots":{"index":"index","follow":"follow","max-snippet":"max-snippet:-1","max-image-preview":"max-image-preview:large","max-video-preview":"max-video-preview:-1"},"canonical":"https:\/\/www.visit-ulcinj.com\/blog\/2011\/12\/19\/ferhat-dinosa-odlazim-mirne-savjesti\/","og_locale":"en_US","og_type":"article","og_title":"Ferhat Dino\u0161a: Odlazim mirne savjesti - Lajme nga Ulqini","og_description":"Moja deviza: za\u0161tita-da, afirmacija-ne, o\u010dito nije bila dovoljna. Zato se povla\u010dim ne\u0161to ranije s ministarske na drugu funkciju, odakle \u0107u pomno da pratim","og_url":"https:\/\/www.visit-ulcinj.com\/blog\/2011\/12\/19\/ferhat-dinosa-odlazim-mirne-savjesti\/","og_site_name":"Lajme nga Ulqini","article_published_time":"2011-12-19T18:26:13+00:00","og_image":[{"url":"http:\/\/www.visit-ulcinj.com\/blog\/wp-content\/uploads\/2011\/12\/Ferhat-Dinosha.jpg"}],"twitter_misc":{"Written by":"ulqini","Est. reading time":"11 minutes"},"schema":{"@context":"https:\/\/schema.org","@graph":[{"@type":"WebSite","@id":"https:\/\/www.visit-ulcinj.com\/blog\/#website","url":"https:\/\/www.visit-ulcinj.com\/blog\/","name":"Lajme nga Ulqini","description":"Lajme,Vijesti,Ulqini,Ulqin,Crna Gora,Mali i Zi","potentialAction":[{"@type":"SearchAction","target":{"@type":"EntryPoint","urlTemplate":"https:\/\/www.visit-ulcinj.com\/blog\/?s={search_term_string}"},"query-input":"required name=search_term_string"}],"inLanguage":"en-US"},{"@type":"ImageObject","inLanguage":"en-US","@id":"https:\/\/www.visit-ulcinj.com\/blog\/2011\/12\/19\/ferhat-dinosa-odlazim-mirne-savjesti\/#primaryimage","url":"https:\/\/www.visit-ulcinj.com\/blog\/wp-content\/uploads\/2011\/12\/Ferhat-Dinosha.jpg","contentUrl":"https:\/\/www.visit-ulcinj.com\/blog\/wp-content\/uploads\/2011\/12\/Ferhat-Dinosha.jpg","width":"407","height":"637"},{"@type":"WebPage","@id":"https:\/\/www.visit-ulcinj.com\/blog\/2011\/12\/19\/ferhat-dinosa-odlazim-mirne-savjesti\/#webpage","url":"https:\/\/www.visit-ulcinj.com\/blog\/2011\/12\/19\/ferhat-dinosa-odlazim-mirne-savjesti\/","name":"Ferhat Dino\u0161a: Odlazim mirne savjesti - Lajme nga Ulqini","isPartOf":{"@id":"https:\/\/www.visit-ulcinj.com\/blog\/#website"},"primaryImageOfPage":{"@id":"https:\/\/www.visit-ulcinj.com\/blog\/2011\/12\/19\/ferhat-dinosa-odlazim-mirne-savjesti\/#primaryimage"},"datePublished":"2011-12-19T18:26:13+00:00","dateModified":"2011-12-19T18:26:13+00:00","author":{"@id":"https:\/\/www.visit-ulcinj.com\/blog\/#\/schema\/person\/dcab619c614d3038751c63bc2aadc06d"},"description":"Moja deviza: za\u0161tita-da, afirmacija-ne, o\u010dito nije bila dovoljna. Zato se povla\u010dim ne\u0161to ranije s ministarske na drugu funkciju, odakle \u0107u pomno da pratim","breadcrumb":{"@id":"https:\/\/www.visit-ulcinj.com\/blog\/2011\/12\/19\/ferhat-dinosa-odlazim-mirne-savjesti\/#breadcrumb"},"inLanguage":"en-US","potentialAction":[{"@type":"ReadAction","target":["https:\/\/www.visit-ulcinj.com\/blog\/2011\/12\/19\/ferhat-dinosa-odlazim-mirne-savjesti\/"]}]},{"@type":"BreadcrumbList","@id":"https:\/\/www.visit-ulcinj.com\/blog\/2011\/12\/19\/ferhat-dinosa-odlazim-mirne-savjesti\/#breadcrumb","itemListElement":[{"@type":"ListItem","position":1,"name":"Ferhat Dino\u0161a: Odlazim mirne savjesti"}]},{"@type":"Person","@id":"https:\/\/www.visit-ulcinj.com\/blog\/#\/schema\/person\/dcab619c614d3038751c63bc2aadc06d","name":"ulqini","sameAs":["http:\/\/www.visit-ulcinj.com"],"url":"https:\/\/www.visit-ulcinj.com\/blog\/author\/admin\/"}]}},"jetpack_featured_media_url":"","jetpack_sharing_enabled":true,"jetpack_shortlink":"https:\/\/wp.me\/pe6lTn-ecI","_links":{"self":[{"href":"https:\/\/www.visit-ulcinj.com\/blog\/wp-json\/wp\/v2\/posts\/54604"}],"collection":[{"href":"https:\/\/www.visit-ulcinj.com\/blog\/wp-json\/wp\/v2\/posts"}],"about":[{"href":"https:\/\/www.visit-ulcinj.com\/blog\/wp-json\/wp\/v2\/types\/post"}],"author":[{"embeddable":true,"href":"https:\/\/www.visit-ulcinj.com\/blog\/wp-json\/wp\/v2\/users\/1"}],"replies":[{"embeddable":true,"href":"https:\/\/www.visit-ulcinj.com\/blog\/wp-json\/wp\/v2\/comments?post=54604"}],"version-history":[{"count":1,"href":"https:\/\/www.visit-ulcinj.com\/blog\/wp-json\/wp\/v2\/posts\/54604\/revisions"}],"predecessor-version":[{"id":54607,"href":"https:\/\/www.visit-ulcinj.com\/blog\/wp-json\/wp\/v2\/posts\/54604\/revisions\/54607"}],"wp:attachment":[{"href":"https:\/\/www.visit-ulcinj.com\/blog\/wp-json\/wp\/v2\/media?parent=54604"}],"wp:term":[{"taxonomy":"category","embeddable":true,"href":"https:\/\/www.visit-ulcinj.com\/blog\/wp-json\/wp\/v2\/categories?post=54604"},{"taxonomy":"post_tag","embeddable":true,"href":"https:\/\/www.visit-ulcinj.com\/blog\/wp-json\/wp\/v2\/tags?post=54604"}],"curies":[{"name":"wp","href":"https:\/\/api.w.org\/{rel}","templated":true}]}}