{"id":54608,"date":"2011-12-19T19:36:09","date_gmt":"2011-12-19T18:36:09","guid":{"rendered":"http:\/\/www.visit-ulcinj.com\/blog\/?p=54608"},"modified":"2011-12-19T19:36:09","modified_gmt":"2011-12-19T18:36:09","slug":"kupio-za-800-000-prodaje-za-257-miliona","status":"publish","type":"post","link":"https:\/\/www.visit-ulcinj.com\/blog\/2011\/12\/19\/kupio-za-800-000-prodaje-za-257-miliona\/","title":{"rendered":"Kupio za 800.000, prodaje za 257 miliona"},"content":{"rendered":"<p><strong><a href=\"http:\/\/www.visit-ulcinj.com\/blog\/wp-content\/uploads\/2011\/12\/Vesko-Barovic.jpg\"><img loading=\"lazy\" class=\"alignleft size-full wp-image-54609\" title=\"Vesko Barovic\" src=\"http:\/\/www.visit-ulcinj.com\/blog\/wp-content\/uploads\/2011\/12\/Vesko-Barovic.jpg\" alt=\"\" width=\"300\" height=\"302\" \/><\/a>Podgori\u010dki biznismen Vesko Barovi\u0107 prodaje imovinu\u00a0 Ulcinjske solane<\/strong><br \/>\nSte\u010dajna uprava Solane \u201eBajo Sekuli\u0107\u201d, kojom upravlja Eurofond podgori\u010dkog biznismena Veselina Barovi\u0107a, objavila je poziv za prodaju imovine tog ulcinjskog preduze\u0107a po po\u010detnoj cijeni od 257,8 miliona eura.<br \/>\nU imovinu spadaju nepokretna imovina u op\u0161tini Ulcinj, koju \u010dine zemlji\u0161te, objekti za upotrebnu vodu, zgrade u industriji i rudarstvu, poslovne zgrade u privredi, elektroenergetski objekti i objekti gasovoda i kanali, tehnolo\u0161ka oprema gra\u0111evinska mehanizacija, transportna sredstva i kancelarijska oprema.<br \/>\nPravo da u\u010destvuju na javnom nadmetanju imaju sve doma\u0107e i strane kompanije, kao i gra\u0111ani koji uplate depozit u iznosu od jedan odsto od po\u010detne cijene ili prilo\u017ee garanciju poslovne banke, neopozivu i naplativu na prvi poziv.<br \/>\nZainteresovani gra\u0111ani i kompanije ponude treba do dostave do 16. januara.<br \/>\n<a href=\"http:\/\/www.visit-ulcinj.com\/blog\/wp-content\/uploads\/2011\/12\/Vesko-Barovic-prodaje-imovinu-Ulcinjske-solane.jpg\"><img loading=\"lazy\" class=\"alignleft size-full wp-image-54610\" title=\"Vesko Barovic prodaje imovinu  Ulcinjske solane\" src=\"http:\/\/www.visit-ulcinj.com\/blog\/wp-content\/uploads\/2011\/12\/Vesko-Barovic-prodaje-imovinu-Ulcinjske-solane.jpg\" alt=\"\" width=\"508\" height=\"340\" \/><\/a><br \/>\nPredmet prodaje je cjelokupna imovina, koja se prodaje u vi\u0111enom stanju, bez prava na reklamaciju, a imovina \u0107e biti prodata ponu\u0111a\u010du koji ponudi najve\u0107u kupoprodajnu cijenu. Kupac je du\u017ean da sa ste\u010dajnim upravnikom zaklju\u010di ugovor o kupoprodaji predmetne imovine u roku od 15 dana od dono\u0161enja odluke o izboru najpovoljnijeg ponu\u0111a\u010da.<br \/>\nAkcionari ulcinjske Solane \u201eBajo Sekuli\u0107\u201d, istog datuma, razmatra\u0107e odluku o zalaganju imovine kompanije ukoliko do\u0111e do realizacije i odobravanja stranih kredita.<br \/>\nVlada je nedavno Solani, koja je od 2005. godine, na zahtjev Veselina Barovi\u0107a, u ste\u010daju, oduzela koncesije za eksploataciju soli na le\u017ei\u0161tu \u0160trojska kneta. Vlada je u avgustu prihvatila predlog Ministarstva finansija da produ\u017ei ugovor o koncesiji za eksploataciju soli i u novembru kontaktirala sa nadle\u017enima u preduze\u0107u u cilju zaklju\u010denja ugovora. Privredni sud je u aprilu odlu\u010dio da produ\u017ei koncesije za le\u017ei\u0161te \u0160tojska kneta, pravdaju\u0107i takvu odluku time \u0161to bi eksploatacija soli, kao osnovna djelatnost preduze\u0107a, mogla da namiri potra\u017eivanja povjerilaca. Koncesija je, ipak, oduzeta jer Barovi\u0107 nije ispunio plan reorganizacije, niti je isplatio povjerioce.<br \/>\nBarovi\u0107 je kupio akcijski udio u Solani za 800.000 eura, a potom je, uvode\u0107i je u ste\u010daj zbog duga od 13.000 eura i namjerno gube\u0107i licencu, postao vlasnik 15 miliona kvadrata zemlji\u0161ta uz obalu mora u zale\u0111u Velike pla\u017ee. Kad je preuzimao Solanu, cijena kvadrta je bila 30 centi, a nakon \u0161to je u prostornom planu preimenovana iz industrijske zone u gra\u0111evinsku, cijena kvadrata je sko\u010dila na 100 eura.<\/p>\n<p><a href=\"http:\/\/www.dan.co.me\/?nivo=3&amp;rubrika=Ekonomija&amp;datum=2011-12-18&amp;clanak=311892\" target=\"_blank\"><strong>M.K.<\/strong><br \/>\n<strong> Izvor: DAN<\/strong><\/a><\/p>\n<p>[flv width=&#8221;508&#8243; height=&#8221;360&#8243;]http:\/\/solana-ulcinj.com\/VTS_01_1.flv[\/flv]<\/p>\n","protected":false},"excerpt":{"rendered":"<p>Podgori\u010dki biznismen Vesko Barovi\u0107 prodaje imovinu\u00a0 Ulcinjske solane Ste\u010dajna uprava Solane \u201eBajo Sekuli\u0107\u201d, kojom upravlja Eurofond podgori\u010dkog biznismena Veselina Barovi\u0107a, objavila je poziv za prodaju imovine tog ulcinjskog preduze\u0107a po po\u010detnoj cijeni od 257,8 miliona eura. U imovinu spadaju nepokretna imovina u op\u0161tini Ulcinj, koju \u010dine zemlji\u0161te, objekti za upotrebnu vodu, zgrade u industriji i [&hellip;]<\/p>\n","protected":false},"author":1,"featured_media":0,"comment_status":"open","ping_status":"closed","sticky":false,"template":"","format":"standard","meta":{"spay_email":"","jetpack_publicize_message":"","jetpack_is_tweetstorm":false,"jetpack_publicize_feature_enabled":true},"categories":[8337],"tags":[19633],"jetpack_publicize_connections":[],"yoast_head":"<!-- This site is optimized with the Yoast SEO plugin v19.1 - https:\/\/yoast.com\/wordpress\/plugins\/seo\/ -->\n<title>Kupio za 800.000, prodaje za 257 miliona - Lajme nga Ulqini<\/title>\n<meta name=\"description\" content=\"Podgori\u010dki biznismen Vesko Barovi\u0107 prodaje imovinu\u00a0 Ulcinjske solane Ste\u010dajna uprava Solane \u201eBajo Sekuli\u0107\u201d, kojom upravlja Eurofond podgori\u010dkog biznismena\" \/>\n<meta name=\"robots\" content=\"index, follow, max-snippet:-1, max-image-preview:large, max-video-preview:-1\" \/>\n<link rel=\"canonical\" href=\"https:\/\/www.visit-ulcinj.com\/blog\/2011\/12\/19\/kupio-za-800-000-prodaje-za-257-miliona\/\" \/>\n<meta property=\"og:locale\" content=\"en_US\" \/>\n<meta property=\"og:type\" content=\"article\" \/>\n<meta property=\"og:title\" content=\"Kupio za 800.000, prodaje za 257 miliona - Lajme nga Ulqini\" \/>\n<meta property=\"og:description\" content=\"Podgori\u010dki biznismen Vesko Barovi\u0107 prodaje imovinu\u00a0 Ulcinjske solane Ste\u010dajna uprava Solane \u201eBajo Sekuli\u0107\u201d, kojom upravlja Eurofond podgori\u010dkog biznismena\" \/>\n<meta property=\"og:url\" content=\"https:\/\/www.visit-ulcinj.com\/blog\/2011\/12\/19\/kupio-za-800-000-prodaje-za-257-miliona\/\" \/>\n<meta property=\"og:site_name\" content=\"Lajme nga Ulqini\" \/>\n<meta property=\"article:published_time\" content=\"2011-12-19T18:36:09+00:00\" \/>\n<meta property=\"og:image\" content=\"http:\/\/www.visit-ulcinj.com\/blog\/wp-content\/uploads\/2011\/12\/Vesko-Barovic.jpg\" \/>\n<meta name=\"twitter:label1\" content=\"Written by\" \/>\n\t<meta name=\"twitter:data1\" content=\"ulqini\" \/>\n\t<meta name=\"twitter:label2\" content=\"Est. reading time\" \/>\n\t<meta name=\"twitter:data2\" content=\"2 minutes\" \/>\n<script type=\"application\/ld+json\" class=\"yoast-schema-graph\">{\"@context\":\"https:\/\/schema.org\",\"@graph\":[{\"@type\":\"WebSite\",\"@id\":\"https:\/\/www.visit-ulcinj.com\/blog\/#website\",\"url\":\"https:\/\/www.visit-ulcinj.com\/blog\/\",\"name\":\"Lajme nga Ulqini\",\"description\":\"Lajme,Vijesti,Ulqini,Ulqin,Crna Gora,Mali i Zi\",\"potentialAction\":[{\"@type\":\"SearchAction\",\"target\":{\"@type\":\"EntryPoint\",\"urlTemplate\":\"https:\/\/www.visit-ulcinj.com\/blog\/?s={search_term_string}\"},\"query-input\":\"required name=search_term_string\"}],\"inLanguage\":\"en-US\"},{\"@type\":\"ImageObject\",\"inLanguage\":\"en-US\",\"@id\":\"https:\/\/www.visit-ulcinj.com\/blog\/2011\/12\/19\/kupio-za-800-000-prodaje-za-257-miliona\/#primaryimage\",\"url\":\"https:\/\/www.visit-ulcinj.com\/blog\/wp-content\/uploads\/2011\/12\/Vesko-Barovic.jpg\",\"contentUrl\":\"https:\/\/www.visit-ulcinj.com\/blog\/wp-content\/uploads\/2011\/12\/Vesko-Barovic.jpg\",\"width\":\"407\",\"height\":\"302\"},{\"@type\":\"WebPage\",\"@id\":\"https:\/\/www.visit-ulcinj.com\/blog\/2011\/12\/19\/kupio-za-800-000-prodaje-za-257-miliona\/#webpage\",\"url\":\"https:\/\/www.visit-ulcinj.com\/blog\/2011\/12\/19\/kupio-za-800-000-prodaje-za-257-miliona\/\",\"name\":\"Kupio za 800.000, prodaje za 257 miliona - Lajme nga Ulqini\",\"isPartOf\":{\"@id\":\"https:\/\/www.visit-ulcinj.com\/blog\/#website\"},\"primaryImageOfPage\":{\"@id\":\"https:\/\/www.visit-ulcinj.com\/blog\/2011\/12\/19\/kupio-za-800-000-prodaje-za-257-miliona\/#primaryimage\"},\"datePublished\":\"2011-12-19T18:36:09+00:00\",\"dateModified\":\"2011-12-19T18:36:09+00:00\",\"author\":{\"@id\":\"https:\/\/www.visit-ulcinj.com\/blog\/#\/schema\/person\/dcab619c614d3038751c63bc2aadc06d\"},\"description\":\"Podgori\u010dki biznismen Vesko Barovi\u0107 prodaje imovinu\u00a0 Ulcinjske solane Ste\u010dajna uprava Solane \u201eBajo Sekuli\u0107\u201d, kojom upravlja Eurofond podgori\u010dkog biznismena\",\"breadcrumb\":{\"@id\":\"https:\/\/www.visit-ulcinj.com\/blog\/2011\/12\/19\/kupio-za-800-000-prodaje-za-257-miliona\/#breadcrumb\"},\"inLanguage\":\"en-US\",\"potentialAction\":[{\"@type\":\"ReadAction\",\"target\":[\"https:\/\/www.visit-ulcinj.com\/blog\/2011\/12\/19\/kupio-za-800-000-prodaje-za-257-miliona\/\"]}]},{\"@type\":\"BreadcrumbList\",\"@id\":\"https:\/\/www.visit-ulcinj.com\/blog\/2011\/12\/19\/kupio-za-800-000-prodaje-za-257-miliona\/#breadcrumb\",\"itemListElement\":[{\"@type\":\"ListItem\",\"position\":1,\"name\":\"Kupio za 800.000, prodaje za 257 miliona\"}]},{\"@type\":\"Person\",\"@id\":\"https:\/\/www.visit-ulcinj.com\/blog\/#\/schema\/person\/dcab619c614d3038751c63bc2aadc06d\",\"name\":\"ulqini\",\"sameAs\":[\"http:\/\/www.visit-ulcinj.com\"],\"url\":\"https:\/\/www.visit-ulcinj.com\/blog\/author\/admin\/\"}]}<\/script>\n<!-- \/ Yoast SEO plugin. -->","yoast_head_json":{"title":"Kupio za 800.000, prodaje za 257 miliona - Lajme nga Ulqini","description":"Podgori\u010dki biznismen Vesko Barovi\u0107 prodaje imovinu\u00a0 Ulcinjske solane Ste\u010dajna uprava Solane \u201eBajo Sekuli\u0107\u201d, kojom upravlja Eurofond podgori\u010dkog biznismena","robots":{"index":"index","follow":"follow","max-snippet":"max-snippet:-1","max-image-preview":"max-image-preview:large","max-video-preview":"max-video-preview:-1"},"canonical":"https:\/\/www.visit-ulcinj.com\/blog\/2011\/12\/19\/kupio-za-800-000-prodaje-za-257-miliona\/","og_locale":"en_US","og_type":"article","og_title":"Kupio za 800.000, prodaje za 257 miliona - Lajme nga Ulqini","og_description":"Podgori\u010dki biznismen Vesko Barovi\u0107 prodaje imovinu\u00a0 Ulcinjske solane Ste\u010dajna uprava Solane \u201eBajo Sekuli\u0107\u201d, kojom upravlja Eurofond podgori\u010dkog biznismena","og_url":"https:\/\/www.visit-ulcinj.com\/blog\/2011\/12\/19\/kupio-za-800-000-prodaje-za-257-miliona\/","og_site_name":"Lajme nga Ulqini","article_published_time":"2011-12-19T18:36:09+00:00","og_image":[{"url":"http:\/\/www.visit-ulcinj.com\/blog\/wp-content\/uploads\/2011\/12\/Vesko-Barovic.jpg"}],"twitter_misc":{"Written by":"ulqini","Est. reading time":"2 minutes"},"schema":{"@context":"https:\/\/schema.org","@graph":[{"@type":"WebSite","@id":"https:\/\/www.visit-ulcinj.com\/blog\/#website","url":"https:\/\/www.visit-ulcinj.com\/blog\/","name":"Lajme nga Ulqini","description":"Lajme,Vijesti,Ulqini,Ulqin,Crna Gora,Mali i Zi","potentialAction":[{"@type":"SearchAction","target":{"@type":"EntryPoint","urlTemplate":"https:\/\/www.visit-ulcinj.com\/blog\/?s={search_term_string}"},"query-input":"required name=search_term_string"}],"inLanguage":"en-US"},{"@type":"ImageObject","inLanguage":"en-US","@id":"https:\/\/www.visit-ulcinj.com\/blog\/2011\/12\/19\/kupio-za-800-000-prodaje-za-257-miliona\/#primaryimage","url":"https:\/\/www.visit-ulcinj.com\/blog\/wp-content\/uploads\/2011\/12\/Vesko-Barovic.jpg","contentUrl":"https:\/\/www.visit-ulcinj.com\/blog\/wp-content\/uploads\/2011\/12\/Vesko-Barovic.jpg","width":"407","height":"302"},{"@type":"WebPage","@id":"https:\/\/www.visit-ulcinj.com\/blog\/2011\/12\/19\/kupio-za-800-000-prodaje-za-257-miliona\/#webpage","url":"https:\/\/www.visit-ulcinj.com\/blog\/2011\/12\/19\/kupio-za-800-000-prodaje-za-257-miliona\/","name":"Kupio za 800.000, prodaje za 257 miliona - Lajme nga Ulqini","isPartOf":{"@id":"https:\/\/www.visit-ulcinj.com\/blog\/#website"},"primaryImageOfPage":{"@id":"https:\/\/www.visit-ulcinj.com\/blog\/2011\/12\/19\/kupio-za-800-000-prodaje-za-257-miliona\/#primaryimage"},"datePublished":"2011-12-19T18:36:09+00:00","dateModified":"2011-12-19T18:36:09+00:00","author":{"@id":"https:\/\/www.visit-ulcinj.com\/blog\/#\/schema\/person\/dcab619c614d3038751c63bc2aadc06d"},"description":"Podgori\u010dki biznismen Vesko Barovi\u0107 prodaje imovinu\u00a0 Ulcinjske solane Ste\u010dajna uprava Solane \u201eBajo Sekuli\u0107\u201d, kojom upravlja Eurofond podgori\u010dkog biznismena","breadcrumb":{"@id":"https:\/\/www.visit-ulcinj.com\/blog\/2011\/12\/19\/kupio-za-800-000-prodaje-za-257-miliona\/#breadcrumb"},"inLanguage":"en-US","potentialAction":[{"@type":"ReadAction","target":["https:\/\/www.visit-ulcinj.com\/blog\/2011\/12\/19\/kupio-za-800-000-prodaje-za-257-miliona\/"]}]},{"@type":"BreadcrumbList","@id":"https:\/\/www.visit-ulcinj.com\/blog\/2011\/12\/19\/kupio-za-800-000-prodaje-za-257-miliona\/#breadcrumb","itemListElement":[{"@type":"ListItem","position":1,"name":"Kupio za 800.000, prodaje za 257 miliona"}]},{"@type":"Person","@id":"https:\/\/www.visit-ulcinj.com\/blog\/#\/schema\/person\/dcab619c614d3038751c63bc2aadc06d","name":"ulqini","sameAs":["http:\/\/www.visit-ulcinj.com"],"url":"https:\/\/www.visit-ulcinj.com\/blog\/author\/admin\/"}]}},"jetpack_featured_media_url":"","jetpack_sharing_enabled":true,"jetpack_shortlink":"https:\/\/wp.me\/pe6lTn-ecM","_links":{"self":[{"href":"https:\/\/www.visit-ulcinj.com\/blog\/wp-json\/wp\/v2\/posts\/54608"}],"collection":[{"href":"https:\/\/www.visit-ulcinj.com\/blog\/wp-json\/wp\/v2\/posts"}],"about":[{"href":"https:\/\/www.visit-ulcinj.com\/blog\/wp-json\/wp\/v2\/types\/post"}],"author":[{"embeddable":true,"href":"https:\/\/www.visit-ulcinj.com\/blog\/wp-json\/wp\/v2\/users\/1"}],"replies":[{"embeddable":true,"href":"https:\/\/www.visit-ulcinj.com\/blog\/wp-json\/wp\/v2\/comments?post=54608"}],"version-history":[{"count":1,"href":"https:\/\/www.visit-ulcinj.com\/blog\/wp-json\/wp\/v2\/posts\/54608\/revisions"}],"predecessor-version":[{"id":54611,"href":"https:\/\/www.visit-ulcinj.com\/blog\/wp-json\/wp\/v2\/posts\/54608\/revisions\/54611"}],"wp:attachment":[{"href":"https:\/\/www.visit-ulcinj.com\/blog\/wp-json\/wp\/v2\/media?parent=54608"}],"wp:term":[{"taxonomy":"category","embeddable":true,"href":"https:\/\/www.visit-ulcinj.com\/blog\/wp-json\/wp\/v2\/categories?post=54608"},{"taxonomy":"post_tag","embeddable":true,"href":"https:\/\/www.visit-ulcinj.com\/blog\/wp-json\/wp\/v2\/tags?post=54608"}],"curies":[{"name":"wp","href":"https:\/\/api.w.org\/{rel}","templated":true}]}}