{"id":54623,"date":"2011-12-20T17:21:25","date_gmt":"2011-12-20T16:21:25","guid":{"rendered":"http:\/\/www.visit-ulcinj.com\/blog\/?p=54623"},"modified":"2011-12-20T17:21:25","modified_gmt":"2011-12-20T16:21:25","slug":"bardhi-probudio-skupstinu-i-ministre","status":"publish","type":"post","link":"https:\/\/www.visit-ulcinj.com\/blog\/2011\/12\/20\/bardhi-probudio-skupstinu-i-ministre\/","title":{"rendered":"Bardhi probudio Skup\u0161tinu i ministre"},"content":{"rendered":"<p><a href=\"http:\/\/www.visit-ulcinj.com\/blog\/wp-content\/uploads\/2011\/12\/Mehmet-Bardhi.jpg\"><img loading=\"lazy\" class=\"alignleft size-full wp-image-54624\" title=\"Mehmet Bardhi\" src=\"http:\/\/www.visit-ulcinj.com\/blog\/wp-content\/uploads\/2011\/12\/Mehmet-Bardhi.jpg\" alt=\"\" width=\"500\" height=\"377\" srcset=\"https:\/\/www.visit-ulcinj.com\/blog\/wp-content\/uploads\/2011\/12\/Mehmet-Bardhi.jpg 500w, https:\/\/www.visit-ulcinj.com\/blog\/wp-content\/uploads\/2011\/12\/Mehmet-Bardhi-300x226.jpg 300w\" sizes=\"(max-width: 500px) 100vw, 500px\" \/><\/a>Lider Demokratskog saveza Mehmet Bardhi, principijelnim insistiranjem da nema osnova da bude razrije\u0161en \u010dlanstva u Upravnom odboru Fonda za manjine pokazao je da ministri koji predla\u017eu zakone i poslanici koji ih usvajaju, ne \u010ditaju ono \u0161to dolazi u skup\u0161tinsku proceduru. Da to \u010dine, dakle da valjano obavljaju svoj posao, ne bi se dogodilo da istovremeno u pravnom sistemu postoji Odluka o osnivanju Fonda za manjine po kojoj se sedam \u010dlanova UO bira iz redova poslanika i Zakon o spre\u010davanju sukoba interesa koji parlamentarcima zabranjuje \u010dlanstvo u upravnim odborima.<br \/>\nBardhi, za kojeg se bez dileme mo\u017ee re\u0107i da je poslanik koji pa\u017eljivo pro\u010dita svaki akt koji se na\u0111e u skup\u0161tinskoj proceduri, isti\u010de da je upravo to i bio jedan od ciljeva njegove doslednosti u insistiranju da nema zakonskog osnova da bude razrije\u0161en \u010dlanstva u UO Fonda.<br \/>\n&#8211; Ovakvim stavom poku\u0161ao sam da skrenem pa\u017enju na kontradiktornost izme\u0111u zakona i odluka koji su aktuelni a koje je Skup\u0161tina usvojila a Vlada predlo\u017eila. Nedopustivo je da se da usvajanjem jednog zakona on dovodi u koliziju sa nekim drugim aktom. Time se poslanici i gra\u0111ani dovode u zabludu &#8211; rekao je za \u201eDan&#8221; Bardhi.<br \/>\nProblem je, kako je dodao, u tome \u0161to se sve radi \u201ena vrat na nos&#8221;, kako bi se \u0161to vi\u0161e zakona usvojilo, pa poslanici, koji nemaju adekvatnu stru\u010dnu podr\u0161ku ne mogu ni da stignu da pro\u010ditaju sve akte u proceduri. Smatra da bi Vlada morala mnogo br\u017ee da reaguje i da otklanja kontradiktornosti izme\u0111u akata.<br \/>\nIz Mre\u017ee za afirmaciju nevladinog sektora isti\u010du da su vi\u0161e puta upozoravali da se pri usvajanju zakona ne vodi ra\u010duna o njihovom uticaju na druge akte koji su ve\u0107 na snazi. Direktor MANS-ovog Monito\u00adring programa Vuk Mara\u0161 smatra da je Bardhijev slu\u010daj pokazao upravo to.<br \/>\n&#8211; Kad je, pod pritiskom Evropske komisije, izmijenjen zakon o spre\u010davanju sukoba interesa, poslanici nijesu uop\u0161te uzeti u obzir akte koje su ranije donijeli a koji propisuju neke druge obaveze za njih. Manje je va\u017eno da li je Bardhi trebalo da napusti UO Fonda, ali je ukazao da parlament ne vodi ra\u010duna o pravnom poretku na adekvatan na\u010din &#8211; kazao je Mara\u0161.<br \/>\nPo njegovim rije\u010dima, pitanje je ko je krivac za ovakvo stanje, imaju\u0107i u vidu da Vlada ima Sekretarijat za zakonodavstvo koji je zadu\u017een da prati da predlo\u017eene norme ne budu u koliziji sa pos\u00adtoje\u0107im.<br \/>\n&#8211; Skup\u0161tina ima Odbor za ustavna pitanja i zakonodavstvo, sa prakti\u010dno istim nadle\u017enostima. Tre\u0107i stepen kontrole je predsjednik dr\u017e\u00adave, koji ukazom progla\u0161ava zakone. O\u010digledno su u ovom slu\u010daju sva tri mehanizma zakazala-zaklju\u010dio je Mara\u0161 uz opasku da je pitanje u jo\u0161 koliko slu\u010dajeva se ovako ne\u0161to desilo, samo to do sada nije niko uo\u010dio.<br \/>\nPoslanik Pokreta za prom\u00adjene Ko\u010da Pavlovi\u0107 rekao je da shvata Bardhijev postupak ako je time \u017eelio samo da poka\u017ee koliziju izme\u0111u dva va\u017ee\u0107a pravna akta koja je usvojio parlament.<br \/>\n&#8211; Ako kolega Bardhi smatra da poslanici treba da ostanu \u010dlanovi Upravnog odbora Fonda za manjine i drugih upravlja\u010dkih struktura, onda se duboko ne sla\u017eem sa njim &#8211; poru\u010dio je Pavlovi\u0107.<br \/>\n<strong>V.R.<\/strong><\/p>\n<p><strong> Gre\u0161ke zbog prevelike \u017eelje za Evropom<\/strong><br \/>\nDa je Mehmet Bardhi uspio da skrene pa\u017enju da se mora voditi ra\u010duna o usagla\u0161enosti pravnih akata, mi\u0161ljenja je i poslanik Demokratske partije socijalista Ljui\u0111 \u0160krelja.<br \/>\n&#8211; Imamo konglomerat i sukobljavanje propisa. Odgovornost za takvo stanje je na svima nama. Pri dono\u0161enju Zakona o spre\u010davanju sukoba interesa morali smo da vidimo je li u skladu sa ranije donijetim aktima. \u010cesto brzopleto donosimo zakone u \u017eelji da \u0161to prije usvojimo evropske standarde. Iz prevelike \u017eelje za Evropom ponekad nam se potkrade i gre\u0161ka-priznaje \u0160krelja.<\/p>\n<p><strong>Izvor: DAN<\/strong><\/p>\n","protected":false},"excerpt":{"rendered":"<p>Lider Demokratskog saveza Mehmet Bardhi, principijelnim insistiranjem da nema osnova da bude razrije\u0161en \u010dlanstva u Upravnom odboru Fonda za manjine pokazao je da ministri koji predla\u017eu zakone i poslanici koji ih usvajaju, ne \u010ditaju ono \u0161to dolazi u skup\u0161tinsku proceduru. Da to \u010dine, dakle da valjano obavljaju svoj posao, ne bi se dogodilo da istovremeno [&hellip;]<\/p>\n","protected":false},"author":1,"featured_media":0,"comment_status":"open","ping_status":"closed","sticky":false,"template":"","format":"standard","meta":{"spay_email":"","jetpack_publicize_message":"","jetpack_is_tweetstorm":false,"jetpack_publicize_feature_enabled":true},"categories":[8337],"tags":[347,19635],"jetpack_publicize_connections":[],"yoast_head":"<!-- This site is optimized with the Yoast SEO plugin v19.1 - https:\/\/yoast.com\/wordpress\/plugins\/seo\/ -->\n<title>Bardhi probudio Skup\u0161tinu i ministre - Lajme nga Ulqini<\/title>\n<meta name=\"description\" content=\"Lider Demokratskog saveza Mehmet Bardhi, principijelnim insistiranjem da nema osnova da bude razrije\u0161en \u010dlanstva u Upravnom odboru Fonda za manjine\" \/>\n<meta name=\"robots\" content=\"index, follow, max-snippet:-1, max-image-preview:large, max-video-preview:-1\" \/>\n<link rel=\"canonical\" href=\"https:\/\/www.visit-ulcinj.com\/blog\/2011\/12\/20\/bardhi-probudio-skupstinu-i-ministre\/\" \/>\n<meta property=\"og:locale\" content=\"en_US\" \/>\n<meta property=\"og:type\" content=\"article\" \/>\n<meta property=\"og:title\" content=\"Bardhi probudio Skup\u0161tinu i ministre - Lajme nga Ulqini\" \/>\n<meta property=\"og:description\" content=\"Lider Demokratskog saveza Mehmet Bardhi, principijelnim insistiranjem da nema osnova da bude razrije\u0161en \u010dlanstva u Upravnom odboru Fonda za manjine\" \/>\n<meta property=\"og:url\" content=\"https:\/\/www.visit-ulcinj.com\/blog\/2011\/12\/20\/bardhi-probudio-skupstinu-i-ministre\/\" \/>\n<meta property=\"og:site_name\" content=\"Lajme nga Ulqini\" \/>\n<meta property=\"article:published_time\" content=\"2011-12-20T16:21:25+00:00\" \/>\n<meta property=\"og:image\" content=\"http:\/\/www.visit-ulcinj.com\/blog\/wp-content\/uploads\/2011\/12\/Mehmet-Bardhi.jpg\" \/>\n<meta name=\"twitter:label1\" content=\"Written by\" \/>\n\t<meta name=\"twitter:data1\" content=\"ulqini\" \/>\n\t<meta name=\"twitter:label2\" content=\"Est. reading time\" \/>\n\t<meta name=\"twitter:data2\" content=\"3 minutes\" \/>\n<script type=\"application\/ld+json\" class=\"yoast-schema-graph\">{\"@context\":\"https:\/\/schema.org\",\"@graph\":[{\"@type\":\"WebSite\",\"@id\":\"https:\/\/www.visit-ulcinj.com\/blog\/#website\",\"url\":\"https:\/\/www.visit-ulcinj.com\/blog\/\",\"name\":\"Lajme nga Ulqini\",\"description\":\"Lajme,Vijesti,Ulqini,Ulqin,Crna Gora,Mali i Zi\",\"potentialAction\":[{\"@type\":\"SearchAction\",\"target\":{\"@type\":\"EntryPoint\",\"urlTemplate\":\"https:\/\/www.visit-ulcinj.com\/blog\/?s={search_term_string}\"},\"query-input\":\"required name=search_term_string\"}],\"inLanguage\":\"en-US\"},{\"@type\":\"ImageObject\",\"inLanguage\":\"en-US\",\"@id\":\"https:\/\/www.visit-ulcinj.com\/blog\/2011\/12\/20\/bardhi-probudio-skupstinu-i-ministre\/#primaryimage\",\"url\":\"https:\/\/www.visit-ulcinj.com\/blog\/wp-content\/uploads\/2011\/12\/Mehmet-Bardhi.jpg\",\"contentUrl\":\"https:\/\/www.visit-ulcinj.com\/blog\/wp-content\/uploads\/2011\/12\/Mehmet-Bardhi.jpg\",\"width\":\"500\",\"height\":\"377\"},{\"@type\":\"WebPage\",\"@id\":\"https:\/\/www.visit-ulcinj.com\/blog\/2011\/12\/20\/bardhi-probudio-skupstinu-i-ministre\/#webpage\",\"url\":\"https:\/\/www.visit-ulcinj.com\/blog\/2011\/12\/20\/bardhi-probudio-skupstinu-i-ministre\/\",\"name\":\"Bardhi probudio Skup\u0161tinu i ministre - Lajme nga Ulqini\",\"isPartOf\":{\"@id\":\"https:\/\/www.visit-ulcinj.com\/blog\/#website\"},\"primaryImageOfPage\":{\"@id\":\"https:\/\/www.visit-ulcinj.com\/blog\/2011\/12\/20\/bardhi-probudio-skupstinu-i-ministre\/#primaryimage\"},\"datePublished\":\"2011-12-20T16:21:25+00:00\",\"dateModified\":\"2011-12-20T16:21:25+00:00\",\"author\":{\"@id\":\"https:\/\/www.visit-ulcinj.com\/blog\/#\/schema\/person\/dcab619c614d3038751c63bc2aadc06d\"},\"description\":\"Lider Demokratskog saveza Mehmet Bardhi, principijelnim insistiranjem da nema osnova da bude razrije\u0161en \u010dlanstva u Upravnom odboru Fonda za manjine\",\"breadcrumb\":{\"@id\":\"https:\/\/www.visit-ulcinj.com\/blog\/2011\/12\/20\/bardhi-probudio-skupstinu-i-ministre\/#breadcrumb\"},\"inLanguage\":\"en-US\",\"potentialAction\":[{\"@type\":\"ReadAction\",\"target\":[\"https:\/\/www.visit-ulcinj.com\/blog\/2011\/12\/20\/bardhi-probudio-skupstinu-i-ministre\/\"]}]},{\"@type\":\"BreadcrumbList\",\"@id\":\"https:\/\/www.visit-ulcinj.com\/blog\/2011\/12\/20\/bardhi-probudio-skupstinu-i-ministre\/#breadcrumb\",\"itemListElement\":[{\"@type\":\"ListItem\",\"position\":1,\"name\":\"Bardhi probudio Skup\u0161tinu i ministre\"}]},{\"@type\":\"Person\",\"@id\":\"https:\/\/www.visit-ulcinj.com\/blog\/#\/schema\/person\/dcab619c614d3038751c63bc2aadc06d\",\"name\":\"ulqini\",\"sameAs\":[\"http:\/\/www.visit-ulcinj.com\"],\"url\":\"https:\/\/www.visit-ulcinj.com\/blog\/author\/admin\/\"}]}<\/script>\n<!-- \/ Yoast SEO plugin. -->","yoast_head_json":{"title":"Bardhi probudio Skup\u0161tinu i ministre - Lajme nga Ulqini","description":"Lider Demokratskog saveza Mehmet Bardhi, principijelnim insistiranjem da nema osnova da bude razrije\u0161en \u010dlanstva u Upravnom odboru Fonda za manjine","robots":{"index":"index","follow":"follow","max-snippet":"max-snippet:-1","max-image-preview":"max-image-preview:large","max-video-preview":"max-video-preview:-1"},"canonical":"https:\/\/www.visit-ulcinj.com\/blog\/2011\/12\/20\/bardhi-probudio-skupstinu-i-ministre\/","og_locale":"en_US","og_type":"article","og_title":"Bardhi probudio Skup\u0161tinu i ministre - Lajme nga Ulqini","og_description":"Lider Demokratskog saveza Mehmet Bardhi, principijelnim insistiranjem da nema osnova da bude razrije\u0161en \u010dlanstva u Upravnom odboru Fonda za manjine","og_url":"https:\/\/www.visit-ulcinj.com\/blog\/2011\/12\/20\/bardhi-probudio-skupstinu-i-ministre\/","og_site_name":"Lajme nga Ulqini","article_published_time":"2011-12-20T16:21:25+00:00","og_image":[{"url":"http:\/\/www.visit-ulcinj.com\/blog\/wp-content\/uploads\/2011\/12\/Mehmet-Bardhi.jpg"}],"twitter_misc":{"Written by":"ulqini","Est. reading time":"3 minutes"},"schema":{"@context":"https:\/\/schema.org","@graph":[{"@type":"WebSite","@id":"https:\/\/www.visit-ulcinj.com\/blog\/#website","url":"https:\/\/www.visit-ulcinj.com\/blog\/","name":"Lajme nga Ulqini","description":"Lajme,Vijesti,Ulqini,Ulqin,Crna Gora,Mali i Zi","potentialAction":[{"@type":"SearchAction","target":{"@type":"EntryPoint","urlTemplate":"https:\/\/www.visit-ulcinj.com\/blog\/?s={search_term_string}"},"query-input":"required name=search_term_string"}],"inLanguage":"en-US"},{"@type":"ImageObject","inLanguage":"en-US","@id":"https:\/\/www.visit-ulcinj.com\/blog\/2011\/12\/20\/bardhi-probudio-skupstinu-i-ministre\/#primaryimage","url":"https:\/\/www.visit-ulcinj.com\/blog\/wp-content\/uploads\/2011\/12\/Mehmet-Bardhi.jpg","contentUrl":"https:\/\/www.visit-ulcinj.com\/blog\/wp-content\/uploads\/2011\/12\/Mehmet-Bardhi.jpg","width":"500","height":"377"},{"@type":"WebPage","@id":"https:\/\/www.visit-ulcinj.com\/blog\/2011\/12\/20\/bardhi-probudio-skupstinu-i-ministre\/#webpage","url":"https:\/\/www.visit-ulcinj.com\/blog\/2011\/12\/20\/bardhi-probudio-skupstinu-i-ministre\/","name":"Bardhi probudio Skup\u0161tinu i ministre - Lajme nga Ulqini","isPartOf":{"@id":"https:\/\/www.visit-ulcinj.com\/blog\/#website"},"primaryImageOfPage":{"@id":"https:\/\/www.visit-ulcinj.com\/blog\/2011\/12\/20\/bardhi-probudio-skupstinu-i-ministre\/#primaryimage"},"datePublished":"2011-12-20T16:21:25+00:00","dateModified":"2011-12-20T16:21:25+00:00","author":{"@id":"https:\/\/www.visit-ulcinj.com\/blog\/#\/schema\/person\/dcab619c614d3038751c63bc2aadc06d"},"description":"Lider Demokratskog saveza Mehmet Bardhi, principijelnim insistiranjem da nema osnova da bude razrije\u0161en \u010dlanstva u Upravnom odboru Fonda za manjine","breadcrumb":{"@id":"https:\/\/www.visit-ulcinj.com\/blog\/2011\/12\/20\/bardhi-probudio-skupstinu-i-ministre\/#breadcrumb"},"inLanguage":"en-US","potentialAction":[{"@type":"ReadAction","target":["https:\/\/www.visit-ulcinj.com\/blog\/2011\/12\/20\/bardhi-probudio-skupstinu-i-ministre\/"]}]},{"@type":"BreadcrumbList","@id":"https:\/\/www.visit-ulcinj.com\/blog\/2011\/12\/20\/bardhi-probudio-skupstinu-i-ministre\/#breadcrumb","itemListElement":[{"@type":"ListItem","position":1,"name":"Bardhi probudio Skup\u0161tinu i ministre"}]},{"@type":"Person","@id":"https:\/\/www.visit-ulcinj.com\/blog\/#\/schema\/person\/dcab619c614d3038751c63bc2aadc06d","name":"ulqini","sameAs":["http:\/\/www.visit-ulcinj.com"],"url":"https:\/\/www.visit-ulcinj.com\/blog\/author\/admin\/"}]}},"jetpack_featured_media_url":"","jetpack_sharing_enabled":true,"jetpack_shortlink":"https:\/\/wp.me\/pe6lTn-ed1","_links":{"self":[{"href":"https:\/\/www.visit-ulcinj.com\/blog\/wp-json\/wp\/v2\/posts\/54623"}],"collection":[{"href":"https:\/\/www.visit-ulcinj.com\/blog\/wp-json\/wp\/v2\/posts"}],"about":[{"href":"https:\/\/www.visit-ulcinj.com\/blog\/wp-json\/wp\/v2\/types\/post"}],"author":[{"embeddable":true,"href":"https:\/\/www.visit-ulcinj.com\/blog\/wp-json\/wp\/v2\/users\/1"}],"replies":[{"embeddable":true,"href":"https:\/\/www.visit-ulcinj.com\/blog\/wp-json\/wp\/v2\/comments?post=54623"}],"version-history":[{"count":1,"href":"https:\/\/www.visit-ulcinj.com\/blog\/wp-json\/wp\/v2\/posts\/54623\/revisions"}],"predecessor-version":[{"id":54625,"href":"https:\/\/www.visit-ulcinj.com\/blog\/wp-json\/wp\/v2\/posts\/54623\/revisions\/54625"}],"wp:attachment":[{"href":"https:\/\/www.visit-ulcinj.com\/blog\/wp-json\/wp\/v2\/media?parent=54623"}],"wp:term":[{"taxonomy":"category","embeddable":true,"href":"https:\/\/www.visit-ulcinj.com\/blog\/wp-json\/wp\/v2\/categories?post=54623"},{"taxonomy":"post_tag","embeddable":true,"href":"https:\/\/www.visit-ulcinj.com\/blog\/wp-json\/wp\/v2\/tags?post=54623"}],"curies":[{"name":"wp","href":"https:\/\/api.w.org\/{rel}","templated":true}]}}