{"id":54626,"date":"2011-12-20T17:49:29","date_gmt":"2011-12-20T16:49:29","guid":{"rendered":"http:\/\/www.visit-ulcinj.com\/blog\/?p=54626"},"modified":"2011-12-21T09:59:33","modified_gmt":"2011-12-21T08:59:33","slug":"anton-lulgjuraj-ne-mbrojtje-te-identitetit-kombetar","status":"publish","type":"post","link":"https:\/\/www.visit-ulcinj.com\/blog\/2011\/12\/20\/anton-lulgjuraj-ne-mbrojtje-te-identitetit-kombetar\/","title":{"rendered":"Anton Lulgjuraj: N\u00eb mbrojtje t\u00eb identitetit komb\u00ebtar"},"content":{"rendered":"<p><a href=\"http:\/\/www.visit-ulcinj.com\/blog\/wp-content\/uploads\/2011\/12\/Anton-Lulgjuraj.2.jpg\"><img loading=\"lazy\" class=\"alignleft size-full wp-image-54629\" title=\"Anton Lulgjuraj.2\" src=\"http:\/\/www.visit-ulcinj.com\/blog\/wp-content\/uploads\/2011\/12\/Anton-Lulgjuraj.2.jpg\" alt=\"\" width=\"490\" height=\"360\" \/><\/a>Zhvillimet e fundit n\u00eb Mal t\u00eb Zi, treguan edhe nj\u00ebher\u00eb q\u00eb \u201cplani p\u00ebr spastrime etnike n\u00eb m\u00ebnyr\u00eb jo t\u00eb dhunshme\u201d, vazhdon t\u00eb jet\u00eb preambul\u00eb e politik\u00ebs malazez\u00eb kund\u00ebr shqiptar\u00ebve n\u00eb Mal t\u00eb Zi. Me dat\u00ebn 2 n\u00ebntor t\u00eb k\u00ebtij viti, Parlamenti i Malit t\u00eb Zi miratoi ligjin p\u00ebr ndarjen territoriale q\u00eb Mal\u00ebsin\u00eb e Madhe e parasheh pa Komun\u00eb, duke ia l\u00ebn\u00eb fatin e Mal\u00ebsis\u00eb dhe shqiptar\u00ebve n\u00eb dor\u00eb t\u00eb Qeveris\u00eb s\u00eb Malit t\u00eb Zi. Por, Ne jemi t\u00eb bindur q\u00eb vullneti i Qeveris\u00eb malazeze q\u00eb Mal\u00ebsia t\u00eb fitoj\u00eb Statusin e Komun\u00ebs s\u00eb Plot\u00eb t\u00eb Mal\u00ebsis\u00eb, do t\u00eb jet\u00eb i nj\u00ebjt\u00eb sikurse ka qen\u00eb deri tani!<\/p>\n<p>Aktualisht, Qeveria malazeze po p\u00ebrgatit nj\u00eb draft \u2013 ligj, i cili e ndalon rrept\u00ebsisht mbajtjen e flamurit (simbolit) komb\u00ebtar, duke provuar pulsin e shqiptar\u00ebve q\u00eb a jan\u00eb n\u00eb gjendje t\u00eb reagojn\u00eb p\u00ebr gj\u00ebn\u00eb m\u00eb t\u00eb shtrenjt\u00eb dhe m\u00eb t\u00eb shenjt\u00eb \u00eb tyre, p\u00ebr t\u00eb cil\u00ebn kan\u00eb dh\u00ebn\u00eb jet\u00ebn dhe kan\u00eb derdhur gjakun n\u00ebp\u00ebr shekuj.<\/p>\n<p>Diskriminimi i shqiptar\u00ebve vazhdon me: papun\u00ebsin\u00eb n\u00eb shifra ekstreme, mohimin e t\u00eb drejt\u00ebs s\u00eb organizimit n\u00eb qeverisje lokale q\u00eb burimin kryesor t\u00eb saj e gjejm\u00eb n\u00eb Kushtetut\u00ebn e Malit t\u00eb Zi, marr\u00ebveshjet nd\u00ebrkomb\u00ebtare, munges\u00ebn e teksteve shkollore n\u00eb gjuh\u00ebn shqipe, mohimin e historis\u00eb s\u00eb popullit shqiptar, etj. T\u00eb gjitha k\u00ebto q\u00eb p\u00ebrmend\u00ebm m\u00eb lart\u00eb, por edhe faktor\u00eb t\u00eb tjer\u00eb, na detyrojn\u00eb q\u00eb t\u00eb marrim hapa konkret me q\u00ebllim arritjen e t\u00eb drejtave q\u00eb na takojn\u00eb sipas standardeve nd\u00ebrkomb\u00ebtare. K\u00ebshtu, m\u00eb dat\u00ebn 28 dhjetor, ora 14, n\u00eb qend\u00ebr t\u00eb Tuzit, do t\u00eb organizohet protest\u00eb paq\u00ebsore me q\u00ebllim p\u00ebr t\u00eb treguar pak\u00ebnaq\u00ebsin\u00eb nga qeverisja aktuale n\u00eb Komun\u00ebn Urbane t\u00eb Tuzit dhe padrejt\u00ebsit\u00eb q\u00eb b\u00ebhen ndaj shqiptar\u00ebve.<br \/>\n<a href=\"http:\/\/www.visit-ulcinj.com\/blog\/wp-content\/uploads\/2011\/12\/Anton-Lulgjuraj.1.jpg\"><img loading=\"lazy\" class=\"alignleft size-full wp-image-54628\" title=\"Anton Lulgjuraj.1\" src=\"http:\/\/www.visit-ulcinj.com\/blog\/wp-content\/uploads\/2011\/12\/Anton-Lulgjuraj.1.jpg\" alt=\"\" width=\"490\" height=\"340\" \/><\/a><br \/>\nShteti i Malit t\u00eb Zi, synon aspirat\u00ebn p\u00ebr n\u00eb bashk\u00ebsin\u00eb Evropiane, por gjithmon\u00eb duke respektuar standardet e demokracis\u00eb dhe zhvillimit t\u00eb mir\u00ebqenj\u00ebs. Ne k\u00ebrkojm\u00eb respektimin e instrumentave juridik nd\u00ebrkomb\u00ebtar dhe ligjevc t\u00eb brendshme t\u00eb cilat garantojn\u00eb t\u00eb drejtat e popullit shqiptar n\u00eb trev\u00ebn e Mal\u00ebsis\u00eb gjegj\u00ebsisht n\u00eb t\u00eb gjith\u00eb territorin e Malit t\u00eb Zi ku ata jetojn\u00eb.<\/p>\n<p>Asnj\u00eb doktrin\u00eb, asnj\u00eb manipulim apo tregti politike, asnj\u00eb trysni shtetesh, lobesh nd\u00ebrkomb\u00ebtare, nuk mund t\u2019a pengoj\u00eb popullin shqiptar n\u00eb Mal t\u00eb Zi, si popull autokton, t\u00eb kryej\u00eb dhe t\u00eb marr\u00eb at\u00eb q\u00eb \u00ebsht\u00eb e garantuar nga ligji apo marr\u00ebveshjet nd\u00ebrkomb\u00ebtare, at\u00eb q\u00eb u takon atyre.<\/p>\n<p>N\u00eb k\u00ebt\u00eb m\u00ebnyr\u00eb, ftoj t\u00eb gjith\u00eb qytetar\u00ebt e Mal\u00ebsis\u00eb, pa dallim feje, krahine, bindjesh politike, q\u00eb t\u00eb ngrisim z\u00ebrin t\u00eb gjith\u00eb s\u00eb bashku n\u00eb dat\u00ebn 28 dhjetor, q\u00eb t\u00eb marrim at\u00eb \u00e7far\u00eb na takon; t\u00eb fitojm\u00eb t\u00eb drejt\u00ebn n\u00eb vet\u00ebqeverisje lokale \u2013 Komun\u00ebn e Plot\u00eb t\u00eb Mal\u00ebsis\u00eb, t\u00eb vendosim ne p\u00ebr fatin ton\u00eb; t\u00eb zhvillojm\u00eb sektorin ekonomik i cili \u00ebsht\u00eb po aq i d\u00ebshiruesh\u00ebm p\u00ebr qytetar\u00ebt dhe i domosdosh\u00ebm, t\u00eb mbrojm\u00eb simbolet tona komb\u00ebtare,\u00a0 t\u00eb mbrojm\u00eb resurset nga pla\u00e7kitjet si\u00e7 jan\u00eb: toka n\u00eb Vuksanlekaj, vreshtaria, toka n\u00eb Milesh, toka n\u00eb Dhe t\u00eb Zi, Valdanosi, Kriporja n\u00eb Ulqin si e vetmja n\u00eb t\u00eb gjith\u00eb Malin e Zi, t\u00eb mbrojm\u00eb t\u00eb drejtat e pun\u00ebmarr\u00ebsve, etj. Nuk mund t\u00eb ket\u00eb shtet demokratik, n\u00ebse n\u00eb gurthemelin e tij, nuk q\u00ebndrojn\u00eb t\u00eb drejtat dhe lirit\u00eb themelore t\u00eb njeriut.<br \/>\n<a href=\"http:\/\/www.visit-ulcinj.com\/blog\/wp-content\/uploads\/2011\/12\/Anton-Lulgjuraj.jpg\"><img loading=\"lazy\" class=\"alignleft size-full wp-image-54627\" title=\"Anton Lulgjuraj\" src=\"http:\/\/www.visit-ulcinj.com\/blog\/wp-content\/uploads\/2011\/12\/Anton-Lulgjuraj.jpg\" alt=\"\" width=\"508\" height=\"340\" \/><\/a><br \/>\nMbi baz\u00ebn e k\u00ebtyre q\u00eb parashtruam m\u00eb lart\u00eb, me plot\u00eb t\u00eb drejt\u00eb i drejtohem Bashk\u00ebsis\u00eb nd\u00ebrkomb\u00ebtare duke th\u00ebn\u00eb: \u201cEvrop\u00eb dhe SHBA, Ne jemi an\u00ebtar\u00ebt tuaj, jemi bijt\u00eb tuaj, na ndihmoni t\u00eb riforcohemi me an\u00ebn e shoq\u00ebris\u00eb tuaj, q\u00eb t\u00eb ndajm\u00eb me Ju t\u00eb mirat e qytet\u00ebrimit. Ne kemi vullnet t\u00eb mir\u00eb, na m\u00ebsoni, na vini n\u00eb rrug\u00eb t\u00eb drejt\u00eb dhe do t\u00eb shihni q\u00eb po na hoq\u00ebt edhe p\u00ebngesat q\u00eb kemi n\u00eb gryk\u00eb e q\u00eb po na mbysin ekzistenc\u00ebn do t\u00eb p\u00ebrparojm\u00eb po aq shpejt sa dhe t\u00eb tjer\u00ebt, sepse kjo \u00ebsht\u00eb gjuha q\u00eb flet Rinia Shqiptare. Nd\u00ebrsa Qeveris\u00eb s\u00eb Malit t\u00eb Zi, i drejtohemi duke th\u00ebn\u00eb: \u201crespektoni popullin shqiptar, konsiderojeni t\u00eb barabart\u00eb me t\u00eb gjith\u00eb popujt e tjer\u00eb n\u00eb Mal t\u00eb Zi, ndaloni planet e asimilimit dhe t\u00eb spastrimit etnik, ndaloni shp\u00ebrnguljen e popullsis\u00eb, ndaloni ndryshimin demografik t\u00eb popullat\u00ebs s\u00eb Mal\u00ebsis\u00eb, ndaloni diskriminimin, sepse me votat tona e nd\u00ebrtuam shtetin e Malit t\u00eb Zi dhe ky shtet duhet t\u00eb jet\u00eb n\u00eb sh\u00ebrbim t\u00eb t\u00eb gjith\u00eb qytetar\u00ebve t\u00eb Malit t\u00eb Zi\u201d.<\/p>\n<p>Forumit Demokratik p\u00ebr Integrim i shqiptar\u00ebve n\u00eb Mal t\u00eb Zi<br \/>\nKryetar \u2013 <strong>Anton Lulgjuraj<\/strong><\/p>\n<p><strong><a href=\"http:\/\/www.fdi.al\/\">Forumi Demokratik p\u00ebr Integrim<\/a><\/strong><\/p>\n","protected":false},"excerpt":{"rendered":"<p>Zhvillimet e fundit n\u00eb Mal t\u00eb Zi, treguan edhe nj\u00ebher\u00eb q\u00eb \u201cplani p\u00ebr spastrime etnike n\u00eb m\u00ebnyr\u00eb jo t\u00eb dhunshme\u201d, vazhdon t\u00eb jet\u00eb preambul\u00eb e politik\u00ebs malazez\u00eb kund\u00ebr shqiptar\u00ebve n\u00eb Mal t\u00eb Zi. Me dat\u00ebn 2 n\u00ebntor t\u00eb k\u00ebtij viti, Parlamenti i Malit t\u00eb Zi miratoi ligjin p\u00ebr ndarjen territoriale q\u00eb Mal\u00ebsin\u00eb e Madhe e [&hellip;]<\/p>\n","protected":false},"author":1,"featured_media":0,"comment_status":"open","ping_status":"closed","sticky":false,"template":"","format":"standard","meta":{"spay_email":"","jetpack_publicize_message":"","jetpack_is_tweetstorm":false,"jetpack_publicize_feature_enabled":true},"categories":[14249,14],"tags":[886,19636],"jetpack_publicize_connections":[],"yoast_head":"<!-- This site is optimized with the Yoast SEO plugin v19.1 - https:\/\/yoast.com\/wordpress\/plugins\/seo\/ -->\n<title>Anton Lulgjuraj: N\u00eb mbrojtje t\u00eb identitetit komb\u00ebtar - Lajme nga Ulqini<\/title>\n<meta name=\"description\" content=\"Zhvillimet e fundit n\u00eb Mal t\u00eb Zi, treguan edhe nj\u00ebher\u00eb q\u00eb \u201cplani p\u00ebr spastrime etnike n\u00eb m\u00ebnyr\u00eb jo t\u00eb dhunshme\u201d, vazhdon t\u00eb jet\u00eb preambul\u00eb e politik\u00ebs\" \/>\n<meta name=\"robots\" content=\"index, follow, max-snippet:-1, max-image-preview:large, max-video-preview:-1\" \/>\n<link rel=\"canonical\" href=\"https:\/\/www.visit-ulcinj.com\/blog\/2011\/12\/20\/anton-lulgjuraj-ne-mbrojtje-te-identitetit-kombetar\/\" \/>\n<meta property=\"og:locale\" content=\"en_US\" \/>\n<meta property=\"og:type\" content=\"article\" \/>\n<meta property=\"og:title\" content=\"Anton Lulgjuraj: N\u00eb mbrojtje t\u00eb identitetit komb\u00ebtar - Lajme nga Ulqini\" \/>\n<meta property=\"og:description\" content=\"Zhvillimet e fundit n\u00eb Mal t\u00eb Zi, treguan edhe nj\u00ebher\u00eb q\u00eb \u201cplani p\u00ebr spastrime etnike n\u00eb m\u00ebnyr\u00eb jo t\u00eb dhunshme\u201d, vazhdon t\u00eb jet\u00eb preambul\u00eb e politik\u00ebs\" \/>\n<meta property=\"og:url\" content=\"https:\/\/www.visit-ulcinj.com\/blog\/2011\/12\/20\/anton-lulgjuraj-ne-mbrojtje-te-identitetit-kombetar\/\" \/>\n<meta property=\"og:site_name\" content=\"Lajme nga Ulqini\" \/>\n<meta property=\"article:published_time\" content=\"2011-12-20T16:49:29+00:00\" \/>\n<meta property=\"article:modified_time\" content=\"2011-12-21T08:59:33+00:00\" \/>\n<meta property=\"og:image\" content=\"http:\/\/www.visit-ulcinj.com\/blog\/wp-content\/uploads\/2011\/12\/Anton-Lulgjuraj.2.jpg\" \/>\n<meta name=\"twitter:label1\" content=\"Written by\" \/>\n\t<meta name=\"twitter:data1\" content=\"ulqini\" \/>\n\t<meta name=\"twitter:label2\" content=\"Est. reading time\" \/>\n\t<meta name=\"twitter:data2\" content=\"4 minutes\" \/>\n<script type=\"application\/ld+json\" class=\"yoast-schema-graph\">{\"@context\":\"https:\/\/schema.org\",\"@graph\":[{\"@type\":\"WebSite\",\"@id\":\"https:\/\/www.visit-ulcinj.com\/blog\/#website\",\"url\":\"https:\/\/www.visit-ulcinj.com\/blog\/\",\"name\":\"Lajme nga Ulqini\",\"description\":\"Lajme,Vijesti,Ulqini,Ulqin,Crna Gora,Mali i Zi\",\"potentialAction\":[{\"@type\":\"SearchAction\",\"target\":{\"@type\":\"EntryPoint\",\"urlTemplate\":\"https:\/\/www.visit-ulcinj.com\/blog\/?s={search_term_string}\"},\"query-input\":\"required name=search_term_string\"}],\"inLanguage\":\"en-US\"},{\"@type\":\"ImageObject\",\"inLanguage\":\"en-US\",\"@id\":\"https:\/\/www.visit-ulcinj.com\/blog\/2011\/12\/20\/anton-lulgjuraj-ne-mbrojtje-te-identitetit-kombetar\/#primaryimage\",\"url\":\"https:\/\/www.visit-ulcinj.com\/blog\/wp-content\/uploads\/2011\/12\/Anton-Lulgjuraj.2.jpg\",\"contentUrl\":\"https:\/\/www.visit-ulcinj.com\/blog\/wp-content\/uploads\/2011\/12\/Anton-Lulgjuraj.2.jpg\",\"width\":\"450\",\"height\":\"360\"},{\"@type\":\"WebPage\",\"@id\":\"https:\/\/www.visit-ulcinj.com\/blog\/2011\/12\/20\/anton-lulgjuraj-ne-mbrojtje-te-identitetit-kombetar\/#webpage\",\"url\":\"https:\/\/www.visit-ulcinj.com\/blog\/2011\/12\/20\/anton-lulgjuraj-ne-mbrojtje-te-identitetit-kombetar\/\",\"name\":\"Anton Lulgjuraj: N\u00eb mbrojtje t\u00eb identitetit komb\u00ebtar - Lajme nga Ulqini\",\"isPartOf\":{\"@id\":\"https:\/\/www.visit-ulcinj.com\/blog\/#website\"},\"primaryImageOfPage\":{\"@id\":\"https:\/\/www.visit-ulcinj.com\/blog\/2011\/12\/20\/anton-lulgjuraj-ne-mbrojtje-te-identitetit-kombetar\/#primaryimage\"},\"datePublished\":\"2011-12-20T16:49:29+00:00\",\"dateModified\":\"2011-12-21T08:59:33+00:00\",\"author\":{\"@id\":\"https:\/\/www.visit-ulcinj.com\/blog\/#\/schema\/person\/dcab619c614d3038751c63bc2aadc06d\"},\"description\":\"Zhvillimet e fundit n\u00eb Mal t\u00eb Zi, treguan edhe nj\u00ebher\u00eb q\u00eb \u201cplani p\u00ebr spastrime etnike n\u00eb m\u00ebnyr\u00eb jo t\u00eb dhunshme\u201d, vazhdon t\u00eb jet\u00eb preambul\u00eb e politik\u00ebs\",\"breadcrumb\":{\"@id\":\"https:\/\/www.visit-ulcinj.com\/blog\/2011\/12\/20\/anton-lulgjuraj-ne-mbrojtje-te-identitetit-kombetar\/#breadcrumb\"},\"inLanguage\":\"en-US\",\"potentialAction\":[{\"@type\":\"ReadAction\",\"target\":[\"https:\/\/www.visit-ulcinj.com\/blog\/2011\/12\/20\/anton-lulgjuraj-ne-mbrojtje-te-identitetit-kombetar\/\"]}]},{\"@type\":\"BreadcrumbList\",\"@id\":\"https:\/\/www.visit-ulcinj.com\/blog\/2011\/12\/20\/anton-lulgjuraj-ne-mbrojtje-te-identitetit-kombetar\/#breadcrumb\",\"itemListElement\":[{\"@type\":\"ListItem\",\"position\":1,\"name\":\"Anton Lulgjuraj: N\u00eb mbrojtje t\u00eb identitetit komb\u00ebtar\"}]},{\"@type\":\"Person\",\"@id\":\"https:\/\/www.visit-ulcinj.com\/blog\/#\/schema\/person\/dcab619c614d3038751c63bc2aadc06d\",\"name\":\"ulqini\",\"sameAs\":[\"http:\/\/www.visit-ulcinj.com\"],\"url\":\"https:\/\/www.visit-ulcinj.com\/blog\/author\/admin\/\"}]}<\/script>\n<!-- \/ Yoast SEO plugin. -->","yoast_head_json":{"title":"Anton Lulgjuraj: N\u00eb mbrojtje t\u00eb identitetit komb\u00ebtar - Lajme nga Ulqini","description":"Zhvillimet e fundit n\u00eb Mal t\u00eb Zi, treguan edhe nj\u00ebher\u00eb q\u00eb \u201cplani p\u00ebr spastrime etnike n\u00eb m\u00ebnyr\u00eb jo t\u00eb dhunshme\u201d, vazhdon t\u00eb jet\u00eb preambul\u00eb e politik\u00ebs","robots":{"index":"index","follow":"follow","max-snippet":"max-snippet:-1","max-image-preview":"max-image-preview:large","max-video-preview":"max-video-preview:-1"},"canonical":"https:\/\/www.visit-ulcinj.com\/blog\/2011\/12\/20\/anton-lulgjuraj-ne-mbrojtje-te-identitetit-kombetar\/","og_locale":"en_US","og_type":"article","og_title":"Anton Lulgjuraj: N\u00eb mbrojtje t\u00eb identitetit komb\u00ebtar - Lajme nga Ulqini","og_description":"Zhvillimet e fundit n\u00eb Mal t\u00eb Zi, treguan edhe nj\u00ebher\u00eb q\u00eb \u201cplani p\u00ebr spastrime etnike n\u00eb m\u00ebnyr\u00eb jo t\u00eb dhunshme\u201d, vazhdon t\u00eb jet\u00eb preambul\u00eb e politik\u00ebs","og_url":"https:\/\/www.visit-ulcinj.com\/blog\/2011\/12\/20\/anton-lulgjuraj-ne-mbrojtje-te-identitetit-kombetar\/","og_site_name":"Lajme nga Ulqini","article_published_time":"2011-12-20T16:49:29+00:00","article_modified_time":"2011-12-21T08:59:33+00:00","og_image":[{"url":"http:\/\/www.visit-ulcinj.com\/blog\/wp-content\/uploads\/2011\/12\/Anton-Lulgjuraj.2.jpg"}],"twitter_misc":{"Written by":"ulqini","Est. reading time":"4 minutes"},"schema":{"@context":"https:\/\/schema.org","@graph":[{"@type":"WebSite","@id":"https:\/\/www.visit-ulcinj.com\/blog\/#website","url":"https:\/\/www.visit-ulcinj.com\/blog\/","name":"Lajme nga Ulqini","description":"Lajme,Vijesti,Ulqini,Ulqin,Crna Gora,Mali i Zi","potentialAction":[{"@type":"SearchAction","target":{"@type":"EntryPoint","urlTemplate":"https:\/\/www.visit-ulcinj.com\/blog\/?s={search_term_string}"},"query-input":"required name=search_term_string"}],"inLanguage":"en-US"},{"@type":"ImageObject","inLanguage":"en-US","@id":"https:\/\/www.visit-ulcinj.com\/blog\/2011\/12\/20\/anton-lulgjuraj-ne-mbrojtje-te-identitetit-kombetar\/#primaryimage","url":"https:\/\/www.visit-ulcinj.com\/blog\/wp-content\/uploads\/2011\/12\/Anton-Lulgjuraj.2.jpg","contentUrl":"https:\/\/www.visit-ulcinj.com\/blog\/wp-content\/uploads\/2011\/12\/Anton-Lulgjuraj.2.jpg","width":"450","height":"360"},{"@type":"WebPage","@id":"https:\/\/www.visit-ulcinj.com\/blog\/2011\/12\/20\/anton-lulgjuraj-ne-mbrojtje-te-identitetit-kombetar\/#webpage","url":"https:\/\/www.visit-ulcinj.com\/blog\/2011\/12\/20\/anton-lulgjuraj-ne-mbrojtje-te-identitetit-kombetar\/","name":"Anton Lulgjuraj: N\u00eb mbrojtje t\u00eb identitetit komb\u00ebtar - Lajme nga Ulqini","isPartOf":{"@id":"https:\/\/www.visit-ulcinj.com\/blog\/#website"},"primaryImageOfPage":{"@id":"https:\/\/www.visit-ulcinj.com\/blog\/2011\/12\/20\/anton-lulgjuraj-ne-mbrojtje-te-identitetit-kombetar\/#primaryimage"},"datePublished":"2011-12-20T16:49:29+00:00","dateModified":"2011-12-21T08:59:33+00:00","author":{"@id":"https:\/\/www.visit-ulcinj.com\/blog\/#\/schema\/person\/dcab619c614d3038751c63bc2aadc06d"},"description":"Zhvillimet e fundit n\u00eb Mal t\u00eb Zi, treguan edhe nj\u00ebher\u00eb q\u00eb \u201cplani p\u00ebr spastrime etnike n\u00eb m\u00ebnyr\u00eb jo t\u00eb dhunshme\u201d, vazhdon t\u00eb jet\u00eb preambul\u00eb e politik\u00ebs","breadcrumb":{"@id":"https:\/\/www.visit-ulcinj.com\/blog\/2011\/12\/20\/anton-lulgjuraj-ne-mbrojtje-te-identitetit-kombetar\/#breadcrumb"},"inLanguage":"en-US","potentialAction":[{"@type":"ReadAction","target":["https:\/\/www.visit-ulcinj.com\/blog\/2011\/12\/20\/anton-lulgjuraj-ne-mbrojtje-te-identitetit-kombetar\/"]}]},{"@type":"BreadcrumbList","@id":"https:\/\/www.visit-ulcinj.com\/blog\/2011\/12\/20\/anton-lulgjuraj-ne-mbrojtje-te-identitetit-kombetar\/#breadcrumb","itemListElement":[{"@type":"ListItem","position":1,"name":"Anton Lulgjuraj: N\u00eb mbrojtje t\u00eb identitetit komb\u00ebtar"}]},{"@type":"Person","@id":"https:\/\/www.visit-ulcinj.com\/blog\/#\/schema\/person\/dcab619c614d3038751c63bc2aadc06d","name":"ulqini","sameAs":["http:\/\/www.visit-ulcinj.com"],"url":"https:\/\/www.visit-ulcinj.com\/blog\/author\/admin\/"}]}},"jetpack_featured_media_url":"","jetpack_sharing_enabled":true,"jetpack_shortlink":"https:\/\/wp.me\/pe6lTn-ed4","_links":{"self":[{"href":"https:\/\/www.visit-ulcinj.com\/blog\/wp-json\/wp\/v2\/posts\/54626"}],"collection":[{"href":"https:\/\/www.visit-ulcinj.com\/blog\/wp-json\/wp\/v2\/posts"}],"about":[{"href":"https:\/\/www.visit-ulcinj.com\/blog\/wp-json\/wp\/v2\/types\/post"}],"author":[{"embeddable":true,"href":"https:\/\/www.visit-ulcinj.com\/blog\/wp-json\/wp\/v2\/users\/1"}],"replies":[{"embeddable":true,"href":"https:\/\/www.visit-ulcinj.com\/blog\/wp-json\/wp\/v2\/comments?post=54626"}],"version-history":[{"count":4,"href":"https:\/\/www.visit-ulcinj.com\/blog\/wp-json\/wp\/v2\/posts\/54626\/revisions"}],"predecessor-version":[{"id":54658,"href":"https:\/\/www.visit-ulcinj.com\/blog\/wp-json\/wp\/v2\/posts\/54626\/revisions\/54658"}],"wp:attachment":[{"href":"https:\/\/www.visit-ulcinj.com\/blog\/wp-json\/wp\/v2\/media?parent=54626"}],"wp:term":[{"taxonomy":"category","embeddable":true,"href":"https:\/\/www.visit-ulcinj.com\/blog\/wp-json\/wp\/v2\/categories?post=54626"},{"taxonomy":"post_tag","embeddable":true,"href":"https:\/\/www.visit-ulcinj.com\/blog\/wp-json\/wp\/v2\/tags?post=54626"}],"curies":[{"name":"wp","href":"https:\/\/api.w.org\/{rel}","templated":true}]}}