{"id":54633,"date":"2011-12-20T18:42:58","date_gmt":"2011-12-20T17:42:58","guid":{"rendered":"http:\/\/www.visit-ulcinj.com\/blog\/?p=54633"},"modified":"2011-12-20T22:09:24","modified_gmt":"2011-12-20T21:09:24","slug":"hana-cakuli-je-suis-maladelive-ne-teatrin-e-rtv-klan","status":"publish","type":"post","link":"https:\/\/www.visit-ulcinj.com\/blog\/2011\/12\/20\/hana-cakuli-je-suis-maladelive-ne-teatrin-e-rtv-klan\/","title":{"rendered":"Hana Cakuli &#8211; Je suis malade,LIVE ne Teatrin e RTV KLAN"},"content":{"rendered":"<p><strong><a href=\"http:\/\/www.visit-ulcinj.com\/blog\/wp-content\/uploads\/2011\/12\/Hana-Cakuli-Je-suis-malade-.jpg\"><img loading=\"lazy\" class=\"alignleft size-full wp-image-54634\" title=\"Hana Cakuli - Je suis malade\" src=\"http:\/\/www.visit-ulcinj.com\/blog\/wp-content\/uploads\/2011\/12\/Hana-Cakuli-Je-suis-malade-.jpg\" alt=\"\" width=\"490\" height=\"372\" \/><\/a>Nata franceze sjell hitet e dashurise ne TV Klan<\/strong><br \/>\nSuperspektakli &#8220;Kenget e Shekullit&#8221; shenoi nje tjeter sukses te jashtezakonshem mbremjen e se shtunes ne Teatrin e Televizionit Klan. Kesaj here show muzikor ndali udhetimin tek perlat e muzikes franceze. Artistet me te suksesshem shqiptare sollen me profesionalizem, por edhe me shume pasion muziken me te zgjedhur dhe te dashur te nje shekulli, moderne dhe tradicionale, te cilat shpesh here u shoqeruan edhe nga publiku qe kishte mbushur shkallet e Teatrit Klan.<\/p>\n<p>Kengetarja\u00a0 e mirenjohur shqiptare nga Ulqini, te cilet thuajse eshte\u00a0 pjese e perhershme e keti spektakli kaq prestigjioz, tek Kenget e Shekullit 2011 n\u00eb televizionin komb\u00ebtar shqiptar TV Klan.<\/p>\n<p>Si cdo te shtune kane qene kengetaret qe merrnin pjese per here te pare dhe kete jave ishin Kujtim Prodani, Hana Cakuli dhe Marsida Saraci, te cilet iu bashkengjiten armates se kengetareve te super pektaklit &#8220;Kenget e Shekullit&#8221;.<\/p>\n<p>Hana Cakuli u shpreh: Eshte nje nder shume i madh per mua qe jam pjesemarrese ne nje spektakel te nje formati te tille, dhe kaq te ndjekur nga te gjithe shqiptaret kudo qe ndodhen.<\/p>\n<p>Hana Cakuli n\u00eb k\u00ebt\u00eb spektak\u00ebl u paraqit me interpretimin e kenges \u00a0Je suis malade.<\/p>\n<p><strong>Lajme nga Ulqini<\/strong><br \/>\n<!--YouTube Error: bad URL entered--><\/p>\n","protected":false},"excerpt":{"rendered":"<p>Nata franceze sjell hitet e dashurise ne TV Klan Superspektakli &#8220;Kenget e Shekullit&#8221; shenoi nje tjeter sukses te jashtezakonshem mbremjen e se shtunes ne Teatrin e Televizionit Klan. Kesaj here show muzikor ndali udhetimin tek perlat e muzikes franceze. Artistet me te suksesshem shqiptare sollen me profesionalizem, por edhe me shume pasion muziken me te [&hellip;]<\/p>\n","protected":false},"author":1,"featured_media":0,"comment_status":"open","ping_status":"closed","sticky":false,"template":"","format":"standard","meta":{"spay_email":"","jetpack_publicize_message":"","jetpack_is_tweetstorm":false,"jetpack_publicize_feature_enabled":true},"categories":[1],"tags":[212,17828,17834,18370,17811,17831,18362,14353,17808,14354,12340,17840,17839,18363,17835,17814,17810,17816,17071,17807,3516,14652,17837,17827,14358,222,17802,17812,17803,17820,17825,3201,17817,19637,17805,305,19639,17823,17832,3506,17818,214,17680,14362,14363,18371,3507,17800,498,3500,115,14364,17799,3327,17841,17826,15213,18236,3512,17806,11648,18289,17838,95,17813,17804,15141,17836,14366,79,17073,18294,118,18368,18369,1653,1909,14367,17801,18360,17822,14368,14369,17824,14370,18291,2083,3231,14371,41,3617,14372,17844,17821,18372,17830,17077,18295,19638,14375,17833,17829,200,18,17819,17809,14376],"jetpack_publicize_connections":[],"yoast_head":"<!-- This site is optimized with the Yoast SEO plugin v19.1 - https:\/\/yoast.com\/wordpress\/plugins\/seo\/ -->\n<title>Hana Cakuli - Je suis malade,LIVE ne Teatrin e RTV KLAN - Lajme nga Ulqini<\/title>\n<meta name=\"description\" content=\"Nata franceze sjell hitet e dashurise ne TV Klan Superspektakli &quot;Kenget e Shekullit&quot; shenoi nje tjeter sukses te jashtezakonshem mbremjen e se shtunes ne\" \/>\n<meta name=\"robots\" content=\"index, follow, max-snippet:-1, max-image-preview:large, max-video-preview:-1\" \/>\n<link rel=\"canonical\" href=\"https:\/\/www.visit-ulcinj.com\/blog\/2011\/12\/20\/hana-cakuli-je-suis-maladelive-ne-teatrin-e-rtv-klan\/\" \/>\n<meta property=\"og:locale\" content=\"en_US\" \/>\n<meta property=\"og:type\" content=\"article\" \/>\n<meta property=\"og:title\" content=\"Hana Cakuli - Je suis malade,LIVE ne Teatrin e RTV KLAN - Lajme nga Ulqini\" \/>\n<meta property=\"og:description\" content=\"Nata franceze sjell hitet e dashurise ne TV Klan Superspektakli &quot;Kenget e Shekullit&quot; shenoi nje tjeter sukses te jashtezakonshem mbremjen e se shtunes ne\" \/>\n<meta property=\"og:url\" content=\"https:\/\/www.visit-ulcinj.com\/blog\/2011\/12\/20\/hana-cakuli-je-suis-maladelive-ne-teatrin-e-rtv-klan\/\" \/>\n<meta property=\"og:site_name\" content=\"Lajme nga Ulqini\" \/>\n<meta property=\"article:published_time\" content=\"2011-12-20T17:42:58+00:00\" \/>\n<meta property=\"article:modified_time\" content=\"2011-12-20T21:09:24+00:00\" \/>\n<meta property=\"og:image\" content=\"http:\/\/www.visit-ulcinj.com\/blog\/wp-content\/uploads\/2011\/12\/Hana-Cakuli-Je-suis-malade-.jpg\" \/>\n<meta name=\"twitter:label1\" content=\"Written by\" \/>\n\t<meta name=\"twitter:data1\" content=\"ulqini\" \/>\n\t<meta name=\"twitter:label2\" content=\"Est. reading time\" \/>\n\t<meta name=\"twitter:data2\" content=\"1 minute\" \/>\n<script type=\"application\/ld+json\" class=\"yoast-schema-graph\">{\"@context\":\"https:\/\/schema.org\",\"@graph\":[{\"@type\":\"WebSite\",\"@id\":\"https:\/\/www.visit-ulcinj.com\/blog\/#website\",\"url\":\"https:\/\/www.visit-ulcinj.com\/blog\/\",\"name\":\"Lajme nga Ulqini\",\"description\":\"Lajme,Vijesti,Ulqini,Ulqin,Crna Gora,Mali i Zi\",\"potentialAction\":[{\"@type\":\"SearchAction\",\"target\":{\"@type\":\"EntryPoint\",\"urlTemplate\":\"https:\/\/www.visit-ulcinj.com\/blog\/?s={search_term_string}\"},\"query-input\":\"required name=search_term_string\"}],\"inLanguage\":\"en-US\"},{\"@type\":\"ImageObject\",\"inLanguage\":\"en-US\",\"@id\":\"https:\/\/www.visit-ulcinj.com\/blog\/2011\/12\/20\/hana-cakuli-je-suis-maladelive-ne-teatrin-e-rtv-klan\/#primaryimage\",\"url\":\"http:\/\/www.visit-ulcinj.com\/blog\/wp-content\/uploads\/2011\/12\/Hana-Cakuli-Je-suis-malade-.jpg\",\"contentUrl\":\"http:\/\/www.visit-ulcinj.com\/blog\/wp-content\/uploads\/2011\/12\/Hana-Cakuli-Je-suis-malade-.jpg\"},{\"@type\":\"WebPage\",\"@id\":\"https:\/\/www.visit-ulcinj.com\/blog\/2011\/12\/20\/hana-cakuli-je-suis-maladelive-ne-teatrin-e-rtv-klan\/#webpage\",\"url\":\"https:\/\/www.visit-ulcinj.com\/blog\/2011\/12\/20\/hana-cakuli-je-suis-maladelive-ne-teatrin-e-rtv-klan\/\",\"name\":\"Hana Cakuli - Je suis malade,LIVE ne Teatrin e RTV KLAN - Lajme nga Ulqini\",\"isPartOf\":{\"@id\":\"https:\/\/www.visit-ulcinj.com\/blog\/#website\"},\"primaryImageOfPage\":{\"@id\":\"https:\/\/www.visit-ulcinj.com\/blog\/2011\/12\/20\/hana-cakuli-je-suis-maladelive-ne-teatrin-e-rtv-klan\/#primaryimage\"},\"datePublished\":\"2011-12-20T17:42:58+00:00\",\"dateModified\":\"2011-12-20T21:09:24+00:00\",\"author\":{\"@id\":\"https:\/\/www.visit-ulcinj.com\/blog\/#\/schema\/person\/dcab619c614d3038751c63bc2aadc06d\"},\"description\":\"Nata franceze sjell hitet e dashurise ne TV Klan Superspektakli \\\"Kenget e Shekullit\\\" shenoi nje tjeter sukses te jashtezakonshem mbremjen e se shtunes ne\",\"breadcrumb\":{\"@id\":\"https:\/\/www.visit-ulcinj.com\/blog\/2011\/12\/20\/hana-cakuli-je-suis-maladelive-ne-teatrin-e-rtv-klan\/#breadcrumb\"},\"inLanguage\":\"en-US\",\"potentialAction\":[{\"@type\":\"ReadAction\",\"target\":[\"https:\/\/www.visit-ulcinj.com\/blog\/2011\/12\/20\/hana-cakuli-je-suis-maladelive-ne-teatrin-e-rtv-klan\/\"]}]},{\"@type\":\"BreadcrumbList\",\"@id\":\"https:\/\/www.visit-ulcinj.com\/blog\/2011\/12\/20\/hana-cakuli-je-suis-maladelive-ne-teatrin-e-rtv-klan\/#breadcrumb\",\"itemListElement\":[{\"@type\":\"ListItem\",\"position\":1,\"name\":\"Hana Cakuli &#8211; Je suis malade,LIVE ne Teatrin e RTV KLAN\"}]},{\"@type\":\"Person\",\"@id\":\"https:\/\/www.visit-ulcinj.com\/blog\/#\/schema\/person\/dcab619c614d3038751c63bc2aadc06d\",\"name\":\"ulqini\",\"sameAs\":[\"http:\/\/www.visit-ulcinj.com\"],\"url\":\"https:\/\/www.visit-ulcinj.com\/blog\/author\/admin\/\"}]}<\/script>\n<!-- \/ Yoast SEO plugin. -->","yoast_head_json":{"title":"Hana Cakuli - Je suis malade,LIVE ne Teatrin e RTV KLAN - Lajme nga Ulqini","description":"Nata franceze sjell hitet e dashurise ne TV Klan Superspektakli \"Kenget e Shekullit\" shenoi nje tjeter sukses te jashtezakonshem mbremjen e se shtunes ne","robots":{"index":"index","follow":"follow","max-snippet":"max-snippet:-1","max-image-preview":"max-image-preview:large","max-video-preview":"max-video-preview:-1"},"canonical":"https:\/\/www.visit-ulcinj.com\/blog\/2011\/12\/20\/hana-cakuli-je-suis-maladelive-ne-teatrin-e-rtv-klan\/","og_locale":"en_US","og_type":"article","og_title":"Hana Cakuli - Je suis malade,LIVE ne Teatrin e RTV KLAN - Lajme nga Ulqini","og_description":"Nata franceze sjell hitet e dashurise ne TV Klan Superspektakli \"Kenget e Shekullit\" shenoi nje tjeter sukses te jashtezakonshem mbremjen e se shtunes ne","og_url":"https:\/\/www.visit-ulcinj.com\/blog\/2011\/12\/20\/hana-cakuli-je-suis-maladelive-ne-teatrin-e-rtv-klan\/","og_site_name":"Lajme nga Ulqini","article_published_time":"2011-12-20T17:42:58+00:00","article_modified_time":"2011-12-20T21:09:24+00:00","og_image":[{"url":"http:\/\/www.visit-ulcinj.com\/blog\/wp-content\/uploads\/2011\/12\/Hana-Cakuli-Je-suis-malade-.jpg"}],"twitter_misc":{"Written by":"ulqini","Est. reading time":"1 minute"},"schema":{"@context":"https:\/\/schema.org","@graph":[{"@type":"WebSite","@id":"https:\/\/www.visit-ulcinj.com\/blog\/#website","url":"https:\/\/www.visit-ulcinj.com\/blog\/","name":"Lajme nga Ulqini","description":"Lajme,Vijesti,Ulqini,Ulqin,Crna Gora,Mali i Zi","potentialAction":[{"@type":"SearchAction","target":{"@type":"EntryPoint","urlTemplate":"https:\/\/www.visit-ulcinj.com\/blog\/?s={search_term_string}"},"query-input":"required name=search_term_string"}],"inLanguage":"en-US"},{"@type":"ImageObject","inLanguage":"en-US","@id":"https:\/\/www.visit-ulcinj.com\/blog\/2011\/12\/20\/hana-cakuli-je-suis-maladelive-ne-teatrin-e-rtv-klan\/#primaryimage","url":"http:\/\/www.visit-ulcinj.com\/blog\/wp-content\/uploads\/2011\/12\/Hana-Cakuli-Je-suis-malade-.jpg","contentUrl":"http:\/\/www.visit-ulcinj.com\/blog\/wp-content\/uploads\/2011\/12\/Hana-Cakuli-Je-suis-malade-.jpg"},{"@type":"WebPage","@id":"https:\/\/www.visit-ulcinj.com\/blog\/2011\/12\/20\/hana-cakuli-je-suis-maladelive-ne-teatrin-e-rtv-klan\/#webpage","url":"https:\/\/www.visit-ulcinj.com\/blog\/2011\/12\/20\/hana-cakuli-je-suis-maladelive-ne-teatrin-e-rtv-klan\/","name":"Hana Cakuli - Je suis malade,LIVE ne Teatrin e RTV KLAN - Lajme nga Ulqini","isPartOf":{"@id":"https:\/\/www.visit-ulcinj.com\/blog\/#website"},"primaryImageOfPage":{"@id":"https:\/\/www.visit-ulcinj.com\/blog\/2011\/12\/20\/hana-cakuli-je-suis-maladelive-ne-teatrin-e-rtv-klan\/#primaryimage"},"datePublished":"2011-12-20T17:42:58+00:00","dateModified":"2011-12-20T21:09:24+00:00","author":{"@id":"https:\/\/www.visit-ulcinj.com\/blog\/#\/schema\/person\/dcab619c614d3038751c63bc2aadc06d"},"description":"Nata franceze sjell hitet e dashurise ne TV Klan Superspektakli \"Kenget e Shekullit\" shenoi nje tjeter sukses te jashtezakonshem mbremjen e se shtunes ne","breadcrumb":{"@id":"https:\/\/www.visit-ulcinj.com\/blog\/2011\/12\/20\/hana-cakuli-je-suis-maladelive-ne-teatrin-e-rtv-klan\/#breadcrumb"},"inLanguage":"en-US","potentialAction":[{"@type":"ReadAction","target":["https:\/\/www.visit-ulcinj.com\/blog\/2011\/12\/20\/hana-cakuli-je-suis-maladelive-ne-teatrin-e-rtv-klan\/"]}]},{"@type":"BreadcrumbList","@id":"https:\/\/www.visit-ulcinj.com\/blog\/2011\/12\/20\/hana-cakuli-je-suis-maladelive-ne-teatrin-e-rtv-klan\/#breadcrumb","itemListElement":[{"@type":"ListItem","position":1,"name":"Hana Cakuli &#8211; Je suis malade,LIVE ne Teatrin e RTV KLAN"}]},{"@type":"Person","@id":"https:\/\/www.visit-ulcinj.com\/blog\/#\/schema\/person\/dcab619c614d3038751c63bc2aadc06d","name":"ulqini","sameAs":["http:\/\/www.visit-ulcinj.com"],"url":"https:\/\/www.visit-ulcinj.com\/blog\/author\/admin\/"}]}},"jetpack_featured_media_url":"","jetpack_sharing_enabled":true,"jetpack_shortlink":"https:\/\/wp.me\/pe6lTn-edb","_links":{"self":[{"href":"https:\/\/www.visit-ulcinj.com\/blog\/wp-json\/wp\/v2\/posts\/54633"}],"collection":[{"href":"https:\/\/www.visit-ulcinj.com\/blog\/wp-json\/wp\/v2\/posts"}],"about":[{"href":"https:\/\/www.visit-ulcinj.com\/blog\/wp-json\/wp\/v2\/types\/post"}],"author":[{"embeddable":true,"href":"https:\/\/www.visit-ulcinj.com\/blog\/wp-json\/wp\/v2\/users\/1"}],"replies":[{"embeddable":true,"href":"https:\/\/www.visit-ulcinj.com\/blog\/wp-json\/wp\/v2\/comments?post=54633"}],"version-history":[{"count":3,"href":"https:\/\/www.visit-ulcinj.com\/blog\/wp-json\/wp\/v2\/posts\/54633\/revisions"}],"predecessor-version":[{"id":54652,"href":"https:\/\/www.visit-ulcinj.com\/blog\/wp-json\/wp\/v2\/posts\/54633\/revisions\/54652"}],"wp:attachment":[{"href":"https:\/\/www.visit-ulcinj.com\/blog\/wp-json\/wp\/v2\/media?parent=54633"}],"wp:term":[{"taxonomy":"category","embeddable":true,"href":"https:\/\/www.visit-ulcinj.com\/blog\/wp-json\/wp\/v2\/categories?post=54633"},{"taxonomy":"post_tag","embeddable":true,"href":"https:\/\/www.visit-ulcinj.com\/blog\/wp-json\/wp\/v2\/tags?post=54633"}],"curies":[{"name":"wp","href":"https:\/\/api.w.org\/{rel}","templated":true}]}}