{"id":54642,"date":"2011-12-20T22:08:35","date_gmt":"2011-12-20T21:08:35","guid":{"rendered":"http:\/\/www.visit-ulcinj.com\/blog\/?p=54642"},"modified":"2011-12-21T17:08:51","modified_gmt":"2011-12-21T16:08:51","slug":"cafo-beg-ulqini-personalitet-i-ndritur-i-kombit","status":"publish","type":"post","link":"https:\/\/www.visit-ulcinj.com\/blog\/2011\/12\/20\/cafo-beg-ulqini-personalitet-i-ndritur-i-kombit\/","title":{"rendered":"Cafo beg Ulqini &#8211; Personalitet i ndritur i kombit"},"content":{"rendered":"<p><strong><a href=\"http:\/\/www.visit-ulcinj.com\/blog\/wp-content\/uploads\/2011\/12\/Cafo-Beg-Ulqini.jpg\"><img loading=\"lazy\" class=\"alignleft size-full wp-image-54643\" title=\"Cafo Beg Ulqini\" src=\"http:\/\/www.visit-ulcinj.com\/blog\/wp-content\/uploads\/2011\/12\/Cafo-Beg-Ulqini.jpg\" alt=\"\" width=\"508\" height=\"608\" \/><\/a>Duke lexuar librin \u201cCafo Beg Ulqini\u201d<br \/>\nNga <\/strong><strong>Gjok\u00eb Dabaj<\/strong><strong>\u00a0<\/strong><\/p>\n<p>P\u00ebr Cafo beg Ulqinin pata d\u00ebgjuar qysh\u00a0n\u00eb f\u00ebmij\u00ebrin\u00eb time t\u00eb hershme. Daja\u00a0im, Gjergj Mardjonaj, ishte kryeplak katundi\u00a0dhe ai e p\u00ebrmendte shpesh emrin\u00a0e Cafobegut n\u00eb bisedat me t\u00eb rriturit.\u00a0P\u00ebrmendej gjithmon\u00eb p\u00ebr mir\u00eb, madje\u00a0shum\u00eb vite mbasi malazez\u00ebt i kishin\u00a0ripushtuar Tivarin dhe Ulqinin.\u00a0Por tash q\u00eb e lexova librin \u201cCafo Beg Ulqini\u201d\u00a0t\u00eb z.Fahri Bu\u00e7inca, u njoha, gjithan\u00ebsisht\u00a0dhe themelisht, me profilin e atij\u00a0njeriu t\u00eb madh.\u00a0Gj\u00ebja e par\u00eb, q\u00eb m\u00eb vjen n\u00eb mend, \u00ebsht\u00eb\u00a0kjo: K\u00ebt\u00eb lib\u00ebr duhet ta lexojn\u00eb t\u00eb gjith\u00eb\u00a0pushtetar\u00ebt dhe politikan\u00ebt shqiptar\u00eb\u00a0kudo q\u00eb ndodhen. Cafobeg Ulqini \u00ebsht\u00eb\u00a0model i nj\u00eb pushtetari nga m\u00eb t\u00eb ndritshmit\u00a0q\u00eb mund t\u00eb p\u00ebrfytyrohet.<br \/>\n<a href=\"http:\/\/www.visit-ulcinj.com\/blog\/wp-content\/uploads\/2011\/12\/Cafo-Beg-Ulqini.1.jpg\"><img loading=\"lazy\" class=\"alignleft size-full wp-image-54645\" title=\"Cafo Beg Ulqini.1\" src=\"http:\/\/www.visit-ulcinj.com\/blog\/wp-content\/uploads\/2011\/12\/Cafo-Beg-Ulqini.1.jpg\" alt=\"\" width=\"340\" height=\"420\" \/><\/a> Cafobeg\u00a0Ulqini \u00ebsht\u00eb pushtetari, i cili vjen\u00a0n\u00eb pushtet me q\u00ebllimin e qart\u00eb p\u00ebr t\u00eb ndihmuar qytetin dhe krahin\u00ebn e vet\u00a0T\u00cb ROB\u00cbRUAR. Do theksuar shum\u00eb kjo e\u00a0v\u00ebrtet\u00eb: Qyteti i Ulqinit dhe rrethinat e\u00a0tija sundoheshin prej nj\u00eb shteti t\u00eb huaj.\u00a0Ai k\u00ebrkoi t\u00eb zgjidhet kryetar bashkie, jo\u00a0p\u00ebr t\u2019iu lajkatuar pushtuesvet, por p\u00ebr\u00a0ta leht\u00ebsuar sa t\u2019ish e mundur jetes\u00ebn e\u00a0bashk\u00ebkomb\u00ebsvet t\u00eb vet n\u00eb ata kushte\u00a0rob\u00ebrie. N\u00ebse nuk do t\u00eb vinte ai n\u00eb postin\u00a0e kryetarit t\u00eb bashkis\u00eb, aty do t\u00eb vihej\u00a0dikush tjet\u00ebr. Ai dikush tjet\u00ebr me siguri\u00a0nuk do t\u00eb punonte n\u00eb t\u00eb mir\u00eb t\u00eb k\u00ebtij\u00a0populli, si\u00e7 edhe ishte v\u00ebrtetuar n\u00eb k\u00ebt\u00eb\u00a0vend, jo n\u00eb dhjet\u00ebvjet\u00ebsha, por n\u00eb shekuj\u00a0pa mbarim.\u00a0\u00cbsht\u00eb nj\u00eb mij\u00eb p\u00ebrqind e sigurt\u00eb q\u00eb Cafi\u00a0i ri do t\u00eb d\u00ebshironte ta kish Ulqinin t\u00eb\u00a0lir\u00eb, por, deri sa, h\u00eb p\u00ebr h\u00eb, nuk mund t\u00eb\u00a0realizohej ajo d\u00ebshir\u00eb, gj\u00ebja m\u00eb e mir\u00eb e\u00a0mundshme ishte: T\u00eb shfryt\u00ebzohej legjislacioni\u00a0i shtetit pushtues p\u00ebr t\u00eb marr\u00eb\u00a0n\u00eb duart e veta t\u00eb pakt\u00ebn aq pushtet sa\u00a0mund t\u00eb merrej. Nj\u00eb vizion t\u00eb till\u00eb pakkush\u00a0mund ta ket\u00eb. Por, q\u00eb t\u2019i hyj\u00eb dikush konkretisht nj\u00eb t\u00eb till\u00eb pune, t\u00eb till\u00eb\u00a0ka edhe m\u00eb pak. Cafobegu ishte njeri\u00a0i guximsh\u00ebm. Ai i hyri asaj pune dhe e\u00a0kreu at\u00eb pun\u00eb pa njolla p\u00ebr 20 vjet e m\u00eb\u00a0shum\u00eb. E kreu at\u00eb pun\u00eb p\u00ebr m\u00eb se 20\u00a0vjet dhe, kur nuk mundi m\u00eb t\u00eb q\u00ebndroj\u00eb\u00a0n\u00eb pushtet, e vazhdoi jet\u00ebn dhe e mbylli\u00a0jet\u00ebn, prap\u00eb pa njoll\u00eb.\u00a0Duke studiuar mbi m\u00ebnyr\u00ebn se si arriti t\u00eb\u00a0zgjidhet kryetar bashkie, m\u00ebnyr\u00ebn se si\u00a0mundi t\u00eb mbahet n\u00eb at\u00eb post aq gjat\u00eb,\u00a0karakterin shembullisht demokratik t\u00eb\u00a0qeverisjes s\u00eb tij, dhe faktin se si u gjend\u00a0i gatsh\u00ebm p\u00ebr t\u2019ua hequr sllav\u00ebvet at\u00eb\u00a0qytet dhe ato treva q\u00eb ata i kishin pushtuar\u00a060 vjet m\u00eb par\u00eb, para syvet tan\u00eb sa\u00a0vjen e rritet shemb\u00eblltyra e tij. Sh\u00ebnimet\u00a0q\u00eb ai mban, n\u00eb form\u00eb vargjesh, larg syvet\u00a0t\u00eb epror\u00ebvet t\u00eb vet t\u00eb pad\u00ebshiruesh\u00ebm,\u00a0e zbulojn\u00eb edhe m\u00eb qart\u00eb qenien e tij\u00a0domosdoshm\u00ebrisht dualiste. E kjo \u00ebsht\u00eb\u00a0pa dyshim ana m\u00eb e v\u00ebshtir\u00eb e nj\u00eb politikani,\u00a0i cili platform\u00ebn e vet t\u00eb mir\u00ebfillt\u00eb\u00a0\u00ebsht\u00eb i detyruar ta mbaj\u00eb sekret p\u00ebr vite\u00a0me radh\u00eb. Jo vet\u00ebm sllav\u00ebt, por edhe\u00a0italian\u00ebt e gjerman\u00ebt, n\u00eb sh\u00ebnimet e tij,\u00a0ai i quan pushtues. I quan pushtues, ashtu\u00a0si\u00e7 jan\u00eb, por duke i dalluar, sepse midis\u00a0pushtuesvet ka edhe dallime. Duke e\u00a0mbjatur postin e kryetarit t\u00eb bashkis\u00eb\u00a0edhe n\u00ebn pushtetin italian, pushtet q\u00eb,\u00a0n\u00eb rrethanat q\u00eb u krijuan, e k\u00ebrkoi vet\u00eb,\u00a0madje me ngulm, pastaj duke u ngjitur\u00a0deri n\u00eb krye t\u00eb qeveris\u00eb shqiptare, si\u00a0an\u00ebtar i Regjenc\u00ebs, n\u00ebn pushtetin gjerman,\u00a0Cafobeg Ulqini, prap\u00ebseprap\u00eb,\u00a0kurrsesi nuk mund t\u00eb quhet kuisling.<br \/>\n<a href=\"http:\/\/www.visit-ulcinj.com\/blog\/wp-content\/uploads\/2011\/12\/Cafo-Beg-Ulqini.2.jpg\"><img loading=\"lazy\" class=\"alignleft size-full wp-image-54647\" title=\"Cafo Beg Ulqini.2\" src=\"http:\/\/www.visit-ulcinj.com\/blog\/wp-content\/uploads\/2011\/12\/Cafo-Beg-Ulqini.2.jpg\" alt=\"\" width=\"300\" height=\"400\" \/><\/a>Ai\u00a0nuk \u00ebsht\u00eb kuisling dhe k\u00ebt\u00eb e d\u00ebshmon\u00a0me pun\u00eb, me nj\u00eb t\u00eb atill\u00eb pun\u00eb, e cila, vite\u00a0m\u00eb von\u00eb, edhe vet\u00eb pushtetmbajt\u00ebsit\u00a0komunist\u00eb t\u00eb Tiran\u00ebs i \u00e7armatos dhe i\u00a0shtyn q\u00eb t\u00eb mos e d\u00ebnojn\u00eb as p\u00ebraf\u00ebrsisht\u00a0si\u00e7 kishin d\u00ebnuar kund\u00ebrshtar\u00eb t\u00eb\u00a0tjer\u00eb ku e ku m\u00eb t\u00eb vegj\u00ebl se ai. Ai \u00ebsht\u00eb\u00a0thjesht\u00eb nj\u00eb njeri, i cili, duke qen\u00eb n\u00eb ato\u00a0shkall\u00eb t\u00eb pushtetit, mundohet t\u2019i sh\u00ebrbej\u00eb\u00a0sa m\u00eb efektsh\u00ebm vet\u00ebm kombit t\u00eb\u00a0vet.\u00a0Vijn\u00eb, mbas t\u00eb gjitha atyre p\u00ebrpjekjeve,\u00a0koh\u00ebt kur para shqiptar\u00ebvet t\u00eb Ulqinit,\u00a0Tivarit e m\u00eb gj\u00ebr\u00eb, mbyllen fatalisht t\u00eb\u00a0gjith\u00eb shtigjet. Cafobeg Ulqini nuk i\u00a0humb as n\u00eb t\u00eb tilla rrethana logjik\u00ebn dhe\u00a0gjakftoht\u00ebsin\u00eb. Nuk e humb shpres\u00ebn.\u00a0Nuk dor\u00ebzohet, por del n\u00eb mal. I kalon 8 vjet n\u00eb ilegalitet, duke rr\u00ebzikuar jet\u00ebn\u00a0e vet dhe jet\u00ebn e krejt familjes, por nuk\u00a0i shkel idealet prej t\u00eb cil\u00ebvet kish qen\u00eb\u00a0frym\u00ebzuar qysh prej vitevet t\u00eb rinis\u00eb.\u00a0Q\u00ebndrimi me arm\u00eb n\u00eb krah e n\u00eb brez,\u00a0n\u00eb munges\u00eb t\u00eb nj\u00eb perspektive t\u00eb qart\u00eb,\u00a0jo 8 dit\u00eb, as 8 muaj, por fill 8 vjet, jan\u00eb\u00a0tashm\u00eb jo d\u00ebshmia e nj\u00eb patriotizmi t\u00eb\u00a0kulluar si pika e lotit, por d\u00ebshmia edhe\u00a0e madh\u00ebshtis\u00eb s\u00eb tij si personaliteti m\u00eb\u00a0i ndritur i k\u00ebsaj pjese t\u00eb Shqip\u00ebris\u00eb n\u00eb\u00a0shekullin XX. P\u00ebr k\u00ebt\u00eb ai e meriton nj\u00eb\u00a0monument t\u00eb madh mu n\u00eb sheshin q\u00eb\u00a0hapet para Plazhit t\u00eb Vog\u00ebl, sa zbret prej\u00a0pjes\u00ebs s\u00eb ep\u00ebrme t\u00eb Ulqinit.\u00a0Fakti q\u00eb Cafobeg Ulqini pat fatin e\u00a0keq t\u00eb jet\u00eb pushtetar n\u00eb rrethanat kur\u00a0vendlindja e tij ishte e pushtuar dhe\u00a0megjithat\u00eb t\u00eb mos pushoj\u00eb s\u00eb vepruari\u00a0si patriot, p\u00ebrkundrazi, t\u00eb lul\u00ebzoj\u00eb brenda da tij si patriotizmi, ashhtu edhe\u00a0cil\u00ebsit\u00eb e tjera brilante q\u00eb duhet ta\u00a0karakterizojn\u00eb \u00e7do pushtetar (gj\u00eb\u00a0q\u00eb fatkeq\u00ebsisht nuk ndodh shpesh),\u00a0na \u00e7on te mendimi q\u00eb ky lib\u00ebr, i cili\u00a0e p\u00ebrshkruan me holl\u00ebsi jet\u00ebn e k\u00ebtij\u00a0njeriu t\u00eb madh, duhet t\u00eb gjendet\u00a0mbi tavolin\u00ebn e cilitdo pushtetar e\u00a0politikan shqiptar.<\/p>\n<p><a href=\"http:\/\/www.visit-ulcinj.com\/blog\/wp-content\/uploads\/2011\/12\/Cafo-Beg-Ulqini.3.jpg\"><img loading=\"lazy\" class=\"alignleft size-full wp-image-54648\" title=\"Cafo Beg Ulqini.3\" src=\"http:\/\/www.visit-ulcinj.com\/blog\/wp-content\/uploads\/2011\/12\/Cafo-Beg-Ulqini.3.jpg\" alt=\"\" width=\"340\" height=\"400\" \/><\/a>Ky lib\u00ebr duhet t\u00eb\u00a0gjendet mbi tavolin\u00ebn sidomos t\u00eb\u00a0atyre pushtetar\u00ebve e politikan\u00ebve\u00a0shqiptar\u00eb, t\u00eb cil\u00ebt e nd\u00ebrtojn\u00eb karrier\u00ebn\u00a0e vet jo n\u00eb pjes\u00eb t\u00eb pavarura t\u00eb\u00a0Shqip\u00ebris\u00eb, por n\u00eb pjes\u00ebt e varura, si\u00a0edhe n\u00eb diaspor\u00ebn ton\u00eb n\u00eb t\u00eb gjith\u00eb\u00a0Globin.\u00a0Psh. k\u00ebt\u00eb lib\u00ebr duhet ta lexojn\u00eb dhe\u00a0ta ken\u00eb si udh\u00ebrr\u00ebfyes politikan\u00ebt\u00a0shqiptar\u00eb t\u00eb Tivarit (natyrisht, edhe\u00a0t\u00eb Ulqinit), t\u00eb Podgoric\u00ebs, t\u00eb Tuzit,\u00a0t\u00eb Plav\u00ebs, t\u00eb Medvegj\u00ebs dhe t\u00eb krejt\u00a0Anamorav\u00ebs, t\u00eb Shkupit, t\u00eb Ohrit, t\u00eb\u00a0Manastirit, t\u00eb Follorin\u00ebs, t\u00eb Kosturit,\u00a0t\u00eb Janin\u00ebs, t\u00eb Parg\u00ebs, t\u00eb Prevez\u00ebs. N\u00eb\u00a0diaspor\u00eb k\u00ebt\u00eb lib\u00ebr duhet ta ken\u00eb\u00a0mbi tavolin\u00eb dhe ta lexojn\u00eb sa her\u00eb\u00a0q\u00eb ta ndiejn\u00eb veten n\u00eb udh\u00ebkryqe,\u00a0pushtetar\u00ebt dhe politikan\u00ebt shqiptar\u00eb\u00a0t\u00eb Stambollit, t\u00eb Izmirit, t\u00eb\u00a0Ankaras\u00eb dhe t\u00eb gjith\u00eb shqiptar\u00ebt e\u00a0tjer\u00eb t\u00eb cil\u00ebt jetojn\u00eb n\u00eb shtetin turk,\u00a0n\u00eb shtetin grek, n\u00eb shtetin italian\u00a0etj.etj. Vet\u00ebkuptohet, diaspora nuk\u00a0do t\u00eb synoj\u00eb kurrfar\u00eb bashkimi territorial\u00a0me Shqip\u00ebrin\u00eb, por bashkimi\u00a0shpirt\u00ebror gjithsesi \u00ebsht\u00eb i domosdosh\u00ebm\u00a0dhe shembullin m\u00eb t\u00eb mir\u00eb,\u00a0kush mund t\u2019ua jap\u00eb pushtetar\u00ebvet\u00a0dhe politikan\u00ebvet t\u00eb atjesh\u00ebm m\u00eb\u00a0frym\u00ebzuesh\u00ebm se Cafobeg Ulqini?\u00a0Nisur nga kjo q\u00eb tham\u00eb (dhe ne po\u00a0shpresojm\u00eb t\u00eb mos i themi kot k\u00ebto\u00a0gj\u00ebra), na del nevoja q\u00eb ky lib\u00ebr\u00a0duhet t\u00eb p\u00ebrkthehet, p\u00ebrve\u00e7se n\u00eb anglisht,\u00a0edhe n\u00eb turqisht, greqisht e sllavojugorisht.\u00a0T\u00eb p\u00ebrkthehet n\u00eb ato gjuh\u00eb\u00a0dhe t\u2019u d\u00ebrgohet nga 1 ekzemplar t\u00eb\u00a0gjith\u00eb shtetar\u00ebve e politikan\u00ebve shqiptar\u00eb,\u00a0ME ADRES\u00cb, n\u00eb m\u00ebnyr\u00eb q\u00eb ata\u00a0njer\u00ebz, t\u00eb cil\u00ebt po s\u2019i b\u00ebn\u00eb mir\u00eb, mund\u00a0t\u2019i b\u00ebjn\u00eb keq kombit t\u00eb vet, t\u00eb mund ta\u00a0presin 100-vjetorin e Dit\u00ebs s\u00eb Flamurit\u00a0me horizonte t\u00eb reja.\u00a0Nuk e ekzagjerojm\u00eb, n\u00eb qoft\u00eb se themi\u00a0q\u00eb sot n\u00eb Bot\u00eb ekzistojn\u00eb e veprojn\u00eb me\u00a0mij\u00ebra bashkiak\u00eb, partiak\u00eb apo parlamentar\u00eb\u00a0(vendor\u00eb e qendror\u00eb), t\u00eb cil\u00ebt\u00a0kan\u00eb shum\u00eb nevoj\u00eb p\u00ebr nj\u00eb lib\u00ebr me nj\u00eb\u00a0t\u00eb k\u00ebtill\u00eb jet\u00eb brenda, si\u00e7 \u00ebsht\u00eb jeta e Cafobeg\u00a0Ulqinit. T\u00eb gjith\u00eb ne kemi nevoj\u00eb\u00a0p\u00ebr t\u00eb m\u00ebsuar prej tij dhe p\u00ebr t\u2019u frym\u00ebzuar\u00a0prej tij.<\/p>\n<p><strong>Koha Javore<\/strong><\/p>\n","protected":false},"excerpt":{"rendered":"<p>Duke lexuar librin \u201cCafo Beg Ulqini\u201d Nga Gjok\u00eb Dabaj\u00a0 P\u00ebr Cafo beg Ulqinin pata d\u00ebgjuar qysh\u00a0n\u00eb f\u00ebmij\u00ebrin\u00eb time t\u00eb hershme. Daja\u00a0im, Gjergj Mardjonaj, ishte kryeplak katundi\u00a0dhe ai e p\u00ebrmendte shpesh emrin\u00a0e Cafobegut n\u00eb bisedat me t\u00eb rriturit.\u00a0P\u00ebrmendej gjithmon\u00eb p\u00ebr mir\u00eb, madje\u00a0shum\u00eb vite mbasi malazez\u00ebt i kishin\u00a0ripushtuar Tivarin dhe Ulqinin.\u00a0Por tash q\u00eb e lexova librin \u201cCafo [&hellip;]<\/p>\n","protected":false},"author":1,"featured_media":0,"comment_status":"open","ping_status":"closed","sticky":false,"template":"","format":"standard","meta":{"spay_email":"","jetpack_publicize_message":"","jetpack_is_tweetstorm":false,"jetpack_publicize_feature_enabled":true},"categories":[1,13],"tags":[212,17828,17834,18370,17811,17831,18362,14353,17808,14354,12340,17840,17839,18363,12204,17835,17814,17810,17816,17071,17807,3516,14652,17837,17827,14358,222,17802,17812,17803,17820,17825,17817,17805,305,17823,17832,3506,17818,214,17680,14362,14363,18371,3507,17800,498,3500,115,14364,17799,3327,17841,17826,15213,18236,3512,17806,11648,18289,17838,95,17813,17804,15141,17836,14366,79,17073,18294,118,18368,18369,1653,1909,14367,17801,18360,17822,14368,14369,17824,14370,18291,2083,3231,14371,41,3617,14372,17844,17821,18372,17830,17077,18295,14375,17833,17829,200,18,17819,17809,14376],"jetpack_publicize_connections":[],"yoast_head":"<!-- This site is optimized with the Yoast SEO plugin v19.1 - https:\/\/yoast.com\/wordpress\/plugins\/seo\/ -->\n<title>Cafo beg Ulqini - Personalitet i ndritur i kombit - Lajme nga Ulqini<\/title>\n<meta name=\"description\" content=\"Duke lexuar librin \u201cCafo Beg Ulqini\u201d Nga Gjok\u00eb Dabaj\u00a0 P\u00ebr Cafo beg Ulqinin pata d\u00ebgjuar qysh\u00a0n\u00eb f\u00ebmij\u00ebrin\u00eb time t\u00eb hershme. Daja\u00a0im, Gjergj Mardjonaj,\" \/>\n<meta name=\"robots\" content=\"index, follow, max-snippet:-1, max-image-preview:large, max-video-preview:-1\" \/>\n<link rel=\"canonical\" href=\"https:\/\/www.visit-ulcinj.com\/blog\/2011\/12\/20\/cafo-beg-ulqini-personalitet-i-ndritur-i-kombit\/\" \/>\n<meta property=\"og:locale\" content=\"en_US\" \/>\n<meta property=\"og:type\" content=\"article\" \/>\n<meta property=\"og:title\" content=\"Cafo beg Ulqini - Personalitet i ndritur i kombit - Lajme nga Ulqini\" \/>\n<meta property=\"og:description\" content=\"Duke lexuar librin \u201cCafo Beg Ulqini\u201d Nga Gjok\u00eb Dabaj\u00a0 P\u00ebr Cafo beg Ulqinin pata d\u00ebgjuar qysh\u00a0n\u00eb f\u00ebmij\u00ebrin\u00eb time t\u00eb hershme. Daja\u00a0im, Gjergj Mardjonaj,\" \/>\n<meta property=\"og:url\" content=\"https:\/\/www.visit-ulcinj.com\/blog\/2011\/12\/20\/cafo-beg-ulqini-personalitet-i-ndritur-i-kombit\/\" \/>\n<meta property=\"og:site_name\" content=\"Lajme nga Ulqini\" \/>\n<meta property=\"article:published_time\" content=\"2011-12-20T21:08:35+00:00\" \/>\n<meta property=\"article:modified_time\" content=\"2011-12-21T16:08:51+00:00\" \/>\n<meta property=\"og:image\" content=\"http:\/\/www.visit-ulcinj.com\/blog\/wp-content\/uploads\/2011\/12\/Cafo-Beg-Ulqini.jpg\" \/>\n<meta name=\"twitter:label1\" content=\"Written by\" \/>\n\t<meta name=\"twitter:data1\" content=\"ulqini\" \/>\n\t<meta name=\"twitter:label2\" content=\"Est. reading time\" \/>\n\t<meta name=\"twitter:data2\" content=\"7 minutes\" \/>\n<script type=\"application\/ld+json\" class=\"yoast-schema-graph\">{\"@context\":\"https:\/\/schema.org\",\"@graph\":[{\"@type\":\"WebSite\",\"@id\":\"https:\/\/www.visit-ulcinj.com\/blog\/#website\",\"url\":\"https:\/\/www.visit-ulcinj.com\/blog\/\",\"name\":\"Lajme nga Ulqini\",\"description\":\"Lajme,Vijesti,Ulqini,Ulqin,Crna Gora,Mali i Zi\",\"potentialAction\":[{\"@type\":\"SearchAction\",\"target\":{\"@type\":\"EntryPoint\",\"urlTemplate\":\"https:\/\/www.visit-ulcinj.com\/blog\/?s={search_term_string}\"},\"query-input\":\"required name=search_term_string\"}],\"inLanguage\":\"en-US\"},{\"@type\":\"ImageObject\",\"inLanguage\":\"en-US\",\"@id\":\"https:\/\/www.visit-ulcinj.com\/blog\/2011\/12\/20\/cafo-beg-ulqini-personalitet-i-ndritur-i-kombit\/#primaryimage\",\"url\":\"https:\/\/www.visit-ulcinj.com\/blog\/wp-content\/uploads\/2011\/12\/Cafo-Beg-Ulqini.jpg\",\"contentUrl\":\"https:\/\/www.visit-ulcinj.com\/blog\/wp-content\/uploads\/2011\/12\/Cafo-Beg-Ulqini.jpg\",\"width\":\"508\",\"height\":\"705\"},{\"@type\":\"WebPage\",\"@id\":\"https:\/\/www.visit-ulcinj.com\/blog\/2011\/12\/20\/cafo-beg-ulqini-personalitet-i-ndritur-i-kombit\/#webpage\",\"url\":\"https:\/\/www.visit-ulcinj.com\/blog\/2011\/12\/20\/cafo-beg-ulqini-personalitet-i-ndritur-i-kombit\/\",\"name\":\"Cafo beg Ulqini - Personalitet i ndritur i kombit - Lajme nga Ulqini\",\"isPartOf\":{\"@id\":\"https:\/\/www.visit-ulcinj.com\/blog\/#website\"},\"primaryImageOfPage\":{\"@id\":\"https:\/\/www.visit-ulcinj.com\/blog\/2011\/12\/20\/cafo-beg-ulqini-personalitet-i-ndritur-i-kombit\/#primaryimage\"},\"datePublished\":\"2011-12-20T21:08:35+00:00\",\"dateModified\":\"2011-12-21T16:08:51+00:00\",\"author\":{\"@id\":\"https:\/\/www.visit-ulcinj.com\/blog\/#\/schema\/person\/dcab619c614d3038751c63bc2aadc06d\"},\"description\":\"Duke lexuar librin \u201cCafo Beg Ulqini\u201d Nga Gjok\u00eb Dabaj\u00a0 P\u00ebr Cafo beg Ulqinin pata d\u00ebgjuar qysh\u00a0n\u00eb f\u00ebmij\u00ebrin\u00eb time t\u00eb hershme. Daja\u00a0im, Gjergj Mardjonaj,\",\"breadcrumb\":{\"@id\":\"https:\/\/www.visit-ulcinj.com\/blog\/2011\/12\/20\/cafo-beg-ulqini-personalitet-i-ndritur-i-kombit\/#breadcrumb\"},\"inLanguage\":\"en-US\",\"potentialAction\":[{\"@type\":\"ReadAction\",\"target\":[\"https:\/\/www.visit-ulcinj.com\/blog\/2011\/12\/20\/cafo-beg-ulqini-personalitet-i-ndritur-i-kombit\/\"]}]},{\"@type\":\"BreadcrumbList\",\"@id\":\"https:\/\/www.visit-ulcinj.com\/blog\/2011\/12\/20\/cafo-beg-ulqini-personalitet-i-ndritur-i-kombit\/#breadcrumb\",\"itemListElement\":[{\"@type\":\"ListItem\",\"position\":1,\"name\":\"Cafo beg Ulqini &#8211; Personalitet i ndritur i kombit\"}]},{\"@type\":\"Person\",\"@id\":\"https:\/\/www.visit-ulcinj.com\/blog\/#\/schema\/person\/dcab619c614d3038751c63bc2aadc06d\",\"name\":\"ulqini\",\"sameAs\":[\"http:\/\/www.visit-ulcinj.com\"],\"url\":\"https:\/\/www.visit-ulcinj.com\/blog\/author\/admin\/\"}]}<\/script>\n<!-- \/ Yoast SEO plugin. -->","yoast_head_json":{"title":"Cafo beg Ulqini - Personalitet i ndritur i kombit - Lajme nga Ulqini","description":"Duke lexuar librin \u201cCafo Beg Ulqini\u201d Nga Gjok\u00eb Dabaj\u00a0 P\u00ebr Cafo beg Ulqinin pata d\u00ebgjuar qysh\u00a0n\u00eb f\u00ebmij\u00ebrin\u00eb time t\u00eb hershme. Daja\u00a0im, Gjergj Mardjonaj,","robots":{"index":"index","follow":"follow","max-snippet":"max-snippet:-1","max-image-preview":"max-image-preview:large","max-video-preview":"max-video-preview:-1"},"canonical":"https:\/\/www.visit-ulcinj.com\/blog\/2011\/12\/20\/cafo-beg-ulqini-personalitet-i-ndritur-i-kombit\/","og_locale":"en_US","og_type":"article","og_title":"Cafo beg Ulqini - Personalitet i ndritur i kombit - Lajme nga Ulqini","og_description":"Duke lexuar librin \u201cCafo Beg Ulqini\u201d Nga Gjok\u00eb Dabaj\u00a0 P\u00ebr Cafo beg Ulqinin pata d\u00ebgjuar qysh\u00a0n\u00eb f\u00ebmij\u00ebrin\u00eb time t\u00eb hershme. Daja\u00a0im, Gjergj Mardjonaj,","og_url":"https:\/\/www.visit-ulcinj.com\/blog\/2011\/12\/20\/cafo-beg-ulqini-personalitet-i-ndritur-i-kombit\/","og_site_name":"Lajme nga Ulqini","article_published_time":"2011-12-20T21:08:35+00:00","article_modified_time":"2011-12-21T16:08:51+00:00","og_image":[{"url":"http:\/\/www.visit-ulcinj.com\/blog\/wp-content\/uploads\/2011\/12\/Cafo-Beg-Ulqini.jpg"}],"twitter_misc":{"Written by":"ulqini","Est. reading time":"7 minutes"},"schema":{"@context":"https:\/\/schema.org","@graph":[{"@type":"WebSite","@id":"https:\/\/www.visit-ulcinj.com\/blog\/#website","url":"https:\/\/www.visit-ulcinj.com\/blog\/","name":"Lajme nga Ulqini","description":"Lajme,Vijesti,Ulqini,Ulqin,Crna Gora,Mali i Zi","potentialAction":[{"@type":"SearchAction","target":{"@type":"EntryPoint","urlTemplate":"https:\/\/www.visit-ulcinj.com\/blog\/?s={search_term_string}"},"query-input":"required name=search_term_string"}],"inLanguage":"en-US"},{"@type":"ImageObject","inLanguage":"en-US","@id":"https:\/\/www.visit-ulcinj.com\/blog\/2011\/12\/20\/cafo-beg-ulqini-personalitet-i-ndritur-i-kombit\/#primaryimage","url":"https:\/\/www.visit-ulcinj.com\/blog\/wp-content\/uploads\/2011\/12\/Cafo-Beg-Ulqini.jpg","contentUrl":"https:\/\/www.visit-ulcinj.com\/blog\/wp-content\/uploads\/2011\/12\/Cafo-Beg-Ulqini.jpg","width":"508","height":"705"},{"@type":"WebPage","@id":"https:\/\/www.visit-ulcinj.com\/blog\/2011\/12\/20\/cafo-beg-ulqini-personalitet-i-ndritur-i-kombit\/#webpage","url":"https:\/\/www.visit-ulcinj.com\/blog\/2011\/12\/20\/cafo-beg-ulqini-personalitet-i-ndritur-i-kombit\/","name":"Cafo beg Ulqini - Personalitet i ndritur i kombit - Lajme nga Ulqini","isPartOf":{"@id":"https:\/\/www.visit-ulcinj.com\/blog\/#website"},"primaryImageOfPage":{"@id":"https:\/\/www.visit-ulcinj.com\/blog\/2011\/12\/20\/cafo-beg-ulqini-personalitet-i-ndritur-i-kombit\/#primaryimage"},"datePublished":"2011-12-20T21:08:35+00:00","dateModified":"2011-12-21T16:08:51+00:00","author":{"@id":"https:\/\/www.visit-ulcinj.com\/blog\/#\/schema\/person\/dcab619c614d3038751c63bc2aadc06d"},"description":"Duke lexuar librin \u201cCafo Beg Ulqini\u201d Nga Gjok\u00eb Dabaj\u00a0 P\u00ebr Cafo beg Ulqinin pata d\u00ebgjuar qysh\u00a0n\u00eb f\u00ebmij\u00ebrin\u00eb time t\u00eb hershme. Daja\u00a0im, Gjergj Mardjonaj,","breadcrumb":{"@id":"https:\/\/www.visit-ulcinj.com\/blog\/2011\/12\/20\/cafo-beg-ulqini-personalitet-i-ndritur-i-kombit\/#breadcrumb"},"inLanguage":"en-US","potentialAction":[{"@type":"ReadAction","target":["https:\/\/www.visit-ulcinj.com\/blog\/2011\/12\/20\/cafo-beg-ulqini-personalitet-i-ndritur-i-kombit\/"]}]},{"@type":"BreadcrumbList","@id":"https:\/\/www.visit-ulcinj.com\/blog\/2011\/12\/20\/cafo-beg-ulqini-personalitet-i-ndritur-i-kombit\/#breadcrumb","itemListElement":[{"@type":"ListItem","position":1,"name":"Cafo beg Ulqini &#8211; Personalitet i ndritur i kombit"}]},{"@type":"Person","@id":"https:\/\/www.visit-ulcinj.com\/blog\/#\/schema\/person\/dcab619c614d3038751c63bc2aadc06d","name":"ulqini","sameAs":["http:\/\/www.visit-ulcinj.com"],"url":"https:\/\/www.visit-ulcinj.com\/blog\/author\/admin\/"}]}},"jetpack_featured_media_url":"","jetpack_sharing_enabled":true,"jetpack_shortlink":"https:\/\/wp.me\/pe6lTn-edk","_links":{"self":[{"href":"https:\/\/www.visit-ulcinj.com\/blog\/wp-json\/wp\/v2\/posts\/54642"}],"collection":[{"href":"https:\/\/www.visit-ulcinj.com\/blog\/wp-json\/wp\/v2\/posts"}],"about":[{"href":"https:\/\/www.visit-ulcinj.com\/blog\/wp-json\/wp\/v2\/types\/post"}],"author":[{"embeddable":true,"href":"https:\/\/www.visit-ulcinj.com\/blog\/wp-json\/wp\/v2\/users\/1"}],"replies":[{"embeddable":true,"href":"https:\/\/www.visit-ulcinj.com\/blog\/wp-json\/wp\/v2\/comments?post=54642"}],"version-history":[{"count":5,"href":"https:\/\/www.visit-ulcinj.com\/blog\/wp-json\/wp\/v2\/posts\/54642\/revisions"}],"predecessor-version":[{"id":54653,"href":"https:\/\/www.visit-ulcinj.com\/blog\/wp-json\/wp\/v2\/posts\/54642\/revisions\/54653"}],"wp:attachment":[{"href":"https:\/\/www.visit-ulcinj.com\/blog\/wp-json\/wp\/v2\/media?parent=54642"}],"wp:term":[{"taxonomy":"category","embeddable":true,"href":"https:\/\/www.visit-ulcinj.com\/blog\/wp-json\/wp\/v2\/categories?post=54642"},{"taxonomy":"post_tag","embeddable":true,"href":"https:\/\/www.visit-ulcinj.com\/blog\/wp-json\/wp\/v2\/tags?post=54642"}],"curies":[{"name":"wp","href":"https:\/\/api.w.org\/{rel}","templated":true}]}}