{"id":54654,"date":"2011-12-21T09:43:59","date_gmt":"2011-12-21T08:43:59","guid":{"rendered":"http:\/\/www.visit-ulcinj.com\/blog\/?p=54654"},"modified":"2011-12-21T09:43:59","modified_gmt":"2011-12-21T08:43:59","slug":"ka-ardhur-koha-e-radikalizimit-te-ceshtjes-shqiptare-ne-mal-te-zi","status":"publish","type":"post","link":"https:\/\/www.visit-ulcinj.com\/blog\/2011\/12\/21\/ka-ardhur-koha-e-radikalizimit-te-ceshtjes-shqiptare-ne-mal-te-zi\/","title":{"rendered":"Ka ardhur koha e radikalizimit t\u00eb \u00e7\u00ebshtjes shqiptare n\u00eb Mal t\u00eb Zi"},"content":{"rendered":"<p><a href=\"http:\/\/www.visit-ulcinj.com\/blog\/wp-content\/uploads\/2011\/12\/Xheladin-Zeneli.jpg\"><img loading=\"lazy\" class=\"alignleft size-full wp-image-54655\" title=\"Xheladin Zeneli\" src=\"http:\/\/www.visit-ulcinj.com\/blog\/wp-content\/uploads\/2011\/12\/Xheladin-Zeneli.jpg\" alt=\"\" width=\"340\" height=\"420\" \/><\/a>P\u00ebrfundoj edhe nj\u00eb vit i cili sa i p\u00ebrket realizimit t\u00eb t\u00eb drejtave t\u00eb shqiptar\u00ebve n\u00eb Mal t\u00eb Zi, mund t\u00eb karaktarizohet ashtu si edhe vitet e m\u00ebparshme, pra nj\u00eb vit i stagnimit\u00a0\u00a0dhe degradimit t\u00eb t\u00eb drejtave t\u00eb tyre qytetare, njer\u00ebzore\u00a0\u00a0dhe komb\u00ebtare.<\/p>\n<p>Edhe p\u00ebrkund\u00ebr faktit se partit\u00eb nacionale shqiptare rimuar\u00ebn pushtetin n\u00eb nivel lokal n\u00eb komun\u00ebn Ulqinit, n\u00eb komun\u00ebn\u00a0\u00a0vetme t\u00eb plot\u00eb me shumic\u00eb shqiptare n\u00eb Mal t\u00eb Zi,megjithate, shqiptar\u00ebt n\u00eb Mal t\u00eb Zi, n\u00eb p\u00ebrgjith\u00ebsi, kan\u00eb p\u00ebsuar nj\u00eb kthim mrapa sa u p\u00ebrket zgjidhjes s\u00eb t\u00eb drejtave t\u00eb tyre nacionale.<\/p>\n<p>Progresi i arritur i t\u00eb drejtave t\u00eb shqiptar\u00ebve ,jo vet\u00ebm n\u00eb vitin e fundit q\u00eb sapo p\u00ebrfundoj, por edhe gjat\u00eb dy dekadave t\u00eb pluralizmit politik, mund t\u00eb p\u00ebrshkruhet me th\u00ebnien e njohur filozofike \u201cNj\u00eb hap p\u00ebrpara,dy mrapa\u201d!<\/p>\n<p>Sa p\u00ebr ilustrim, po\u00a0\u00a0p\u00ebrmendim vet\u00ebm disa ligje t\u00eb fundit q\u00eb jan\u00eb aprovuar nga qeveria apo kuvendi i Malit t\u00eb Zi e q\u00eb d\u00ebshmojn\u00eb p\u00ebr injorimin dhe mohimin total t\u00eb t\u00eb drejtave t\u00eb\u00a0shqiptar\u00ebve n\u00eb Mal t\u00eb Zi si p.sh:<\/p>\n<p>&#8211;\u00a0\u00a0\u00a0\u00a0\u00a0\u00a0\u00a0\u00a0\u00a0\u00a0Aprovimi i projekt-ligjit mbi Rendin dhe Qet\u00ebsin,p\u00ebrmes t\u00eb cilit,n\u00eb mes tjerash ndalohet p\u00ebrdorimi publik i simboleve tona komb\u00ebtare,gjegj\u00ebsisht i flamurit ton\u00eb komb\u00ebtar;<\/p>\n<p>&#8211;\u00a0\u00a0\u00a0\u00a0\u00a0\u00a0\u00a0\u00a0\u00a0\u00a0Ligji p\u00ebr organizimin territorial si dhe Ligji p\u00ebr vet\u00ebqeverisjen lokale me \u00e7\u2019rast trev\u00ebs shqiptare t\u00eb Mal\u00ebsis\u00eb vazhdon t\u2019i\u00a0\u00a0mohohet realizimi i komun\u00ebs s\u00eb plot\u00eb;<\/p>\n<p>&nbsp;<\/p>\n<p>&#8211;\u00a0\u00a0\u00a0\u00a0\u00a0\u00a0\u00a0\u00a0\u00a0Miratimi i Ligjit zgjedhor, muajin e kaluar,\u00a0\u00a0i cili nuk siguron m\u00eb, pes\u00eb vende t\u00eb garantuara p\u00ebr zonat e ve\u00e7anta ku shqiptar\u00ebt jan\u00eb shumic\u00eb dhe d\u00ebmton r\u00ebnd\u00eb t\u00eb drejt\u00ebn e p\u00ebrfaq\u00ebsimit proporcional t\u00eb shqiptar\u00ebve;<\/p>\n<p>&nbsp;<\/p>\n<p>&#8211;\u00a0\u00a0\u00a0\u00a0\u00a0\u00a0\u00a0\u00a0\u00a0Miratimi i Planit Hap\u00ebsinor t\u00eb Malit t\u00eb Zi, i cili n\u00eb rastin e Bjeshk\u00ebve t\u00eb Nemura t\u00eb Komun\u00ebs,kjo pjes\u00eb e komun\u00ebs\u00a0\u00a0s\u00eb Plav\u00ebs, shpallet &#8220;Park Nacional&#8221;,pra shpallet pron\u00eb shtet\u00ebrore ku nj\u00eb pjes\u00eb e konsiderueshme e zonave t\u00eb banuara me shqiptar\u00eb ,permes k\u00ebtij ligji, de-fakto b\u00ebhet uzurpimi i k\u00ebtyre pronave nga ana e qeveris\u00eb malazeze, \u00e7ka\u00a0do t\u00eb thot\u00eb heqje e burimit kryesor t\u00eb jetes\u00ebs\u00a0s\u00eb banor\u00ebve shqiptar t\u00eb k\u00ebtyre trevave;<\/p>\n<p>&nbsp;<\/p>\n<p>&#8211;\u00a0\u00a0\u00a0\u00a0\u00a0\u00a0\u00a0\u00a0\u00a0N\u00eb regjistrimet e fundit t\u00eb popullsis\u00eb n\u00eb Mal t\u00eb Zi, pjes\u00ebtar\u00ebve t\u00eb diaspor\u00ebs shqiptare iu mohua deklarimi komb\u00ebtar dhe fetar i tyre \u00e7ka do t\u00eb thot\u00eb,faktikisht ata u p\u00ebrjashtuan nga ky regjistrim dhe s\u2019ka dyshim se kjo u b\u00eb me prapavij\u00eb\u00a0\u00a0t\u00eb caktuar nga ana e qeveris\u00eb s\u00eb Malit t\u00eb Zi, me q\u00ebllim q\u00eb shqiptar\u00ebt t\u00eb dalin m\u00eb pak n\u00eb num\u00ebr.<\/p>\n<p>&nbsp;<\/p>\n<p>Duke pasur parasysh k\u00ebto q\u00eb p\u00ebrmenda m\u00eb lart\u00eb, un\u00eb mendoj q\u00eb tani \u00ebsht\u00eb koha q\u00eb t\u00eb ndryshohet strategjia e veprimit t\u00eb subjekteve politike shqiptare n\u00eb Mal t\u00eb Zi,n\u00ebse mund t\u00eb flitet p\u00ebr ndonj\u00eb strategji t\u00eb deritashme t\u00eb veprimit.<\/p>\n<p>Jemi d\u00ebshmitar\u00eb q\u00eb tash nj\u00eb koh\u00eb t\u00eb gjat\u00eb,politika e d\u00ebgjueshm\u00ebris\u00eb, bashkpunimit dhe kooperimit me partin\u00eb e pushtetit qendror (PDS-n\u00eb) nuk ka dh\u00ebn\u00eb rrezulltate t\u00eb k\u00ebnaqshme p\u00ebr shqiptar\u00ebt,por p\u00ebrkundrazi e ka degraduar edhe m\u00eb tutje statusin dhe pozit\u00ebn\u00a0\u00a0e tyre .<\/p>\n<p>Ka ardhur koha q\u00eb subjektet politike dhe apolitike q\u00eb p\u00ebrfaq\u00ebsojn\u00eb shqiptar\u00ebt dhe interesat e tyre n\u00eb Mal t\u00eb Zi, t\u00eb kalojn\u00eb nga nj\u00eb politik\u00eb deklarative n\u00eb nj\u00eb politik\u00eb m\u00eb pro-aktive ,pra t\u00eb radikalizohet\u00a0\u00a0m\u00ebnyra e realizimit t\u00eb t\u00eb drejtave t\u00eb shqiptar\u00ebve.<\/p>\n<p>M\u00eb kokretisht, si fillim do t\u00eb duhej q\u00eb:<\/p>\n<p>1) N\u00eb shenj\u00eb proteste ndaj ligjeve t\u00eb fundit diskriminuese, t\u00eb t\u00ebrhiqet\u00a0\u00a0UDSH-ja nga kualicioni qeveritar shtetror ;<\/p>\n<p>&nbsp;<\/p>\n<p>2) T\u00eb formohet blloku i partive shqiptare n\u00eb opozit\u00eb dhe asnj\u00ebra prej tyre t\u00eb mos bashkpunojn\u00eb me partin\u00eb n\u00eb pushtetin qendror, derisa sa t\u00eb plot\u00ebsohen k\u00ebrkesat apo t\u00eb zgjidhet statusi i shqiptar\u00ebve n\u00eb k\u00ebt\u00eb shtet.Asnj\u00eb parti q\u00eb e quan vehten parti nacionale shqiptare,nuk do t\u00eb duhej t\u2019i b\u00ebnte koalicion me partin\u00eb n\u00eb pushtet apo me \u00e7do parti tjet\u00ebr e cila iu mohon t\u00eb drejtat legjitime t\u00eb shqipatr\u00ebve dhe nuk tregon gatishm\u00ebri p\u00ebr zgjidhjen e problemeve t\u00eb tyre.Nga koalicioni i tanish\u00ebm disavje\u00e7ar i UDSH-s\u00eb me PDS-n\u00eb,\u00a0\u00a0m\u00eb shum\u00eb ka p\u00ebrfituar partia n\u00eb pushtet (PDS-ja) duke u arsyetuar para opinionit t\u00eb brendsh\u00ebm por edhe atij t\u00eb jasht\u00ebm se pushtet-mbajt\u00ebsit e Malit t\u00eb Zi,kan\u00eb p\u00ebrkrahjen e nj\u00ebr\u00ebs nd\u00ebr partit\u00eb m\u00eb t\u00eb madhe shqiptare n\u00eb k\u00ebt\u00eb shtet;<\/p>\n<p>&nbsp;<\/p>\n<p>3) Deputet\u00ebt shqiptar\u00eb t\u00eb bojkotojn\u00eb punimet e parlamentit republikan, deri at\u00ebher\u00eb kur\u00a0\u00a0ky parlament do t\u00eb jet\u00eb i gatsh\u00ebm t\u00eb miratoj\u00eb ligje q\u00eb jan\u00eb n\u00eb favor t\u00eb shqiptar\u00ebve. (\u00cbsht\u00eb fjala p\u00ebr ligjet q\u00eb kan\u00eb t\u00eb b\u00ebjn\u00eb drejt\u00ebp\u00ebrs\u00ebdrejti me fatin dhe pozit\u00ebn e shqiptar\u00ebve n\u00eb Mal t\u00eb Zi) ;<\/p>\n<p>&nbsp;<\/p>\n<p>4) T\u00eb p\u00ebrdoren edhe rrug\u00ebt(opcionet) e tjera t\u00eb arritjes s\u00eb q\u00ebllimeve<\/p>\n<p>politike,tashm\u00eb t\u00eb njohura n\u00eb bot\u00ebn demokratike\u00a0\u00a0si p.sh. p\u00ebrmes mosd\u00ebgjueshm\u00ebris\u00eb qytetare, protestave (demonstratave) paq\u00ebsore\u00a0\u00a0etj,\u00a0\u00a0dhe s\u00eb fundi,<\/p>\n<p>&nbsp;<\/p>\n<p>5) T\u00eb realizohet nj\u00eb platform\u00eb politike e q\u00ebndrueshme e shqiptar\u00ebve n\u00eb Mal t\u00eb Zi p\u00ebr realizimin e q\u00ebllimeve afatgjate t\u00eb shqiptar\u00ebve n\u00eb Mal t\u00eb Zi.<\/p>\n<p>&nbsp;<\/p>\n<p>Duhet t\u00eb jemi t\u00eb vetdijsh\u00ebm se pa nj\u00eb ndryshim drastik t\u00eb m\u00ebnyr\u00ebs s\u00eb realizimit t\u00eb drejtave tona, jam shum\u00eb skeptik se do t\u00eb kemi nj\u00eb ndryshim t\u00eb status quo-s n\u00eb favor t\u00eb shqiptar\u00ebve n\u00eb Mal t\u00eb Zi.<\/p>\n<p>N\u00eb k\u00ebt\u00eb aspekt \u00ebsht\u00eb p\u00ebr t\u2019u p\u00ebrsh\u00ebndetur inicijativa e\u00a0\u00a0Forumit Demokratik p\u00ebr Integrim t\u00eb Shqiptar\u00ebve n\u00eb Mal t\u00eb Zi dhe thirja e tyre p\u00ebr nj\u00eb protest\u00eb t\u00eb p\u00ebrgjithshme si shenj\u00eb pak\u00ebnaq\u00ebsie ndaj politik\u00ebs dikriminuese t\u00eb Malit t\u00eb Zi. Shpresoj q\u00eb k\u00ebsaj proteste do t\u2019i bashkangjiten shqiptar\u00ebt nga t\u00eb gjitha\u00a0\u00a0trojet etnike n\u00eb Mal t\u00eb Zi.<\/p>\n<p>Tashm\u00eb dihet q\u00eb Mali i Zi ka statusin e kandidatit p\u00ebr n\u00eb Bashkimin Evropian dhe kan\u00eb\u00a0filluar\u00a0\u00a0bisedimet p\u00ebr antar\u00ebsimin e plot\u00eb t\u00eb tij n\u00eb k\u00ebt\u00eb organizat\u00eb.Mirpo,para se t\u00eb realizohet nj\u00eb an\u00ebtar\u00ebsim i till\u00eb,\u00a0\u00a0k\u00ebrkohet nga vet\u00eb BE q\u00eb Mali i Zi t\u00eb plot\u00ebsoj\u00eb disa kushte paraprake si domosdoshm\u00ebri e t\u00eb qenurit an\u00ebtar\u00eb me t\u00eb drejta t\u00eb plota t\u00eb k\u00ebsaj bashk\u00ebsie.<\/p>\n<p>Tani \u00ebsht\u00eb momenti q\u00eb shqiptar\u00ebt n\u00eb Mal t\u00eb Zi t\u00eb fillojn\u00eb nj\u00eb fushat\u00eb intensive m\u00eb q\u00ebllim q\u00eb t\u00eb sigurojn\u00eb q\u00eb nj\u00eb nd\u00ebr kushtet e antar\u00ebsimit t\u00eb Malit t\u00eb Zi n\u00eb BE, t\u00eb jet\u00eb edhe implementimi i ligjeve anti-diskriminuese si dhe p\u00ebrmbushja e standardeve evropiane n\u00eb realizimin e t\u00eb drejtave t\u00eb shqiptar\u00ebve si popull autokton n\u00eb Mal t\u00eb Zi.<\/p>\n<p><strong>Xheladin Zeneli<\/strong><\/p>\n<p><strong>Ish-deputet n\u00eb Parlamentin e Malit t\u00eb Zi<\/strong><\/p>\n<p>Dhjetor 2011<\/p>\n","protected":false},"excerpt":{"rendered":"<p>P\u00ebrfundoj edhe nj\u00eb vit i cili sa i p\u00ebrket realizimit t\u00eb t\u00eb drejtave t\u00eb shqiptar\u00ebve n\u00eb Mal t\u00eb Zi, mund t\u00eb karaktarizohet ashtu si edhe vitet e m\u00ebparshme, pra nj\u00eb vit i stagnimit\u00a0\u00a0dhe degradimit t\u00eb t\u00eb drejtave t\u00eb tyre qytetare, njer\u00ebzore\u00a0\u00a0dhe komb\u00ebtare. Edhe p\u00ebrkund\u00ebr faktit se partit\u00eb nacionale shqiptare rimuar\u00ebn pushtetin n\u00eb nivel lokal n\u00eb [&hellip;]<\/p>\n","protected":false},"author":1,"featured_media":0,"comment_status":"open","ping_status":"closed","sticky":false,"template":"","format":"standard","meta":{"spay_email":"","jetpack_publicize_message":"","jetpack_is_tweetstorm":false,"jetpack_publicize_feature_enabled":true},"categories":[14249],"tags":[18370,17811,14352,17831,18362,15136,14353,17808,17401,14354,12340,14355,17840,17839,18363,19585,17835,17814,17810,17816,14356,17071,17807,3730,3516,14652,3511,15139,17837,17827,10203,14358,222,17802,17812,17803,17820,17825,17817,211,17805,22011,305,19584,3490,17823,17832,19586,14359,3506,17818,3499,214,17680,14360,14361,16210,17402,14362,19541,14363,18371,194,19501,3507,17800,498,3717,3500,1762,4625,115,14364,119,22008,17799,3327,15140,17841,17826,15213,18236,13230,3512,17806,729,11648,18289,17838,95,19583,17813,19587,17804,14365,15141,5678,17836,14366,79,17073,18369,1653,1909,17815,14367,17801,18360,19543,17822,14368,14369,19542,17824,14370,18291,10472,2083,3231,14371,41,3617,15143,14372,14373,14374,17844,17821,18372,17830,17077,2800,18295,14375,17833,17829,899,200,18,17819,17809,11863,14376],"jetpack_publicize_connections":[],"yoast_head":"<!-- This site is optimized with the Yoast SEO plugin v19.1 - https:\/\/yoast.com\/wordpress\/plugins\/seo\/ -->\n<title>Ka ardhur koha e radikalizimit t\u00eb \u00e7\u00ebshtjes shqiptare n\u00eb Mal t\u00eb Zi - Lajme nga Ulqini<\/title>\n<meta name=\"description\" content=\"P\u00ebrfundoj edhe nj\u00eb vit i cili sa i p\u00ebrket realizimit t\u00eb t\u00eb drejtave t\u00eb shqiptar\u00ebve n\u00eb Mal t\u00eb Zi, mund t\u00eb karaktarizohet ashtu si edhe vitet e m\u00ebparshme,\" \/>\n<meta name=\"robots\" content=\"index, follow, max-snippet:-1, max-image-preview:large, max-video-preview:-1\" \/>\n<link rel=\"canonical\" href=\"https:\/\/www.visit-ulcinj.com\/blog\/2011\/12\/21\/ka-ardhur-koha-e-radikalizimit-te-ceshtjes-shqiptare-ne-mal-te-zi\/\" \/>\n<meta property=\"og:locale\" content=\"en_US\" \/>\n<meta property=\"og:type\" content=\"article\" \/>\n<meta property=\"og:title\" content=\"Ka ardhur koha e radikalizimit t\u00eb \u00e7\u00ebshtjes shqiptare n\u00eb Mal t\u00eb Zi - Lajme nga Ulqini\" \/>\n<meta property=\"og:description\" content=\"P\u00ebrfundoj edhe nj\u00eb vit i cili sa i p\u00ebrket realizimit t\u00eb t\u00eb drejtave t\u00eb shqiptar\u00ebve n\u00eb Mal t\u00eb Zi, mund t\u00eb karaktarizohet ashtu si edhe vitet e m\u00ebparshme,\" \/>\n<meta property=\"og:url\" content=\"https:\/\/www.visit-ulcinj.com\/blog\/2011\/12\/21\/ka-ardhur-koha-e-radikalizimit-te-ceshtjes-shqiptare-ne-mal-te-zi\/\" \/>\n<meta property=\"og:site_name\" content=\"Lajme nga Ulqini\" \/>\n<meta property=\"article:published_time\" content=\"2011-12-21T08:43:59+00:00\" \/>\n<meta property=\"og:image\" content=\"http:\/\/www.visit-ulcinj.com\/blog\/wp-content\/uploads\/2011\/12\/Xheladin-Zeneli.jpg\" \/>\n<meta name=\"twitter:label1\" content=\"Written by\" \/>\n\t<meta name=\"twitter:data1\" content=\"ulqini\" \/>\n\t<meta name=\"twitter:label2\" content=\"Est. reading time\" \/>\n\t<meta name=\"twitter:data2\" content=\"6 minutes\" \/>\n<script type=\"application\/ld+json\" class=\"yoast-schema-graph\">{\"@context\":\"https:\/\/schema.org\",\"@graph\":[{\"@type\":\"WebSite\",\"@id\":\"https:\/\/www.visit-ulcinj.com\/blog\/#website\",\"url\":\"https:\/\/www.visit-ulcinj.com\/blog\/\",\"name\":\"Lajme nga Ulqini\",\"description\":\"Lajme,Vijesti,Ulqini,Ulqin,Crna Gora,Mali i Zi\",\"potentialAction\":[{\"@type\":\"SearchAction\",\"target\":{\"@type\":\"EntryPoint\",\"urlTemplate\":\"https:\/\/www.visit-ulcinj.com\/blog\/?s={search_term_string}\"},\"query-input\":\"required name=search_term_string\"}],\"inLanguage\":\"en-US\"},{\"@type\":\"ImageObject\",\"inLanguage\":\"en-US\",\"@id\":\"https:\/\/www.visit-ulcinj.com\/blog\/2011\/12\/21\/ka-ardhur-koha-e-radikalizimit-te-ceshtjes-shqiptare-ne-mal-te-zi\/#primaryimage\",\"url\":\"https:\/\/www.visit-ulcinj.com\/blog\/wp-content\/uploads\/2011\/12\/Xheladin-Zeneli.jpg\",\"contentUrl\":\"https:\/\/www.visit-ulcinj.com\/blog\/wp-content\/uploads\/2011\/12\/Xheladin-Zeneli.jpg\",\"width\":\"540\",\"height\":\"720\"},{\"@type\":\"WebPage\",\"@id\":\"https:\/\/www.visit-ulcinj.com\/blog\/2011\/12\/21\/ka-ardhur-koha-e-radikalizimit-te-ceshtjes-shqiptare-ne-mal-te-zi\/#webpage\",\"url\":\"https:\/\/www.visit-ulcinj.com\/blog\/2011\/12\/21\/ka-ardhur-koha-e-radikalizimit-te-ceshtjes-shqiptare-ne-mal-te-zi\/\",\"name\":\"Ka ardhur koha e radikalizimit t\u00eb \u00e7\u00ebshtjes shqiptare n\u00eb Mal t\u00eb Zi - Lajme nga Ulqini\",\"isPartOf\":{\"@id\":\"https:\/\/www.visit-ulcinj.com\/blog\/#website\"},\"primaryImageOfPage\":{\"@id\":\"https:\/\/www.visit-ulcinj.com\/blog\/2011\/12\/21\/ka-ardhur-koha-e-radikalizimit-te-ceshtjes-shqiptare-ne-mal-te-zi\/#primaryimage\"},\"datePublished\":\"2011-12-21T08:43:59+00:00\",\"dateModified\":\"2011-12-21T08:43:59+00:00\",\"author\":{\"@id\":\"https:\/\/www.visit-ulcinj.com\/blog\/#\/schema\/person\/dcab619c614d3038751c63bc2aadc06d\"},\"description\":\"P\u00ebrfundoj edhe nj\u00eb vit i cili sa i p\u00ebrket realizimit t\u00eb t\u00eb drejtave t\u00eb shqiptar\u00ebve n\u00eb Mal t\u00eb Zi, mund t\u00eb karaktarizohet ashtu si edhe vitet e m\u00ebparshme,\",\"breadcrumb\":{\"@id\":\"https:\/\/www.visit-ulcinj.com\/blog\/2011\/12\/21\/ka-ardhur-koha-e-radikalizimit-te-ceshtjes-shqiptare-ne-mal-te-zi\/#breadcrumb\"},\"inLanguage\":\"en-US\",\"potentialAction\":[{\"@type\":\"ReadAction\",\"target\":[\"https:\/\/www.visit-ulcinj.com\/blog\/2011\/12\/21\/ka-ardhur-koha-e-radikalizimit-te-ceshtjes-shqiptare-ne-mal-te-zi\/\"]}]},{\"@type\":\"BreadcrumbList\",\"@id\":\"https:\/\/www.visit-ulcinj.com\/blog\/2011\/12\/21\/ka-ardhur-koha-e-radikalizimit-te-ceshtjes-shqiptare-ne-mal-te-zi\/#breadcrumb\",\"itemListElement\":[{\"@type\":\"ListItem\",\"position\":1,\"name\":\"Ka ardhur koha e radikalizimit t\u00eb \u00e7\u00ebshtjes shqiptare n\u00eb Mal t\u00eb Zi\"}]},{\"@type\":\"Person\",\"@id\":\"https:\/\/www.visit-ulcinj.com\/blog\/#\/schema\/person\/dcab619c614d3038751c63bc2aadc06d\",\"name\":\"ulqini\",\"sameAs\":[\"http:\/\/www.visit-ulcinj.com\"],\"url\":\"https:\/\/www.visit-ulcinj.com\/blog\/author\/admin\/\"}]}<\/script>\n<!-- \/ Yoast SEO plugin. -->","yoast_head_json":{"title":"Ka ardhur koha e radikalizimit t\u00eb \u00e7\u00ebshtjes shqiptare n\u00eb Mal t\u00eb Zi - Lajme nga Ulqini","description":"P\u00ebrfundoj edhe nj\u00eb vit i cili sa i p\u00ebrket realizimit t\u00eb t\u00eb drejtave t\u00eb shqiptar\u00ebve n\u00eb Mal t\u00eb Zi, mund t\u00eb karaktarizohet ashtu si edhe vitet e m\u00ebparshme,","robots":{"index":"index","follow":"follow","max-snippet":"max-snippet:-1","max-image-preview":"max-image-preview:large","max-video-preview":"max-video-preview:-1"},"canonical":"https:\/\/www.visit-ulcinj.com\/blog\/2011\/12\/21\/ka-ardhur-koha-e-radikalizimit-te-ceshtjes-shqiptare-ne-mal-te-zi\/","og_locale":"en_US","og_type":"article","og_title":"Ka ardhur koha e radikalizimit t\u00eb \u00e7\u00ebshtjes shqiptare n\u00eb Mal t\u00eb Zi - Lajme nga Ulqini","og_description":"P\u00ebrfundoj edhe nj\u00eb vit i cili sa i p\u00ebrket realizimit t\u00eb t\u00eb drejtave t\u00eb shqiptar\u00ebve n\u00eb Mal t\u00eb Zi, mund t\u00eb karaktarizohet ashtu si edhe vitet e m\u00ebparshme,","og_url":"https:\/\/www.visit-ulcinj.com\/blog\/2011\/12\/21\/ka-ardhur-koha-e-radikalizimit-te-ceshtjes-shqiptare-ne-mal-te-zi\/","og_site_name":"Lajme nga Ulqini","article_published_time":"2011-12-21T08:43:59+00:00","og_image":[{"url":"http:\/\/www.visit-ulcinj.com\/blog\/wp-content\/uploads\/2011\/12\/Xheladin-Zeneli.jpg"}],"twitter_misc":{"Written by":"ulqini","Est. reading time":"6 minutes"},"schema":{"@context":"https:\/\/schema.org","@graph":[{"@type":"WebSite","@id":"https:\/\/www.visit-ulcinj.com\/blog\/#website","url":"https:\/\/www.visit-ulcinj.com\/blog\/","name":"Lajme nga Ulqini","description":"Lajme,Vijesti,Ulqini,Ulqin,Crna Gora,Mali i Zi","potentialAction":[{"@type":"SearchAction","target":{"@type":"EntryPoint","urlTemplate":"https:\/\/www.visit-ulcinj.com\/blog\/?s={search_term_string}"},"query-input":"required name=search_term_string"}],"inLanguage":"en-US"},{"@type":"ImageObject","inLanguage":"en-US","@id":"https:\/\/www.visit-ulcinj.com\/blog\/2011\/12\/21\/ka-ardhur-koha-e-radikalizimit-te-ceshtjes-shqiptare-ne-mal-te-zi\/#primaryimage","url":"https:\/\/www.visit-ulcinj.com\/blog\/wp-content\/uploads\/2011\/12\/Xheladin-Zeneli.jpg","contentUrl":"https:\/\/www.visit-ulcinj.com\/blog\/wp-content\/uploads\/2011\/12\/Xheladin-Zeneli.jpg","width":"540","height":"720"},{"@type":"WebPage","@id":"https:\/\/www.visit-ulcinj.com\/blog\/2011\/12\/21\/ka-ardhur-koha-e-radikalizimit-te-ceshtjes-shqiptare-ne-mal-te-zi\/#webpage","url":"https:\/\/www.visit-ulcinj.com\/blog\/2011\/12\/21\/ka-ardhur-koha-e-radikalizimit-te-ceshtjes-shqiptare-ne-mal-te-zi\/","name":"Ka ardhur koha e radikalizimit t\u00eb \u00e7\u00ebshtjes shqiptare n\u00eb Mal t\u00eb Zi - Lajme nga Ulqini","isPartOf":{"@id":"https:\/\/www.visit-ulcinj.com\/blog\/#website"},"primaryImageOfPage":{"@id":"https:\/\/www.visit-ulcinj.com\/blog\/2011\/12\/21\/ka-ardhur-koha-e-radikalizimit-te-ceshtjes-shqiptare-ne-mal-te-zi\/#primaryimage"},"datePublished":"2011-12-21T08:43:59+00:00","dateModified":"2011-12-21T08:43:59+00:00","author":{"@id":"https:\/\/www.visit-ulcinj.com\/blog\/#\/schema\/person\/dcab619c614d3038751c63bc2aadc06d"},"description":"P\u00ebrfundoj edhe nj\u00eb vit i cili sa i p\u00ebrket realizimit t\u00eb t\u00eb drejtave t\u00eb shqiptar\u00ebve n\u00eb Mal t\u00eb Zi, mund t\u00eb karaktarizohet ashtu si edhe vitet e m\u00ebparshme,","breadcrumb":{"@id":"https:\/\/www.visit-ulcinj.com\/blog\/2011\/12\/21\/ka-ardhur-koha-e-radikalizimit-te-ceshtjes-shqiptare-ne-mal-te-zi\/#breadcrumb"},"inLanguage":"en-US","potentialAction":[{"@type":"ReadAction","target":["https:\/\/www.visit-ulcinj.com\/blog\/2011\/12\/21\/ka-ardhur-koha-e-radikalizimit-te-ceshtjes-shqiptare-ne-mal-te-zi\/"]}]},{"@type":"BreadcrumbList","@id":"https:\/\/www.visit-ulcinj.com\/blog\/2011\/12\/21\/ka-ardhur-koha-e-radikalizimit-te-ceshtjes-shqiptare-ne-mal-te-zi\/#breadcrumb","itemListElement":[{"@type":"ListItem","position":1,"name":"Ka ardhur koha e radikalizimit t\u00eb \u00e7\u00ebshtjes shqiptare n\u00eb Mal t\u00eb Zi"}]},{"@type":"Person","@id":"https:\/\/www.visit-ulcinj.com\/blog\/#\/schema\/person\/dcab619c614d3038751c63bc2aadc06d","name":"ulqini","sameAs":["http:\/\/www.visit-ulcinj.com"],"url":"https:\/\/www.visit-ulcinj.com\/blog\/author\/admin\/"}]}},"jetpack_featured_media_url":"","jetpack_sharing_enabled":true,"jetpack_shortlink":"https:\/\/wp.me\/pe6lTn-edw","_links":{"self":[{"href":"https:\/\/www.visit-ulcinj.com\/blog\/wp-json\/wp\/v2\/posts\/54654"}],"collection":[{"href":"https:\/\/www.visit-ulcinj.com\/blog\/wp-json\/wp\/v2\/posts"}],"about":[{"href":"https:\/\/www.visit-ulcinj.com\/blog\/wp-json\/wp\/v2\/types\/post"}],"author":[{"embeddable":true,"href":"https:\/\/www.visit-ulcinj.com\/blog\/wp-json\/wp\/v2\/users\/1"}],"replies":[{"embeddable":true,"href":"https:\/\/www.visit-ulcinj.com\/blog\/wp-json\/wp\/v2\/comments?post=54654"}],"version-history":[{"count":1,"href":"https:\/\/www.visit-ulcinj.com\/blog\/wp-json\/wp\/v2\/posts\/54654\/revisions"}],"predecessor-version":[{"id":54656,"href":"https:\/\/www.visit-ulcinj.com\/blog\/wp-json\/wp\/v2\/posts\/54654\/revisions\/54656"}],"wp:attachment":[{"href":"https:\/\/www.visit-ulcinj.com\/blog\/wp-json\/wp\/v2\/media?parent=54654"}],"wp:term":[{"taxonomy":"category","embeddable":true,"href":"https:\/\/www.visit-ulcinj.com\/blog\/wp-json\/wp\/v2\/categories?post=54654"},{"taxonomy":"post_tag","embeddable":true,"href":"https:\/\/www.visit-ulcinj.com\/blog\/wp-json\/wp\/v2\/tags?post=54654"}],"curies":[{"name":"wp","href":"https:\/\/api.w.org\/{rel}","templated":true}]}}