{"id":54679,"date":"2011-12-21T11:49:44","date_gmt":"2011-12-21T10:49:44","guid":{"rendered":"http:\/\/www.visit-ulcinj.com\/blog\/?p=54679"},"modified":"2012-01-10T18:53:52","modified_gmt":"2012-01-10T17:53:52","slug":"dritan-abazovic-dobitnik-priznanja-siguran-kompas-2011","status":"publish","type":"post","link":"https:\/\/www.visit-ulcinj.com\/blog\/2011\/12\/21\/dritan-abazovic-dobitnik-priznanja-siguran-kompas-2011\/","title":{"rendered":"Dritan Abazovic dobitnik priznanja &#8220;Siguran kompas&#8221; 2011 &#8211; Video"},"content":{"rendered":"<p><strong><a href=\"http:\/\/www.visit-ulcinj.com\/blog\/wp-content\/uploads\/2011\/12\/Dritan-Abazovic-dobitnik-priznanja-Siguran-kompas-2011.jpg\"><img loading=\"lazy\" class=\"alignleft size-full wp-image-54680\" title=\"Dritan Abazovic dobitnik priznanja Siguran kompas 2011\" src=\"http:\/\/www.visit-ulcinj.com\/blog\/wp-content\/uploads\/2011\/12\/Dritan-Abazovic-dobitnik-priznanja-Siguran-kompas-2011.jpg\" alt=\"\" width=\"508\" height=\"400\" \/><\/a>Politi\u010dki analiti\u010dar iz Ulcinja, politikolog i \u010dlan nevladine organizacije Forum 2010,Dritan Abazovi\u0107 dobio je ovogodi\u0161nju nagradu &#8220;Siguran kompas&#8221;.<\/strong><\/p>\n<p>Ovogodi\u0161nji dobitnici priznanja Siguran kompas su direktor Agencije za za\u0161titu \u017eivotne sredine Daliborka Pejovi\u0107, politikolog Dritan Abazovi\u0107, ameri\u010dka Ambasada u Podgorici, Fakultet za dr\u017eavne i evropske studije i mjese\u010dnik o evroatlantskim integracijama, odbrani i Vojsci Evroatlantska asocijacija mladih.<br \/>\n<a href=\"http:\/\/www.visit-ulcinj.com\/blog\/wp-content\/uploads\/2011\/12\/Svecana-dodjela-priznanja-Dritanu-Abazovic_Siguran-kompas-2011.1.jpg\"><img loading=\"lazy\" class=\"alignleft size-full wp-image-54681\" title=\"Svecana dodjela priznanja Dritanu Abazovic_Siguran kompas 2011.1\" src=\"http:\/\/www.visit-ulcinj.com\/blog\/wp-content\/uploads\/2011\/12\/Svecana-dodjela-priznanja-Dritanu-Abazovic_Siguran-kompas-2011.1.jpg\" alt=\"\" width=\"508\" height=\"330\" \/><\/a><\/p>\n<p>Alfa centar, nevladina organizacija iz Nik\u0161i\u0107a, ustanovila je nagradu Siguran kompas, koja \u0107e se dodjeljivati svake godine za izuzetan doprinos u promociji zna\u010daja me\u0111unarodne saradnje, bezbjednosti i \u0161irenju ideje evroatlantizma u Crnoj Gori.<\/p>\n<p>Odbor za dodjelu priznanja je odlu\u010dio da Siguran kompas za 2011. dodijeli: Danas je u KIC-u &#8220;Budo Tomovic&#8221; uprilicena svecanost povodom urucenja priznanja &#8220;Siguran kompas&#8221;. Na svecanosti su govorili Ranko Krivokapic, predsjednik Skupstine Crne Gore, Aleksandar Dedovic, direktor ALFA Centra, a putem video poruke prisutnima se obratila NJ.E. Kolinda Grabar- Kitarovic, pomocnica generalnog sekretara za NATO odsjek za javnu diplomatiju.<br \/>\nDobitnici ovogodisnjeg priznanja &#8220;Siguran kompas &#8221; su:<br \/>\nUkategoriji mediji: &#8220;Partner&#8221;<br \/>\nU kategoriji NVO: &#8220;Evroatlantska asocijacija mladih&#8221;<br \/>\nUkategoriji institucija\/organizacija FDES i Ambasada Sjedinjenih Americkih Drzava u Crnoj Gori<br \/>\nU kategoriji pojedinac\/pojedinka Dritan Abazovic i Daliborka Pejovic.<\/p>\n<p><a href=\"http:\/\/www.visit-ulcinj.com\/blog\/wp-content\/uploads\/2011\/12\/Svecana-dodjela-priznanja-Dritanu-Abazovic_Siguran-kompas-2011.jpg\"><img loading=\"lazy\" class=\"alignleft size-full wp-image-54682\" title=\"Svecana dodjela priznanja Dritanu Abazovic_Siguran kompas 2011\" src=\"http:\/\/www.visit-ulcinj.com\/blog\/wp-content\/uploads\/2011\/12\/Svecana-dodjela-priznanja-Dritanu-Abazovic_Siguran-kompas-2011.jpg\" alt=\"\" width=\"508\" height=\"330\" \/><\/a><\/p>\n<p>Dritan Abazovi\u0107 je Ulcinjanin, ro\u0111en 25. 12. 1985 godine u Baru. U Ulcinju je zavr\u0161io osnovnu i srednju \u0161kolu. Diplomirao je na Fakultetu politi\u010dkih nauka u Sarajevu, na smjeru za politikologiju kao najbolji student generacije. Dobitnik je Zlatne zna\u010dke Univerziteta kao jedan od deset najboljih studenata Univrziteta, ra\u010dunajuci sve akademske jedinice. Trenutno zavr\u0161ava Magistarke studije na Fakukltetu politi\u010dkih nauka u Podgorici. Ljubitelj je ribolova kao i\u00a0svih vrsta sportova, pogotovo fudbala. Veliki je navija\u010d Intera.<\/p>\n<p><strong>Lajme nga Ulqini<\/strong><\/p>\n<p><a href=\"https:\/\/www.facebook.com\/media\/set\/?set=a.2953441519867.2151370.1376281022&amp;type=3\" target=\"_blank\"><strong>Foto: Alfa Centar Facebook<br \/>\n\n\t\t<style type=\"text\/css\">\n\t\t\t#gallery-1 {\n\t\t\t\tmargin: auto;\n\t\t\t}\n\t\t\t#gallery-1 .gallery-item {\n\t\t\t\tfloat: left;\n\t\t\t\tmargin-top: 10px;\n\t\t\t\ttext-align: center;\n\t\t\t\twidth: 33%;\n\t\t\t}\n\t\t\t#gallery-1 img {\n\t\t\t\tborder: 2px solid #cfcfcf;\n\t\t\t}\n\t\t\t#gallery-1 .gallery-caption {\n\t\t\t\tmargin-left: 0;\n\t\t\t}\n\t\t\t\/* see gallery_shortcode() in wp-includes\/media.php *\/\n\t\t<\/style>\n\t\t<div id='gallery-1' class='gallery galleryid-54679 gallery-columns-3 gallery-size-thumbnail'><dl class='gallery-item'>\n\t\t\t<dt class='gallery-icon landscape'>\n\t\t\t\t<a href='https:\/\/www.visit-ulcinj.com\/blog\/wp-content\/uploads\/2011\/12\/Dritan-Abazovic-dobitnik-priznanja-Siguran-kompas-2011.jpg'><img width=\"150\" height=\"150\" src=\"https:\/\/www.visit-ulcinj.com\/blog\/wp-content\/uploads\/2011\/12\/Dritan-Abazovic-dobitnik-priznanja-Siguran-kompas-2011-150x150.jpg\" class=\"attachment-thumbnail size-thumbnail\" alt=\"\" loading=\"lazy\" \/><\/a>\n\t\t\t<\/dt><\/dl><dl class='gallery-item'>\n\t\t\t<dt class='gallery-icon landscape'>\n\t\t\t\t<a href='https:\/\/www.visit-ulcinj.com\/blog\/wp-content\/uploads\/2011\/12\/Svecana-dodjela-priznanja-Dritanu-Abazovic_Siguran-kompas-2011.1.jpg'><img width=\"150\" height=\"150\" src=\"https:\/\/www.visit-ulcinj.com\/blog\/wp-content\/uploads\/2011\/12\/Svecana-dodjela-priznanja-Dritanu-Abazovic_Siguran-kompas-2011.1-150x150.jpg\" class=\"attachment-thumbnail size-thumbnail\" alt=\"\" loading=\"lazy\" \/><\/a>\n\t\t\t<\/dt><\/dl><dl class='gallery-item'>\n\t\t\t<dt class='gallery-icon landscape'>\n\t\t\t\t<a href='https:\/\/www.visit-ulcinj.com\/blog\/wp-content\/uploads\/2011\/12\/Svecana-dodjela-priznanja-Dritanu-Abazovic_Siguran-kompas-2011.jpg'><img width=\"150\" height=\"150\" src=\"https:\/\/www.visit-ulcinj.com\/blog\/wp-content\/uploads\/2011\/12\/Svecana-dodjela-priznanja-Dritanu-Abazovic_Siguran-kompas-2011-150x150.jpg\" class=\"attachment-thumbnail size-thumbnail\" alt=\"\" loading=\"lazy\" \/><\/a>\n\t\t\t<\/dt><\/dl><br style=\"clear: both\" \/><dl class='gallery-item'>\n\t\t\t<dt class='gallery-icon landscape'>\n\t\t\t\t<a href='https:\/\/www.visit-ulcinj.com\/blog\/wp-content\/uploads\/2011\/12\/Svecana-dodjela-priznanja-Dritanu-Abazovic_Siguran-kompas-2011.2.jpg'><img width=\"150\" height=\"150\" src=\"https:\/\/www.visit-ulcinj.com\/blog\/wp-content\/uploads\/2011\/12\/Svecana-dodjela-priznanja-Dritanu-Abazovic_Siguran-kompas-2011.2-150x150.jpg\" class=\"attachment-thumbnail size-thumbnail\" alt=\"\" loading=\"lazy\" \/><\/a>\n\t\t\t<\/dt><\/dl><dl class='gallery-item'>\n\t\t\t<dt class='gallery-icon landscape'>\n\t\t\t\t<a href='https:\/\/www.visit-ulcinj.com\/blog\/wp-content\/uploads\/2011\/12\/Svecana-dodjela-priznanja-Dritanu-Abazovic_Siguran-kompas-2011.3.jpg'><img width=\"150\" height=\"150\" src=\"https:\/\/www.visit-ulcinj.com\/blog\/wp-content\/uploads\/2011\/12\/Svecana-dodjela-priznanja-Dritanu-Abazovic_Siguran-kompas-2011.3-150x150.jpg\" class=\"attachment-thumbnail size-thumbnail\" alt=\"\" loading=\"lazy\" \/><\/a>\n\t\t\t<\/dt><\/dl><dl class='gallery-item'>\n\t\t\t<dt class='gallery-icon landscape'>\n\t\t\t\t<a href='https:\/\/www.visit-ulcinj.com\/blog\/wp-content\/uploads\/2011\/12\/Svecana-dodjela-priznanja-Dritanu-Abazovic_Siguran-kompas-2011.4.jpg'><img width=\"150\" height=\"150\" src=\"https:\/\/www.visit-ulcinj.com\/blog\/wp-content\/uploads\/2011\/12\/Svecana-dodjela-priznanja-Dritanu-Abazovic_Siguran-kompas-2011.4-150x150.jpg\" class=\"attachment-thumbnail size-thumbnail\" alt=\"\" loading=\"lazy\" \/><\/a>\n\t\t\t<\/dt><\/dl><br style=\"clear: both\" \/>\n\t\t<\/div>\n<\/p>\n<p><\/strong><\/a><!--YouTube Error: bad URL entered--><\/p>\n<p>&nbsp;<\/p>\n<p>&nbsp;<\/p>\n","protected":false},"excerpt":{"rendered":"<p>Politi\u010dki analiti\u010dar iz Ulcinja, politikolog i \u010dlan nevladine organizacije Forum 2010,Dritan Abazovi\u0107 dobio je ovogodi\u0161nju nagradu &#8220;Siguran kompas&#8221;. Ovogodi\u0161nji dobitnici priznanja Siguran kompas su direktor Agencije za za\u0161titu \u017eivotne sredine Daliborka Pejovi\u0107, politikolog Dritan Abazovi\u0107, ameri\u010dka Ambasada u Podgorici, Fakultet za dr\u017eavne i evropske studije i mjese\u010dnik o evroatlantskim integracijama, odbrani i Vojsci Evroatlantska asocijacija [&hellip;]<\/p>\n","protected":false},"author":1,"featured_media":0,"comment_status":"closed","ping_status":"closed","sticky":false,"template":"","format":"standard","meta":{"spay_email":"","jetpack_publicize_message":"","jetpack_is_tweetstorm":false,"jetpack_publicize_feature_enabled":true},"categories":[8337],"tags":[19642,13706,79,12830,19645],"jetpack_publicize_connections":[],"yoast_head":"<!-- This site is optimized with the Yoast SEO plugin v19.1 - https:\/\/yoast.com\/wordpress\/plugins\/seo\/ -->\n<title>Dritan Abazovic dobitnik priznanja &quot;Siguran kompas&quot; 2011 - Video - Lajme nga Ulqini<\/title>\n<meta name=\"description\" content=\"Politi\u010dki analiti\u010dar iz Ulcinja, politikolog i \u010dlan nevladine organizacije Forum 2010,Dritan Abazovi\u0107 dobio je ovogodi\u0161nju nagradu &quot;Siguran kompas&quot;.\" \/>\n<meta name=\"robots\" content=\"index, follow, max-snippet:-1, max-image-preview:large, max-video-preview:-1\" \/>\n<link rel=\"canonical\" href=\"https:\/\/www.visit-ulcinj.com\/blog\/2011\/12\/21\/dritan-abazovic-dobitnik-priznanja-siguran-kompas-2011\/\" \/>\n<meta property=\"og:locale\" content=\"en_US\" \/>\n<meta property=\"og:type\" content=\"article\" \/>\n<meta property=\"og:title\" content=\"Dritan Abazovic dobitnik priznanja &quot;Siguran kompas&quot; 2011 - Video - Lajme nga Ulqini\" \/>\n<meta property=\"og:description\" content=\"Politi\u010dki analiti\u010dar iz Ulcinja, politikolog i \u010dlan nevladine organizacije Forum 2010,Dritan Abazovi\u0107 dobio je ovogodi\u0161nju nagradu &quot;Siguran kompas&quot;.\" \/>\n<meta property=\"og:url\" content=\"https:\/\/www.visit-ulcinj.com\/blog\/2011\/12\/21\/dritan-abazovic-dobitnik-priznanja-siguran-kompas-2011\/\" \/>\n<meta property=\"og:site_name\" content=\"Lajme nga Ulqini\" \/>\n<meta property=\"article:published_time\" content=\"2011-12-21T10:49:44+00:00\" \/>\n<meta property=\"article:modified_time\" content=\"2012-01-10T17:53:52+00:00\" \/>\n<meta property=\"og:image\" content=\"https:\/\/www.visit-ulcinj.com\/blog\/wp-content\/uploads\/2011\/12\/Dritan-Abazovic-dobitnik-priznanja-Siguran-kompas-2011-150x150.jpg\" \/>\n<meta name=\"twitter:label1\" content=\"Written by\" \/>\n\t<meta name=\"twitter:data1\" content=\"ulqini\" \/>\n\t<meta name=\"twitter:label2\" content=\"Est. reading time\" \/>\n\t<meta name=\"twitter:data2\" content=\"2 minutes\" \/>\n<script type=\"application\/ld+json\" class=\"yoast-schema-graph\">{\"@context\":\"https:\/\/schema.org\",\"@graph\":[{\"@type\":\"WebSite\",\"@id\":\"https:\/\/www.visit-ulcinj.com\/blog\/#website\",\"url\":\"https:\/\/www.visit-ulcinj.com\/blog\/\",\"name\":\"Lajme nga Ulqini\",\"description\":\"Lajme,Vijesti,Ulqini,Ulqin,Crna Gora,Mali i Zi\",\"potentialAction\":[{\"@type\":\"SearchAction\",\"target\":{\"@type\":\"EntryPoint\",\"urlTemplate\":\"https:\/\/www.visit-ulcinj.com\/blog\/?s={search_term_string}\"},\"query-input\":\"required name=search_term_string\"}],\"inLanguage\":\"en-US\"},{\"@type\":\"ImageObject\",\"inLanguage\":\"en-US\",\"@id\":\"https:\/\/www.visit-ulcinj.com\/blog\/2011\/12\/21\/dritan-abazovic-dobitnik-priznanja-siguran-kompas-2011\/#primaryimage\",\"url\":\"https:\/\/www.visit-ulcinj.com\/blog\/wp-content\/uploads\/2011\/12\/Dritan-Abazovic-dobitnik-priznanja-Siguran-kompas-2011.jpg\",\"contentUrl\":\"https:\/\/www.visit-ulcinj.com\/blog\/wp-content\/uploads\/2011\/12\/Dritan-Abazovic-dobitnik-priznanja-Siguran-kompas-2011.jpg\",\"width\":\"960\",\"height\":\"639\"},{\"@type\":\"WebPage\",\"@id\":\"https:\/\/www.visit-ulcinj.com\/blog\/2011\/12\/21\/dritan-abazovic-dobitnik-priznanja-siguran-kompas-2011\/#webpage\",\"url\":\"https:\/\/www.visit-ulcinj.com\/blog\/2011\/12\/21\/dritan-abazovic-dobitnik-priznanja-siguran-kompas-2011\/\",\"name\":\"Dritan Abazovic dobitnik priznanja \\\"Siguran kompas\\\" 2011 - Video - Lajme nga Ulqini\",\"isPartOf\":{\"@id\":\"https:\/\/www.visit-ulcinj.com\/blog\/#website\"},\"primaryImageOfPage\":{\"@id\":\"https:\/\/www.visit-ulcinj.com\/blog\/2011\/12\/21\/dritan-abazovic-dobitnik-priznanja-siguran-kompas-2011\/#primaryimage\"},\"datePublished\":\"2011-12-21T10:49:44+00:00\",\"dateModified\":\"2012-01-10T17:53:52+00:00\",\"author\":{\"@id\":\"https:\/\/www.visit-ulcinj.com\/blog\/#\/schema\/person\/dcab619c614d3038751c63bc2aadc06d\"},\"description\":\"Politi\u010dki analiti\u010dar iz Ulcinja, politikolog i \u010dlan nevladine organizacije Forum 2010,Dritan Abazovi\u0107 dobio je ovogodi\u0161nju nagradu \\\"Siguran kompas\\\".\",\"breadcrumb\":{\"@id\":\"https:\/\/www.visit-ulcinj.com\/blog\/2011\/12\/21\/dritan-abazovic-dobitnik-priznanja-siguran-kompas-2011\/#breadcrumb\"},\"inLanguage\":\"en-US\",\"potentialAction\":[{\"@type\":\"ReadAction\",\"target\":[\"https:\/\/www.visit-ulcinj.com\/blog\/2011\/12\/21\/dritan-abazovic-dobitnik-priznanja-siguran-kompas-2011\/\"]}]},{\"@type\":\"BreadcrumbList\",\"@id\":\"https:\/\/www.visit-ulcinj.com\/blog\/2011\/12\/21\/dritan-abazovic-dobitnik-priznanja-siguran-kompas-2011\/#breadcrumb\",\"itemListElement\":[{\"@type\":\"ListItem\",\"position\":1,\"name\":\"Dritan Abazovic dobitnik priznanja &#8220;Siguran kompas&#8221; 2011 &#8211; Video\"}]},{\"@type\":\"Person\",\"@id\":\"https:\/\/www.visit-ulcinj.com\/blog\/#\/schema\/person\/dcab619c614d3038751c63bc2aadc06d\",\"name\":\"ulqini\",\"sameAs\":[\"http:\/\/www.visit-ulcinj.com\"],\"url\":\"https:\/\/www.visit-ulcinj.com\/blog\/author\/admin\/\"}]}<\/script>\n<!-- \/ Yoast SEO plugin. -->","yoast_head_json":{"title":"Dritan Abazovic dobitnik priznanja \"Siguran kompas\" 2011 - Video - Lajme nga Ulqini","description":"Politi\u010dki analiti\u010dar iz Ulcinja, politikolog i \u010dlan nevladine organizacije Forum 2010,Dritan Abazovi\u0107 dobio je ovogodi\u0161nju nagradu \"Siguran kompas\".","robots":{"index":"index","follow":"follow","max-snippet":"max-snippet:-1","max-image-preview":"max-image-preview:large","max-video-preview":"max-video-preview:-1"},"canonical":"https:\/\/www.visit-ulcinj.com\/blog\/2011\/12\/21\/dritan-abazovic-dobitnik-priznanja-siguran-kompas-2011\/","og_locale":"en_US","og_type":"article","og_title":"Dritan Abazovic dobitnik priznanja \"Siguran kompas\" 2011 - Video - Lajme nga Ulqini","og_description":"Politi\u010dki analiti\u010dar iz Ulcinja, politikolog i \u010dlan nevladine organizacije Forum 2010,Dritan Abazovi\u0107 dobio je ovogodi\u0161nju nagradu \"Siguran kompas\".","og_url":"https:\/\/www.visit-ulcinj.com\/blog\/2011\/12\/21\/dritan-abazovic-dobitnik-priznanja-siguran-kompas-2011\/","og_site_name":"Lajme nga Ulqini","article_published_time":"2011-12-21T10:49:44+00:00","article_modified_time":"2012-01-10T17:53:52+00:00","og_image":[{"url":"https:\/\/www.visit-ulcinj.com\/blog\/wp-content\/uploads\/2011\/12\/Dritan-Abazovic-dobitnik-priznanja-Siguran-kompas-2011-150x150.jpg"}],"twitter_misc":{"Written by":"ulqini","Est. reading time":"2 minutes"},"schema":{"@context":"https:\/\/schema.org","@graph":[{"@type":"WebSite","@id":"https:\/\/www.visit-ulcinj.com\/blog\/#website","url":"https:\/\/www.visit-ulcinj.com\/blog\/","name":"Lajme nga Ulqini","description":"Lajme,Vijesti,Ulqini,Ulqin,Crna Gora,Mali i Zi","potentialAction":[{"@type":"SearchAction","target":{"@type":"EntryPoint","urlTemplate":"https:\/\/www.visit-ulcinj.com\/blog\/?s={search_term_string}"},"query-input":"required name=search_term_string"}],"inLanguage":"en-US"},{"@type":"ImageObject","inLanguage":"en-US","@id":"https:\/\/www.visit-ulcinj.com\/blog\/2011\/12\/21\/dritan-abazovic-dobitnik-priznanja-siguran-kompas-2011\/#primaryimage","url":"https:\/\/www.visit-ulcinj.com\/blog\/wp-content\/uploads\/2011\/12\/Dritan-Abazovic-dobitnik-priznanja-Siguran-kompas-2011.jpg","contentUrl":"https:\/\/www.visit-ulcinj.com\/blog\/wp-content\/uploads\/2011\/12\/Dritan-Abazovic-dobitnik-priznanja-Siguran-kompas-2011.jpg","width":"960","height":"639"},{"@type":"WebPage","@id":"https:\/\/www.visit-ulcinj.com\/blog\/2011\/12\/21\/dritan-abazovic-dobitnik-priznanja-siguran-kompas-2011\/#webpage","url":"https:\/\/www.visit-ulcinj.com\/blog\/2011\/12\/21\/dritan-abazovic-dobitnik-priznanja-siguran-kompas-2011\/","name":"Dritan Abazovic dobitnik priznanja \"Siguran kompas\" 2011 - Video - Lajme nga Ulqini","isPartOf":{"@id":"https:\/\/www.visit-ulcinj.com\/blog\/#website"},"primaryImageOfPage":{"@id":"https:\/\/www.visit-ulcinj.com\/blog\/2011\/12\/21\/dritan-abazovic-dobitnik-priznanja-siguran-kompas-2011\/#primaryimage"},"datePublished":"2011-12-21T10:49:44+00:00","dateModified":"2012-01-10T17:53:52+00:00","author":{"@id":"https:\/\/www.visit-ulcinj.com\/blog\/#\/schema\/person\/dcab619c614d3038751c63bc2aadc06d"},"description":"Politi\u010dki analiti\u010dar iz Ulcinja, politikolog i \u010dlan nevladine organizacije Forum 2010,Dritan Abazovi\u0107 dobio je ovogodi\u0161nju nagradu \"Siguran kompas\".","breadcrumb":{"@id":"https:\/\/www.visit-ulcinj.com\/blog\/2011\/12\/21\/dritan-abazovic-dobitnik-priznanja-siguran-kompas-2011\/#breadcrumb"},"inLanguage":"en-US","potentialAction":[{"@type":"ReadAction","target":["https:\/\/www.visit-ulcinj.com\/blog\/2011\/12\/21\/dritan-abazovic-dobitnik-priznanja-siguran-kompas-2011\/"]}]},{"@type":"BreadcrumbList","@id":"https:\/\/www.visit-ulcinj.com\/blog\/2011\/12\/21\/dritan-abazovic-dobitnik-priznanja-siguran-kompas-2011\/#breadcrumb","itemListElement":[{"@type":"ListItem","position":1,"name":"Dritan Abazovic dobitnik priznanja &#8220;Siguran kompas&#8221; 2011 &#8211; Video"}]},{"@type":"Person","@id":"https:\/\/www.visit-ulcinj.com\/blog\/#\/schema\/person\/dcab619c614d3038751c63bc2aadc06d","name":"ulqini","sameAs":["http:\/\/www.visit-ulcinj.com"],"url":"https:\/\/www.visit-ulcinj.com\/blog\/author\/admin\/"}]}},"jetpack_featured_media_url":"","jetpack_sharing_enabled":true,"jetpack_shortlink":"https:\/\/wp.me\/pe6lTn-edV","_links":{"self":[{"href":"https:\/\/www.visit-ulcinj.com\/blog\/wp-json\/wp\/v2\/posts\/54679"}],"collection":[{"href":"https:\/\/www.visit-ulcinj.com\/blog\/wp-json\/wp\/v2\/posts"}],"about":[{"href":"https:\/\/www.visit-ulcinj.com\/blog\/wp-json\/wp\/v2\/types\/post"}],"author":[{"embeddable":true,"href":"https:\/\/www.visit-ulcinj.com\/blog\/wp-json\/wp\/v2\/users\/1"}],"replies":[{"embeddable":true,"href":"https:\/\/www.visit-ulcinj.com\/blog\/wp-json\/wp\/v2\/comments?post=54679"}],"version-history":[{"count":5,"href":"https:\/\/www.visit-ulcinj.com\/blog\/wp-json\/wp\/v2\/posts\/54679\/revisions"}],"predecessor-version":[{"id":55785,"href":"https:\/\/www.visit-ulcinj.com\/blog\/wp-json\/wp\/v2\/posts\/54679\/revisions\/55785"}],"wp:attachment":[{"href":"https:\/\/www.visit-ulcinj.com\/blog\/wp-json\/wp\/v2\/media?parent=54679"}],"wp:term":[{"taxonomy":"category","embeddable":true,"href":"https:\/\/www.visit-ulcinj.com\/blog\/wp-json\/wp\/v2\/categories?post=54679"},{"taxonomy":"post_tag","embeddable":true,"href":"https:\/\/www.visit-ulcinj.com\/blog\/wp-json\/wp\/v2\/tags?post=54679"}],"curies":[{"name":"wp","href":"https:\/\/api.w.org\/{rel}","templated":true}]}}