{"id":54689,"date":"2011-12-21T12:22:01","date_gmt":"2011-12-21T11:22:01","guid":{"rendered":"http:\/\/www.visit-ulcinj.com\/blog\/?p=54689"},"modified":"2011-12-21T12:30:47","modified_gmt":"2011-12-21T11:30:47","slug":"genci-nimanbegu-na-emisiji-tv-atlas-bez-rezerve","status":"publish","type":"post","link":"https:\/\/www.visit-ulcinj.com\/blog\/2011\/12\/21\/genci-nimanbegu-na-emisiji-tv-atlas-bez-rezerve\/","title":{"rendered":"Genci Nimanbegu na emisiji  TV Atlas &#8211; Bez rezerve"},"content":{"rendered":"<p><strong><a href=\"http:\/\/www.visit-ulcinj.com\/blog\/wp-content\/uploads\/2011\/12\/Genci-Nimanbegu-na-emisiji-TV-Atlas-Bez-rezerve.2011.jpg\"><img loading=\"lazy\" class=\"alignleft size-full wp-image-54693\" title=\"Genci Nimanbegu na emisiji  TV Atlas - Bez rezerve.2011\" src=\"http:\/\/www.visit-ulcinj.com\/blog\/wp-content\/uploads\/2011\/12\/Genci-Nimanbegu-na-emisiji-TV-Atlas-Bez-rezerve.2011.jpg\" alt=\"\" width=\"490\" height=\"395\" srcset=\"https:\/\/www.visit-ulcinj.com\/blog\/wp-content\/uploads\/2011\/12\/Genci-Nimanbegu-na-emisiji-TV-Atlas-Bez-rezerve.2011.jpg 490w, https:\/\/www.visit-ulcinj.com\/blog\/wp-content\/uploads\/2011\/12\/Genci-Nimanbegu-na-emisiji-TV-Atlas-Bez-rezerve.2011-300x241.jpg 300w\" sizes=\"(max-width: 490px) 100vw, 490px\" \/><\/a>Gost emisije Genci Nimanbegu iz Ulcinja<\/strong><br \/>\nBEZ REZERVE je emisija u kojoj otkrivamo gra\u0111anski profil javnih li\u010dnosti \u2013 onih koji uti\u010du na mi\u0161ljenje javnog mnjenja i \u010dije pona\u0161anje i postupci predstavljaju role model mnogih gra\u0111ana.<\/p>\n<p>Stavovi javnih li\u010dnosti uglavnom su nam poznati u okviru njihovih osnovnih djelatnosti. BEZ REZERVE me\u0111utim, otkriva kako poznati reaguju u konkretnim \u017eivotnim situacijama, kako razmi\u0161ljaju i donose odluke.<\/p>\n<p><strong>TV Atlas<\/strong><\/p>\n<p><strong>Bez Rezerve I Dio<br \/>\n<!--YouTube Error: bad URL entered--><\/strong><\/p>\n<p>Bez Rezerve II Dio<br \/>\n<iframe loading=\"lazy\" width=\"508\" height=\"360\" src=\"http:\/\/www.youtube.com\/embed\/2TeSsetj87I\" frameborder=\"0\" allowfullscreen><\/iframe><\/p>\n","protected":false},"excerpt":{"rendered":"<p>Gost emisije Genci Nimanbegu iz Ulcinja BEZ REZERVE je emisija u kojoj otkrivamo gra\u0111anski profil javnih li\u010dnosti \u2013 onih koji uti\u010du na mi\u0161ljenje javnog mnjenja i \u010dije pona\u0161anje i postupci predstavljaju role model mnogih gra\u0111ana. Stavovi javnih li\u010dnosti uglavnom su nam poznati u okviru njihovih osnovnih djelatnosti. BEZ REZERVE me\u0111utim, otkriva kako poznati reaguju u [&hellip;]<\/p>\n","protected":false},"author":1,"featured_media":0,"comment_status":"open","ping_status":"closed","sticky":false,"template":"","format":"standard","meta":{"spay_email":"","jetpack_publicize_message":"","jetpack_is_tweetstorm":false,"jetpack_publicize_feature_enabled":true},"categories":[6950],"tags":[19648,19647,117,1073,19646,19649,19],"jetpack_publicize_connections":[],"yoast_head":"<!-- This site is optimized with the Yoast SEO plugin v19.1 - https:\/\/yoast.com\/wordpress\/plugins\/seo\/ -->\n<title>Genci Nimanbegu na emisiji TV Atlas - Bez rezerve - Lajme nga Ulqini<\/title>\n<meta name=\"description\" content=\"Gost emisije Genci Nimanbegu iz Ulcinja BEZ REZERVE je emisija u kojoj otkrivamo gra\u0111anski profil javnih li\u010dnosti \u2013 onih koji uti\u010du na mi\u0161ljenje javnog\" \/>\n<meta name=\"robots\" content=\"index, follow, max-snippet:-1, max-image-preview:large, max-video-preview:-1\" \/>\n<link rel=\"canonical\" href=\"https:\/\/www.visit-ulcinj.com\/blog\/2011\/12\/21\/genci-nimanbegu-na-emisiji-tv-atlas-bez-rezerve\/\" \/>\n<meta property=\"og:locale\" content=\"en_US\" \/>\n<meta property=\"og:type\" content=\"article\" \/>\n<meta property=\"og:title\" content=\"Genci Nimanbegu na emisiji TV Atlas - Bez rezerve - Lajme nga Ulqini\" \/>\n<meta property=\"og:description\" content=\"Gost emisije Genci Nimanbegu iz Ulcinja BEZ REZERVE je emisija u kojoj otkrivamo gra\u0111anski profil javnih li\u010dnosti \u2013 onih koji uti\u010du na mi\u0161ljenje javnog\" \/>\n<meta property=\"og:url\" content=\"https:\/\/www.visit-ulcinj.com\/blog\/2011\/12\/21\/genci-nimanbegu-na-emisiji-tv-atlas-bez-rezerve\/\" \/>\n<meta property=\"og:site_name\" content=\"Lajme nga Ulqini\" \/>\n<meta property=\"article:published_time\" content=\"2011-12-21T11:22:01+00:00\" \/>\n<meta property=\"article:modified_time\" content=\"2011-12-21T11:30:47+00:00\" \/>\n<meta property=\"og:image\" content=\"http:\/\/www.visit-ulcinj.com\/blog\/wp-content\/uploads\/2011\/12\/Genci-Nimanbegu-na-emisiji-TV-Atlas-Bez-rezerve.2011.jpg\" \/>\n<meta name=\"twitter:label1\" content=\"Written by\" \/>\n\t<meta name=\"twitter:data1\" content=\"ulqini\" \/>\n<script type=\"application\/ld+json\" class=\"yoast-schema-graph\">{\"@context\":\"https:\/\/schema.org\",\"@graph\":[{\"@type\":\"WebSite\",\"@id\":\"https:\/\/www.visit-ulcinj.com\/blog\/#website\",\"url\":\"https:\/\/www.visit-ulcinj.com\/blog\/\",\"name\":\"Lajme nga Ulqini\",\"description\":\"Lajme,Vijesti,Ulqini,Ulqin,Crna Gora,Mali i Zi\",\"potentialAction\":[{\"@type\":\"SearchAction\",\"target\":{\"@type\":\"EntryPoint\",\"urlTemplate\":\"https:\/\/www.visit-ulcinj.com\/blog\/?s={search_term_string}\"},\"query-input\":\"required name=search_term_string\"}],\"inLanguage\":\"en-US\"},{\"@type\":\"ImageObject\",\"inLanguage\":\"en-US\",\"@id\":\"https:\/\/www.visit-ulcinj.com\/blog\/2011\/12\/21\/genci-nimanbegu-na-emisiji-tv-atlas-bez-rezerve\/#primaryimage\",\"url\":\"https:\/\/www.visit-ulcinj.com\/blog\/wp-content\/uploads\/2011\/12\/Genci-Nimanbegu-na-emisiji-TV-Atlas-Bez-rezerve.2011.jpg\",\"contentUrl\":\"https:\/\/www.visit-ulcinj.com\/blog\/wp-content\/uploads\/2011\/12\/Genci-Nimanbegu-na-emisiji-TV-Atlas-Bez-rezerve.2011.jpg\",\"width\":\"490\",\"height\":\"395\"},{\"@type\":\"WebPage\",\"@id\":\"https:\/\/www.visit-ulcinj.com\/blog\/2011\/12\/21\/genci-nimanbegu-na-emisiji-tv-atlas-bez-rezerve\/#webpage\",\"url\":\"https:\/\/www.visit-ulcinj.com\/blog\/2011\/12\/21\/genci-nimanbegu-na-emisiji-tv-atlas-bez-rezerve\/\",\"name\":\"Genci Nimanbegu na emisiji TV Atlas - Bez rezerve - Lajme nga Ulqini\",\"isPartOf\":{\"@id\":\"https:\/\/www.visit-ulcinj.com\/blog\/#website\"},\"primaryImageOfPage\":{\"@id\":\"https:\/\/www.visit-ulcinj.com\/blog\/2011\/12\/21\/genci-nimanbegu-na-emisiji-tv-atlas-bez-rezerve\/#primaryimage\"},\"datePublished\":\"2011-12-21T11:22:01+00:00\",\"dateModified\":\"2011-12-21T11:30:47+00:00\",\"author\":{\"@id\":\"https:\/\/www.visit-ulcinj.com\/blog\/#\/schema\/person\/dcab619c614d3038751c63bc2aadc06d\"},\"description\":\"Gost emisije Genci Nimanbegu iz Ulcinja BEZ REZERVE je emisija u kojoj otkrivamo gra\u0111anski profil javnih li\u010dnosti \u2013 onih koji uti\u010du na mi\u0161ljenje javnog\",\"breadcrumb\":{\"@id\":\"https:\/\/www.visit-ulcinj.com\/blog\/2011\/12\/21\/genci-nimanbegu-na-emisiji-tv-atlas-bez-rezerve\/#breadcrumb\"},\"inLanguage\":\"en-US\",\"potentialAction\":[{\"@type\":\"ReadAction\",\"target\":[\"https:\/\/www.visit-ulcinj.com\/blog\/2011\/12\/21\/genci-nimanbegu-na-emisiji-tv-atlas-bez-rezerve\/\"]}]},{\"@type\":\"BreadcrumbList\",\"@id\":\"https:\/\/www.visit-ulcinj.com\/blog\/2011\/12\/21\/genci-nimanbegu-na-emisiji-tv-atlas-bez-rezerve\/#breadcrumb\",\"itemListElement\":[{\"@type\":\"ListItem\",\"position\":1,\"name\":\"Genci Nimanbegu na emisiji TV Atlas &#8211; Bez rezerve\"}]},{\"@type\":\"Person\",\"@id\":\"https:\/\/www.visit-ulcinj.com\/blog\/#\/schema\/person\/dcab619c614d3038751c63bc2aadc06d\",\"name\":\"ulqini\",\"sameAs\":[\"http:\/\/www.visit-ulcinj.com\"],\"url\":\"https:\/\/www.visit-ulcinj.com\/blog\/author\/admin\/\"}]}<\/script>\n<!-- \/ Yoast SEO plugin. -->","yoast_head_json":{"title":"Genci Nimanbegu na emisiji TV Atlas - Bez rezerve - Lajme nga Ulqini","description":"Gost emisije Genci Nimanbegu iz Ulcinja BEZ REZERVE je emisija u kojoj otkrivamo gra\u0111anski profil javnih li\u010dnosti \u2013 onih koji uti\u010du na mi\u0161ljenje javnog","robots":{"index":"index","follow":"follow","max-snippet":"max-snippet:-1","max-image-preview":"max-image-preview:large","max-video-preview":"max-video-preview:-1"},"canonical":"https:\/\/www.visit-ulcinj.com\/blog\/2011\/12\/21\/genci-nimanbegu-na-emisiji-tv-atlas-bez-rezerve\/","og_locale":"en_US","og_type":"article","og_title":"Genci Nimanbegu na emisiji TV Atlas - Bez rezerve - Lajme nga Ulqini","og_description":"Gost emisije Genci Nimanbegu iz Ulcinja BEZ REZERVE je emisija u kojoj otkrivamo gra\u0111anski profil javnih li\u010dnosti \u2013 onih koji uti\u010du na mi\u0161ljenje javnog","og_url":"https:\/\/www.visit-ulcinj.com\/blog\/2011\/12\/21\/genci-nimanbegu-na-emisiji-tv-atlas-bez-rezerve\/","og_site_name":"Lajme nga Ulqini","article_published_time":"2011-12-21T11:22:01+00:00","article_modified_time":"2011-12-21T11:30:47+00:00","og_image":[{"url":"http:\/\/www.visit-ulcinj.com\/blog\/wp-content\/uploads\/2011\/12\/Genci-Nimanbegu-na-emisiji-TV-Atlas-Bez-rezerve.2011.jpg"}],"twitter_misc":{"Written by":"ulqini"},"schema":{"@context":"https:\/\/schema.org","@graph":[{"@type":"WebSite","@id":"https:\/\/www.visit-ulcinj.com\/blog\/#website","url":"https:\/\/www.visit-ulcinj.com\/blog\/","name":"Lajme nga Ulqini","description":"Lajme,Vijesti,Ulqini,Ulqin,Crna Gora,Mali i Zi","potentialAction":[{"@type":"SearchAction","target":{"@type":"EntryPoint","urlTemplate":"https:\/\/www.visit-ulcinj.com\/blog\/?s={search_term_string}"},"query-input":"required name=search_term_string"}],"inLanguage":"en-US"},{"@type":"ImageObject","inLanguage":"en-US","@id":"https:\/\/www.visit-ulcinj.com\/blog\/2011\/12\/21\/genci-nimanbegu-na-emisiji-tv-atlas-bez-rezerve\/#primaryimage","url":"https:\/\/www.visit-ulcinj.com\/blog\/wp-content\/uploads\/2011\/12\/Genci-Nimanbegu-na-emisiji-TV-Atlas-Bez-rezerve.2011.jpg","contentUrl":"https:\/\/www.visit-ulcinj.com\/blog\/wp-content\/uploads\/2011\/12\/Genci-Nimanbegu-na-emisiji-TV-Atlas-Bez-rezerve.2011.jpg","width":"490","height":"395"},{"@type":"WebPage","@id":"https:\/\/www.visit-ulcinj.com\/blog\/2011\/12\/21\/genci-nimanbegu-na-emisiji-tv-atlas-bez-rezerve\/#webpage","url":"https:\/\/www.visit-ulcinj.com\/blog\/2011\/12\/21\/genci-nimanbegu-na-emisiji-tv-atlas-bez-rezerve\/","name":"Genci Nimanbegu na emisiji TV Atlas - Bez rezerve - Lajme nga Ulqini","isPartOf":{"@id":"https:\/\/www.visit-ulcinj.com\/blog\/#website"},"primaryImageOfPage":{"@id":"https:\/\/www.visit-ulcinj.com\/blog\/2011\/12\/21\/genci-nimanbegu-na-emisiji-tv-atlas-bez-rezerve\/#primaryimage"},"datePublished":"2011-12-21T11:22:01+00:00","dateModified":"2011-12-21T11:30:47+00:00","author":{"@id":"https:\/\/www.visit-ulcinj.com\/blog\/#\/schema\/person\/dcab619c614d3038751c63bc2aadc06d"},"description":"Gost emisije Genci Nimanbegu iz Ulcinja BEZ REZERVE je emisija u kojoj otkrivamo gra\u0111anski profil javnih li\u010dnosti \u2013 onih koji uti\u010du na mi\u0161ljenje javnog","breadcrumb":{"@id":"https:\/\/www.visit-ulcinj.com\/blog\/2011\/12\/21\/genci-nimanbegu-na-emisiji-tv-atlas-bez-rezerve\/#breadcrumb"},"inLanguage":"en-US","potentialAction":[{"@type":"ReadAction","target":["https:\/\/www.visit-ulcinj.com\/blog\/2011\/12\/21\/genci-nimanbegu-na-emisiji-tv-atlas-bez-rezerve\/"]}]},{"@type":"BreadcrumbList","@id":"https:\/\/www.visit-ulcinj.com\/blog\/2011\/12\/21\/genci-nimanbegu-na-emisiji-tv-atlas-bez-rezerve\/#breadcrumb","itemListElement":[{"@type":"ListItem","position":1,"name":"Genci Nimanbegu na emisiji TV Atlas &#8211; Bez rezerve"}]},{"@type":"Person","@id":"https:\/\/www.visit-ulcinj.com\/blog\/#\/schema\/person\/dcab619c614d3038751c63bc2aadc06d","name":"ulqini","sameAs":["http:\/\/www.visit-ulcinj.com"],"url":"https:\/\/www.visit-ulcinj.com\/blog\/author\/admin\/"}]}},"jetpack_featured_media_url":"","jetpack_sharing_enabled":true,"jetpack_shortlink":"https:\/\/wp.me\/pe6lTn-ee5","_links":{"self":[{"href":"https:\/\/www.visit-ulcinj.com\/blog\/wp-json\/wp\/v2\/posts\/54689"}],"collection":[{"href":"https:\/\/www.visit-ulcinj.com\/blog\/wp-json\/wp\/v2\/posts"}],"about":[{"href":"https:\/\/www.visit-ulcinj.com\/blog\/wp-json\/wp\/v2\/types\/post"}],"author":[{"embeddable":true,"href":"https:\/\/www.visit-ulcinj.com\/blog\/wp-json\/wp\/v2\/users\/1"}],"replies":[{"embeddable":true,"href":"https:\/\/www.visit-ulcinj.com\/blog\/wp-json\/wp\/v2\/comments?post=54689"}],"version-history":[{"count":7,"href":"https:\/\/www.visit-ulcinj.com\/blog\/wp-json\/wp\/v2\/posts\/54689\/revisions"}],"predecessor-version":[{"id":54700,"href":"https:\/\/www.visit-ulcinj.com\/blog\/wp-json\/wp\/v2\/posts\/54689\/revisions\/54700"}],"wp:attachment":[{"href":"https:\/\/www.visit-ulcinj.com\/blog\/wp-json\/wp\/v2\/media?parent=54689"}],"wp:term":[{"taxonomy":"category","embeddable":true,"href":"https:\/\/www.visit-ulcinj.com\/blog\/wp-json\/wp\/v2\/categories?post=54689"},{"taxonomy":"post_tag","embeddable":true,"href":"https:\/\/www.visit-ulcinj.com\/blog\/wp-json\/wp\/v2\/tags?post=54689"}],"curies":[{"name":"wp","href":"https:\/\/api.w.org\/{rel}","templated":true}]}}