{"id":547,"date":"2008-02-17T07:36:31","date_gmt":"2008-02-17T12:36:31","guid":{"rendered":"http:\/\/www.visit-ulcinj.com\/blog\/2008\/02\/17\/mali-zi-te-permbajtur-per-kosoven\/"},"modified":"2008-02-26T13:10:34","modified_gmt":"2008-02-26T18:10:34","slug":"mali-zi-te-permbajtur-per-kosoven","status":"publish","type":"post","link":"https:\/\/www.visit-ulcinj.com\/blog\/2008\/02\/17\/mali-zi-te-permbajtur-per-kosoven\/","title":{"rendered":"Mali Zi i p\u00ebrmbajtur p\u00ebr Kosov\u00ebn"},"content":{"rendered":"<p><strong><img loading=\"lazy\" src=\"http:\/\/www.danas.co.yu\/20070922\/img\/region1_2.jpg\" style=\"width: 216px; height: 152px\" align=\"left\" border=\"0\" height=\"214\" width=\"300\" \/>Ulqin-Podgoric\u00eb:<\/strong>Zyrtar\u00eb t\u00eb lart\u00eb t\u00eb Malit t\u00eb Zi si dhe p\u00ebrfaq\u00ebsues t\u00eb subjekteve politike shqiptare, than\u00eb t\u00eb shtun\u00ebn se Podgorica konsideron q\u00eb procesi izgjidhjes s\u00eb \u00e7\u00ebshtjes s\u00eb Kosov\u00ebs nuk ka p\u00ebrfunduar, por Mali i Zi nuk do t\u00eb ngutet as nuk do t\u00eb vonoj\u00eb reagimin ndaj k\u00ebtij zhvillimi. Miodrag Vukovic i partis\u00eb n\u00eb pushtet, tha se &#8220;&#8230;Mali i Zi nuk do t\u00eb bie n\u00ebn ndikimin e provokimeve, as t\u00eb k\u00ebrkesave politikaneske t\u00eb rezolutave t\u00eb ndryshme p\u00ebr, gjoja mbrojtjen e Kosov\u00ebs&#8221;, tha Vukovic, duke n\u00ebnvizuar se \u00ebsht\u00eb di\u00e7ka joserioze q\u00eb Mali i Zi t\u00eb deklarohet para se vet\u00eb pal\u00ebt n\u00eb k\u00ebt\u00eb proces ta thon\u00eb fjal\u00ebn p\u00ebrfundimtare. Vukovic ka shtuar se kur t\u00eb miratohet vendimi mbi statusin e Kosov\u00ebs, pa marr\u00eb parasysh cili do t\u00eb jet\u00eb ai, q\u00ebndrimi i Malit t\u00eb Zi do t\u00eb dal\u00eb nga dialogu i Kuvendit dhe Qeveris\u00eb, duke p\u00ebrfshir\u00eb k\u00ebtu edhe hapjen e diskutimit n\u00eb parlament. &#8220;Pra, nuk do t\u00eb ket\u00eb vendime t\u00eb nj\u00ebanshme t\u00eb t\u00eb cilitdo organ t\u00eb Malit t\u00eb Zi lidhur me \u00e7\u00ebshtjen e Kosov\u00ebs&#8221;, tha ai. Nd\u00ebrkoh\u00eb, ministri i Pun\u00ebve t\u00eb Brendshme t\u00eb Malit t\u00eb Zi,Jusuf Kalamperovic, tha se n\u00eb Mal t\u00eb Zi nuk ka ndonj\u00eb paralajm\u00ebrim protestash, por jan\u00eb nd\u00ebrmarr\u00eb masa p\u00ebrkat\u00ebse &#8220;p\u00ebrkujdesjeje&#8221;.&#8221;Gjendja n\u00eb Malin e Zi \u00ebsht\u00eb stabile dhe nuk ekzistojn\u00eb vler\u00ebsime se mund t\u00eb ket\u00eb destabilizim t\u00eb mundsh\u00ebm,qoft\u00eb n\u00eb zonat ku jetojn\u00eb shqiptar\u00ebt, ose n\u00eb viset tjera t\u00eb Malit t\u00eb Zi&#8221;, tha Kalamperovic.<\/p>\n","protected":false},"excerpt":{"rendered":"<p><img loading=\"lazy\" border=\"0\" align=\"left\" width=\"300\" src=\"http:\/\/www.danas.co.yu\/20070922\/img\/region1_2.jpg\" height=\"140\" style=\"width:140px; height:140px\"\/><\/p>\n","protected":false},"author":1,"featured_media":0,"comment_status":"open","ping_status":"closed","sticky":false,"template":"","format":"standard","meta":{"spay_email":"","jetpack_publicize_message":"","jetpack_is_tweetstorm":false,"jetpack_publicize_feature_enabled":true},"categories":[1],"tags":[1408,1556,325,1407,1559,1391,1763,1557,1558,92,1560,1555,1554],"jetpack_publicize_connections":[],"yoast_head":"<!-- This site is optimized with the Yoast SEO plugin v19.1 - https:\/\/yoast.com\/wordpress\/plugins\/seo\/ -->\n<title>Mali Zi i p\u00ebrmbajtur p\u00ebr Kosov\u00ebn - Lajme nga Ulqini<\/title>\n<meta name=\"robots\" content=\"index, follow, max-snippet:-1, max-image-preview:large, max-video-preview:-1\" \/>\n<link rel=\"canonical\" href=\"https:\/\/www.visit-ulcinj.com\/blog\/2008\/02\/17\/mali-zi-te-permbajtur-per-kosoven\/\" \/>\n<meta property=\"og:locale\" content=\"en_US\" \/>\n<meta property=\"og:type\" content=\"article\" \/>\n<meta property=\"og:title\" content=\"Mali Zi i p\u00ebrmbajtur p\u00ebr Kosov\u00ebn - Lajme nga Ulqini\" \/>\n<meta property=\"og:url\" content=\"https:\/\/www.visit-ulcinj.com\/blog\/2008\/02\/17\/mali-zi-te-permbajtur-per-kosoven\/\" \/>\n<meta property=\"og:site_name\" content=\"Lajme nga Ulqini\" \/>\n<meta property=\"article:published_time\" content=\"2008-02-17T12:36:31+00:00\" \/>\n<meta property=\"article:modified_time\" content=\"2008-02-26T18:10:34+00:00\" \/>\n<meta property=\"og:image\" content=\"http:\/\/www.danas.co.yu\/20070922\/img\/region1_2.jpg\" \/>\n<meta name=\"twitter:label1\" content=\"Written by\" \/>\n\t<meta name=\"twitter:data1\" content=\"ulqini\" \/>\n\t<meta name=\"twitter:label2\" content=\"Est. reading time\" \/>\n\t<meta name=\"twitter:data2\" content=\"1 minute\" \/>\n<script type=\"application\/ld+json\" class=\"yoast-schema-graph\">{\"@context\":\"https:\/\/schema.org\",\"@graph\":[{\"@type\":\"WebSite\",\"@id\":\"https:\/\/www.visit-ulcinj.com\/blog\/#website\",\"url\":\"https:\/\/www.visit-ulcinj.com\/blog\/\",\"name\":\"Lajme nga Ulqini\",\"description\":\"Lajme,Vijesti,Ulqini,Ulqin,Crna Gora,Mali i Zi\",\"potentialAction\":[{\"@type\":\"SearchAction\",\"target\":{\"@type\":\"EntryPoint\",\"urlTemplate\":\"https:\/\/www.visit-ulcinj.com\/blog\/?s={search_term_string}\"},\"query-input\":\"required name=search_term_string\"}],\"inLanguage\":\"en-US\"},{\"@type\":\"ImageObject\",\"inLanguage\":\"en-US\",\"@id\":\"https:\/\/www.visit-ulcinj.com\/blog\/2008\/02\/17\/mali-zi-te-permbajtur-per-kosoven\/#primaryimage\",\"url\":\"http:\/\/www.danas.co.yu\/20070922\/img\/region1_2.jpg\",\"contentUrl\":\"http:\/\/www.danas.co.yu\/20070922\/img\/region1_2.jpg\"},{\"@type\":\"WebPage\",\"@id\":\"https:\/\/www.visit-ulcinj.com\/blog\/2008\/02\/17\/mali-zi-te-permbajtur-per-kosoven\/#webpage\",\"url\":\"https:\/\/www.visit-ulcinj.com\/blog\/2008\/02\/17\/mali-zi-te-permbajtur-per-kosoven\/\",\"name\":\"Mali Zi i p\u00ebrmbajtur p\u00ebr Kosov\u00ebn - Lajme nga Ulqini\",\"isPartOf\":{\"@id\":\"https:\/\/www.visit-ulcinj.com\/blog\/#website\"},\"primaryImageOfPage\":{\"@id\":\"https:\/\/www.visit-ulcinj.com\/blog\/2008\/02\/17\/mali-zi-te-permbajtur-per-kosoven\/#primaryimage\"},\"datePublished\":\"2008-02-17T12:36:31+00:00\",\"dateModified\":\"2008-02-26T18:10:34+00:00\",\"author\":{\"@id\":\"https:\/\/www.visit-ulcinj.com\/blog\/#\/schema\/person\/dcab619c614d3038751c63bc2aadc06d\"},\"breadcrumb\":{\"@id\":\"https:\/\/www.visit-ulcinj.com\/blog\/2008\/02\/17\/mali-zi-te-permbajtur-per-kosoven\/#breadcrumb\"},\"inLanguage\":\"en-US\",\"potentialAction\":[{\"@type\":\"ReadAction\",\"target\":[\"https:\/\/www.visit-ulcinj.com\/blog\/2008\/02\/17\/mali-zi-te-permbajtur-per-kosoven\/\"]}]},{\"@type\":\"BreadcrumbList\",\"@id\":\"https:\/\/www.visit-ulcinj.com\/blog\/2008\/02\/17\/mali-zi-te-permbajtur-per-kosoven\/#breadcrumb\",\"itemListElement\":[{\"@type\":\"ListItem\",\"position\":1,\"name\":\"Mali Zi i p\u00ebrmbajtur p\u00ebr Kosov\u00ebn\"}]},{\"@type\":\"Person\",\"@id\":\"https:\/\/www.visit-ulcinj.com\/blog\/#\/schema\/person\/dcab619c614d3038751c63bc2aadc06d\",\"name\":\"ulqini\",\"sameAs\":[\"http:\/\/www.visit-ulcinj.com\"],\"url\":\"https:\/\/www.visit-ulcinj.com\/blog\/author\/admin\/\"}]}<\/script>\n<!-- \/ Yoast SEO plugin. -->","yoast_head_json":{"title":"Mali Zi i p\u00ebrmbajtur p\u00ebr Kosov\u00ebn - Lajme nga Ulqini","robots":{"index":"index","follow":"follow","max-snippet":"max-snippet:-1","max-image-preview":"max-image-preview:large","max-video-preview":"max-video-preview:-1"},"canonical":"https:\/\/www.visit-ulcinj.com\/blog\/2008\/02\/17\/mali-zi-te-permbajtur-per-kosoven\/","og_locale":"en_US","og_type":"article","og_title":"Mali Zi i p\u00ebrmbajtur p\u00ebr Kosov\u00ebn - Lajme nga Ulqini","og_url":"https:\/\/www.visit-ulcinj.com\/blog\/2008\/02\/17\/mali-zi-te-permbajtur-per-kosoven\/","og_site_name":"Lajme nga Ulqini","article_published_time":"2008-02-17T12:36:31+00:00","article_modified_time":"2008-02-26T18:10:34+00:00","og_image":[{"url":"http:\/\/www.danas.co.yu\/20070922\/img\/region1_2.jpg"}],"twitter_misc":{"Written by":"ulqini","Est. reading time":"1 minute"},"schema":{"@context":"https:\/\/schema.org","@graph":[{"@type":"WebSite","@id":"https:\/\/www.visit-ulcinj.com\/blog\/#website","url":"https:\/\/www.visit-ulcinj.com\/blog\/","name":"Lajme nga Ulqini","description":"Lajme,Vijesti,Ulqini,Ulqin,Crna Gora,Mali i Zi","potentialAction":[{"@type":"SearchAction","target":{"@type":"EntryPoint","urlTemplate":"https:\/\/www.visit-ulcinj.com\/blog\/?s={search_term_string}"},"query-input":"required name=search_term_string"}],"inLanguage":"en-US"},{"@type":"ImageObject","inLanguage":"en-US","@id":"https:\/\/www.visit-ulcinj.com\/blog\/2008\/02\/17\/mali-zi-te-permbajtur-per-kosoven\/#primaryimage","url":"http:\/\/www.danas.co.yu\/20070922\/img\/region1_2.jpg","contentUrl":"http:\/\/www.danas.co.yu\/20070922\/img\/region1_2.jpg"},{"@type":"WebPage","@id":"https:\/\/www.visit-ulcinj.com\/blog\/2008\/02\/17\/mali-zi-te-permbajtur-per-kosoven\/#webpage","url":"https:\/\/www.visit-ulcinj.com\/blog\/2008\/02\/17\/mali-zi-te-permbajtur-per-kosoven\/","name":"Mali Zi i p\u00ebrmbajtur p\u00ebr Kosov\u00ebn - Lajme nga Ulqini","isPartOf":{"@id":"https:\/\/www.visit-ulcinj.com\/blog\/#website"},"primaryImageOfPage":{"@id":"https:\/\/www.visit-ulcinj.com\/blog\/2008\/02\/17\/mali-zi-te-permbajtur-per-kosoven\/#primaryimage"},"datePublished":"2008-02-17T12:36:31+00:00","dateModified":"2008-02-26T18:10:34+00:00","author":{"@id":"https:\/\/www.visit-ulcinj.com\/blog\/#\/schema\/person\/dcab619c614d3038751c63bc2aadc06d"},"breadcrumb":{"@id":"https:\/\/www.visit-ulcinj.com\/blog\/2008\/02\/17\/mali-zi-te-permbajtur-per-kosoven\/#breadcrumb"},"inLanguage":"en-US","potentialAction":[{"@type":"ReadAction","target":["https:\/\/www.visit-ulcinj.com\/blog\/2008\/02\/17\/mali-zi-te-permbajtur-per-kosoven\/"]}]},{"@type":"BreadcrumbList","@id":"https:\/\/www.visit-ulcinj.com\/blog\/2008\/02\/17\/mali-zi-te-permbajtur-per-kosoven\/#breadcrumb","itemListElement":[{"@type":"ListItem","position":1,"name":"Mali Zi i p\u00ebrmbajtur p\u00ebr Kosov\u00ebn"}]},{"@type":"Person","@id":"https:\/\/www.visit-ulcinj.com\/blog\/#\/schema\/person\/dcab619c614d3038751c63bc2aadc06d","name":"ulqini","sameAs":["http:\/\/www.visit-ulcinj.com"],"url":"https:\/\/www.visit-ulcinj.com\/blog\/author\/admin\/"}]}},"jetpack_featured_media_url":"","jetpack_sharing_enabled":true,"jetpack_shortlink":"https:\/\/wp.me\/pe6lTn-8P","_links":{"self":[{"href":"https:\/\/www.visit-ulcinj.com\/blog\/wp-json\/wp\/v2\/posts\/547"}],"collection":[{"href":"https:\/\/www.visit-ulcinj.com\/blog\/wp-json\/wp\/v2\/posts"}],"about":[{"href":"https:\/\/www.visit-ulcinj.com\/blog\/wp-json\/wp\/v2\/types\/post"}],"author":[{"embeddable":true,"href":"https:\/\/www.visit-ulcinj.com\/blog\/wp-json\/wp\/v2\/users\/1"}],"replies":[{"embeddable":true,"href":"https:\/\/www.visit-ulcinj.com\/blog\/wp-json\/wp\/v2\/comments?post=547"}],"version-history":[{"count":0,"href":"https:\/\/www.visit-ulcinj.com\/blog\/wp-json\/wp\/v2\/posts\/547\/revisions"}],"wp:attachment":[{"href":"https:\/\/www.visit-ulcinj.com\/blog\/wp-json\/wp\/v2\/media?parent=547"}],"wp:term":[{"taxonomy":"category","embeddable":true,"href":"https:\/\/www.visit-ulcinj.com\/blog\/wp-json\/wp\/v2\/categories?post=547"},{"taxonomy":"post_tag","embeddable":true,"href":"https:\/\/www.visit-ulcinj.com\/blog\/wp-json\/wp\/v2\/tags?post=547"}],"curies":[{"name":"wp","href":"https:\/\/api.w.org\/{rel}","templated":true}]}}