{"id":54711,"date":"2011-12-21T17:06:39","date_gmt":"2011-12-21T16:06:39","guid":{"rendered":"http:\/\/www.visit-ulcinj.com\/blog\/?p=54711"},"modified":"2011-12-23T18:17:24","modified_gmt":"2011-12-23T17:17:24","slug":"dritan-abazi-fitues-i-shperblimit-busulla-e-sigurt-2011","status":"publish","type":"post","link":"https:\/\/www.visit-ulcinj.com\/blog\/2011\/12\/21\/dritan-abazi-fitues-i-shperblimit-busulla-e-sigurt-2011\/","title":{"rendered":"Dritan Abazi fitues i shp\u00ebrblimit &#8220;Busulla e sigurt&#8221; 2011"},"content":{"rendered":"<p><a href=\"http:\/\/www.visit-ulcinj.com\/blog\/wp-content\/uploads\/2011\/12\/Dritan-Abazi-fitues-i-shp%C3%ABrblimit-Busulla-e-sigurt.2011._2.jpg\"><img loading=\"lazy\" class=\"alignleft size-full wp-image-54712\" title=\"Dritan Abazi fitues i shp\u00ebrblimit Busulla e sigurt.2011._2\" src=\"http:\/\/www.visit-ulcinj.com\/blog\/wp-content\/uploads\/2011\/12\/Dritan-Abazi-fitues-i-shp%C3%ABrblimit-Busulla-e-sigurt.2011._2.jpg\" alt=\"\" width=\"508\" height=\"400\" \/><\/a>Dritan Abazi analist politik nga Ulqini,politolog,magjist\u00ebr,an\u00ebtar i organizat\u00ebs t\u00eb shoq\u00ebris\u00eb civile Forum 2010, \u00ebsht\u00eb fitues I shp\u00ebrblimit ,,Busulla e sigurt ,, t\u00eb cil\u00ebn e ka organizuar OJQ ,,Alfa Qendra,, n\u00eb Podgoric\u00eb.<br \/>\n<a href=\"http:\/\/www.visit-ulcinj.com\/blog\/wp-content\/uploads\/2011\/12\/Dritan-Abazi-fitues-i-shp%C3%ABrblimit-Busulla-e-sigurt.2011._1.jpg\"><img loading=\"lazy\" class=\"alignleft size-full wp-image-54713\" title=\"Dritan Abazi fitues i shp\u00ebrblimit Busulla e sigurt.2011._1\" src=\"http:\/\/www.visit-ulcinj.com\/blog\/wp-content\/uploads\/2011\/12\/Dritan-Abazi-fitues-i-shp%C3%ABrblimit-Busulla-e-sigurt.2011._1.jpg\" alt=\"\" width=\"508\" height=\"340\" \/><\/a><br \/>\nK\u00ebt\u00eb shp\u00ebrblim e kan\u00eb fituar asociacioni i t\u00eb rinjve evro-atlantik\u00eb , Fakulteti p\u00ebr studimet shtet\u00ebrore dhe evropiane dhe Ambasada e SHBA n\u00eb Podgoric\u00eb. Fitues t\u00eb k\u00ebtij shp\u00ebrblimi jan\u00eb edhe politikologu Dritan Abazoviq , Daliborka Pejoviq dhe Magazini i ministris\u00eb s\u00eb mbrojtjes \u201cPartener\u201d.<\/p>\n<p><a href=\"http:\/\/www.visit-ulcinj.com\/blog\/wp-content\/uploads\/2011\/12\/Dritan-Abazi-fitues-i-shp%C3%ABrblimit-Busulla-e-sigurt.2011.jpg\"><img loading=\"lazy\" class=\"alignleft size-full wp-image-54714\" title=\"Dritan Abazi fitues i shp\u00ebrblimit Busulla e sigurt.2011\" src=\"http:\/\/www.visit-ulcinj.com\/blog\/wp-content\/uploads\/2011\/12\/Dritan-Abazi-fitues-i-shp%C3%ABrblimit-Busulla-e-sigurt.2011.jpg\" alt=\"\" width=\"508\" height=\"330\" \/><\/a><\/p>\n<p>Dritan Abazi \u00ebsht\u00eb ulqinak, i lindur m\u00eb 25 dhjetor 1985. Shkoll\u00ebn fillore dhe gjimnazin i kreu n\u00eb Ulqin, vijoi studimet n\u00eb Fakultetin e shkencave politike n\u00eb Universitetin e Sarajev\u00ebs, ku merr titullin politolog i diplomuar. \u00cbsht\u00eb shpallur studenti m\u00eb i mir\u00eb i asaj gjenerate, shp\u00ebrblehet me \u00e7mimet m\u00eb t\u00eb larta t\u00eb Universitetit \u2018Shenj\u00ebn e art\u00eb\u2019 dhe \u2018Kart\u00ebn e art\u00eb\u2019. Gjat\u00eb studimeve ishte i angazhuar si asistent dhe demonstrues. Mbas kthimit n\u00eb Mal t\u00eb Zi, regjistron studimet e magjistratur\u00ebs n\u00eb Fakultetin e shkencave politike n\u00eb Podgoric\u00eb, dega Marr\u00ebdh\u00ebniet nd\u00ebrkomb\u00ebtare, ku edhe magjistroi (tema \u2018Kultura kozmopolite dhe drejt\u00ebsia globale\u2019). Q\u00eb prej shkoll\u00ebs s\u00eb mesme angazhohet n\u00eb organizata t\u00eb shoq\u00ebris\u00eb civile, prej t\u00eb cilave ve\u00e7ohen Komiteti malazez i Helsinkit p\u00ebr t\u00eb dhe Horizonti i ri. Ka marr\u00eb pjes\u00eb n\u00eb seminare dhe konfe-renca ven-dore e nd\u00ebr- drejtat e njeriut komb\u00ebtare. Gjat\u00eb vitit 2009, n\u00eb Universitetin e Oslos ka ndjekur kursin p\u00ebr hulumtimin e paqes.<\/p>\n<p><a href=\"https:\/\/www.facebook.com\/media\/set\/?set=a.2953441519867.2151370.1376281022&amp;type=3\" target=\"_blank\"><strong>Foto nga OJQ &#8220;Alfa Qendra&#8221; Facebook<\/strong><\/a><\/p>\n<p><strong>Lajme nga Ulqini<\/strong><\/p>\n","protected":false},"excerpt":{"rendered":"<p>Dritan Abazi analist politik nga Ulqini,politolog,magjist\u00ebr,an\u00ebtar i organizat\u00ebs t\u00eb shoq\u00ebris\u00eb civile Forum 2010, \u00ebsht\u00eb fitues I shp\u00ebrblimit ,,Busulla e sigurt ,, t\u00eb cil\u00ebn e ka organizuar OJQ ,,Alfa Qendra,, n\u00eb Podgoric\u00eb. K\u00ebt\u00eb shp\u00ebrblim e kan\u00eb fituar asociacioni i t\u00eb rinjve evro-atlantik\u00eb , Fakulteti p\u00ebr studimet shtet\u00ebrore dhe evropiane dhe Ambasada e SHBA n\u00eb Podgoric\u00eb. Fitues [&hellip;]<\/p>\n","protected":false},"author":1,"featured_media":0,"comment_status":"open","ping_status":"closed","sticky":false,"template":"","format":"standard","meta":{"spay_email":"","jetpack_publicize_message":"","jetpack_is_tweetstorm":false,"jetpack_publicize_feature_enabled":true},"categories":[1,11],"tags":[138,19651,14351,19655,19654,17828,17834,18370,17811,14352,17831,18362,15136,14353,17808,17401,14354,12340,14355,17840,17839,18363,17835,17814,17810,17816,14356,17071,17807,3516,14652,3511,15139,17837,13701,10529,17827,10203,14358,222,17802,17812,17803,17820,17825,17817,17805,22011,305,17823,17832,14359,3506,17818,3499,214,17680,14360,14361,16210,17402,14362,19541,14363,18371,19501,3507,49,17800,498,3717,3500,1762,4625,115,14364,22008,19544,17799,3327,15140,17841,17826,15213,18236,13230,3512,17806,11648,18289,17838,19653,95,3945,17813,17804,14365,15141,17836,14366,79,17073,18294,118,18368,18369,19652,19650,1653,1909,14367,4857,16984,2354,17801,18360,19543,17822,14368,14369,19542,17824,14370,18291,10472,2083,3231,14371,41,3617,3946,15143,14372,14373,14374,17844,17821,18372,17830,17077,2800,18295,14375,17833,17829,899,5882,200,18,561,17819,17809,4265,14376],"jetpack_publicize_connections":[],"yoast_head":"<!-- This site is optimized with the Yoast SEO plugin v19.1 - https:\/\/yoast.com\/wordpress\/plugins\/seo\/ -->\n<title>Dritan Abazi fitues i shp\u00ebrblimit &quot;Busulla e sigurt&quot; 2011 - Lajme nga Ulqini<\/title>\n<meta name=\"description\" content=\"Dritan Abazi analist politik nga Ulqini,politolog,magjist\u00ebr,an\u00ebtar i organizat\u00ebs t\u00eb shoq\u00ebris\u00eb civile Forum 2010, \u00ebsht\u00eb fitues I shp\u00ebrblimit ,,Busulla e\" \/>\n<meta name=\"robots\" content=\"index, follow, max-snippet:-1, max-image-preview:large, max-video-preview:-1\" \/>\n<link rel=\"canonical\" href=\"https:\/\/www.visit-ulcinj.com\/blog\/2011\/12\/21\/dritan-abazi-fitues-i-shperblimit-busulla-e-sigurt-2011\/\" \/>\n<meta property=\"og:locale\" content=\"en_US\" \/>\n<meta property=\"og:type\" content=\"article\" \/>\n<meta property=\"og:title\" content=\"Dritan Abazi fitues i shp\u00ebrblimit &quot;Busulla e sigurt&quot; 2011 - Lajme nga Ulqini\" \/>\n<meta property=\"og:description\" content=\"Dritan Abazi analist politik nga Ulqini,politolog,magjist\u00ebr,an\u00ebtar i organizat\u00ebs t\u00eb shoq\u00ebris\u00eb civile Forum 2010, \u00ebsht\u00eb fitues I shp\u00ebrblimit ,,Busulla e\" \/>\n<meta property=\"og:url\" content=\"https:\/\/www.visit-ulcinj.com\/blog\/2011\/12\/21\/dritan-abazi-fitues-i-shperblimit-busulla-e-sigurt-2011\/\" \/>\n<meta property=\"og:site_name\" content=\"Lajme nga Ulqini\" \/>\n<meta property=\"article:published_time\" content=\"2011-12-21T16:06:39+00:00\" \/>\n<meta property=\"article:modified_time\" content=\"2011-12-23T17:17:24+00:00\" \/>\n<meta property=\"og:image\" content=\"http:\/\/www.visit-ulcinj.com\/blog\/wp-content\/uploads\/2011\/12\/Dritan-Abazi-fitues-i-shp%C3%ABrblimit-Busulla-e-sigurt.2011._2.jpg\" \/>\n<meta name=\"twitter:label1\" content=\"Written by\" \/>\n\t<meta name=\"twitter:data1\" content=\"ulqini\" \/>\n\t<meta name=\"twitter:label2\" content=\"Est. reading time\" \/>\n\t<meta name=\"twitter:data2\" content=\"1 minute\" \/>\n<script type=\"application\/ld+json\" class=\"yoast-schema-graph\">{\"@context\":\"https:\/\/schema.org\",\"@graph\":[{\"@type\":\"WebSite\",\"@id\":\"https:\/\/www.visit-ulcinj.com\/blog\/#website\",\"url\":\"https:\/\/www.visit-ulcinj.com\/blog\/\",\"name\":\"Lajme nga Ulqini\",\"description\":\"Lajme,Vijesti,Ulqini,Ulqin,Crna Gora,Mali i Zi\",\"potentialAction\":[{\"@type\":\"SearchAction\",\"target\":{\"@type\":\"EntryPoint\",\"urlTemplate\":\"https:\/\/www.visit-ulcinj.com\/blog\/?s={search_term_string}\"},\"query-input\":\"required name=search_term_string\"}],\"inLanguage\":\"en-US\"},{\"@type\":\"ImageObject\",\"inLanguage\":\"en-US\",\"@id\":\"https:\/\/www.visit-ulcinj.com\/blog\/2011\/12\/21\/dritan-abazi-fitues-i-shperblimit-busulla-e-sigurt-2011\/#primaryimage\",\"url\":\"http:\/\/www.visit-ulcinj.com\/blog\/wp-content\/uploads\/2011\/12\/Dritan-Abazi-fitues-i-shp%C3%ABrblimit-Busulla-e-sigurt.2011._2.jpg\",\"contentUrl\":\"http:\/\/www.visit-ulcinj.com\/blog\/wp-content\/uploads\/2011\/12\/Dritan-Abazi-fitues-i-shp%C3%ABrblimit-Busulla-e-sigurt.2011._2.jpg\"},{\"@type\":\"WebPage\",\"@id\":\"https:\/\/www.visit-ulcinj.com\/blog\/2011\/12\/21\/dritan-abazi-fitues-i-shperblimit-busulla-e-sigurt-2011\/#webpage\",\"url\":\"https:\/\/www.visit-ulcinj.com\/blog\/2011\/12\/21\/dritan-abazi-fitues-i-shperblimit-busulla-e-sigurt-2011\/\",\"name\":\"Dritan Abazi fitues i shp\u00ebrblimit \\\"Busulla e sigurt\\\" 2011 - Lajme nga Ulqini\",\"isPartOf\":{\"@id\":\"https:\/\/www.visit-ulcinj.com\/blog\/#website\"},\"primaryImageOfPage\":{\"@id\":\"https:\/\/www.visit-ulcinj.com\/blog\/2011\/12\/21\/dritan-abazi-fitues-i-shperblimit-busulla-e-sigurt-2011\/#primaryimage\"},\"datePublished\":\"2011-12-21T16:06:39+00:00\",\"dateModified\":\"2011-12-23T17:17:24+00:00\",\"author\":{\"@id\":\"https:\/\/www.visit-ulcinj.com\/blog\/#\/schema\/person\/dcab619c614d3038751c63bc2aadc06d\"},\"description\":\"Dritan Abazi analist politik nga Ulqini,politolog,magjist\u00ebr,an\u00ebtar i organizat\u00ebs t\u00eb shoq\u00ebris\u00eb civile Forum 2010, \u00ebsht\u00eb fitues I shp\u00ebrblimit ,,Busulla e\",\"breadcrumb\":{\"@id\":\"https:\/\/www.visit-ulcinj.com\/blog\/2011\/12\/21\/dritan-abazi-fitues-i-shperblimit-busulla-e-sigurt-2011\/#breadcrumb\"},\"inLanguage\":\"en-US\",\"potentialAction\":[{\"@type\":\"ReadAction\",\"target\":[\"https:\/\/www.visit-ulcinj.com\/blog\/2011\/12\/21\/dritan-abazi-fitues-i-shperblimit-busulla-e-sigurt-2011\/\"]}]},{\"@type\":\"BreadcrumbList\",\"@id\":\"https:\/\/www.visit-ulcinj.com\/blog\/2011\/12\/21\/dritan-abazi-fitues-i-shperblimit-busulla-e-sigurt-2011\/#breadcrumb\",\"itemListElement\":[{\"@type\":\"ListItem\",\"position\":1,\"name\":\"Dritan Abazi fitues i shp\u00ebrblimit &#8220;Busulla e sigurt&#8221; 2011\"}]},{\"@type\":\"Person\",\"@id\":\"https:\/\/www.visit-ulcinj.com\/blog\/#\/schema\/person\/dcab619c614d3038751c63bc2aadc06d\",\"name\":\"ulqini\",\"sameAs\":[\"http:\/\/www.visit-ulcinj.com\"],\"url\":\"https:\/\/www.visit-ulcinj.com\/blog\/author\/admin\/\"}]}<\/script>\n<!-- \/ Yoast SEO plugin. -->","yoast_head_json":{"title":"Dritan Abazi fitues i shp\u00ebrblimit \"Busulla e sigurt\" 2011 - Lajme nga Ulqini","description":"Dritan Abazi analist politik nga Ulqini,politolog,magjist\u00ebr,an\u00ebtar i organizat\u00ebs t\u00eb shoq\u00ebris\u00eb civile Forum 2010, \u00ebsht\u00eb fitues I shp\u00ebrblimit ,,Busulla e","robots":{"index":"index","follow":"follow","max-snippet":"max-snippet:-1","max-image-preview":"max-image-preview:large","max-video-preview":"max-video-preview:-1"},"canonical":"https:\/\/www.visit-ulcinj.com\/blog\/2011\/12\/21\/dritan-abazi-fitues-i-shperblimit-busulla-e-sigurt-2011\/","og_locale":"en_US","og_type":"article","og_title":"Dritan Abazi fitues i shp\u00ebrblimit \"Busulla e sigurt\" 2011 - Lajme nga Ulqini","og_description":"Dritan Abazi analist politik nga Ulqini,politolog,magjist\u00ebr,an\u00ebtar i organizat\u00ebs t\u00eb shoq\u00ebris\u00eb civile Forum 2010, \u00ebsht\u00eb fitues I shp\u00ebrblimit ,,Busulla e","og_url":"https:\/\/www.visit-ulcinj.com\/blog\/2011\/12\/21\/dritan-abazi-fitues-i-shperblimit-busulla-e-sigurt-2011\/","og_site_name":"Lajme nga Ulqini","article_published_time":"2011-12-21T16:06:39+00:00","article_modified_time":"2011-12-23T17:17:24+00:00","og_image":[{"url":"http:\/\/www.visit-ulcinj.com\/blog\/wp-content\/uploads\/2011\/12\/Dritan-Abazi-fitues-i-shp%C3%ABrblimit-Busulla-e-sigurt.2011._2.jpg"}],"twitter_misc":{"Written by":"ulqini","Est. reading time":"1 minute"},"schema":{"@context":"https:\/\/schema.org","@graph":[{"@type":"WebSite","@id":"https:\/\/www.visit-ulcinj.com\/blog\/#website","url":"https:\/\/www.visit-ulcinj.com\/blog\/","name":"Lajme nga Ulqini","description":"Lajme,Vijesti,Ulqini,Ulqin,Crna Gora,Mali i Zi","potentialAction":[{"@type":"SearchAction","target":{"@type":"EntryPoint","urlTemplate":"https:\/\/www.visit-ulcinj.com\/blog\/?s={search_term_string}"},"query-input":"required name=search_term_string"}],"inLanguage":"en-US"},{"@type":"ImageObject","inLanguage":"en-US","@id":"https:\/\/www.visit-ulcinj.com\/blog\/2011\/12\/21\/dritan-abazi-fitues-i-shperblimit-busulla-e-sigurt-2011\/#primaryimage","url":"http:\/\/www.visit-ulcinj.com\/blog\/wp-content\/uploads\/2011\/12\/Dritan-Abazi-fitues-i-shp%C3%ABrblimit-Busulla-e-sigurt.2011._2.jpg","contentUrl":"http:\/\/www.visit-ulcinj.com\/blog\/wp-content\/uploads\/2011\/12\/Dritan-Abazi-fitues-i-shp%C3%ABrblimit-Busulla-e-sigurt.2011._2.jpg"},{"@type":"WebPage","@id":"https:\/\/www.visit-ulcinj.com\/blog\/2011\/12\/21\/dritan-abazi-fitues-i-shperblimit-busulla-e-sigurt-2011\/#webpage","url":"https:\/\/www.visit-ulcinj.com\/blog\/2011\/12\/21\/dritan-abazi-fitues-i-shperblimit-busulla-e-sigurt-2011\/","name":"Dritan Abazi fitues i shp\u00ebrblimit \"Busulla e sigurt\" 2011 - Lajme nga Ulqini","isPartOf":{"@id":"https:\/\/www.visit-ulcinj.com\/blog\/#website"},"primaryImageOfPage":{"@id":"https:\/\/www.visit-ulcinj.com\/blog\/2011\/12\/21\/dritan-abazi-fitues-i-shperblimit-busulla-e-sigurt-2011\/#primaryimage"},"datePublished":"2011-12-21T16:06:39+00:00","dateModified":"2011-12-23T17:17:24+00:00","author":{"@id":"https:\/\/www.visit-ulcinj.com\/blog\/#\/schema\/person\/dcab619c614d3038751c63bc2aadc06d"},"description":"Dritan Abazi analist politik nga Ulqini,politolog,magjist\u00ebr,an\u00ebtar i organizat\u00ebs t\u00eb shoq\u00ebris\u00eb civile Forum 2010, \u00ebsht\u00eb fitues I shp\u00ebrblimit ,,Busulla e","breadcrumb":{"@id":"https:\/\/www.visit-ulcinj.com\/blog\/2011\/12\/21\/dritan-abazi-fitues-i-shperblimit-busulla-e-sigurt-2011\/#breadcrumb"},"inLanguage":"en-US","potentialAction":[{"@type":"ReadAction","target":["https:\/\/www.visit-ulcinj.com\/blog\/2011\/12\/21\/dritan-abazi-fitues-i-shperblimit-busulla-e-sigurt-2011\/"]}]},{"@type":"BreadcrumbList","@id":"https:\/\/www.visit-ulcinj.com\/blog\/2011\/12\/21\/dritan-abazi-fitues-i-shperblimit-busulla-e-sigurt-2011\/#breadcrumb","itemListElement":[{"@type":"ListItem","position":1,"name":"Dritan Abazi fitues i shp\u00ebrblimit &#8220;Busulla e sigurt&#8221; 2011"}]},{"@type":"Person","@id":"https:\/\/www.visit-ulcinj.com\/blog\/#\/schema\/person\/dcab619c614d3038751c63bc2aadc06d","name":"ulqini","sameAs":["http:\/\/www.visit-ulcinj.com"],"url":"https:\/\/www.visit-ulcinj.com\/blog\/author\/admin\/"}]}},"jetpack_featured_media_url":"","jetpack_sharing_enabled":true,"jetpack_shortlink":"https:\/\/wp.me\/pe6lTn-eer","_links":{"self":[{"href":"https:\/\/www.visit-ulcinj.com\/blog\/wp-json\/wp\/v2\/posts\/54711"}],"collection":[{"href":"https:\/\/www.visit-ulcinj.com\/blog\/wp-json\/wp\/v2\/posts"}],"about":[{"href":"https:\/\/www.visit-ulcinj.com\/blog\/wp-json\/wp\/v2\/types\/post"}],"author":[{"embeddable":true,"href":"https:\/\/www.visit-ulcinj.com\/blog\/wp-json\/wp\/v2\/users\/1"}],"replies":[{"embeddable":true,"href":"https:\/\/www.visit-ulcinj.com\/blog\/wp-json\/wp\/v2\/comments?post=54711"}],"version-history":[{"count":5,"href":"https:\/\/www.visit-ulcinj.com\/blog\/wp-json\/wp\/v2\/posts\/54711\/revisions"}],"predecessor-version":[{"id":54717,"href":"https:\/\/www.visit-ulcinj.com\/blog\/wp-json\/wp\/v2\/posts\/54711\/revisions\/54717"}],"wp:attachment":[{"href":"https:\/\/www.visit-ulcinj.com\/blog\/wp-json\/wp\/v2\/media?parent=54711"}],"wp:term":[{"taxonomy":"category","embeddable":true,"href":"https:\/\/www.visit-ulcinj.com\/blog\/wp-json\/wp\/v2\/categories?post=54711"},{"taxonomy":"post_tag","embeddable":true,"href":"https:\/\/www.visit-ulcinj.com\/blog\/wp-json\/wp\/v2\/tags?post=54711"}],"curies":[{"name":"wp","href":"https:\/\/api.w.org\/{rel}","templated":true}]}}