{"id":5472,"date":"2008-11-05T06:59:52","date_gmt":"2008-11-05T11:59:52","guid":{"rendered":"http:\/\/www.visit-ulcinj.com\/blog\/?p=5472"},"modified":"2008-11-05T09:40:41","modified_gmt":"2008-11-05T14:40:41","slug":"vlera-xhakla-dhe-timbaland-me-kenge-te-re-boy","status":"publish","type":"post","link":"https:\/\/www.visit-ulcinj.com\/blog\/2008\/11\/05\/vlera-xhakla-dhe-timbaland-me-kenge-te-re-boy\/","title":{"rendered":"Vlera Xhakla dhe Timbaland Me Kenge Te Re &#8220;Boy&#8221;"},"content":{"rendered":"<div id=\"attachment_5473\" style=\"width: 185px\" class=\"wp-caption alignleft\"><a href=\"http:\/\/www.visit-ulcinj.com\/blog\/wp-content\/uploads\/2008\/11\/vlera_xhakla1.jpg\"><img aria-describedby=\"caption-attachment-5473\" loading=\"lazy\" class=\"size-medium wp-image-5473\" title=\"Vlera Xhakla\" src=\"http:\/\/www.visit-ulcinj.com\/blog\/wp-content\/uploads\/2008\/11\/vlera_xhakla1-175x300.jpg\" alt=\"Vlera Xhakla\" width=\"175\" height=\"300\" srcset=\"https:\/\/www.visit-ulcinj.com\/blog\/wp-content\/uploads\/2008\/11\/vlera_xhakla1-175x300.jpg 175w, https:\/\/www.visit-ulcinj.com\/blog\/wp-content\/uploads\/2008\/11\/vlera_xhakla1.jpg 350w\" sizes=\"(max-width: 175px) 100vw, 175px\" \/><\/a><p id=\"caption-attachment-5473\" class=\"wp-caption-text\">Vlera Xhakla<\/p><\/div>\n<div>\n<div style=\"text-align: justify;\">Titullohet \u201c<strong>Boy<\/strong>\u201d dhe \u00ebsht\u00eb k\u00ebnga m\u00eb e re e k\u00ebng\u00ebtares dhe supermodeles s\u00eb njohur sh qiptare q\u00eb jeton n\u00eb New York t\u00eb SHBA. Vlera Xhakla, n\u00eb k\u00ebt\u00eb bashk\u00ebpunim, p\u00ebr t\u00eb cilin n\u00eb nj\u00eb intervist\u00eb p\u00ebr \u201cGazet\u00ebn\u201d pak koh\u00eb m\u00eb par\u00eb ka pohuar se do t\u00eb jet\u00eb dhe e fundit, ka zgjedhur pik\u00ebrisht nj\u00eb prej emrave m\u00eb t\u00eb m\u00ebdhenj p\u00ebr momentin n\u00eb tregun muzikor, q\u00eb mban vul\u00ebn e shum\u00eb hiteve si \u201cApologize\u201d, etj. K\u00ebshtu, nd\u00ebrkoh\u00eb q\u00eb kompozimi p\u00ebr \u201cBoy\u201d i \u00ebsht\u00eb besuar treshes Timbaland, Finley Quaye, Vixen, nj\u00eb risi v\u00ebrtet shum\u00eb interesante i p\u00ebrket dhe tekstit, \u00ebsht\u00eb shkruar nga vet Vlera, q\u00eb ka treguar dhe aft\u00ebsit\u00eb e saj n\u00eb vargje. K\u00ebnga pritet t\u00eb lan\u00e7ohet s\u00eb shpejti, p\u00ebr t\u2019u kthyer n\u00eb nj\u00eb sukses t\u00eb v\u00ebrtet\u00eb.<\/div>\n<p><span style=\"font-weight: bold; font-style: italic;\">Bluetooth<\/span><\/p>\n<!--YouTube Error: bad URL entered--><\/div>\n","protected":false},"excerpt":{"rendered":"<p>Titullohet \u201cBoy\u201d dhe \u00ebsht\u00eb k\u00ebnga m\u00eb e re e k\u00ebng\u00ebtares dhe supermodeles s\u00eb njohur sh qiptare q\u00eb jeton n\u00eb New York t\u00eb SHBA. Vlera Xhakla, n\u00eb k\u00ebt\u00eb bashk\u00ebpunim, p\u00ebr t\u00eb cilin n\u00eb nj\u00eb intervist\u00eb p\u00ebr \u201cGazet\u00ebn\u201d pak koh\u00eb m\u00eb par\u00eb ka pohuar se do t\u00eb jet\u00eb dhe e fundit, ka zgjedhur pik\u00ebrisht nj\u00eb prej emrave [&hellip;]<\/p>\n","protected":false},"author":1,"featured_media":0,"comment_status":"open","ping_status":"closed","sticky":false,"template":"","format":"standard","meta":{"spay_email":"","jetpack_publicize_message":"","jetpack_is_tweetstorm":false,"jetpack_publicize_feature_enabled":true},"categories":[1],"tags":[],"jetpack_publicize_connections":[],"yoast_head":"<!-- This site is optimized with the Yoast SEO plugin v19.1 - https:\/\/yoast.com\/wordpress\/plugins\/seo\/ -->\n<title>Vlera Xhakla dhe Timbaland Me Kenge Te Re &quot;Boy&quot; - Lajme nga Ulqini<\/title>\n<meta name=\"description\" content=\"Titullohet \u201cBoy\u201d dhe \u00ebsht\u00eb k\u00ebnga m\u00eb e re e k\u00ebng\u00ebtares dhe supermodeles s\u00eb njohur sh qiptare q\u00eb jeton n\u00eb New York t\u00eb SHBA. Vlera Xhakla, n\u00eb k\u00ebt\u00eb\" \/>\n<meta name=\"robots\" content=\"index, follow, max-snippet:-1, max-image-preview:large, max-video-preview:-1\" \/>\n<link rel=\"canonical\" href=\"https:\/\/www.visit-ulcinj.com\/blog\/2008\/11\/05\/vlera-xhakla-dhe-timbaland-me-kenge-te-re-boy\/\" \/>\n<meta property=\"og:locale\" content=\"en_US\" \/>\n<meta property=\"og:type\" content=\"article\" \/>\n<meta property=\"og:title\" content=\"Vlera Xhakla dhe Timbaland Me Kenge Te Re &quot;Boy&quot; - Lajme nga Ulqini\" \/>\n<meta property=\"og:description\" content=\"Titullohet \u201cBoy\u201d dhe \u00ebsht\u00eb k\u00ebnga m\u00eb e re e k\u00ebng\u00ebtares dhe supermodeles s\u00eb njohur sh qiptare q\u00eb jeton n\u00eb New York t\u00eb SHBA. Vlera Xhakla, n\u00eb k\u00ebt\u00eb\" \/>\n<meta property=\"og:url\" content=\"https:\/\/www.visit-ulcinj.com\/blog\/2008\/11\/05\/vlera-xhakla-dhe-timbaland-me-kenge-te-re-boy\/\" \/>\n<meta property=\"og:site_name\" content=\"Lajme nga Ulqini\" \/>\n<meta property=\"article:published_time\" content=\"2008-11-05T11:59:52+00:00\" \/>\n<meta property=\"article:modified_time\" content=\"2008-11-05T14:40:41+00:00\" \/>\n<meta property=\"og:image\" content=\"http:\/\/www.visit-ulcinj.com\/blog\/wp-content\/uploads\/2008\/11\/vlera_xhakla1-175x300.jpg\" \/>\n<meta name=\"twitter:label1\" content=\"Written by\" \/>\n\t<meta name=\"twitter:data1\" content=\"ulqini\" \/>\n\t<meta name=\"twitter:label2\" content=\"Est. reading time\" \/>\n\t<meta name=\"twitter:data2\" content=\"1 minute\" \/>\n<script type=\"application\/ld+json\" class=\"yoast-schema-graph\">{\"@context\":\"https:\/\/schema.org\",\"@graph\":[{\"@type\":\"WebSite\",\"@id\":\"https:\/\/www.visit-ulcinj.com\/blog\/#website\",\"url\":\"https:\/\/www.visit-ulcinj.com\/blog\/\",\"name\":\"Lajme nga Ulqini\",\"description\":\"Lajme,Vijesti,Ulqini,Ulqin,Crna Gora,Mali i Zi\",\"potentialAction\":[{\"@type\":\"SearchAction\",\"target\":{\"@type\":\"EntryPoint\",\"urlTemplate\":\"https:\/\/www.visit-ulcinj.com\/blog\/?s={search_term_string}\"},\"query-input\":\"required name=search_term_string\"}],\"inLanguage\":\"en-US\"},{\"@type\":\"ImageObject\",\"inLanguage\":\"en-US\",\"@id\":\"https:\/\/www.visit-ulcinj.com\/blog\/2008\/11\/05\/vlera-xhakla-dhe-timbaland-me-kenge-te-re-boy\/#primaryimage\",\"url\":\"http:\/\/www.visit-ulcinj.com\/blog\/wp-content\/uploads\/2008\/11\/vlera_xhakla1-175x300.jpg\",\"contentUrl\":\"http:\/\/www.visit-ulcinj.com\/blog\/wp-content\/uploads\/2008\/11\/vlera_xhakla1-175x300.jpg\"},{\"@type\":\"WebPage\",\"@id\":\"https:\/\/www.visit-ulcinj.com\/blog\/2008\/11\/05\/vlera-xhakla-dhe-timbaland-me-kenge-te-re-boy\/#webpage\",\"url\":\"https:\/\/www.visit-ulcinj.com\/blog\/2008\/11\/05\/vlera-xhakla-dhe-timbaland-me-kenge-te-re-boy\/\",\"name\":\"Vlera Xhakla dhe Timbaland Me Kenge Te Re \\\"Boy\\\" - Lajme nga Ulqini\",\"isPartOf\":{\"@id\":\"https:\/\/www.visit-ulcinj.com\/blog\/#website\"},\"primaryImageOfPage\":{\"@id\":\"https:\/\/www.visit-ulcinj.com\/blog\/2008\/11\/05\/vlera-xhakla-dhe-timbaland-me-kenge-te-re-boy\/#primaryimage\"},\"datePublished\":\"2008-11-05T11:59:52+00:00\",\"dateModified\":\"2008-11-05T14:40:41+00:00\",\"author\":{\"@id\":\"https:\/\/www.visit-ulcinj.com\/blog\/#\/schema\/person\/dcab619c614d3038751c63bc2aadc06d\"},\"description\":\"Titullohet \u201cBoy\u201d dhe \u00ebsht\u00eb k\u00ebnga m\u00eb e re e k\u00ebng\u00ebtares dhe supermodeles s\u00eb njohur sh qiptare q\u00eb jeton n\u00eb New York t\u00eb SHBA. Vlera Xhakla, n\u00eb k\u00ebt\u00eb\",\"breadcrumb\":{\"@id\":\"https:\/\/www.visit-ulcinj.com\/blog\/2008\/11\/05\/vlera-xhakla-dhe-timbaland-me-kenge-te-re-boy\/#breadcrumb\"},\"inLanguage\":\"en-US\",\"potentialAction\":[{\"@type\":\"ReadAction\",\"target\":[\"https:\/\/www.visit-ulcinj.com\/blog\/2008\/11\/05\/vlera-xhakla-dhe-timbaland-me-kenge-te-re-boy\/\"]}]},{\"@type\":\"BreadcrumbList\",\"@id\":\"https:\/\/www.visit-ulcinj.com\/blog\/2008\/11\/05\/vlera-xhakla-dhe-timbaland-me-kenge-te-re-boy\/#breadcrumb\",\"itemListElement\":[{\"@type\":\"ListItem\",\"position\":1,\"name\":\"Vlera Xhakla dhe Timbaland Me Kenge Te Re &#8220;Boy&#8221;\"}]},{\"@type\":\"Person\",\"@id\":\"https:\/\/www.visit-ulcinj.com\/blog\/#\/schema\/person\/dcab619c614d3038751c63bc2aadc06d\",\"name\":\"ulqini\",\"sameAs\":[\"http:\/\/www.visit-ulcinj.com\"],\"url\":\"https:\/\/www.visit-ulcinj.com\/blog\/author\/admin\/\"}]}<\/script>\n<!-- \/ Yoast SEO plugin. -->","yoast_head_json":{"title":"Vlera Xhakla dhe Timbaland Me Kenge Te Re \"Boy\" - Lajme nga Ulqini","description":"Titullohet \u201cBoy\u201d dhe \u00ebsht\u00eb k\u00ebnga m\u00eb e re e k\u00ebng\u00ebtares dhe supermodeles s\u00eb njohur sh qiptare q\u00eb jeton n\u00eb New York t\u00eb SHBA. Vlera Xhakla, n\u00eb k\u00ebt\u00eb","robots":{"index":"index","follow":"follow","max-snippet":"max-snippet:-1","max-image-preview":"max-image-preview:large","max-video-preview":"max-video-preview:-1"},"canonical":"https:\/\/www.visit-ulcinj.com\/blog\/2008\/11\/05\/vlera-xhakla-dhe-timbaland-me-kenge-te-re-boy\/","og_locale":"en_US","og_type":"article","og_title":"Vlera Xhakla dhe Timbaland Me Kenge Te Re \"Boy\" - Lajme nga Ulqini","og_description":"Titullohet \u201cBoy\u201d dhe \u00ebsht\u00eb k\u00ebnga m\u00eb e re e k\u00ebng\u00ebtares dhe supermodeles s\u00eb njohur sh qiptare q\u00eb jeton n\u00eb New York t\u00eb SHBA. Vlera Xhakla, n\u00eb k\u00ebt\u00eb","og_url":"https:\/\/www.visit-ulcinj.com\/blog\/2008\/11\/05\/vlera-xhakla-dhe-timbaland-me-kenge-te-re-boy\/","og_site_name":"Lajme nga Ulqini","article_published_time":"2008-11-05T11:59:52+00:00","article_modified_time":"2008-11-05T14:40:41+00:00","og_image":[{"url":"http:\/\/www.visit-ulcinj.com\/blog\/wp-content\/uploads\/2008\/11\/vlera_xhakla1-175x300.jpg"}],"twitter_misc":{"Written by":"ulqini","Est. reading time":"1 minute"},"schema":{"@context":"https:\/\/schema.org","@graph":[{"@type":"WebSite","@id":"https:\/\/www.visit-ulcinj.com\/blog\/#website","url":"https:\/\/www.visit-ulcinj.com\/blog\/","name":"Lajme nga Ulqini","description":"Lajme,Vijesti,Ulqini,Ulqin,Crna Gora,Mali i Zi","potentialAction":[{"@type":"SearchAction","target":{"@type":"EntryPoint","urlTemplate":"https:\/\/www.visit-ulcinj.com\/blog\/?s={search_term_string}"},"query-input":"required name=search_term_string"}],"inLanguage":"en-US"},{"@type":"ImageObject","inLanguage":"en-US","@id":"https:\/\/www.visit-ulcinj.com\/blog\/2008\/11\/05\/vlera-xhakla-dhe-timbaland-me-kenge-te-re-boy\/#primaryimage","url":"http:\/\/www.visit-ulcinj.com\/blog\/wp-content\/uploads\/2008\/11\/vlera_xhakla1-175x300.jpg","contentUrl":"http:\/\/www.visit-ulcinj.com\/blog\/wp-content\/uploads\/2008\/11\/vlera_xhakla1-175x300.jpg"},{"@type":"WebPage","@id":"https:\/\/www.visit-ulcinj.com\/blog\/2008\/11\/05\/vlera-xhakla-dhe-timbaland-me-kenge-te-re-boy\/#webpage","url":"https:\/\/www.visit-ulcinj.com\/blog\/2008\/11\/05\/vlera-xhakla-dhe-timbaland-me-kenge-te-re-boy\/","name":"Vlera Xhakla dhe Timbaland Me Kenge Te Re \"Boy\" - Lajme nga Ulqini","isPartOf":{"@id":"https:\/\/www.visit-ulcinj.com\/blog\/#website"},"primaryImageOfPage":{"@id":"https:\/\/www.visit-ulcinj.com\/blog\/2008\/11\/05\/vlera-xhakla-dhe-timbaland-me-kenge-te-re-boy\/#primaryimage"},"datePublished":"2008-11-05T11:59:52+00:00","dateModified":"2008-11-05T14:40:41+00:00","author":{"@id":"https:\/\/www.visit-ulcinj.com\/blog\/#\/schema\/person\/dcab619c614d3038751c63bc2aadc06d"},"description":"Titullohet \u201cBoy\u201d dhe \u00ebsht\u00eb k\u00ebnga m\u00eb e re e k\u00ebng\u00ebtares dhe supermodeles s\u00eb njohur sh qiptare q\u00eb jeton n\u00eb New York t\u00eb SHBA. Vlera Xhakla, n\u00eb k\u00ebt\u00eb","breadcrumb":{"@id":"https:\/\/www.visit-ulcinj.com\/blog\/2008\/11\/05\/vlera-xhakla-dhe-timbaland-me-kenge-te-re-boy\/#breadcrumb"},"inLanguage":"en-US","potentialAction":[{"@type":"ReadAction","target":["https:\/\/www.visit-ulcinj.com\/blog\/2008\/11\/05\/vlera-xhakla-dhe-timbaland-me-kenge-te-re-boy\/"]}]},{"@type":"BreadcrumbList","@id":"https:\/\/www.visit-ulcinj.com\/blog\/2008\/11\/05\/vlera-xhakla-dhe-timbaland-me-kenge-te-re-boy\/#breadcrumb","itemListElement":[{"@type":"ListItem","position":1,"name":"Vlera Xhakla dhe Timbaland Me Kenge Te Re &#8220;Boy&#8221;"}]},{"@type":"Person","@id":"https:\/\/www.visit-ulcinj.com\/blog\/#\/schema\/person\/dcab619c614d3038751c63bc2aadc06d","name":"ulqini","sameAs":["http:\/\/www.visit-ulcinj.com"],"url":"https:\/\/www.visit-ulcinj.com\/blog\/author\/admin\/"}]}},"jetpack_featured_media_url":"","jetpack_sharing_enabled":true,"jetpack_shortlink":"https:\/\/wp.me\/pe6lTn-1qg","_links":{"self":[{"href":"https:\/\/www.visit-ulcinj.com\/blog\/wp-json\/wp\/v2\/posts\/5472"}],"collection":[{"href":"https:\/\/www.visit-ulcinj.com\/blog\/wp-json\/wp\/v2\/posts"}],"about":[{"href":"https:\/\/www.visit-ulcinj.com\/blog\/wp-json\/wp\/v2\/types\/post"}],"author":[{"embeddable":true,"href":"https:\/\/www.visit-ulcinj.com\/blog\/wp-json\/wp\/v2\/users\/1"}],"replies":[{"embeddable":true,"href":"https:\/\/www.visit-ulcinj.com\/blog\/wp-json\/wp\/v2\/comments?post=5472"}],"version-history":[{"count":0,"href":"https:\/\/www.visit-ulcinj.com\/blog\/wp-json\/wp\/v2\/posts\/5472\/revisions"}],"wp:attachment":[{"href":"https:\/\/www.visit-ulcinj.com\/blog\/wp-json\/wp\/v2\/media?parent=5472"}],"wp:term":[{"taxonomy":"category","embeddable":true,"href":"https:\/\/www.visit-ulcinj.com\/blog\/wp-json\/wp\/v2\/categories?post=5472"},{"taxonomy":"post_tag","embeddable":true,"href":"https:\/\/www.visit-ulcinj.com\/blog\/wp-json\/wp\/v2\/tags?post=5472"}],"curies":[{"name":"wp","href":"https:\/\/api.w.org\/{rel}","templated":true}]}}