{"id":54725,"date":"2011-12-21T19:54:59","date_gmt":"2011-12-21T18:54:59","guid":{"rendered":"http:\/\/www.visit-ulcinj.com\/blog\/?p=54725"},"modified":"2011-12-21T19:54:59","modified_gmt":"2011-12-21T18:54:59","slug":"ljuid-skrelja-platicemo-kaznu-ali-nosicemo-zastavu","status":"publish","type":"post","link":"https:\/\/www.visit-ulcinj.com\/blog\/2011\/12\/21\/ljuid-skrelja-platicemo-kaznu-ali-nosicemo-zastavu\/","title":{"rendered":"Ljui\u0111 \u0160krelja: Plati\u0107emo kaznu ali nosi\u0107emo zastavu"},"content":{"rendered":"<p><strong><a href=\"http:\/\/www.visit-ulcinj.com\/blog\/wp-content\/uploads\/2011\/12\/Skrelja_platicemo-kaznu-ali-nosicemo-zastavu.jpg\"><img loading=\"lazy\" class=\"alignleft size-full wp-image-54726\" title=\"Skrelja_platicemo kaznu ali nosicemo zastavu\" src=\"http:\/\/www.visit-ulcinj.com\/blog\/wp-content\/uploads\/2011\/12\/Skrelja_platicemo-kaznu-ali-nosicemo-zastavu.jpg\" alt=\"\" width=\"508\" height=\"708\" \/><\/a>Ljui\u0111 \u0160krelja: Plati\u0107emo kaznu ali nosi\u0107emo zastavu<\/strong><\/p>\n<p>&nbsp;<\/p>\n<p>&nbsp;<\/p>\n","protected":false},"excerpt":{"rendered":"<p>Ljui\u0111 \u0160krelja: Plati\u0107emo kaznu ali nosi\u0107emo zastavu &nbsp; &nbsp;<\/p>\n","protected":false},"author":1,"featured_media":0,"comment_status":"open","ping_status":"closed","sticky":false,"template":"","format":"standard","meta":{"spay_email":"","jetpack_publicize_message":"","jetpack_is_tweetstorm":false,"jetpack_publicize_feature_enabled":true},"categories":[6950],"tags":[1520,19061,19656,19],"jetpack_publicize_connections":[],"yoast_head":"<!-- This site is optimized with the Yoast SEO plugin v19.1 - https:\/\/yoast.com\/wordpress\/plugins\/seo\/ -->\n<title>Ljui\u0111 \u0160krelja: Plati\u0107emo kaznu ali nosi\u0107emo zastavu - Lajme nga Ulqini<\/title>\n<meta name=\"description\" content=\"Ljui\u0111 \u0160krelja: Plati\u0107emo kaznu ali nosi\u0107emo zastavu  &nbsp;  &nbsp;\" \/>\n<meta name=\"robots\" content=\"index, follow, max-snippet:-1, max-image-preview:large, max-video-preview:-1\" \/>\n<link rel=\"canonical\" href=\"https:\/\/www.visit-ulcinj.com\/blog\/2011\/12\/21\/ljuid-skrelja-platicemo-kaznu-ali-nosicemo-zastavu\/\" \/>\n<meta property=\"og:locale\" content=\"en_US\" \/>\n<meta property=\"og:type\" content=\"article\" \/>\n<meta property=\"og:title\" content=\"Ljui\u0111 \u0160krelja: Plati\u0107emo kaznu ali nosi\u0107emo zastavu - Lajme nga Ulqini\" \/>\n<meta property=\"og:description\" content=\"Ljui\u0111 \u0160krelja: Plati\u0107emo kaznu ali nosi\u0107emo zastavu  &nbsp;  &nbsp;\" \/>\n<meta property=\"og:url\" content=\"https:\/\/www.visit-ulcinj.com\/blog\/2011\/12\/21\/ljuid-skrelja-platicemo-kaznu-ali-nosicemo-zastavu\/\" \/>\n<meta property=\"og:site_name\" content=\"Lajme nga Ulqini\" \/>\n<meta property=\"article:published_time\" content=\"2011-12-21T18:54:59+00:00\" \/>\n<meta property=\"og:image\" content=\"http:\/\/www.visit-ulcinj.com\/blog\/wp-content\/uploads\/2011\/12\/Skrelja_platicemo-kaznu-ali-nosicemo-zastavu.jpg\" \/>\n<meta name=\"twitter:label1\" content=\"Written by\" \/>\n\t<meta name=\"twitter:data1\" content=\"ulqini\" \/>\n<script type=\"application\/ld+json\" class=\"yoast-schema-graph\">{\"@context\":\"https:\/\/schema.org\",\"@graph\":[{\"@type\":\"WebSite\",\"@id\":\"https:\/\/www.visit-ulcinj.com\/blog\/#website\",\"url\":\"https:\/\/www.visit-ulcinj.com\/blog\/\",\"name\":\"Lajme nga Ulqini\",\"description\":\"Lajme,Vijesti,Ulqini,Ulqin,Crna Gora,Mali i Zi\",\"potentialAction\":[{\"@type\":\"SearchAction\",\"target\":{\"@type\":\"EntryPoint\",\"urlTemplate\":\"https:\/\/www.visit-ulcinj.com\/blog\/?s={search_term_string}\"},\"query-input\":\"required name=search_term_string\"}],\"inLanguage\":\"en-US\"},{\"@type\":\"ImageObject\",\"inLanguage\":\"en-US\",\"@id\":\"https:\/\/www.visit-ulcinj.com\/blog\/2011\/12\/21\/ljuid-skrelja-platicemo-kaznu-ali-nosicemo-zastavu\/#primaryimage\",\"url\":\"https:\/\/www.visit-ulcinj.com\/blog\/wp-content\/uploads\/2011\/12\/Skrelja_platicemo-kaznu-ali-nosicemo-zastavu.jpg\",\"contentUrl\":\"https:\/\/www.visit-ulcinj.com\/blog\/wp-content\/uploads\/2011\/12\/Skrelja_platicemo-kaznu-ali-nosicemo-zastavu.jpg\",\"width\":\"1028\",\"height\":\"1007\"},{\"@type\":\"WebPage\",\"@id\":\"https:\/\/www.visit-ulcinj.com\/blog\/2011\/12\/21\/ljuid-skrelja-platicemo-kaznu-ali-nosicemo-zastavu\/#webpage\",\"url\":\"https:\/\/www.visit-ulcinj.com\/blog\/2011\/12\/21\/ljuid-skrelja-platicemo-kaznu-ali-nosicemo-zastavu\/\",\"name\":\"Ljui\u0111 \u0160krelja: Plati\u0107emo kaznu ali nosi\u0107emo zastavu - Lajme nga Ulqini\",\"isPartOf\":{\"@id\":\"https:\/\/www.visit-ulcinj.com\/blog\/#website\"},\"primaryImageOfPage\":{\"@id\":\"https:\/\/www.visit-ulcinj.com\/blog\/2011\/12\/21\/ljuid-skrelja-platicemo-kaznu-ali-nosicemo-zastavu\/#primaryimage\"},\"datePublished\":\"2011-12-21T18:54:59+00:00\",\"dateModified\":\"2011-12-21T18:54:59+00:00\",\"author\":{\"@id\":\"https:\/\/www.visit-ulcinj.com\/blog\/#\/schema\/person\/dcab619c614d3038751c63bc2aadc06d\"},\"description\":\"Ljui\u0111 \u0160krelja: Plati\u0107emo kaznu ali nosi\u0107emo zastavu &nbsp; &nbsp;\",\"breadcrumb\":{\"@id\":\"https:\/\/www.visit-ulcinj.com\/blog\/2011\/12\/21\/ljuid-skrelja-platicemo-kaznu-ali-nosicemo-zastavu\/#breadcrumb\"},\"inLanguage\":\"en-US\",\"potentialAction\":[{\"@type\":\"ReadAction\",\"target\":[\"https:\/\/www.visit-ulcinj.com\/blog\/2011\/12\/21\/ljuid-skrelja-platicemo-kaznu-ali-nosicemo-zastavu\/\"]}]},{\"@type\":\"BreadcrumbList\",\"@id\":\"https:\/\/www.visit-ulcinj.com\/blog\/2011\/12\/21\/ljuid-skrelja-platicemo-kaznu-ali-nosicemo-zastavu\/#breadcrumb\",\"itemListElement\":[{\"@type\":\"ListItem\",\"position\":1,\"name\":\"Ljui\u0111 \u0160krelja: Plati\u0107emo kaznu ali nosi\u0107emo zastavu\"}]},{\"@type\":\"Person\",\"@id\":\"https:\/\/www.visit-ulcinj.com\/blog\/#\/schema\/person\/dcab619c614d3038751c63bc2aadc06d\",\"name\":\"ulqini\",\"sameAs\":[\"http:\/\/www.visit-ulcinj.com\"],\"url\":\"https:\/\/www.visit-ulcinj.com\/blog\/author\/admin\/\"}]}<\/script>\n<!-- \/ Yoast SEO plugin. -->","yoast_head_json":{"title":"Ljui\u0111 \u0160krelja: Plati\u0107emo kaznu ali nosi\u0107emo zastavu - Lajme nga Ulqini","description":"Ljui\u0111 \u0160krelja: Plati\u0107emo kaznu ali nosi\u0107emo zastavu  &nbsp;  &nbsp;","robots":{"index":"index","follow":"follow","max-snippet":"max-snippet:-1","max-image-preview":"max-image-preview:large","max-video-preview":"max-video-preview:-1"},"canonical":"https:\/\/www.visit-ulcinj.com\/blog\/2011\/12\/21\/ljuid-skrelja-platicemo-kaznu-ali-nosicemo-zastavu\/","og_locale":"en_US","og_type":"article","og_title":"Ljui\u0111 \u0160krelja: Plati\u0107emo kaznu ali nosi\u0107emo zastavu - Lajme nga Ulqini","og_description":"Ljui\u0111 \u0160krelja: Plati\u0107emo kaznu ali nosi\u0107emo zastavu  &nbsp;  &nbsp;","og_url":"https:\/\/www.visit-ulcinj.com\/blog\/2011\/12\/21\/ljuid-skrelja-platicemo-kaznu-ali-nosicemo-zastavu\/","og_site_name":"Lajme nga Ulqini","article_published_time":"2011-12-21T18:54:59+00:00","og_image":[{"url":"http:\/\/www.visit-ulcinj.com\/blog\/wp-content\/uploads\/2011\/12\/Skrelja_platicemo-kaznu-ali-nosicemo-zastavu.jpg"}],"twitter_misc":{"Written by":"ulqini"},"schema":{"@context":"https:\/\/schema.org","@graph":[{"@type":"WebSite","@id":"https:\/\/www.visit-ulcinj.com\/blog\/#website","url":"https:\/\/www.visit-ulcinj.com\/blog\/","name":"Lajme nga Ulqini","description":"Lajme,Vijesti,Ulqini,Ulqin,Crna Gora,Mali i Zi","potentialAction":[{"@type":"SearchAction","target":{"@type":"EntryPoint","urlTemplate":"https:\/\/www.visit-ulcinj.com\/blog\/?s={search_term_string}"},"query-input":"required name=search_term_string"}],"inLanguage":"en-US"},{"@type":"ImageObject","inLanguage":"en-US","@id":"https:\/\/www.visit-ulcinj.com\/blog\/2011\/12\/21\/ljuid-skrelja-platicemo-kaznu-ali-nosicemo-zastavu\/#primaryimage","url":"https:\/\/www.visit-ulcinj.com\/blog\/wp-content\/uploads\/2011\/12\/Skrelja_platicemo-kaznu-ali-nosicemo-zastavu.jpg","contentUrl":"https:\/\/www.visit-ulcinj.com\/blog\/wp-content\/uploads\/2011\/12\/Skrelja_platicemo-kaznu-ali-nosicemo-zastavu.jpg","width":"1028","height":"1007"},{"@type":"WebPage","@id":"https:\/\/www.visit-ulcinj.com\/blog\/2011\/12\/21\/ljuid-skrelja-platicemo-kaznu-ali-nosicemo-zastavu\/#webpage","url":"https:\/\/www.visit-ulcinj.com\/blog\/2011\/12\/21\/ljuid-skrelja-platicemo-kaznu-ali-nosicemo-zastavu\/","name":"Ljui\u0111 \u0160krelja: Plati\u0107emo kaznu ali nosi\u0107emo zastavu - Lajme nga Ulqini","isPartOf":{"@id":"https:\/\/www.visit-ulcinj.com\/blog\/#website"},"primaryImageOfPage":{"@id":"https:\/\/www.visit-ulcinj.com\/blog\/2011\/12\/21\/ljuid-skrelja-platicemo-kaznu-ali-nosicemo-zastavu\/#primaryimage"},"datePublished":"2011-12-21T18:54:59+00:00","dateModified":"2011-12-21T18:54:59+00:00","author":{"@id":"https:\/\/www.visit-ulcinj.com\/blog\/#\/schema\/person\/dcab619c614d3038751c63bc2aadc06d"},"description":"Ljui\u0111 \u0160krelja: Plati\u0107emo kaznu ali nosi\u0107emo zastavu &nbsp; &nbsp;","breadcrumb":{"@id":"https:\/\/www.visit-ulcinj.com\/blog\/2011\/12\/21\/ljuid-skrelja-platicemo-kaznu-ali-nosicemo-zastavu\/#breadcrumb"},"inLanguage":"en-US","potentialAction":[{"@type":"ReadAction","target":["https:\/\/www.visit-ulcinj.com\/blog\/2011\/12\/21\/ljuid-skrelja-platicemo-kaznu-ali-nosicemo-zastavu\/"]}]},{"@type":"BreadcrumbList","@id":"https:\/\/www.visit-ulcinj.com\/blog\/2011\/12\/21\/ljuid-skrelja-platicemo-kaznu-ali-nosicemo-zastavu\/#breadcrumb","itemListElement":[{"@type":"ListItem","position":1,"name":"Ljui\u0111 \u0160krelja: Plati\u0107emo kaznu ali nosi\u0107emo zastavu"}]},{"@type":"Person","@id":"https:\/\/www.visit-ulcinj.com\/blog\/#\/schema\/person\/dcab619c614d3038751c63bc2aadc06d","name":"ulqini","sameAs":["http:\/\/www.visit-ulcinj.com"],"url":"https:\/\/www.visit-ulcinj.com\/blog\/author\/admin\/"}]}},"jetpack_featured_media_url":"","jetpack_sharing_enabled":true,"jetpack_shortlink":"https:\/\/wp.me\/pe6lTn-eeF","_links":{"self":[{"href":"https:\/\/www.visit-ulcinj.com\/blog\/wp-json\/wp\/v2\/posts\/54725"}],"collection":[{"href":"https:\/\/www.visit-ulcinj.com\/blog\/wp-json\/wp\/v2\/posts"}],"about":[{"href":"https:\/\/www.visit-ulcinj.com\/blog\/wp-json\/wp\/v2\/types\/post"}],"author":[{"embeddable":true,"href":"https:\/\/www.visit-ulcinj.com\/blog\/wp-json\/wp\/v2\/users\/1"}],"replies":[{"embeddable":true,"href":"https:\/\/www.visit-ulcinj.com\/blog\/wp-json\/wp\/v2\/comments?post=54725"}],"version-history":[{"count":1,"href":"https:\/\/www.visit-ulcinj.com\/blog\/wp-json\/wp\/v2\/posts\/54725\/revisions"}],"predecessor-version":[{"id":54728,"href":"https:\/\/www.visit-ulcinj.com\/blog\/wp-json\/wp\/v2\/posts\/54725\/revisions\/54728"}],"wp:attachment":[{"href":"https:\/\/www.visit-ulcinj.com\/blog\/wp-json\/wp\/v2\/media?parent=54725"}],"wp:term":[{"taxonomy":"category","embeddable":true,"href":"https:\/\/www.visit-ulcinj.com\/blog\/wp-json\/wp\/v2\/categories?post=54725"},{"taxonomy":"post_tag","embeddable":true,"href":"https:\/\/www.visit-ulcinj.com\/blog\/wp-json\/wp\/v2\/tags?post=54725"}],"curies":[{"name":"wp","href":"https:\/\/api.w.org\/{rel}","templated":true}]}}