{"id":54734,"date":"2011-12-22T09:19:11","date_gmt":"2011-12-22T08:19:11","guid":{"rendered":"http:\/\/www.visit-ulcinj.com\/blog\/?p=54734"},"modified":"2011-12-22T18:58:48","modified_gmt":"2011-12-22T17:58:48","slug":"dan-albanci-spremaju-protest-zbog-zastave","status":"publish","type":"post","link":"https:\/\/www.visit-ulcinj.com\/blog\/2011\/12\/22\/dan-albanci-spremaju-protest-zbog-zastave\/","title":{"rendered":"Dan: Albanci spremaju protest zbog zastave"},"content":{"rendered":"<p><a href=\"http:\/\/www.visit-ulcinj.com\/blog\/wp-content\/uploads\/2011\/12\/Demokratski-forum-za-integraciju-Albanaca-u-Crnoj-Gori-FDI.jpg\"><img loading=\"lazy\" class=\"alignleft size-full wp-image-54735\" title=\"Demokratski forum za integraciju Albanaca u Crnoj Gori FDI\" src=\"http:\/\/www.visit-ulcinj.com\/blog\/wp-content\/uploads\/2011\/12\/Demokratski-forum-za-integraciju-Albanaca-u-Crnoj-Gori-FDI.jpg\" alt=\"\" width=\"508\" height=\"180\" \/><\/a>Demokratski forum za integraciju Albanaca u Crnoj Gori FDI, kako Dan saznaje, organizova\u0107e protest, u centru Tuzi 28. decembra, zbog op\u0161teg nezadovoljstva politi\u010dkim, ekonomskim, socijalnim i pravnim polo\u017eajem.<\/p>\n<p>\u010clan FDI <strong>Besnik \u0110onaj <\/strong>potvrdio je za Dan da \u0107e se mirni prostest organizovati u centru Tuzi 28. decembra.<\/p>\n<p>&#8220;Protest organizujemo zbog op\u0161teg nezadovoljstva gra\u0111ana, prvenstveno politi\u010dkog, ekonomskog, socijalnog i pravnog polo\u017eaja Albanaca u Crnoj Gori. Namjera nam je da skrenemo pa\u017enju svima da se prava Albanaca u Crnoj Gori ne ostvaruju u dr\u017eavi koja se naziva demokratskom\u201c, kazao je Besnik, uvjeren da \u0107e ih podr\u017eati i dio demokratski opredijeljenih gra\u0111ana Crne Gore \u201ejer smo svjesni da ni ostali gra\u0111ani u dr\u017eavi nijesu zadovoljni ovim re\u017eimom&#8221;.<br \/>\n<a href=\"http:\/\/www.visit-ulcinj.com\/blog\/wp-content\/uploads\/2011\/12\/Anton-Lulgjuraj.21.jpg\"><img loading=\"lazy\" class=\"alignleft size-full wp-image-54739\" title=\"Anton-Lulgjuraj.2\" src=\"http:\/\/www.visit-ulcinj.com\/blog\/wp-content\/uploads\/2011\/12\/Anton-Lulgjuraj.21.jpg\" alt=\"\" width=\"508\" height=\"330\" \/><\/a><\/p>\n<p>U poruci koja je objavljena na sajtu FDI i koja kru\u017ei na Facebooku na albanskom jeziku, a koju potpisuje <strong>Anton Ljulj\u0111uraj,<\/strong> predsjednik Demokratskog foruma za integraciju Albanaca u Crnoj Gori, stoji pa su nedavna zbivanja u Crnoj Gori jo\u0161 jednom pokazala da je \u201eetni\u010dko \u010di\u0161\u0107enje plan za nenasilan na\u010din&#8221;, te da se nastavlja crnogorska politika protiv Albanaca u Crnoj Gori&#8221;.<\/p>\n<p>&#8220;Vlada priprema nacrt zakon koji striktno zabranjuje dr\u017eanje nacionalnih zastava. Diskriminacija Albanaca se nastavlja, jer imamo ekstremnu cifru nezaposlenosti, uskra\u0107ena su prava lokalne samouprave, nedostaju ud\u017ebenici na albanskom jeziku, pori\u010de se istorija naroda albanskog\u201c, naveo je Ljulj\u0111uraj.<\/p>\n<p>Prema njegovim rije\u010dima svi ovi pomenuti, ali i drugi faktori tjeraju ih da preduzmu konkretne korake za postizanjem prava koja im pripadaju u skladu sa me\u0111unarodnim standardima.<\/p>\n<p>&#8220;Zato organizujemo mirni protest s ciljem da se iska\u017ee nezadovoljstvo trenutnim upravljanjem Gradeke op\u0161tine Tuzi i nepravde prema Albancima. Na ovaj na\u010din pozivam sve gra\u0111ane Crne Gore, bez obzira na religiju, politi\u010dka uverenja, da podignu svoj glas 28. decembra, da tra\u017eimo ono \u0161to nam pripada, da steknemo pravo na lokalnu samoupravu op\u0161tinu, odlu\u010dujsmo o na\u0161oj sudbini, da razvijamo privredu koja je potrebna gra\u0107anima, da bismo za\u0161titili na\u0161e nacionalne simbole i resurse kako se ne bi plja\u010dkali\u201c, poru\u010dio je Ljulj\u0111uraj.<\/p>\n<p><a href=\"http:\/\/www.visit-ulcinj.com\/blog\/wp-content\/uploads\/2011\/12\/Nikoll%C3%AB-Camaj1.jpg\"><img loading=\"lazy\" class=\"alignleft size-full wp-image-54736\" title=\"Nikoll\u00eb Camaj\" src=\"http:\/\/www.visit-ulcinj.com\/blog\/wp-content\/uploads\/2011\/12\/Nikoll%C3%AB-Camaj1.jpg\" alt=\"\" width=\"508\" height=\"330\" \/><\/a><\/p>\n<p>Odbornik Demokratskog saveza u Skup\u0161tini Gradske op\u0161tine Tuzi<strong> Nikola Camaj<\/strong> kazao je da svi Albanci u Crnoj Gori misle isto i odnose se prema albanskoj zastavi i do\u017eivljavaju je na isti na\u010din.<br \/>\n<a href=\"http:\/\/www.visit-ulcinj.com\/blog\/wp-content\/uploads\/2011\/12\/smailj-cunmuljaj.jpg\"><img loading=\"lazy\" class=\"alignleft size-full wp-image-54738\" title=\"smailj cunmuljaj\" src=\"http:\/\/www.visit-ulcinj.com\/blog\/wp-content\/uploads\/2011\/12\/smailj-cunmuljaj.jpg\" alt=\"\" width=\"508\" height=\"300\" \/><\/a><\/p>\n<p>Odbornik Gra\u0111anske inicijative u Skup\u0161tini Gradske op\u0161tine Tuzi <strong>Smailj \u010cunmuljaj<\/strong> rekao je da su Albanci kao autohtoni narod u Crnoj Gori najvi\u0161e pogo\u0111eni najavljenim usvajanjem zakona o javnom redu i miru, koji se ti\u010de izme\u0111u ostalog i zastave.<\/p>\n<p><a href=\"http:\/\/www.visit-ulcinj.com\/blog\/wp-content\/uploads\/2011\/12\/Kolja-Ljuljdjuraj.jpg\"><img loading=\"lazy\" class=\"alignleft size-full wp-image-54737\" title=\"Kolja Ljuljdjuraj\" src=\"http:\/\/www.visit-ulcinj.com\/blog\/wp-content\/uploads\/2011\/12\/Kolja-Ljuljdjuraj.jpg\" alt=\"\" width=\"251\" height=\"251\" srcset=\"https:\/\/www.visit-ulcinj.com\/blog\/wp-content\/uploads\/2011\/12\/Kolja-Ljuljdjuraj.jpg 251w, https:\/\/www.visit-ulcinj.com\/blog\/wp-content\/uploads\/2011\/12\/Kolja-Ljuljdjuraj-150x150.jpg 150w\" sizes=\"(max-width: 251px) 100vw, 251px\" \/><\/a>Odbornik SNP-a u Skup\u0161tini Glavnog grada <strong>Kolja Ljulj\u0111uraj<\/strong> rekao je da zakon o javnom redu i miru o kojem se raspravljalo u Skup\u0161tini Crne Gore nije dobar za manjinske narode u dr\u017eavi.<\/p>\n<p>&#8220;Crnogorska zastava se mora po\u0161tovati, ali i zastave manjinskih naroda. U sredinama u kojima su maljine ve\u0107inski narod, pored crnogorske, treba dopustiti albansku i druge zastave. Socijalisti\u010dka narodna partija nije jo\u0161 odlu\u010dila da li \u0107e prisustvovati protestu i podr\u017eati ga\u201c, kazao je Ljulj\u0111uraj.<\/p>\n<p><a href=\"http:\/\/www.cafemontenegro.com\/index.php?group=23&amp;news=219519\" target=\"_blank\"><strong>Izvor: CDM \/ DAN<\/strong><\/a><\/p>\n<p>&nbsp;<\/p>\n<p>&nbsp;<\/p>\n<p>&nbsp;<\/p>\n<p>&nbsp;<\/p>\n<p>&nbsp;<\/p>\n<p>&nbsp;<\/p>\n<p>&nbsp;<\/p>\n<p>&nbsp;<\/p>\n<p>&nbsp;<\/p>\n<p>&nbsp;<\/p>\n<p>&nbsp;<\/p>\n<p>&nbsp;<\/p>\n<p>&nbsp;<\/p>\n<p>&nbsp;<\/p>\n<p>&nbsp;<\/p>\n<p>&nbsp;<\/p>\n<p>&nbsp;<\/p>\n","protected":false},"excerpt":{"rendered":"<p>Demokratski forum za integraciju Albanaca u Crnoj Gori FDI, kako Dan saznaje, organizova\u0107e protest, u centru Tuzi 28. decembra, zbog op\u0161teg nezadovoljstva politi\u010dkim, ekonomskim, socijalnim i pravnim polo\u017eajem. \u010clan FDI Besnik \u0110onaj potvrdio je za Dan da \u0107e se mirni prostest organizovati u centru Tuzi 28. decembra. &#8220;Protest organizujemo zbog op\u0161teg nezadovoljstva gra\u0111ana, prvenstveno politi\u010dkog, [&hellip;]<\/p>\n","protected":false},"author":1,"featured_media":0,"comment_status":"open","ping_status":"closed","sticky":false,"template":"","format":"standard","meta":{"spay_email":"","jetpack_publicize_message":"","jetpack_is_tweetstorm":false,"jetpack_publicize_feature_enabled":true},"categories":[8337],"tags":[1520,12867,20,19657],"jetpack_publicize_connections":[],"yoast_head":"<!-- This site is optimized with the Yoast SEO plugin v19.1 - https:\/\/yoast.com\/wordpress\/plugins\/seo\/ -->\n<title>Dan: Albanci spremaju protest zbog zastave - Lajme nga Ulqini<\/title>\n<meta name=\"description\" content=\"Demokratski forum za integraciju Albanaca u Crnoj Gori FDI, kako Dan saznaje, organizova\u0107e protest, u centru Tuzi 28. decembra, zbog op\u0161teg nezadovoljstva\" \/>\n<meta name=\"robots\" content=\"index, follow, max-snippet:-1, max-image-preview:large, max-video-preview:-1\" \/>\n<link rel=\"canonical\" href=\"https:\/\/www.visit-ulcinj.com\/blog\/2011\/12\/22\/dan-albanci-spremaju-protest-zbog-zastave\/\" \/>\n<meta property=\"og:locale\" content=\"en_US\" \/>\n<meta property=\"og:type\" content=\"article\" \/>\n<meta property=\"og:title\" content=\"Dan: Albanci spremaju protest zbog zastave - Lajme nga Ulqini\" \/>\n<meta property=\"og:description\" content=\"Demokratski forum za integraciju Albanaca u Crnoj Gori FDI, kako Dan saznaje, organizova\u0107e protest, u centru Tuzi 28. decembra, zbog op\u0161teg nezadovoljstva\" \/>\n<meta property=\"og:url\" content=\"https:\/\/www.visit-ulcinj.com\/blog\/2011\/12\/22\/dan-albanci-spremaju-protest-zbog-zastave\/\" \/>\n<meta property=\"og:site_name\" content=\"Lajme nga Ulqini\" \/>\n<meta property=\"article:published_time\" content=\"2011-12-22T08:19:11+00:00\" \/>\n<meta property=\"article:modified_time\" content=\"2011-12-22T17:58:48+00:00\" \/>\n<meta property=\"og:image\" content=\"http:\/\/www.visit-ulcinj.com\/blog\/wp-content\/uploads\/2011\/12\/Demokratski-forum-za-integraciju-Albanaca-u-Crnoj-Gori-FDI.jpg\" \/>\n<meta name=\"twitter:label1\" content=\"Written by\" \/>\n\t<meta name=\"twitter:data1\" content=\"ulqini\" \/>\n\t<meta name=\"twitter:label2\" content=\"Est. reading time\" \/>\n\t<meta name=\"twitter:data2\" content=\"3 minutes\" \/>\n<script type=\"application\/ld+json\" class=\"yoast-schema-graph\">{\"@context\":\"https:\/\/schema.org\",\"@graph\":[{\"@type\":\"WebSite\",\"@id\":\"https:\/\/www.visit-ulcinj.com\/blog\/#website\",\"url\":\"https:\/\/www.visit-ulcinj.com\/blog\/\",\"name\":\"Lajme nga Ulqini\",\"description\":\"Lajme,Vijesti,Ulqini,Ulqin,Crna Gora,Mali i Zi\",\"potentialAction\":[{\"@type\":\"SearchAction\",\"target\":{\"@type\":\"EntryPoint\",\"urlTemplate\":\"https:\/\/www.visit-ulcinj.com\/blog\/?s={search_term_string}\"},\"query-input\":\"required name=search_term_string\"}],\"inLanguage\":\"en-US\"},{\"@type\":\"ImageObject\",\"inLanguage\":\"en-US\",\"@id\":\"https:\/\/www.visit-ulcinj.com\/blog\/2011\/12\/22\/dan-albanci-spremaju-protest-zbog-zastave\/#primaryimage\",\"url\":\"https:\/\/www.visit-ulcinj.com\/blog\/wp-content\/uploads\/2011\/12\/Demokratski-forum-za-integraciju-Albanaca-u-Crnoj-Gori-FDI.jpg\",\"contentUrl\":\"https:\/\/www.visit-ulcinj.com\/blog\/wp-content\/uploads\/2011\/12\/Demokratski-forum-za-integraciju-Albanaca-u-Crnoj-Gori-FDI.jpg\",\"width\":\"958\",\"height\":\"180\"},{\"@type\":\"WebPage\",\"@id\":\"https:\/\/www.visit-ulcinj.com\/blog\/2011\/12\/22\/dan-albanci-spremaju-protest-zbog-zastave\/#webpage\",\"url\":\"https:\/\/www.visit-ulcinj.com\/blog\/2011\/12\/22\/dan-albanci-spremaju-protest-zbog-zastave\/\",\"name\":\"Dan: Albanci spremaju protest zbog zastave - Lajme nga Ulqini\",\"isPartOf\":{\"@id\":\"https:\/\/www.visit-ulcinj.com\/blog\/#website\"},\"primaryImageOfPage\":{\"@id\":\"https:\/\/www.visit-ulcinj.com\/blog\/2011\/12\/22\/dan-albanci-spremaju-protest-zbog-zastave\/#primaryimage\"},\"datePublished\":\"2011-12-22T08:19:11+00:00\",\"dateModified\":\"2011-12-22T17:58:48+00:00\",\"author\":{\"@id\":\"https:\/\/www.visit-ulcinj.com\/blog\/#\/schema\/person\/dcab619c614d3038751c63bc2aadc06d\"},\"description\":\"Demokratski forum za integraciju Albanaca u Crnoj Gori FDI, kako Dan saznaje, organizova\u0107e protest, u centru Tuzi 28. decembra, zbog op\u0161teg nezadovoljstva\",\"breadcrumb\":{\"@id\":\"https:\/\/www.visit-ulcinj.com\/blog\/2011\/12\/22\/dan-albanci-spremaju-protest-zbog-zastave\/#breadcrumb\"},\"inLanguage\":\"en-US\",\"potentialAction\":[{\"@type\":\"ReadAction\",\"target\":[\"https:\/\/www.visit-ulcinj.com\/blog\/2011\/12\/22\/dan-albanci-spremaju-protest-zbog-zastave\/\"]}]},{\"@type\":\"BreadcrumbList\",\"@id\":\"https:\/\/www.visit-ulcinj.com\/blog\/2011\/12\/22\/dan-albanci-spremaju-protest-zbog-zastave\/#breadcrumb\",\"itemListElement\":[{\"@type\":\"ListItem\",\"position\":1,\"name\":\"Dan: Albanci spremaju protest zbog zastave\"}]},{\"@type\":\"Person\",\"@id\":\"https:\/\/www.visit-ulcinj.com\/blog\/#\/schema\/person\/dcab619c614d3038751c63bc2aadc06d\",\"name\":\"ulqini\",\"sameAs\":[\"http:\/\/www.visit-ulcinj.com\"],\"url\":\"https:\/\/www.visit-ulcinj.com\/blog\/author\/admin\/\"}]}<\/script>\n<!-- \/ Yoast SEO plugin. -->","yoast_head_json":{"title":"Dan: Albanci spremaju protest zbog zastave - Lajme nga Ulqini","description":"Demokratski forum za integraciju Albanaca u Crnoj Gori FDI, kako Dan saznaje, organizova\u0107e protest, u centru Tuzi 28. decembra, zbog op\u0161teg nezadovoljstva","robots":{"index":"index","follow":"follow","max-snippet":"max-snippet:-1","max-image-preview":"max-image-preview:large","max-video-preview":"max-video-preview:-1"},"canonical":"https:\/\/www.visit-ulcinj.com\/blog\/2011\/12\/22\/dan-albanci-spremaju-protest-zbog-zastave\/","og_locale":"en_US","og_type":"article","og_title":"Dan: Albanci spremaju protest zbog zastave - Lajme nga Ulqini","og_description":"Demokratski forum za integraciju Albanaca u Crnoj Gori FDI, kako Dan saznaje, organizova\u0107e protest, u centru Tuzi 28. decembra, zbog op\u0161teg nezadovoljstva","og_url":"https:\/\/www.visit-ulcinj.com\/blog\/2011\/12\/22\/dan-albanci-spremaju-protest-zbog-zastave\/","og_site_name":"Lajme nga Ulqini","article_published_time":"2011-12-22T08:19:11+00:00","article_modified_time":"2011-12-22T17:58:48+00:00","og_image":[{"url":"http:\/\/www.visit-ulcinj.com\/blog\/wp-content\/uploads\/2011\/12\/Demokratski-forum-za-integraciju-Albanaca-u-Crnoj-Gori-FDI.jpg"}],"twitter_misc":{"Written by":"ulqini","Est. reading time":"3 minutes"},"schema":{"@context":"https:\/\/schema.org","@graph":[{"@type":"WebSite","@id":"https:\/\/www.visit-ulcinj.com\/blog\/#website","url":"https:\/\/www.visit-ulcinj.com\/blog\/","name":"Lajme nga Ulqini","description":"Lajme,Vijesti,Ulqini,Ulqin,Crna Gora,Mali i Zi","potentialAction":[{"@type":"SearchAction","target":{"@type":"EntryPoint","urlTemplate":"https:\/\/www.visit-ulcinj.com\/blog\/?s={search_term_string}"},"query-input":"required name=search_term_string"}],"inLanguage":"en-US"},{"@type":"ImageObject","inLanguage":"en-US","@id":"https:\/\/www.visit-ulcinj.com\/blog\/2011\/12\/22\/dan-albanci-spremaju-protest-zbog-zastave\/#primaryimage","url":"https:\/\/www.visit-ulcinj.com\/blog\/wp-content\/uploads\/2011\/12\/Demokratski-forum-za-integraciju-Albanaca-u-Crnoj-Gori-FDI.jpg","contentUrl":"https:\/\/www.visit-ulcinj.com\/blog\/wp-content\/uploads\/2011\/12\/Demokratski-forum-za-integraciju-Albanaca-u-Crnoj-Gori-FDI.jpg","width":"958","height":"180"},{"@type":"WebPage","@id":"https:\/\/www.visit-ulcinj.com\/blog\/2011\/12\/22\/dan-albanci-spremaju-protest-zbog-zastave\/#webpage","url":"https:\/\/www.visit-ulcinj.com\/blog\/2011\/12\/22\/dan-albanci-spremaju-protest-zbog-zastave\/","name":"Dan: Albanci spremaju protest zbog zastave - Lajme nga Ulqini","isPartOf":{"@id":"https:\/\/www.visit-ulcinj.com\/blog\/#website"},"primaryImageOfPage":{"@id":"https:\/\/www.visit-ulcinj.com\/blog\/2011\/12\/22\/dan-albanci-spremaju-protest-zbog-zastave\/#primaryimage"},"datePublished":"2011-12-22T08:19:11+00:00","dateModified":"2011-12-22T17:58:48+00:00","author":{"@id":"https:\/\/www.visit-ulcinj.com\/blog\/#\/schema\/person\/dcab619c614d3038751c63bc2aadc06d"},"description":"Demokratski forum za integraciju Albanaca u Crnoj Gori FDI, kako Dan saznaje, organizova\u0107e protest, u centru Tuzi 28. decembra, zbog op\u0161teg nezadovoljstva","breadcrumb":{"@id":"https:\/\/www.visit-ulcinj.com\/blog\/2011\/12\/22\/dan-albanci-spremaju-protest-zbog-zastave\/#breadcrumb"},"inLanguage":"en-US","potentialAction":[{"@type":"ReadAction","target":["https:\/\/www.visit-ulcinj.com\/blog\/2011\/12\/22\/dan-albanci-spremaju-protest-zbog-zastave\/"]}]},{"@type":"BreadcrumbList","@id":"https:\/\/www.visit-ulcinj.com\/blog\/2011\/12\/22\/dan-albanci-spremaju-protest-zbog-zastave\/#breadcrumb","itemListElement":[{"@type":"ListItem","position":1,"name":"Dan: Albanci spremaju protest zbog zastave"}]},{"@type":"Person","@id":"https:\/\/www.visit-ulcinj.com\/blog\/#\/schema\/person\/dcab619c614d3038751c63bc2aadc06d","name":"ulqini","sameAs":["http:\/\/www.visit-ulcinj.com"],"url":"https:\/\/www.visit-ulcinj.com\/blog\/author\/admin\/"}]}},"jetpack_featured_media_url":"","jetpack_sharing_enabled":true,"jetpack_shortlink":"https:\/\/wp.me\/pe6lTn-eeO","_links":{"self":[{"href":"https:\/\/www.visit-ulcinj.com\/blog\/wp-json\/wp\/v2\/posts\/54734"}],"collection":[{"href":"https:\/\/www.visit-ulcinj.com\/blog\/wp-json\/wp\/v2\/posts"}],"about":[{"href":"https:\/\/www.visit-ulcinj.com\/blog\/wp-json\/wp\/v2\/types\/post"}],"author":[{"embeddable":true,"href":"https:\/\/www.visit-ulcinj.com\/blog\/wp-json\/wp\/v2\/users\/1"}],"replies":[{"embeddable":true,"href":"https:\/\/www.visit-ulcinj.com\/blog\/wp-json\/wp\/v2\/comments?post=54734"}],"version-history":[{"count":3,"href":"https:\/\/www.visit-ulcinj.com\/blog\/wp-json\/wp\/v2\/posts\/54734\/revisions"}],"predecessor-version":[{"id":54767,"href":"https:\/\/www.visit-ulcinj.com\/blog\/wp-json\/wp\/v2\/posts\/54734\/revisions\/54767"}],"wp:attachment":[{"href":"https:\/\/www.visit-ulcinj.com\/blog\/wp-json\/wp\/v2\/media?parent=54734"}],"wp:term":[{"taxonomy":"category","embeddable":true,"href":"https:\/\/www.visit-ulcinj.com\/blog\/wp-json\/wp\/v2\/categories?post=54734"},{"taxonomy":"post_tag","embeddable":true,"href":"https:\/\/www.visit-ulcinj.com\/blog\/wp-json\/wp\/v2\/tags?post=54734"}],"curies":[{"name":"wp","href":"https:\/\/api.w.org\/{rel}","templated":true}]}}