{"id":54743,"date":"2011-12-22T09:27:51","date_gmt":"2011-12-22T08:27:51","guid":{"rendered":"http:\/\/www.visit-ulcinj.com\/blog\/?p=54743"},"modified":"2011-12-22T09:27:51","modified_gmt":"2011-12-22T08:27:51","slug":"nikolle-camaj-seanca-xii-16-12-2012","status":"publish","type":"post","link":"https:\/\/www.visit-ulcinj.com\/blog\/2011\/12\/22\/nikolle-camaj-seanca-xii-16-12-2012\/","title":{"rendered":"Nikoll\u00eb Camaj Seanca XII, 16. 12. 2012"},"content":{"rendered":"<p><strong><a href=\"http:\/\/www.visit-ulcinj.com\/blog\/wp-content\/uploads\/2011\/12\/Nikoll%C3%AB-Camaj2.jpg\"><img loading=\"lazy\" class=\"alignleft size-full wp-image-54744\" title=\"Nikoll\u00eb Camaj\" src=\"http:\/\/www.visit-ulcinj.com\/blog\/wp-content\/uploads\/2011\/12\/Nikoll%C3%AB-Camaj2.jpg\" alt=\"\" width=\"508\" height=\"380\" \/><\/a>Nikoll\u00eb Camaj<\/strong><\/p>\n<p><strong>Seanca XII, 16. 12. 2012<\/strong><\/p>\n<p>T\u00eb nderuar k\u00ebshilltar\u00eb, t\u00eb nderuar p\u00ebrfaq\u00ebsues t\u00eb medies dhe ju qytetar\u00eb, n\u00ebse keni rastin t\u00eb na shikoni, t\u00eb nderuar propozues dhe n\u00ebnshkrues t\u00eb k\u00ebtij akti,<\/p>\n<p>Fjala hyr\u00ebse e kryetarit, p\u00ebrs\u00ebri vet\u00ebm n\u00eb gjuh\u00ebn malazeze, s\u00eb paku pa na p\u00ebrsh\u00ebndet n\u00eb at\u00eb gjuh\u00eb q\u00eb e ka m\u00ebsua s\u00eb pari, e q\u00eb bajagi mir\u00eb e ka di si nx\u00ebn\u00ebs, n\u00eb gjuh\u00ebn q\u00eb ia garanton edhe kushtetuta edhe ligji, madje jan\u00eb shpenzuar sa para p\u00ebr t\u00eb pasur mund\u00ebsit\u00eb e p\u00ebrkthimit simultan, jo vet\u00ebm se fyen pjes\u00ebn m\u00eb t\u00eb mir\u00eb t\u00eb p\u00ebrfaq\u00ebsuesve t\u00eb Mal\u00ebsis\u00eb, por edhe d\u00ebshmon se po pranon \u00e7do shantazh q\u00eb vjen, qoft\u00eb nga kryeqyteti, qoft\u00eb nga partneri boshnjak.<\/p>\n<p>Flasim sot p\u00ebr Planin financiar p\u00ebr vitin 2012 dhe ajo q\u00eb v\u00ebrehet q\u00eb n\u00eb fillim \u00ebsht\u00eb shk\u00ebputja totale nga realiteti i atyre q\u00eb e propozojn\u00eb, qofshin ata propozuesit nominal k\u00ebtu, qofshin ata propozuesit e v\u00ebrtet\u00eb atje n\u00eb Podgoric\u00eb. A thua se zot\u00ebrinjt\u00eb mendojn\u00eb se kemi harruar \u00e7ka ishte k\u00ebtu para dy jav\u00ebsh kur aprovuat rebalancin p\u00ebr vitin aktual i cili u zbrit 66%, e sot keni guximin t\u00eb propozoni rritje drastike, mbi 200%, edhe pse buxheti i Podgoric\u00ebs, n\u00eb krahasim me t\u00eb sivjetmin p\u00ebson r\u00ebnie.<\/p>\n<p>Pyes t\u00eb zotin e k\u00ebsaj sht\u00ebpi, se si ka mund\u00ebsi, q\u00eb pas rebalancimit, n\u00eb k\u00ebt\u00eb m\u00ebnyr\u00eb t\u00eb balancoj\u00eb mjetet financiare t\u00eb Mal\u00ebsis\u00eb dhe t\u00eb dal\u00eb me nj\u00eb buxhet apo plan financiar, i cili \u00ebsht\u00eb pra p\u00ebr tre her\u00eb m\u00eb i madh sesa ai i fundit. Meqen\u00ebse i zoti i k\u00ebsaj sht\u00ebpi nuk \u00ebsht\u00eb k\u00ebtu, por n\u00eb rrug\u00ebn Njegosheva n\u00eb Podgoric\u00eb, at\u00ebher\u00eb pyet\u00ebm se ku \u00ebsht\u00eb logjika e marionetave t\u00eb tij k\u00ebtu, q\u00eb t\u00eb dalin me k\u00ebto shifra t\u00eb cilat p\u00ebrs\u00ebri hellin mjegull n\u00eb syt\u00eb e qytetar\u00ebve ton\u00eb. Pyes veten dhe ju t\u00eb nderuar k\u00ebshilltar\u00eb se \u00e7ka ka ndryshua n\u00eb terren apo n\u00eb t\u00eb cilat t\u00eb ardhura ka hasur i zoti i sht\u00ebpis\u00eb q\u00eb buxhetin e KU t\u00eb Tuzit ta trefishoj\u00eb.<\/p>\n<p>Shifrat e k\u00ebtilla jan\u00eb mjet p\u00ebr t\u00eb manipuluar duke shfryt\u00ebzuar panjohurit dhe injoranc\u00ebn e qytetar\u00ebve q\u00eb ju besuan vot\u00ebn, por edhe p\u00ebr ju zot\u00ebrinj t\u00eb UDSH-s\u00eb, q\u00eb n\u00eb fillim t\u00eb planifikohet shif\u00ebr e konsiderueshme, kurse n\u00eb fund t\u00eb vitit t\u00eb vihet n\u00eb shifra t\u00eb balancuara, si para pak dit\u00ebsh. Pse ua b\u00ebni k\u00ebta qytetar\u00ebve tuaj, votuesve tuaj? A thua ata meritojn\u00eb k\u00ebt\u00eb degradim apo i mbani p\u00ebr t\u00eb paditur, q\u00eb mund tua shitni edhe kungullin p\u00ebr shalqi.<\/p>\n<p>Merrni stenogramet dhe shihni \u00e7ka keni folur kur ishit opozit\u00eb. Madje edhe kur b\u00ebt\u00eb aprovimin e llogaris\u00eb p\u00ebrfundimtare, p\u00ebr t\u00eb par\u00ebn her\u00eb pasi q\u00eb mor\u00ebt pushtetin. Do t\u00eb shihni kur te planifikojm\u00eb ne, na thuhej at\u00ebher\u00eb! Mos t\u00eb ishte e dhimbshme dhe e turpshme do t\u00eb ishte qesharake. Tentativa e k\u00ebtill\u00eb q\u00eb popullit t\u00eb vet t\u2019i qitet pluhur sysh vjen sot pra nga ata q\u00eb kur ishin opozit\u00eb flitnin p\u00ebr miliona, p\u00ebr projekte, p\u00ebr pragje q\u00eb kurr\u00eb nuk do t\u2019i kalonin, p\u00ebr realizime, e sot pranojn\u00eb \u00e7do gj\u00eb q\u00eb u servilet nga Podgorica, vet\u00ebm t\u00eb mos ua luhatin karriget e rrogat e majme.<\/p>\n<p>Filluat me flamurin boshnjak, me sekretaren qe nuk di asnj\u00eb fjal\u00eb shqip dhe q\u00eb sipas ligjit, nuk i plot\u00ebson kushtet, vazhdoni me p\u00ebrjashtime joligjore nga puna, e vini deri te zbritja e planit financiar deri n\u00eb mas\u00eb degraduese p\u00ebr Mal\u00ebsin\u00eb.<\/p>\n<p>E sot na propozoni p\u00ebrs\u00ebri 1700.000 evra vet\u00ebm p\u00ebr uj\u00ebsjell\u00ebs, n\u00eb fakt pas intervenimeve, 2000.000&#8230;&#8230;.thua se sivjet nuk do te ket\u00eb kriz\u00eb financiare, edhe pse nj\u00eb gj\u00eb e till\u00eb paralajm\u00ebrohet n\u00eb krejt Malin e Zi. Propozuat 100.000 evra p\u00ebr rrug\u00ebn p\u00ebr Triesh, e ulet ne 50.000. Shum\u00eb kjo, tep\u00ebr qesharake&#8230;\u00e7ka mund t\u00eb b\u00ebhet me to?! N\u00eb t\u00eb nj\u00ebjt\u00ebn koh\u00eb propozuat 200.00 evra p\u00ebr edhe nj\u00eb ur\u00eb n\u00eb Dinosh\u00eb, prej t\u00eb cil\u00ebs hoq\u00ebt dor\u00eb p\u00ebr t\u00eb nd\u00ebrtuar nj\u00eb sht\u00ebpi rinie, po ashtu n\u00eb Dinosh\u00eb. Natyrisht se objektet e tilla jan\u00eb t\u00eb nevojshme, por nuk mund t\u00eb jen\u00eb prioritet karshi tregut t\u00eb gjelb\u00ebr, karshi ujit p\u00ebr zonat malore, karshi funeralit e varrezave&#8230;. P\u00ebrndryshe vlen t\u00eb p\u00ebrkujtojm\u00eb se kemi nj\u00eb sht\u00ebpi kulture n\u00eb Tuz, edhe nj\u00eb ne Sukruq, e fort mir\u00eb e dim\u00eb se sa shfryt\u00ebzohen&#8230; Kjo d\u00ebshmon se kush i cakton prioritetet tona dhe sa mendoni ju p\u00ebr to!<\/p>\n<p>Zot\u00ebrinj, vazhdoni me nj\u00eb matematik\u00eb t\u00eb \u00e7uditshme. 40.000 evra planifikohen p\u00ebr k\u00ebshilltar\u00eb. 21 k\u00ebshilltar\u00eb nga 110 eura n\u00eb muaj, p\u00ebr 12 muaj jan\u00eb 27720 evra, e jo 40.000. Kujt ia doni tepric\u00ebn. A thua n\u00eb \u00e7do drejtim KU duhet t\u00eb sh\u00ebrbej\u00eb p\u00ebr t\u00eb lar\u00eb para?<\/p>\n<p>P\u00ebr parkun para komun\u00ebs edhe 10.000 evra. P\u00ebr cilin park more?&#8230;.<\/p>\n<p>P\u00ebr pun\u00eb me kontrat\u00eb, kultur\u00eb sport, shoqatave sportive, klube e manifestime sportive, tentuat t\u00eb rritni shum\u00ebn n\u00eb 70.000 evra, n\u00eb koh\u00ebn kur k\u00ebshilltarin p\u00ebr sport e leni pa pun\u00eb, e qitni pun\u00ebt&#8230;.por edhe at\u00eb shum\u00eb pranuat ta ulni n\u00eb 10.000, edhe pse kam pasur t\u00eb dh\u00ebna se UDSH nuk do t\u00eb heq dor\u00eb nga kjo shum\u00eb.<\/p>\n<p>E gjith\u00eb kjo, jo vet\u00ebm se flet p\u00ebr ju, por d\u00ebshmon, p\u00ebr te saten here, se komuna urbane nuk \u00ebsht\u00eb zgjedhje q\u00eb premton zhvillim, apo q\u00eb p\u00ebrgatit\u00eb kushte p\u00ebr komun\u00eb t\u00eb plot\u00eb&#8230;p\u00ebr referendum as qe flitet ma.<\/p>\n<p>Me nj\u00eb milion euro n\u00eb vit, n\u00eb sa do t\u00eb bie edhe ky n\u00eb fund t\u00eb vitit 2012, as nuk munde t\u00eb flitet p\u00ebr zhvillim, e aq m\u00eb pak p\u00ebr trasim t\u00eb rrug\u00ebs drejt komun\u00ebs s\u00eb plot\u00eb. Por p\u00ebr ju komuna e plot\u00eb \u00ebsht\u00eb nj\u00eb propagand\u00eb ashtu si\u00e7 jan\u00eb edhe k\u00ebto shifra q\u00eb sot i paraqitni. Flisni p\u00ebr investime p\u00ebr t\u00eb cilat as projekti ideor nuk \u00ebsht\u00eb kryer, planifikohen shifra t\u00eb paarsyeshme e t\u00eb gjitha k\u00ebto p\u00ebr qellim fryrjesh.<\/p>\n<p>Nuk ka praktik komb\u00ebtare as nd\u00ebrkomb\u00ebtare q\u00eb buxheti t\u00eb shoh rritje kaq t\u00eb madhe Ekzistojn\u00eb parametrat t\u00eb cilat diktojn\u00eb se sa dhe si munde t\u00eb rritet nj\u00eb buxhet apo plan financiar, ai duhet t\u00eb jet\u00eb gradual dhe me nj\u00eb dinamik t\u00eb planifikuar mir\u00eb, mb\u00ebshtetur mbi t\u00eb ardhurat reale, t\u00eb cilat edhe p\u00ebr Podgoric\u00ebn edhe p\u00ebr krejt Malin e Zi, sivjet jan\u00eb zvog\u00ebluar&#8230; Apo sivjet do t\u00eb jen\u00eb dor\u00eb-shlir\u00eb ndaj nesh&#8230;po, ashtu si\u00e7 na kan\u00eb m\u00ebsua..<\/p>\n<p>Kam\u00eb shpresuar, por me ju as shpres\u00eb nuk ka, se do t\u2019i dilni n\u00eb rrug\u00eb fenomenit q\u00eb edhe ne vet e kemi p\u00ebrjetuar sa ishim n\u00eb pushtet, q\u00eb mjetet t\u00eb mos planifikohen, balancohen e ribalancohen gjetiu, pra n\u00eb Njegosheva, por k\u00ebtu.<\/p>\n<p>Me k\u00ebt\u00eb shif\u00ebr t\u00eb trefishuar nuk jeni duke i b\u00ebr\u00eb doni favor k\u00ebsaj trev\u00eb, por jeni duke kryer nj\u00eb disfavor, sepse nj\u00eb dit\u00eb, e ju asaj dit\u00eb nuk i frikoheni, dikush duhet t\u00eb p\u00ebrgjigjet p\u00ebr k\u00ebt\u00eb q\u00eb po b\u00ebni. K\u00ebtu m\u00eb s\u00eb mirit flasin shifrat, por jo edhe ju vet\u00eb sepse p\u00ebrgjegj\u00ebsia k\u00ebtu i \u00ebsht\u00eb hedhur kurbanit Nikoll\u00eb e Fadil, por k\u00ebto dy kurbane as si dhimbsen kuj\u00eb, as si mb\u00ebshtet, as si p\u00ebrkrah\u00eb kush m\u00eb.<\/p>\n<p>Gjat\u00eb k\u00ebtij viti keni pas nj\u00eb sukses dhe dua t\u00eb ju \u201cp\u00ebrg\u00ebzoj\u00eb\u201d q\u00eb keni arritur t\u00eb boshnjakizoni administrat\u00ebn, dhe t\u00eb p\u00ebrjashtoni gjuh\u00ebn shqipe nga p\u00ebrdorimi i p\u00ebrditsh\u00ebm. Ju dje p\u00ebrjashtuat flamurin shqiptar nga manifestimi i vet\u00ebm qe b\u00ebni si komune. Aferim! E boshnjak\u00ebve urime ja keni arritur ata q\u00eb s\u2019kan\u00eb arritur t\u00eb b\u00ebjn\u00eb shekuj administrim dhe okupim t\u00eb shum\u00ebllojsh\u00ebm. Un\u00eb kisha pas nj\u00eb urim p\u00ebr urimin e fund vitit&#8230; Ruaje zot\u00eb Mal\u00ebsin\u00eb nga ju, dhe faleminderit zotit n\u00ebse e ruan, kurse Planin miratojeni, besoj pa opozit\u00ebn<\/p>\n","protected":false},"excerpt":{"rendered":"<p>Nikoll\u00eb Camaj Seanca XII, 16. 12. 2012 T\u00eb nderuar k\u00ebshilltar\u00eb, t\u00eb nderuar p\u00ebrfaq\u00ebsues t\u00eb medies dhe ju qytetar\u00eb, n\u00ebse keni rastin t\u00eb na shikoni, t\u00eb nderuar propozues dhe n\u00ebnshkrues t\u00eb k\u00ebtij akti, Fjala hyr\u00ebse e kryetarit, p\u00ebrs\u00ebri vet\u00ebm n\u00eb gjuh\u00ebn malazeze, s\u00eb paku pa na p\u00ebrsh\u00ebndet n\u00eb at\u00eb gjuh\u00eb q\u00eb e ka m\u00ebsua s\u00eb pari, [&hellip;]<\/p>\n","protected":false},"author":1,"featured_media":0,"comment_status":"open","ping_status":"closed","sticky":false,"template":"","format":"standard","meta":{"spay_email":"","jetpack_publicize_message":"","jetpack_is_tweetstorm":false,"jetpack_publicize_feature_enabled":true},"categories":[6950],"tags":[4678,189],"jetpack_publicize_connections":[],"yoast_head":"<!-- This site is optimized with the Yoast SEO plugin v19.1 - https:\/\/yoast.com\/wordpress\/plugins\/seo\/ -->\n<title>Nikoll\u00eb Camaj Seanca XII, 16. 12. 2012 - Lajme nga Ulqini<\/title>\n<meta name=\"description\" content=\"Nikoll\u00eb Camaj Seanca XII, 16. 12. 2012 T\u00eb nderuar k\u00ebshilltar\u00eb, t\u00eb nderuar p\u00ebrfaq\u00ebsues t\u00eb medies dhe ju qytetar\u00eb, n\u00ebse keni rastin t\u00eb na shikoni, t\u00eb\" \/>\n<meta name=\"robots\" content=\"index, follow, max-snippet:-1, max-image-preview:large, max-video-preview:-1\" \/>\n<link rel=\"canonical\" href=\"https:\/\/www.visit-ulcinj.com\/blog\/2011\/12\/22\/nikolle-camaj-seanca-xii-16-12-2012\/\" \/>\n<meta property=\"og:locale\" content=\"en_US\" \/>\n<meta property=\"og:type\" content=\"article\" \/>\n<meta property=\"og:title\" content=\"Nikoll\u00eb Camaj Seanca XII, 16. 12. 2012 - Lajme nga Ulqini\" \/>\n<meta property=\"og:description\" content=\"Nikoll\u00eb Camaj Seanca XII, 16. 12. 2012 T\u00eb nderuar k\u00ebshilltar\u00eb, t\u00eb nderuar p\u00ebrfaq\u00ebsues t\u00eb medies dhe ju qytetar\u00eb, n\u00ebse keni rastin t\u00eb na shikoni, t\u00eb\" \/>\n<meta property=\"og:url\" content=\"https:\/\/www.visit-ulcinj.com\/blog\/2011\/12\/22\/nikolle-camaj-seanca-xii-16-12-2012\/\" \/>\n<meta property=\"og:site_name\" content=\"Lajme nga Ulqini\" \/>\n<meta property=\"article:published_time\" content=\"2011-12-22T08:27:51+00:00\" \/>\n<meta property=\"og:image\" content=\"http:\/\/www.visit-ulcinj.com\/blog\/wp-content\/uploads\/2011\/12\/Nikoll%C3%AB-Camaj2.jpg\" \/>\n<meta name=\"twitter:label1\" content=\"Written by\" \/>\n\t<meta name=\"twitter:data1\" content=\"ulqini\" \/>\n\t<meta name=\"twitter:label2\" content=\"Est. reading time\" \/>\n\t<meta name=\"twitter:data2\" content=\"7 minutes\" \/>\n<script type=\"application\/ld+json\" class=\"yoast-schema-graph\">{\"@context\":\"https:\/\/schema.org\",\"@graph\":[{\"@type\":\"WebSite\",\"@id\":\"https:\/\/www.visit-ulcinj.com\/blog\/#website\",\"url\":\"https:\/\/www.visit-ulcinj.com\/blog\/\",\"name\":\"Lajme nga Ulqini\",\"description\":\"Lajme,Vijesti,Ulqini,Ulqin,Crna Gora,Mali i Zi\",\"potentialAction\":[{\"@type\":\"SearchAction\",\"target\":{\"@type\":\"EntryPoint\",\"urlTemplate\":\"https:\/\/www.visit-ulcinj.com\/blog\/?s={search_term_string}\"},\"query-input\":\"required name=search_term_string\"}],\"inLanguage\":\"en-US\"},{\"@type\":\"ImageObject\",\"inLanguage\":\"en-US\",\"@id\":\"https:\/\/www.visit-ulcinj.com\/blog\/2011\/12\/22\/nikolle-camaj-seanca-xii-16-12-2012\/#primaryimage\",\"url\":\"http:\/\/www.visit-ulcinj.com\/blog\/wp-content\/uploads\/2011\/12\/Nikoll%C3%AB-Camaj2.jpg\",\"contentUrl\":\"http:\/\/www.visit-ulcinj.com\/blog\/wp-content\/uploads\/2011\/12\/Nikoll%C3%AB-Camaj2.jpg\"},{\"@type\":\"WebPage\",\"@id\":\"https:\/\/www.visit-ulcinj.com\/blog\/2011\/12\/22\/nikolle-camaj-seanca-xii-16-12-2012\/#webpage\",\"url\":\"https:\/\/www.visit-ulcinj.com\/blog\/2011\/12\/22\/nikolle-camaj-seanca-xii-16-12-2012\/\",\"name\":\"Nikoll\u00eb Camaj Seanca XII, 16. 12. 2012 - Lajme nga Ulqini\",\"isPartOf\":{\"@id\":\"https:\/\/www.visit-ulcinj.com\/blog\/#website\"},\"primaryImageOfPage\":{\"@id\":\"https:\/\/www.visit-ulcinj.com\/blog\/2011\/12\/22\/nikolle-camaj-seanca-xii-16-12-2012\/#primaryimage\"},\"datePublished\":\"2011-12-22T08:27:51+00:00\",\"dateModified\":\"2011-12-22T08:27:51+00:00\",\"author\":{\"@id\":\"https:\/\/www.visit-ulcinj.com\/blog\/#\/schema\/person\/dcab619c614d3038751c63bc2aadc06d\"},\"description\":\"Nikoll\u00eb Camaj Seanca XII, 16. 12. 2012 T\u00eb nderuar k\u00ebshilltar\u00eb, t\u00eb nderuar p\u00ebrfaq\u00ebsues t\u00eb medies dhe ju qytetar\u00eb, n\u00ebse keni rastin t\u00eb na shikoni, t\u00eb\",\"breadcrumb\":{\"@id\":\"https:\/\/www.visit-ulcinj.com\/blog\/2011\/12\/22\/nikolle-camaj-seanca-xii-16-12-2012\/#breadcrumb\"},\"inLanguage\":\"en-US\",\"potentialAction\":[{\"@type\":\"ReadAction\",\"target\":[\"https:\/\/www.visit-ulcinj.com\/blog\/2011\/12\/22\/nikolle-camaj-seanca-xii-16-12-2012\/\"]}]},{\"@type\":\"BreadcrumbList\",\"@id\":\"https:\/\/www.visit-ulcinj.com\/blog\/2011\/12\/22\/nikolle-camaj-seanca-xii-16-12-2012\/#breadcrumb\",\"itemListElement\":[{\"@type\":\"ListItem\",\"position\":1,\"name\":\"Nikoll\u00eb Camaj Seanca XII, 16. 12. 2012\"}]},{\"@type\":\"Person\",\"@id\":\"https:\/\/www.visit-ulcinj.com\/blog\/#\/schema\/person\/dcab619c614d3038751c63bc2aadc06d\",\"name\":\"ulqini\",\"sameAs\":[\"http:\/\/www.visit-ulcinj.com\"],\"url\":\"https:\/\/www.visit-ulcinj.com\/blog\/author\/admin\/\"}]}<\/script>\n<!-- \/ Yoast SEO plugin. -->","yoast_head_json":{"title":"Nikoll\u00eb Camaj Seanca XII, 16. 12. 2012 - Lajme nga Ulqini","description":"Nikoll\u00eb Camaj Seanca XII, 16. 12. 2012 T\u00eb nderuar k\u00ebshilltar\u00eb, t\u00eb nderuar p\u00ebrfaq\u00ebsues t\u00eb medies dhe ju qytetar\u00eb, n\u00ebse keni rastin t\u00eb na shikoni, t\u00eb","robots":{"index":"index","follow":"follow","max-snippet":"max-snippet:-1","max-image-preview":"max-image-preview:large","max-video-preview":"max-video-preview:-1"},"canonical":"https:\/\/www.visit-ulcinj.com\/blog\/2011\/12\/22\/nikolle-camaj-seanca-xii-16-12-2012\/","og_locale":"en_US","og_type":"article","og_title":"Nikoll\u00eb Camaj Seanca XII, 16. 12. 2012 - Lajme nga Ulqini","og_description":"Nikoll\u00eb Camaj Seanca XII, 16. 12. 2012 T\u00eb nderuar k\u00ebshilltar\u00eb, t\u00eb nderuar p\u00ebrfaq\u00ebsues t\u00eb medies dhe ju qytetar\u00eb, n\u00ebse keni rastin t\u00eb na shikoni, t\u00eb","og_url":"https:\/\/www.visit-ulcinj.com\/blog\/2011\/12\/22\/nikolle-camaj-seanca-xii-16-12-2012\/","og_site_name":"Lajme nga Ulqini","article_published_time":"2011-12-22T08:27:51+00:00","og_image":[{"url":"http:\/\/www.visit-ulcinj.com\/blog\/wp-content\/uploads\/2011\/12\/Nikoll%C3%AB-Camaj2.jpg"}],"twitter_misc":{"Written by":"ulqini","Est. reading time":"7 minutes"},"schema":{"@context":"https:\/\/schema.org","@graph":[{"@type":"WebSite","@id":"https:\/\/www.visit-ulcinj.com\/blog\/#website","url":"https:\/\/www.visit-ulcinj.com\/blog\/","name":"Lajme nga Ulqini","description":"Lajme,Vijesti,Ulqini,Ulqin,Crna Gora,Mali i Zi","potentialAction":[{"@type":"SearchAction","target":{"@type":"EntryPoint","urlTemplate":"https:\/\/www.visit-ulcinj.com\/blog\/?s={search_term_string}"},"query-input":"required name=search_term_string"}],"inLanguage":"en-US"},{"@type":"ImageObject","inLanguage":"en-US","@id":"https:\/\/www.visit-ulcinj.com\/blog\/2011\/12\/22\/nikolle-camaj-seanca-xii-16-12-2012\/#primaryimage","url":"http:\/\/www.visit-ulcinj.com\/blog\/wp-content\/uploads\/2011\/12\/Nikoll%C3%AB-Camaj2.jpg","contentUrl":"http:\/\/www.visit-ulcinj.com\/blog\/wp-content\/uploads\/2011\/12\/Nikoll%C3%AB-Camaj2.jpg"},{"@type":"WebPage","@id":"https:\/\/www.visit-ulcinj.com\/blog\/2011\/12\/22\/nikolle-camaj-seanca-xii-16-12-2012\/#webpage","url":"https:\/\/www.visit-ulcinj.com\/blog\/2011\/12\/22\/nikolle-camaj-seanca-xii-16-12-2012\/","name":"Nikoll\u00eb Camaj Seanca XII, 16. 12. 2012 - Lajme nga Ulqini","isPartOf":{"@id":"https:\/\/www.visit-ulcinj.com\/blog\/#website"},"primaryImageOfPage":{"@id":"https:\/\/www.visit-ulcinj.com\/blog\/2011\/12\/22\/nikolle-camaj-seanca-xii-16-12-2012\/#primaryimage"},"datePublished":"2011-12-22T08:27:51+00:00","dateModified":"2011-12-22T08:27:51+00:00","author":{"@id":"https:\/\/www.visit-ulcinj.com\/blog\/#\/schema\/person\/dcab619c614d3038751c63bc2aadc06d"},"description":"Nikoll\u00eb Camaj Seanca XII, 16. 12. 2012 T\u00eb nderuar k\u00ebshilltar\u00eb, t\u00eb nderuar p\u00ebrfaq\u00ebsues t\u00eb medies dhe ju qytetar\u00eb, n\u00ebse keni rastin t\u00eb na shikoni, t\u00eb","breadcrumb":{"@id":"https:\/\/www.visit-ulcinj.com\/blog\/2011\/12\/22\/nikolle-camaj-seanca-xii-16-12-2012\/#breadcrumb"},"inLanguage":"en-US","potentialAction":[{"@type":"ReadAction","target":["https:\/\/www.visit-ulcinj.com\/blog\/2011\/12\/22\/nikolle-camaj-seanca-xii-16-12-2012\/"]}]},{"@type":"BreadcrumbList","@id":"https:\/\/www.visit-ulcinj.com\/blog\/2011\/12\/22\/nikolle-camaj-seanca-xii-16-12-2012\/#breadcrumb","itemListElement":[{"@type":"ListItem","position":1,"name":"Nikoll\u00eb Camaj Seanca XII, 16. 12. 2012"}]},{"@type":"Person","@id":"https:\/\/www.visit-ulcinj.com\/blog\/#\/schema\/person\/dcab619c614d3038751c63bc2aadc06d","name":"ulqini","sameAs":["http:\/\/www.visit-ulcinj.com"],"url":"https:\/\/www.visit-ulcinj.com\/blog\/author\/admin\/"}]}},"jetpack_featured_media_url":"","jetpack_sharing_enabled":true,"jetpack_shortlink":"https:\/\/wp.me\/pe6lTn-eeX","_links":{"self":[{"href":"https:\/\/www.visit-ulcinj.com\/blog\/wp-json\/wp\/v2\/posts\/54743"}],"collection":[{"href":"https:\/\/www.visit-ulcinj.com\/blog\/wp-json\/wp\/v2\/posts"}],"about":[{"href":"https:\/\/www.visit-ulcinj.com\/blog\/wp-json\/wp\/v2\/types\/post"}],"author":[{"embeddable":true,"href":"https:\/\/www.visit-ulcinj.com\/blog\/wp-json\/wp\/v2\/users\/1"}],"replies":[{"embeddable":true,"href":"https:\/\/www.visit-ulcinj.com\/blog\/wp-json\/wp\/v2\/comments?post=54743"}],"version-history":[{"count":1,"href":"https:\/\/www.visit-ulcinj.com\/blog\/wp-json\/wp\/v2\/posts\/54743\/revisions"}],"predecessor-version":[{"id":54745,"href":"https:\/\/www.visit-ulcinj.com\/blog\/wp-json\/wp\/v2\/posts\/54743\/revisions\/54745"}],"wp:attachment":[{"href":"https:\/\/www.visit-ulcinj.com\/blog\/wp-json\/wp\/v2\/media?parent=54743"}],"wp:term":[{"taxonomy":"category","embeddable":true,"href":"https:\/\/www.visit-ulcinj.com\/blog\/wp-json\/wp\/v2\/categories?post=54743"},{"taxonomy":"post_tag","embeddable":true,"href":"https:\/\/www.visit-ulcinj.com\/blog\/wp-json\/wp\/v2\/tags?post=54743"}],"curies":[{"name":"wp","href":"https:\/\/api.w.org\/{rel}","templated":true}]}}