{"id":54746,"date":"2011-12-22T14:05:24","date_gmt":"2011-12-22T13:05:24","guid":{"rendered":"http:\/\/www.visit-ulcinj.com\/blog\/?p=54746"},"modified":"2011-12-23T18:17:55","modified_gmt":"2011-12-23T17:17:55","slug":"shkarkohet-nga-detyra-drejtori-i-ot-te-ulqinitrexha-nuk-di-gje","status":"publish","type":"post","link":"https:\/\/www.visit-ulcinj.com\/blog\/2011\/12\/22\/shkarkohet-nga-detyra-drejtori-i-ot-te-ulqinitrexha-nuk-di-gje\/","title":{"rendered":"Shkarkohet nga detyra drejtori i OT t\u00eb Ulqinit;Rexha nuk di gj\u00eb"},"content":{"rendered":"<p><a href=\"http:\/\/www.visit-ulcinj.com\/blog\/wp-content\/uploads\/2011\/12\/100-DITET-E-NAZIF-CUNGUT-SI-KRYETAR-T%C3%8B-ULQINIT.jpg\"><img loading=\"lazy\" class=\"alignleft size-full wp-image-54747\" title=\"100 DITET E NAZIF CUNGUT SI KRYETAR T\u00cb ULQINIT\" src=\"http:\/\/www.visit-ulcinj.com\/blog\/wp-content\/uploads\/2011\/12\/100-DITET-E-NAZIF-CUNGUT-SI-KRYETAR-T%C3%8B-ULQINIT.jpg\" alt=\"\" width=\"509\" height=\"509\" \/><\/a>Drejtori aktual i Organizat\u00ebs turistike t\u00eb Ulqinit Ali Rexha ka reaguar n\u00eb lidhje me tekstin e disa dit\u00ebve m\u00eb par\u00eb n\u00eb t\u00eb p\u00ebrditshmen Vijesti, ku thuhej se n\u00eb vend t\u00eb tij do t\u00eb vij Minir Karamanaga nga PSD. Ai n\u00eb nj\u00eb shkres\u00eb derguar kryetarit t\u00eb komun\u00ebs Cungu thot\u00eb se nuk \u00ebsht\u00eb i njoftuar se \u00ebsht\u00eb mbajtur Kuvendi i Organizat\u00ebs turistike t\u00eb Ulqinit n\u00eb t\u00eb cilin jan\u00eb sjellur \u201ddisa vendime\u201d.<\/p>\n<p>\u201dN\u00ebse informacioni i Vijesti-it \u00ebsht\u00eb i sakt\u00eb, ju lutemi q\u00eb sh\u00ebrbimit t\u00eb Organizat\u00ebs turistike ti dor\u00ebzoni informacionin, procesverbalet e mbledhjes dhe dokumentat tjer\u00eb, pasi sh\u00ebrbimi i OT i cili me ligj \u00ebsht\u00eb i autorizuar dhe p\u00ebrgjegj\u00ebs p\u00ebr t\u00eb organizuar mbledhjet e k\u00ebtyre organeve, nuk \u00ebsht\u00eb i njohur me k\u00ebt\u00eb\u201d, thuhet n\u00eb reagimin e Rexh\u00ebs duke shtuar se veprimet q\u00eb nuk jan\u00eb konform ligjit paraqesin vep\u00ebr penale t\u00eb shp\u00ebrdorimit t\u00eb detyr\u00ebs me elemente koruptive.<\/p>\n<p>Drejtori aktual i Organizat\u00ebs turistike t\u00eb Ulqinit Ali Rexha ka reaguar n\u00eb lidhje me tekstin e disa dit\u00ebve m\u00eb par\u00eb n\u00eb t\u00eb p\u00ebrditshmen Vijesti, ku thuhej se n\u00eb vend t\u00eb tij do t\u00eb vij Minir Karamanaga nga PSD. Ai n\u00eb nj\u00eb shkres\u00eb derguar kryetarit t\u00eb komun\u00ebs Cungu thot\u00eb se nuk \u00ebsht\u00eb i njoftuar se \u00ebsht\u00eb mbajtur Kuvendi i Organizat\u00ebs turistike n\u00eb t\u00eb cilin jan\u00eb sjellur \u201ddisa vendime\u201d.<br \/>\n\u201dN\u00ebse informacioni i Vijesti-it \u00ebsht\u00eb i sakt\u00eb, ju lutem q\u00eb sh\u00ebrbimit t\u00eb Organizat\u00ebs turistike ti jepni informacionin, procesverbalet e mbledhjes dhe dokumentat tjer\u00eb, pasi sh\u00ebrbimi i OT i cili me ligj \u00ebaht\u00eb i autorizuar dhe p\u00ebrgjegj\u00ebs p\u00ebr t\u00eb organizuar mbledhjet e k\u00ebtyre organve, nuk \u00ebsht\u00eb i njohur me k\u00ebt\u00eb\u201d, thuhet n\u00eb reagimin e Rexh\u00ebs duke shtuar se veprimet q\u00eb nuk jan\u00eb konform ligjit paraqesin vep\u00ebr penale t\u00eb shp\u00ebrdorimit t\u00eb detyr\u00ebs me elemente koruptive.<\/p>\n<p>Si\u00e7 njofton Vijesti, lajmin e mbajtjes s\u00eb Kuvendit t\u00eb OT t\u00eb Ulqinit zyrtarisht e kan\u00eb marr\u00eb nga kabineti i kryetarit t\u00eb komun\u00ebs, kurse jozyrtarisht nga bashk\u00ebpuntoret m\u00eb t\u00eb af\u00ebrt t\u00eb Rexh\u00ebs. <strong>\/Ulqini Online\/<br \/>\n<\/strong><\/p>\n<h2><a href=\"http:\/\/www.ulqini-online.com\/\" target=\"_blank\"><strong>Lexo m\u00eb shum\u00eb &lt;&lt; Ulqini-Online &gt;&gt;<\/strong><\/a><\/h2>\n<p><strong><br \/>\n<\/strong><\/p>\n<p>&nbsp;<\/p>\n","protected":false},"excerpt":{"rendered":"<p>Drejtori aktual i Organizat\u00ebs turistike t\u00eb Ulqinit Ali Rexha ka reaguar n\u00eb lidhje me tekstin e disa dit\u00ebve m\u00eb par\u00eb n\u00eb t\u00eb p\u00ebrditshmen Vijesti, ku thuhej se n\u00eb vend t\u00eb tij do t\u00eb vij Minir Karamanaga nga PSD. Ai n\u00eb nj\u00eb shkres\u00eb derguar kryetarit t\u00eb komun\u00ebs Cungu thot\u00eb se nuk \u00ebsht\u00eb i njoftuar se \u00ebsht\u00eb [&hellip;]<\/p>\n","protected":false},"author":1,"featured_media":0,"comment_status":"open","ping_status":"closed","sticky":false,"template":"","format":"standard","meta":{"spay_email":"","jetpack_publicize_message":"","jetpack_is_tweetstorm":false,"jetpack_publicize_feature_enabled":true},"categories":[1,6],"tags":[8027,14351,19655,19654,17828,17834,18370,17811,14352,17831,18362,15136,14353,17808,17401,14354,12340,14355,17840,17839,18363,17835,17814,17810,17816,14356,17071,17807,3516,14652,3511,15139,17837,13701,10529,17827,10203,14358,222,17802,17812,17803,17820,17825,17817,17805,22011,305,17823,17832,14359,3506,17818,3499,214,17680,14360,14361,16210,17402,14362,19541,14363,18371,19501,3507,49,17800,498,3717,3500,1762,4625,115,14364,22008,19544,17799,3327,15140,17841,17826,15213,18236,13230,3512,17806,11648,18289,17838,19653,95,3945,17813,17804,14365,15141,17836,14366,79,17073,18294,118,18368,18369,19652,19650,1653,1909,14367,4857,16984,2354,17801,18360,19543,17822,14368,14369,19542,17824,14370,18291,10472,2083,3231,14371,41,3617,3946,15143,14372,14373,14374,17844,17821,18372,17830,17077,2800,18295,14375,17833,17829,899,5882,200,18,561,17819,17809,4265,14376],"jetpack_publicize_connections":[],"yoast_head":"<!-- This site is optimized with the Yoast SEO plugin v19.1 - https:\/\/yoast.com\/wordpress\/plugins\/seo\/ -->\n<title>Shkarkohet nga detyra drejtori i OT t\u00eb Ulqinit;Rexha nuk di gj\u00eb - Lajme nga Ulqini<\/title>\n<meta name=\"description\" content=\"Drejtori aktual i Organizat\u00ebs turistike t\u00eb Ulqinit Ali Rexha ka reaguar n\u00eb lidhje me tekstin e disa dit\u00ebve m\u00eb par\u00eb n\u00eb t\u00eb p\u00ebrditshmen Vijesti, ku thuhej se\" \/>\n<meta name=\"robots\" content=\"index, follow, max-snippet:-1, max-image-preview:large, max-video-preview:-1\" \/>\n<link rel=\"canonical\" href=\"https:\/\/www.visit-ulcinj.com\/blog\/2011\/12\/22\/shkarkohet-nga-detyra-drejtori-i-ot-te-ulqinitrexha-nuk-di-gje\/\" \/>\n<meta property=\"og:locale\" content=\"en_US\" \/>\n<meta property=\"og:type\" content=\"article\" \/>\n<meta property=\"og:title\" content=\"Shkarkohet nga detyra drejtori i OT t\u00eb Ulqinit;Rexha nuk di gj\u00eb - Lajme nga Ulqini\" \/>\n<meta property=\"og:description\" content=\"Drejtori aktual i Organizat\u00ebs turistike t\u00eb Ulqinit Ali Rexha ka reaguar n\u00eb lidhje me tekstin e disa dit\u00ebve m\u00eb par\u00eb n\u00eb t\u00eb p\u00ebrditshmen Vijesti, ku thuhej se\" \/>\n<meta property=\"og:url\" content=\"https:\/\/www.visit-ulcinj.com\/blog\/2011\/12\/22\/shkarkohet-nga-detyra-drejtori-i-ot-te-ulqinitrexha-nuk-di-gje\/\" \/>\n<meta property=\"og:site_name\" content=\"Lajme nga Ulqini\" \/>\n<meta property=\"article:published_time\" content=\"2011-12-22T13:05:24+00:00\" \/>\n<meta property=\"article:modified_time\" content=\"2011-12-23T17:17:55+00:00\" \/>\n<meta property=\"og:image\" content=\"http:\/\/www.visit-ulcinj.com\/blog\/wp-content\/uploads\/2011\/12\/100-DITET-E-NAZIF-CUNGUT-SI-KRYETAR-T%C3%8B-ULQINIT.jpg\" \/>\n<meta name=\"twitter:label1\" content=\"Written by\" \/>\n\t<meta name=\"twitter:data1\" content=\"ulqini\" \/>\n\t<meta name=\"twitter:label2\" content=\"Est. reading time\" \/>\n\t<meta name=\"twitter:data2\" content=\"2 minutes\" \/>\n<script type=\"application\/ld+json\" class=\"yoast-schema-graph\">{\"@context\":\"https:\/\/schema.org\",\"@graph\":[{\"@type\":\"WebSite\",\"@id\":\"https:\/\/www.visit-ulcinj.com\/blog\/#website\",\"url\":\"https:\/\/www.visit-ulcinj.com\/blog\/\",\"name\":\"Lajme nga Ulqini\",\"description\":\"Lajme,Vijesti,Ulqini,Ulqin,Crna Gora,Mali i Zi\",\"potentialAction\":[{\"@type\":\"SearchAction\",\"target\":{\"@type\":\"EntryPoint\",\"urlTemplate\":\"https:\/\/www.visit-ulcinj.com\/blog\/?s={search_term_string}\"},\"query-input\":\"required name=search_term_string\"}],\"inLanguage\":\"en-US\"},{\"@type\":\"ImageObject\",\"inLanguage\":\"en-US\",\"@id\":\"https:\/\/www.visit-ulcinj.com\/blog\/2011\/12\/22\/shkarkohet-nga-detyra-drejtori-i-ot-te-ulqinitrexha-nuk-di-gje\/#primaryimage\",\"url\":\"http:\/\/www.visit-ulcinj.com\/blog\/wp-content\/uploads\/2011\/12\/100-DITET-E-NAZIF-CUNGUT-SI-KRYETAR-T%C3%8B-ULQINIT.jpg\",\"contentUrl\":\"http:\/\/www.visit-ulcinj.com\/blog\/wp-content\/uploads\/2011\/12\/100-DITET-E-NAZIF-CUNGUT-SI-KRYETAR-T%C3%8B-ULQINIT.jpg\"},{\"@type\":\"WebPage\",\"@id\":\"https:\/\/www.visit-ulcinj.com\/blog\/2011\/12\/22\/shkarkohet-nga-detyra-drejtori-i-ot-te-ulqinitrexha-nuk-di-gje\/#webpage\",\"url\":\"https:\/\/www.visit-ulcinj.com\/blog\/2011\/12\/22\/shkarkohet-nga-detyra-drejtori-i-ot-te-ulqinitrexha-nuk-di-gje\/\",\"name\":\"Shkarkohet nga detyra drejtori i OT t\u00eb Ulqinit;Rexha nuk di gj\u00eb - Lajme nga Ulqini\",\"isPartOf\":{\"@id\":\"https:\/\/www.visit-ulcinj.com\/blog\/#website\"},\"primaryImageOfPage\":{\"@id\":\"https:\/\/www.visit-ulcinj.com\/blog\/2011\/12\/22\/shkarkohet-nga-detyra-drejtori-i-ot-te-ulqinitrexha-nuk-di-gje\/#primaryimage\"},\"datePublished\":\"2011-12-22T13:05:24+00:00\",\"dateModified\":\"2011-12-23T17:17:55+00:00\",\"author\":{\"@id\":\"https:\/\/www.visit-ulcinj.com\/blog\/#\/schema\/person\/dcab619c614d3038751c63bc2aadc06d\"},\"description\":\"Drejtori aktual i Organizat\u00ebs turistike t\u00eb Ulqinit Ali Rexha ka reaguar n\u00eb lidhje me tekstin e disa dit\u00ebve m\u00eb par\u00eb n\u00eb t\u00eb p\u00ebrditshmen Vijesti, ku thuhej se\",\"breadcrumb\":{\"@id\":\"https:\/\/www.visit-ulcinj.com\/blog\/2011\/12\/22\/shkarkohet-nga-detyra-drejtori-i-ot-te-ulqinitrexha-nuk-di-gje\/#breadcrumb\"},\"inLanguage\":\"en-US\",\"potentialAction\":[{\"@type\":\"ReadAction\",\"target\":[\"https:\/\/www.visit-ulcinj.com\/blog\/2011\/12\/22\/shkarkohet-nga-detyra-drejtori-i-ot-te-ulqinitrexha-nuk-di-gje\/\"]}]},{\"@type\":\"BreadcrumbList\",\"@id\":\"https:\/\/www.visit-ulcinj.com\/blog\/2011\/12\/22\/shkarkohet-nga-detyra-drejtori-i-ot-te-ulqinitrexha-nuk-di-gje\/#breadcrumb\",\"itemListElement\":[{\"@type\":\"ListItem\",\"position\":1,\"name\":\"Shkarkohet nga detyra drejtori i OT t\u00eb Ulqinit;Rexha nuk di gj\u00eb\"}]},{\"@type\":\"Person\",\"@id\":\"https:\/\/www.visit-ulcinj.com\/blog\/#\/schema\/person\/dcab619c614d3038751c63bc2aadc06d\",\"name\":\"ulqini\",\"sameAs\":[\"http:\/\/www.visit-ulcinj.com\"],\"url\":\"https:\/\/www.visit-ulcinj.com\/blog\/author\/admin\/\"}]}<\/script>\n<!-- \/ Yoast SEO plugin. -->","yoast_head_json":{"title":"Shkarkohet nga detyra drejtori i OT t\u00eb Ulqinit;Rexha nuk di gj\u00eb - Lajme nga Ulqini","description":"Drejtori aktual i Organizat\u00ebs turistike t\u00eb Ulqinit Ali Rexha ka reaguar n\u00eb lidhje me tekstin e disa dit\u00ebve m\u00eb par\u00eb n\u00eb t\u00eb p\u00ebrditshmen Vijesti, ku thuhej se","robots":{"index":"index","follow":"follow","max-snippet":"max-snippet:-1","max-image-preview":"max-image-preview:large","max-video-preview":"max-video-preview:-1"},"canonical":"https:\/\/www.visit-ulcinj.com\/blog\/2011\/12\/22\/shkarkohet-nga-detyra-drejtori-i-ot-te-ulqinitrexha-nuk-di-gje\/","og_locale":"en_US","og_type":"article","og_title":"Shkarkohet nga detyra drejtori i OT t\u00eb Ulqinit;Rexha nuk di gj\u00eb - Lajme nga Ulqini","og_description":"Drejtori aktual i Organizat\u00ebs turistike t\u00eb Ulqinit Ali Rexha ka reaguar n\u00eb lidhje me tekstin e disa dit\u00ebve m\u00eb par\u00eb n\u00eb t\u00eb p\u00ebrditshmen Vijesti, ku thuhej se","og_url":"https:\/\/www.visit-ulcinj.com\/blog\/2011\/12\/22\/shkarkohet-nga-detyra-drejtori-i-ot-te-ulqinitrexha-nuk-di-gje\/","og_site_name":"Lajme nga Ulqini","article_published_time":"2011-12-22T13:05:24+00:00","article_modified_time":"2011-12-23T17:17:55+00:00","og_image":[{"url":"http:\/\/www.visit-ulcinj.com\/blog\/wp-content\/uploads\/2011\/12\/100-DITET-E-NAZIF-CUNGUT-SI-KRYETAR-T%C3%8B-ULQINIT.jpg"}],"twitter_misc":{"Written by":"ulqini","Est. reading time":"2 minutes"},"schema":{"@context":"https:\/\/schema.org","@graph":[{"@type":"WebSite","@id":"https:\/\/www.visit-ulcinj.com\/blog\/#website","url":"https:\/\/www.visit-ulcinj.com\/blog\/","name":"Lajme nga Ulqini","description":"Lajme,Vijesti,Ulqini,Ulqin,Crna Gora,Mali i Zi","potentialAction":[{"@type":"SearchAction","target":{"@type":"EntryPoint","urlTemplate":"https:\/\/www.visit-ulcinj.com\/blog\/?s={search_term_string}"},"query-input":"required name=search_term_string"}],"inLanguage":"en-US"},{"@type":"ImageObject","inLanguage":"en-US","@id":"https:\/\/www.visit-ulcinj.com\/blog\/2011\/12\/22\/shkarkohet-nga-detyra-drejtori-i-ot-te-ulqinitrexha-nuk-di-gje\/#primaryimage","url":"http:\/\/www.visit-ulcinj.com\/blog\/wp-content\/uploads\/2011\/12\/100-DITET-E-NAZIF-CUNGUT-SI-KRYETAR-T%C3%8B-ULQINIT.jpg","contentUrl":"http:\/\/www.visit-ulcinj.com\/blog\/wp-content\/uploads\/2011\/12\/100-DITET-E-NAZIF-CUNGUT-SI-KRYETAR-T%C3%8B-ULQINIT.jpg"},{"@type":"WebPage","@id":"https:\/\/www.visit-ulcinj.com\/blog\/2011\/12\/22\/shkarkohet-nga-detyra-drejtori-i-ot-te-ulqinitrexha-nuk-di-gje\/#webpage","url":"https:\/\/www.visit-ulcinj.com\/blog\/2011\/12\/22\/shkarkohet-nga-detyra-drejtori-i-ot-te-ulqinitrexha-nuk-di-gje\/","name":"Shkarkohet nga detyra drejtori i OT t\u00eb Ulqinit;Rexha nuk di gj\u00eb - Lajme nga Ulqini","isPartOf":{"@id":"https:\/\/www.visit-ulcinj.com\/blog\/#website"},"primaryImageOfPage":{"@id":"https:\/\/www.visit-ulcinj.com\/blog\/2011\/12\/22\/shkarkohet-nga-detyra-drejtori-i-ot-te-ulqinitrexha-nuk-di-gje\/#primaryimage"},"datePublished":"2011-12-22T13:05:24+00:00","dateModified":"2011-12-23T17:17:55+00:00","author":{"@id":"https:\/\/www.visit-ulcinj.com\/blog\/#\/schema\/person\/dcab619c614d3038751c63bc2aadc06d"},"description":"Drejtori aktual i Organizat\u00ebs turistike t\u00eb Ulqinit Ali Rexha ka reaguar n\u00eb lidhje me tekstin e disa dit\u00ebve m\u00eb par\u00eb n\u00eb t\u00eb p\u00ebrditshmen Vijesti, ku thuhej se","breadcrumb":{"@id":"https:\/\/www.visit-ulcinj.com\/blog\/2011\/12\/22\/shkarkohet-nga-detyra-drejtori-i-ot-te-ulqinitrexha-nuk-di-gje\/#breadcrumb"},"inLanguage":"en-US","potentialAction":[{"@type":"ReadAction","target":["https:\/\/www.visit-ulcinj.com\/blog\/2011\/12\/22\/shkarkohet-nga-detyra-drejtori-i-ot-te-ulqinitrexha-nuk-di-gje\/"]}]},{"@type":"BreadcrumbList","@id":"https:\/\/www.visit-ulcinj.com\/blog\/2011\/12\/22\/shkarkohet-nga-detyra-drejtori-i-ot-te-ulqinitrexha-nuk-di-gje\/#breadcrumb","itemListElement":[{"@type":"ListItem","position":1,"name":"Shkarkohet nga detyra drejtori i OT t\u00eb Ulqinit;Rexha nuk di gj\u00eb"}]},{"@type":"Person","@id":"https:\/\/www.visit-ulcinj.com\/blog\/#\/schema\/person\/dcab619c614d3038751c63bc2aadc06d","name":"ulqini","sameAs":["http:\/\/www.visit-ulcinj.com"],"url":"https:\/\/www.visit-ulcinj.com\/blog\/author\/admin\/"}]}},"jetpack_featured_media_url":"","jetpack_sharing_enabled":true,"jetpack_shortlink":"https:\/\/wp.me\/pe6lTn-ef0","_links":{"self":[{"href":"https:\/\/www.visit-ulcinj.com\/blog\/wp-json\/wp\/v2\/posts\/54746"}],"collection":[{"href":"https:\/\/www.visit-ulcinj.com\/blog\/wp-json\/wp\/v2\/posts"}],"about":[{"href":"https:\/\/www.visit-ulcinj.com\/blog\/wp-json\/wp\/v2\/types\/post"}],"author":[{"embeddable":true,"href":"https:\/\/www.visit-ulcinj.com\/blog\/wp-json\/wp\/v2\/users\/1"}],"replies":[{"embeddable":true,"href":"https:\/\/www.visit-ulcinj.com\/blog\/wp-json\/wp\/v2\/comments?post=54746"}],"version-history":[{"count":6,"href":"https:\/\/www.visit-ulcinj.com\/blog\/wp-json\/wp\/v2\/posts\/54746\/revisions"}],"predecessor-version":[{"id":54780,"href":"https:\/\/www.visit-ulcinj.com\/blog\/wp-json\/wp\/v2\/posts\/54746\/revisions\/54780"}],"wp:attachment":[{"href":"https:\/\/www.visit-ulcinj.com\/blog\/wp-json\/wp\/v2\/media?parent=54746"}],"wp:term":[{"taxonomy":"category","embeddable":true,"href":"https:\/\/www.visit-ulcinj.com\/blog\/wp-json\/wp\/v2\/categories?post=54746"},{"taxonomy":"post_tag","embeddable":true,"href":"https:\/\/www.visit-ulcinj.com\/blog\/wp-json\/wp\/v2\/tags?post=54746"}],"curies":[{"name":"wp","href":"https:\/\/api.w.org\/{rel}","templated":true}]}}